{"id":11189,"date":"2021-03-14T15:57:00","date_gmt":"2021-03-14T14:57:00","guid":{"rendered":"http:\/\/www.spaness.de\/blog\/?p=11189"},"modified":"2026-01-05T17:26:44","modified_gmt":"2026-01-05T16:26:44","slug":"wellnesstrends-spatrends","status":"publish","type":"post","link":"https:\/\/www.spaness.de\/blog\/wellnesstrends-spatrends\/","title":{"rendered":"Wellness-Trends &amp; Spa-Trends: Was wollen Wellnessurlauber wirklich?"},"content":{"rendered":"\n<p>Wellness entwickelt sich stetig weiter \u2013 gepr\u00e4gt von gesellschaftlichen Ver\u00e4nderungen, neuen Technologien und einem wachsenden Bewusstsein f\u00fcr ganzheitliche Gesundheit. Dieser Artikel b\u00fcndelt die wichtigsten <strong>Wellness-Trends<\/strong> und <strong>Spa-Trends<\/strong> der letzten Jahre, ordnet sie ein und zeigt, welche Konzepte heute relevant sind, wie sich die Trends im Laufe der Jahre ver\u00e4ndert haben und welche Wellnesstrends die Branche nachhaltig pr\u00e4gen. Ein kompakter \u00dcberblick f\u00fcr alle, die Wellness verstehen, einordnen und (strategisch) nutzen m\u00f6chten.<\/p>\n\n\n\n<h2 class=\"wp-block-heading\">Wellnesstrends 2021, 2022\u2026 \u2013 Was kommt nach Corona?<\/h2>\n\n\n\n<p><strong>Der Lockdown h\u00e4lt uns weiterhin auf Trab und doch ist langsam ein Corona-Ende absehbar, dank Schnelltest und Impfungen. Doch eines ist uns sicherlich allen klar, es wird danach nicht weitergehen wie noch vor 12 Monaten.<\/strong><\/p>\n\n\n\n<p>Das letzte Jahr hat einen enormen Einfluss auf Reise- und Wellnesstrends genommen. Sie haben die Einstellung und W\u00fcnsche der Menschen ge\u00e4ndert und den Markt und Trends ganz sch\u00f6n durcheinandergewirbelt.<\/p>\n\n\n\n<h2 class=\"wp-block-heading\">Reise-Trends vs. Wellness-Trends: Natur, Nachhaltigkeit &amp; Nachfragesteigerung<\/h2>\n\n\n\n<p>Doch was kommt da auf uns zu? Was w\u00fcnschen sich <strong>Spag\u00e4ste und Wellnessurlauber<\/strong> zuk\u00fcnftig? Wir haben uns auf die Suche gemacht. Impulse haben wir beispielsweise mitgebracht vom ersten<strong> <a href=\"https:\/\/www.spaness.de\/blog\/spa-camp-focus-day\/\" target=\"_blank\" rel=\"noreferrer noopener\">SpaCamp Focus Day<\/a><\/strong> \u2013 hier ging es speziell um Nachhaltigkeit und Luxus in der Wellness- und Sternehotellerie, der <strong>ITB Now <\/strong>und auch vom <strong><a href=\"https:\/\/www.spaness.de\/blog\/attraktiver-tourismus\/\" target=\"_blank\" rel=\"noreferrer noopener\">Online Kongress \u201eattraktiver Tourismus\u201c<\/a><\/strong> im Rahmen des Interreg-Projektes.<\/p>\n\n\n\n<p>Au\u00dferdem haben wir selber auch eine kleine <strong>Umfrage \u00fcber die Social Media Kan\u00e4le<\/strong> gestartet.<\/p>\n\n\n\n<figure class=\"wp-block-image img-responsive\"><img loading=\"lazy\" decoding=\"async\" width=\"1024\" height=\"599\" src=\"https:\/\/www.spaness.de\/blog\/wp-content\/uploads\/Bildschirmfoto-2021-03-20-um-09.51.08-1024x599.png\" alt=\"Wellnesstrends 2021 Umfrage\" class=\"img-responsive wp-image-36332\" srcset=\"https:\/\/www.spaness.de\/blog\/wp-content\/uploads\/Bildschirmfoto-2021-03-20-um-09.51.08-1024x599.png 1024w, https:\/\/www.spaness.de\/blog\/wp-content\/uploads\/Bildschirmfoto-2021-03-20-um-09.51.08-300x176.png 300w, https:\/\/www.spaness.de\/blog\/wp-content\/uploads\/Bildschirmfoto-2021-03-20-um-09.51.08-1536x899.png 1536w, https:\/\/www.spaness.de\/blog\/wp-content\/uploads\/Bildschirmfoto-2021-03-20-um-09.51.08.png 1856w\" sizes=\"auto, (max-width: 1024px) 100vw, 1024px\" \/><\/figure>\n\n\n\n<h3 class=\"wp-block-heading\">Hygiene &amp; Sicherheit im Fokus<\/h3>\n\n\n\n<p>Klar im Fokus stehen Standard-Themen wie <strong>Hygiene-Konzpete<\/strong> f\u00fcr ein h\u00f6heres Gef\u00fchl an <strong>Sicherheit und Geborgenheit<\/strong>. Die Menschen w\u00fcnschen sind in diesem Zusammenhang auch mehr Raum und nat\u00fcrlich auch flexible Buchungskonditionen.<\/p>\n\n\n\n<p>Gefragt sind dar\u00fcber hinaus <strong>individuelle Angebote in der Natur<\/strong>, nachhaltige Konzepte und besondere Specials f\u00fcr die Gesundheit \u2013 denn die Menschen haben erkannt, sie geh\u00f6rt zu den h\u00f6chsten G\u00fctern. In dem Zusammenhang wird wohl auch die Nachfrage nach <strong>Post-Corona-Angeboten<\/strong> deutlich steigen.<\/p>\n\n\n\n<h3 class=\"wp-block-heading\">Ist Zeit der neue Luxus?<\/h3>\n\n\n\n<p>Im Rahmen all dieser Angebots\u00fcberlegungen m\u00fcssen wir uns auch die Frage stellen, wie wichtig zuk\u00fcnftig noch \u201e<strong>klassischer\u201c Luxus<\/strong> ist \u2013 oder ob sich hier die Rahmenbedingungen auch l\u00e4ngst verschoben haben. Genau damit haben wir uns beispielsweise auf dem ersten <strong>SpaCamp Focus Day<\/strong> intensiv besch\u00e4ftigt.<\/p>\n\n\n\n<p>Schon vor Corona wurde die <strong>Priorit\u00e4t in Sachen Nachhaltigkeit<\/strong> h\u00f6her geh\u00e4ngt. Daran hat sich nichts ge\u00e4ndert. Im Gegenteil \u2013 Corona scheint das <strong>Bed\u00fcrfnis nach einem nachhaltigen Leben<\/strong> noch zu beschleunigen.<\/p>\n\n\n\n<figure class=\"wp-block-image size-full\"><img loading=\"lazy\" decoding=\"async\" width=\"560\" height=\"315\" src=\"https:\/\/www.spaness.de\/blog\/wp-content\/uploads\/Grau-Amphibien-neu-entdecken-Blog-Banner.jpg\" alt=\"Wellness-Trends nach Corona\" class=\"img-responsive wp-image-36339\" srcset=\"https:\/\/www.spaness.de\/blog\/wp-content\/uploads\/Grau-Amphibien-neu-entdecken-Blog-Banner.jpg 560w, https:\/\/www.spaness.de\/blog\/wp-content\/uploads\/Grau-Amphibien-neu-entdecken-Blog-Banner-300x169.jpg 300w\" sizes=\"auto, (max-width: 560px) 100vw, 560px\" \/><\/figure>\n\n\n\n<h4 class=\"wp-block-heading\">So passen Nachhaltigkeit &amp; Luxus zusammen\u2026<\/h4>\n\n\n\n<p>Die Herausforderung die sich daraus ergibt, ist ein Umdenken. Ein Umdenken, sowohl in Form von \u00dcberlegungen wie \u201ewie regional m\u00fcssen wir werden?\u201c oder auch \u201ewie k\u00f6nnen wir zuk\u00fcnftig alle besser mit unseren Ressourcen umgehen?\u201c K\u00f6nnen wir uns zuk\u00fcnftig \u00fcberhaupt noch erlauben, nicht einen nachhaltigen Weg einzuschlagen?<\/p>\n\n\n\n<p>Am Ende des ersten SpaCamp Focus Days waren wir uns einig. Die <strong>Nachfrage <\/strong>wird das <strong>Angebot <\/strong>und somit auch den <strong>Preis<\/strong> regeln. Doch liegt es nat\u00fcrlich trotzdem in unseren H\u00e4nden, den richtigen Weg einzuschlagen und die Sache mit der Nachhaltigkeit anzupacken, neu zu denken und <strong>attraktive nachhaltige Angebote<\/strong> f\u00fcr unsere Kunden zu kreieren.<\/p>\n\n\n\n<p>Wir m\u00fcssen uns au\u00dferdem immer wieder vor Augen halten, <strong>Nachhaltigkeit darf nicht etwas Besonderes sein<\/strong>, sondern sollte zum Standard werden. Daf\u00fcr setzt sich \u00fcbrigens auch der <a href=\"https:\/\/de.wikipedia.org\/wiki\/European_Green_Deal\" target=\"_blank\" rel=\"noreferrer noopener nofollow\" class=\"external\">European Green Deal<\/a> ein.<\/p>\n\n\n\n<figure class=\"wp-block-image img-responsive\"><img loading=\"lazy\" decoding=\"async\" width=\"1024\" height=\"727\" src=\"https:\/\/www.spaness.de\/blog\/wp-content\/uploads\/SupportYourLocals-1024x727.jpg\" alt=\"Wellnesstrends Regionalitaet\" class=\"img-responsive wp-image-36335\" srcset=\"https:\/\/www.spaness.de\/blog\/wp-content\/uploads\/SupportYourLocals-1024x727.jpg 1024w, https:\/\/www.spaness.de\/blog\/wp-content\/uploads\/SupportYourLocals-300x213.jpg 300w, https:\/\/www.spaness.de\/blog\/wp-content\/uploads\/SupportYourLocals-1536x1090.jpg 1536w, https:\/\/www.spaness.de\/blog\/wp-content\/uploads\/SupportYourLocals.jpg 1747w\" sizes=\"auto, (max-width: 1024px) 100vw, 1024px\" \/><\/figure>\n\n\n\n<h4 class=\"wp-block-heading\">Mit nachhaltigen Konzepten mehr Umsatz generieren<\/h4>\n\n\n\n<p>Die Kunden und G\u00e4ste <strong>wollen nachhaltige Angebote<\/strong>, doch sie wollen sie nicht immer auf den ersten Blick sp\u00fcren. Viel mehr mu\u00df Nachhaltigkeit, auch in der Wellnessbranche, <strong>zum Standard<\/strong> werden.<\/p>\n\n\n\n<p>Doch der nachhaltige Weg lohnt sich. Enorme <strong>Einsparungen sind m\u00f6glich<\/strong>, durch das neue Bewu\u00dfsein, auch einfach mal <strong>auf Dinge mit einem guten Gewissen zu verzichten<\/strong> oder <strong>Energie effizienter zu nutzen<\/strong> und dadurch Kosten einzusparen und nat\u00fcrlich ist auch eine ordentliche <strong>Umsatzmaximierung m\u00f6glich<\/strong> durch neue Angebotsvarianten und attraktive Zusatzpakete.<\/p>\n\n\n\n<p>Wir m\u00fcssen das Thema <strong>Nachhaltigkeit auch unseren G\u00e4sten n\u00e4herbringen<\/strong>. Ein interessanter Ansatz daf\u00fcr lieferte die Session von Tobias Bielenstein (Roman Thermal Spas of Europe) auf dem SpaCamp Focus Day. Anhand der 17 Ziele f\u00fcr nachhaltige Entwicklung war eine gemeinsame Erkenntnis z.B. \u201e<strong>Umweltschutz ist ein Teil unserer Kultur<\/strong> (geworden)\u201c.<\/p>\n\n\n\n<figure class=\"wp-block-image img-responsive\"><img loading=\"lazy\" decoding=\"async\" width=\"1024\" height=\"819\" src=\"https:\/\/www.spaness.de\/blog\/wp-content\/uploads\/SpaCamp-Focus-Day-1024x819.jpg\" alt=\"SpaCamp-Focus-Day 2020\" class=\"img-responsive wp-image-36344\" srcset=\"https:\/\/www.spaness.de\/blog\/wp-content\/uploads\/SpaCamp-Focus-Day-1024x819.jpg 1024w, https:\/\/www.spaness.de\/blog\/wp-content\/uploads\/SpaCamp-Focus-Day-300x240.jpg 300w, https:\/\/www.spaness.de\/blog\/wp-content\/uploads\/SpaCamp-Focus-Day-1536x1229.jpg 1536w, https:\/\/www.spaness.de\/blog\/wp-content\/uploads\/SpaCamp-Focus-Day.jpg 2000w\" sizes=\"auto, (max-width: 1024px) 100vw, 1024px\" \/><\/figure>\n\n\n\n<h3 class=\"wp-block-heading\">Wellness-Trend: Dem Corona Alltag entfliehen<\/h3>\n\n\n\n<p>So lautet gerade der <strong>Hauptgrund f\u00fcr eine Wellnessreise<\/strong> laut Umfrage von Beauty24 und Wellness Hotels &amp; Resorts. Drei Viertel der Befragten sehnen sich wohl gerade jetzt besonders nach einer <strong>Wellness-Auszeit<\/strong> und \u00fcber die H\u00e4lfte der Befragten gab an, dringend Entspannung zu suchen.<\/p>\n\n\n\n<blockquote class=\"wp-block-quote is-layout-flow wp-block-quote-is-layout-flow\">\n<p>\u201eDie Pandemie schl\u00e4gt auch auf die Psyche. Die Last des Ausnahmezustandes ist kaum noch zu ertragen. Der Wunsch nach einer Auszeit von Home-Schooling, Home-Office und Co. sowie der M\u00f6glichkeit Kraft zu sch\u00f6pfen, ist besonders gro\u00df. Wellnessreisen k\u00f6nnen daher f\u00fcr deutlich mehr als nur oberfl\u00e4chliches Wohlgef\u00fchl sorgen\u201cMichael Altewischer, Gesch\u00e4ftsf\u00fchrer der Wellness-Hotels &amp; Resorts<\/p>\n<\/blockquote>\n\n\n\n<p>\u00dcbrigens haben die Umfragen auch ergeben, dass die erzwungene Zweisamkeit f\u00fcr viele Paare in Pandemiezeiten zwar ein <strong>Stre\u00dftest<\/strong> ist, doch der <strong>Liebe keinen oder nur wenig Abbrucht<\/strong> getan hat. Denn \u00fcber 70 Prozent der Befragten haben angegeben, die <strong>Wellness-Auszeit am liebsten mit dem Partner<\/strong> verbringen zu wollen.<\/p>\n\n\n\n<figure class=\"wp-block-image img-responsive\"><img loading=\"lazy\" decoding=\"async\" width=\"1024\" height=\"717\" src=\"https:\/\/www.spaness.de\/blog\/wp-content\/uploads\/Bildschirmfoto-2021-03-26-um-13.30.06-1024x717.png\" alt=\"17 Ziele fuer nachhaltige Entwicklung\" class=\"img-responsive wp-image-36361\" srcset=\"https:\/\/www.spaness.de\/blog\/wp-content\/uploads\/Bildschirmfoto-2021-03-26-um-13.30.06-1024x717.png 1024w, https:\/\/www.spaness.de\/blog\/wp-content\/uploads\/Bildschirmfoto-2021-03-26-um-13.30.06-300x210.png 300w, https:\/\/www.spaness.de\/blog\/wp-content\/uploads\/Bildschirmfoto-2021-03-26-um-13.30.06-1536x1076.png 1536w, https:\/\/www.spaness.de\/blog\/wp-content\/uploads\/Bildschirmfoto-2021-03-26-um-13.30.06.png 1888w\" sizes=\"auto, (max-width: 1024px) 100vw, 1024px\" \/><\/figure>\n\n\n\n<h4 class=\"wp-block-heading\">Natur wird noch wichtiger<\/h4>\n\n\n\n<p>Bereits vor Corona wollten immer mehr Menschen <strong>in die Natur<\/strong>. Durch Corona hat sich die <strong>Nachfrage und die Natur-Sehnsucht<\/strong> noch gesteigert. Die Pandemie hat daf\u00fcr gesorgt, dass die Menschen vest\u00e4rkt einen <strong>Ausgleich im Gr\u00fcnen<\/strong> suchen. Diesen Trend m\u00f6chten die G\u00e4ste und Urlauber zuk\u00fcnftig auch weiter ausleben.<\/p>\n\n\n\n<p>F\u00fcr Hotliers hei\u00dft das im Umkehrschluss, sie sollten mit den vorhandenen <strong>Outdoor-Ressourcen der Region<\/strong> arbeiten und diese umf\u00e4nglich f\u00fcr ma\u00dfgeschneiderte Angebote nutzen. In Kombination mit Gesundheitsbausteinen wie z.B. auch Ern\u00e4hrung, Bewegung und Entspannung wird daraus ein rundes Angebotspaket.<\/p>\n\n\n\n<p>Beliebt sind \u00fcbrigens die Klassiker: Spaziergang, Wanderung und Radtour.<\/p>\n\n\n\n<figure class=\"wp-block-image img-responsive\"><img loading=\"lazy\" decoding=\"async\" width=\"1024\" height=\"683\" src=\"https:\/\/www.spaness.de\/blog\/wp-content\/uploads\/Felsenmeer_TKlindworth_spaness.de_DSC03176-1024x683.jpg\" alt=\"Attraktiver Tourismus\" class=\"img-responsive wp-image-36220\" srcset=\"https:\/\/www.spaness.de\/blog\/wp-content\/uploads\/Felsenmeer_TKlindworth_spaness.de_DSC03176-1024x683.jpg 1024w, https:\/\/www.spaness.de\/blog\/wp-content\/uploads\/Felsenmeer_TKlindworth_spaness.de_DSC03176-300x200.jpg 300w, https:\/\/www.spaness.de\/blog\/wp-content\/uploads\/Felsenmeer_TKlindworth_spaness.de_DSC03176-1536x1024.jpg 1536w, https:\/\/www.spaness.de\/blog\/wp-content\/uploads\/Felsenmeer_TKlindworth_spaness.de_DSC03176-2048x1365.jpg 2048w\" sizes=\"auto, (max-width: 1024px) 100vw, 1024px\" \/><\/figure>\n\n\n\n<h4 class=\"wp-block-heading\">Neue Wellnesstrends: Rund um Post-Corona<\/h4>\n\n\n\n<p>Wir haben ja schon gelernt, <strong>Gesundheit<\/strong> ist sehr im Stellenwert der Menschen gestiegen und wird sogar <strong>als Luxus angesehen<\/strong> und nicht nur als ein Wellnesstrend. Sicherlich auch, da viele Menschen derzeit unter den <strong>langfristigen Folgen nach der Corona-Erkrankung<\/strong> leiden.<\/p>\n\n\n\n<p>Nicht nur \u00c4rzte weisen darauf hin, dass Corona-Patienten oft auch noch nach der eigentlichen Erkrankung leiden. Zu den Folgen z\u00e4hlen z.B. Atemprobleme, Ersch\u00f6pfung, Konzentrationsschwierigkeiten oder auch St\u00f6rungen des Geruchssinns. Aktuell wird fast nirgendwo auf die <strong>Behandlung dieser Sp\u00e4tfolgen<\/strong> reagiert. Obwohl viele Patienten angaben, daran mehr als interessiert zu sein. Daraus ergeben sich ganz <strong>neue Ans\u00e4tze f\u00fcr die Wellnesshotellerie und Spa-Branche<\/strong>.<\/p>\n\n\n\n<figure class=\"wp-block-image\"><img loading=\"lazy\" decoding=\"async\" width=\"1000\" height=\"731\" src=\"https:\/\/www.spaness.de\/blog\/wp-content\/uploads\/winken_scfd_web.jpg\" alt=\"Teilnehmer SpaCamp Focus Day 2021\" class=\"img-responsive wp-image-36357\" srcset=\"https:\/\/www.spaness.de\/blog\/wp-content\/uploads\/winken_scfd_web.jpg 1000w, https:\/\/www.spaness.de\/blog\/wp-content\/uploads\/winken_scfd_web-300x219.jpg 300w\" sizes=\"auto, (max-width: 1000px) 100vw, 1000px\" \/><\/figure>\n\n\n\n<h3 class=\"wp-block-heading\">Nachhaltige Wellnesshotels leben die neuen Wellnesstrends<\/h3>\n\n\n\n<p>Wer nun glaubt, Nachhaltigkeit mu\u00df immer mit einem enormen finanziellen Aufwand verbunden sein, der wurde sp\u00e4testens auf dem SpaCamp Focus Day eines Besseren belehrt. Denn gleich drei Wellnesshotels mit einem besonders nachhaltigen Konzept teilten Erfahrungen und Wissen mit den Teilnehmern, in Form von Impulsvortr\u00e4gen und informativen Pr\u00e4sentationen.<\/p>\n\n\n\n<h4 class=\"wp-block-heading\">Naturhotel Pf\u00f6sl S\u00fcdtirol<\/h4>\n\n\n\n<p>Das <strong>Hotel Pf\u00f6sl in S\u00fcdtirol<\/strong> verfolgt ein ganzheitliches Konzept, sowohl f\u00fcr bereits nachhaltige Verfahren, gelebte Werte und auch mit Blick auf zuk\u00fcnftige Visionen. Daf\u00fcr erhielt das Hotel bereits 2019 die Wellness Aphrodite in der Kategorie \u00d6kologie &amp; Nachhaltigkeit.<\/p>\n\n\n\n<p>Vorgestellt wurde das Hotel Pf\u00f6sel mit viel Herzblut von Eva Zelger, Brigitte Zelger und Daniel Mahlknecht.<\/p>\n\n\n\n<h4 class=\"wp-block-heading\">Naturresort Schindelbruch<\/h4>\n\n\n\n<p>Das <strong>Naturresort Schindelbruch im Harz <\/strong>wurde durch die Spa-Managerin Christel Reininghaus pr\u00e4sentiert.<\/p>\n\n\n\n<p>Kernthema der Pr\u00e4sentation ist das \u00f6kologische Konzept sowie die Meilensteine des Resorts im S\u00fcdharz auf dem Weg zur Nachhaltigkeit. Besonders ist sie auf die Frage eingegangen, ob sich Nachhaltigkeit auf die Qualit\u00e4t und den Luxus auswirkt. Bedeutet die nachhaltige Ausrichtung mehr oder weniger Qualit\u00e4t in Bezug auf Luxus?<\/p>\n\n\n\n<h4 class=\"wp-block-heading\">Posthotel Achenkirch<\/h4>\n\n\n\n<p>F\u00fcr das Posthotel Achenkirch in Tirol \u00d6sterreich sprachen Georg Aurbacher und Gregory Endres von Fokus Zukunft. Gemeinsam stellten sie den Prozess vom CO2 Fu\u00dfabruck bis zum Klimaneutralen Hotel vor. Wichtig war dabei auch die authentische Kommunikation in Sachen Nachhaltigkeit mit dem Gast und den Mitarbeitern.<\/p>\n\n\n\n<figure class=\"wp-block-image img-responsive\"><img loading=\"lazy\" decoding=\"async\" width=\"1024\" height=\"819\" src=\"https:\/\/www.spaness.de\/blog\/wp-content\/uploads\/I-miss-you.-1024x819.jpg\" alt=\"Wellnesstrends nachhaltige Wellnesshotels, Referenten SpaCamp Fokus Day\" class=\"img-responsive wp-image-36351\" srcset=\"https:\/\/www.spaness.de\/blog\/wp-content\/uploads\/I-miss-you.-1024x819.jpg 1024w, https:\/\/www.spaness.de\/blog\/wp-content\/uploads\/I-miss-you.-300x240.jpg 300w, https:\/\/www.spaness.de\/blog\/wp-content\/uploads\/I-miss-you.-1536x1229.jpg 1536w, https:\/\/www.spaness.de\/blog\/wp-content\/uploads\/I-miss-you..jpg 2000w\" sizes=\"auto, (max-width: 1024px) 100vw, 1024px\" \/><\/figure>\n\n\n\n<p><em>Quellen: Mehr Informationen zum ersten <a href=\"https:\/\/www.spacamp.net\/focusday-2021\" target=\"_blank\" rel=\"noreferrer noopener nofollow\" class=\"external\">SpaCamp Focus Day 2021<\/a> und alle Ergebnisse zur <a href=\"https:\/\/www.beauty24.de\/Wellness-Trends-2021.html\" target=\"_blank\" rel=\"noreferrer noopener nofollow\" class=\"external\">Wellness-Studie von Beauty24 und Wellness Hotels &amp; Resorts<\/a> auf der ITB Now. Ergebnisse unserer Umfrage auf <a href=\"https:\/\/www.facebook.com\/SPANESS\/posts\/10160039151949368\" target=\"_blank\" rel=\"noreferrer noopener nofollow\" class=\"external\">Facebook <\/a>und <a href=\"https:\/\/www.instagram.com\/p\/CMJdSonhMGK\/\" target=\"_blank\" rel=\"noreferrer noopener nofollow\" class=\"external\">Instagram<\/a>. Die Umfragergebnisse aus der Umfrage via Insta- und Facebook-Story Funktion k\u00f6nnen leider nicht ver\u00f6ffentlicht werden.<\/em><\/p>\n\n\n\n<hr class=\"wp-block-separator has-alpha-channel-opacity\"\/>\n\n\n\n<h2 class=\"wp-block-heading\">Wellness-Trends 2019<\/h2>\n\n\n\n<p><strong>Wie hei\u00dft es doch so sch\u00f6n \u201enach der ITB, ist vor der ITB\u201c \u2013 in diesem Sinne\u2026 \u201ethe same procedure as every year\u201c. Denn zur ITB (Internationale Tourismusb\u00f6rse in Berlin \u2013 jedes Jahr im M\u00e4rz) werden auch immer die aktuellen Wellness-Trends ver\u00f6ffentlicht. Das was wir Wellness-Experten dann eigentlich l\u00e4ngst schon wissen (sollten) gibt es im Rahmen der ITB und des Wellnessforums dann ganz offiziell \u2019schwarz auf wei\u00df\u2018.<\/strong><\/p>\n\n\n\n<h3 class=\"wp-block-heading\">Wellness Trends D-A-CH<\/h3>\n\n\n\n<p>Es gilt, andere L\u00e4nder, andere Sitten. Das gilt auch f\u00fcr <strong><a rel=\"noreferrer noopener\" href=\"https:\/\/www.spaness.de\/blog\/category\/wellness\/\" target=\"_blank\">Wellness Trends<\/a>.<\/strong> Daher starte ich im ersten Schritt mit der Vorstellung der <strong>Wellness Trends im deutschsprachigen Raum<\/strong>. Zum Teil gilt das nat\u00fcrlich auch noch f\u00fcr einige Spots in Europa. Wer und was hat also aktuell die Nase vorn und wie haben sich die Wellnessw\u00fcnsche, Zielgruppen und Trends ver\u00e4ndert\u2026 gibt es \u00fcberhaupt Ver\u00e4nderungen?<\/p>\n\n\n\n<figure class=\"wp-block-image img-responsive\"><img loading=\"lazy\" decoding=\"async\" width=\"1024\" height=\"682\" src=\"https:\/\/www.spaness.de\/blog\/wp-content\/uploads\/DSC09968-1-1024x682.jpg\" alt=\"Sauna im Ferienhaus am Saimaa See\" class=\"img-responsive wp-image-38354\" srcset=\"https:\/\/www.spaness.de\/blog\/wp-content\/uploads\/DSC09968-1-1024x682.jpg 1024w, https:\/\/www.spaness.de\/blog\/wp-content\/uploads\/DSC09968-1-300x200.jpg 300w, https:\/\/www.spaness.de\/blog\/wp-content\/uploads\/DSC09968-1.jpg 1280w\" sizes=\"auto, (max-width: 1024px) 100vw, 1024px\" \/><\/figure>\n\n\n\n<h4 class=\"wp-block-heading\">Warnung! Zu sp\u00e4t\u2026 die Millennials kommen\u2026<\/h4>\n\n\n\n<p>Zugegeben, ich hab es hier etwas \u00fcberspitzt ausgedr\u00fcckt. Doch wir k\u00f6nnen die Augen davor nicht mehr verschlie\u00dfen, wie auch immer wir sie nennen wollen\u2026 ob nun <strong>Millennials oder Genaration Y<\/strong>. Sie sind erwachsen geworden und sie haben so ganz eigene Vorstellungen davon, wie sie entspannen und vor allen Dingen, wie sie diese Orte f\u00fcr Entspannung zuk\u00fcnftig finden werden und wollen.<\/p>\n\n\n\n<blockquote class=\"wp-block-quote is-layout-flow wp-block-quote-is-layout-flow\">\n<p><strong>Was sind Millennials?<\/strong> Als Millennials oder Generation Y bezeichnet man die Menschen, die zwischen den fr\u00fchen 80ern und den sp\u00e4ten 90ern (im alten Jahrtausend) geboren wurden.<\/p>\n<\/blockquote>\n\n\n\n<p>Die Millennials suchen und <strong>finden ihre Wellness-Angebote und <a href=\"https:\/\/www.spaness.de\/suche\/\" target=\"_blank\" rel=\"noreferrer noopener\">Wellness-Hotspots<\/a> online<\/strong>. Sie lassen sich gern inspirieren, machen sich aber ihr eigenes Bild. Sie surfen auf Bewertungsportalen (rund 70 Prozent), Blogs und Social Media Kan\u00e4len (ca. 50 Prozent). Print nimmt bei dieser Zielgruppe \u00fcbrigens noch nicht mal 5 Prozent ein. Hotel-Marken und Brands spielen bei ihnen eher eine untergeordnete Rolle.<\/p>\n\n\n\n<p>Mehr als die H\u00e4lfte der Zielgruppe erwartet, dass man w\u00e4hrend einer <strong>Wellnessreise auf individuelle W\u00fcnsche<\/strong> eingeht. Insgesamt w\u00fcnscht man sich nicht mehr das o815 Wellness-Programm oder Paket, sondern spezielle Treatments f\u00fcr Mentalit\u00e4t und Gesundheit.<\/p>\n\n\n\n<figure class=\"wp-block-image img-responsive\"><img loading=\"lazy\" decoding=\"async\" width=\"1024\" height=\"683\" src=\"https:\/\/www.spaness.de\/blog\/wp-content\/uploads\/IMG_5750-1-1024x683.jpg\" alt=\"Wellness &amp; Event Location auf spaness.de\" class=\"img-responsive wp-image-9519\" srcset=\"https:\/\/www.spaness.de\/blog\/wp-content\/uploads\/IMG_5750-1-1024x683.jpg 1024w, https:\/\/www.spaness.de\/blog\/wp-content\/uploads\/IMG_5750-1-300x200.jpg 300w\" sizes=\"auto, (max-width: 1024px) 100vw, 1024px\" \/><\/figure>\n\n\n\n<h4 class=\"wp-block-heading\">Stichwort: Mental Wellness \u2013 Was verbirgt sich dahinter?<\/h4>\n\n\n\n<p>\u2026ein fast reibungsloser \u00dcbergang zum n\u00e4chsten Trend \u201aMental Wellness\u2018. Verbirgt sich dahinter Meditation? Oder vielleicht Hypnose? Oder gar eine Gehirnw\u00e4sche? Kurz und knapp k\u00f6nnte man <strong>Mental Wellness<\/strong> \u00fcbersetzen wie folgt \u201edie F\u00f6rderung der mentalen Gesundheit\u201c\u2026 oder auch zusammenfassen mit ein paar Stichworten: \u201eGelassenheit, Freiheit von Zw\u00e4ngen und Bewertungssystemen, Leben im hier und jetzt!\u201c In diesen Trend fallen sogar Themen wie <strong>Pers\u00f6nlichkeitsentwicklung<\/strong> und <strong>Stressmanagement<\/strong>.<\/p>\n\n\n\n<blockquote class=\"wp-block-quote is-layout-flow wp-block-quote-is-layout-flow\">\n<p>Werde du selbst\u2026 sei du selbst?!<\/p>\n<\/blockquote>\n\n\n\n<p>Ja, ich gebe zu, es klingt etwas esotherisch\u2026 doch grunds\u00e4tzlich ist das doch ein sehr sch\u00f6ner Gedanke, wenn jeder von uns <strong>sich einfach wohlf\u00fchlen <\/strong>kann und zuk\u00fcnftig \u201esein Ding\u201c verfolgen darf, ohne Vorurteile und ohne sich Gedanken machen zu m\u00fcssen, was der oder die nun \u00fcber mich denkt\u2026 ODER?! Eben einfach mit sich im Einklang sein. Ich bin sehr gespannt, wie sich dieser Trend entwickelt.<\/p>\n\n\n\n<figure class=\"wp-block-image img-responsive\"><img loading=\"lazy\" decoding=\"async\" width=\"1024\" height=\"683\" src=\"https:\/\/www.spaness.de\/blog\/wp-content\/uploads\/DSC07802-1024x683.jpg\" alt=\"Gemeinsam ziehen wir ins Watt auf Juist\" class=\"img-responsive wp-image-15859\" srcset=\"https:\/\/www.spaness.de\/blog\/wp-content\/uploads\/DSC07802-1024x683.jpg 1024w, https:\/\/www.spaness.de\/blog\/wp-content\/uploads\/DSC07802-300x200.jpg 300w\" sizes=\"auto, (max-width: 1024px) 100vw, 1024px\" \/><\/figure>\n\n\n\n<h4 class=\"wp-block-heading\">Wellness Trend: Aktivurlaub &amp; Gesundheitstourismus<\/h4>\n\n\n\n<p>Hinter Wellness steht nicht nur Sauna und Massage. <strong>Wellness ist ganzheitlich<\/strong> und verkn\u00fcpft viele Ansatzpunkte und Themen. Ich erz\u00e4hle es seit Jahren. Nun ist das Ganze auch offiziell (endlich) ein Trend-Thema. Der Wellnessurlauber will seine <strong>Wellness-Auszeit mit aktiven aber entspannten Bausteinen kombinieren<\/strong> und etwas f\u00fcr die Gesundheit tun. Auch immer mehr \u00e4ltere Wellnessg\u00e4ste m\u00f6chten nicht einfach nur noch im Wellnesshotel chillen, sondern etwas erleben. F\u00fcr wahr, f\u00fcr viele Wellnesshotels hei\u00dft das umdenken und zwar auf den letzten Dr\u00fccker, um die Kunden und G\u00e4ste von morgen auch wirklich zu erreichen. Doch erfreulicherweise haben viele Wellnesshotels diesen Trend auch schon vor einer ganzen Weile erkannt und entsprechend darauf reagiert.<\/p>\n\n\n\n<figure class=\"wp-block-image img-responsive\"><img loading=\"lazy\" decoding=\"async\" width=\"1024\" height=\"682\" src=\"https:\/\/www.spaness.de\/blog\/wp-content\/uploads\/IMG_0821-2-1024x682.jpg\" alt=\"Global Wellness Day 2016 Usedom\" class=\"img-responsive wp-image-19203\" srcset=\"https:\/\/www.spaness.de\/blog\/wp-content\/uploads\/IMG_0821-2-1024x682.jpg 1024w, https:\/\/www.spaness.de\/blog\/wp-content\/uploads\/IMG_0821-2-300x200.jpg 300w, https:\/\/www.spaness.de\/blog\/wp-content\/uploads\/IMG_0821-2.jpg 1280w\" sizes=\"auto, (max-width: 1024px) 100vw, 1024px\" \/><\/figure>\n\n\n\n<h4 class=\"wp-block-heading\">Wenn Natur zum Wellness-Trend wird\u2026<\/h4>\n\n\n\n<p>Luft, Wind, Sonne, Sinne\u2026 Passend zu aktiv und Gesundheit passt nat\u00fcrlich auch die Natur. Die Menschen wollen raus und das bei Wind und Wetter. Denn es gibt bekanntlich kein schlechtes Wetter, nur schlechte Kleidung. Die <strong>Menschen wollen sich sp\u00fcren<\/strong> und die <strong>Natur genie\u00dfen<\/strong>. Hei\u00dft im Umkehrschluss, Wellness-Treatments brauchen neue Ideen, sie m\u00fcssen raus aus dem geschlossenen Treatment-Raum. <a rel=\"noreferrer noopener\" href=\"https:\/\/www.spaness.de\/blog\/waldcoaching-naturcoaching\/\" target=\"_blank\">Wald-Wellness<\/a>, Waldbaden, <a rel=\"noreferrer noopener\" href=\"https:\/\/www.spaness.de\/blog\/naturretreat-waldbaden-japan\/\" target=\"_blank\">Natur-Retreats<\/a>, Yoga unter freiem Himmel, achtsam Wandern, Brandungs-Gymnastik, Fasten-Wandern\u2026 all das in Kombination mit regionalen Zutaten f\u00fcr die Wellness-Anwendung. Wir brauchen einen neuen Blick auf die Dinge, denn die <strong>Grenzen zwischen den Wellness-Angeboten verschwimmen<\/strong>\u2026 Mit diesem Trend haben auch ganzheitliche Naturheilverfahren wie Ayurveda, <a rel=\"noreferrer noopener\" href=\"https:\/\/www.spaness.de\/blog\/thalasso-wellnesskraft-aus-dem-meer\/\" target=\"_blank\">Thalasso<\/a> oder Kneipp die Nase seit einiger Zeit (wieder) ganz weit vor.<\/p>\n\n\n\n<figure class=\"wp-block-image img-responsive\"><img loading=\"lazy\" decoding=\"async\" width=\"1024\" height=\"682\" src=\"https:\/\/www.spaness.de\/blog\/wp-content\/uploads\/DSC00255-1024x682.jpg\" alt=\"Wangerooge Wellness am Strand\" class=\"img-responsive wp-image-22345\" srcset=\"https:\/\/www.spaness.de\/blog\/wp-content\/uploads\/DSC00255-1024x682.jpg 1024w, https:\/\/www.spaness.de\/blog\/wp-content\/uploads\/DSC00255-300x200.jpg 300w, https:\/\/www.spaness.de\/blog\/wp-content\/uploads\/DSC00255.jpg 1280w\" sizes=\"auto, (max-width: 1024px) 100vw, 1024px\" \/><\/figure>\n\n\n\n<h4 class=\"wp-block-heading\">Wohlf\u00fchlen rundum\u2026 wo f\u00e4ngt das an?<\/h4>\n\n\n\n<p>Umfragen haben ergeben, der heutige Wellnessgast will sich in einem Wellnesshotel oder einer Wellnessoase wohlf\u00fchlen. F\u00fcr Wellnesshotels hei\u00dft das, <strong>\u201aWohlf\u00fchlen\u2018 f\u00e4ngt schon im Zimmer an<\/strong>. Man k\u00f6nnte auch sagen, das Zimmer ist bereits das erste Wellness-R\u00fcckzugsgebiet in einem Wellnesshotel. Der Gast verbringt in einem Wellnesshotel eben doch oft mehr Zeit in seinem Zimmer. Hier m\u00f6chte er sich fast \u201eWIE ZUHAUSE\u201c f\u00fchlen. Die Top 3 Gr\u00fcnde f\u00fcr die Wahl eines Wellnesshotels sind:<\/p>\n\n\n\n<ul class=\"wp-block-list\">\n<li>Wellnessbereich ca. 80 Prozent<\/li>\n\n\n\n<li>Zimmer ca. 43 Prozent<\/li>\n\n\n\n<li>Lage des Hotels ca. 36 Prozent<\/li>\n<\/ul>\n\n\n\n<p><\/p>\n\n\n\n<figure class=\"wp-block-image img-responsive\"><img loading=\"lazy\" decoding=\"async\" width=\"1024\" height=\"682\" src=\"https:\/\/www.spaness.de\/blog\/wp-content\/uploads\/DSC08700-1024x682.jpg\" alt=\"Seehotel Niedernberg Wellness Hotel und mehr\" class=\"img-responsive wp-image-23384\" srcset=\"https:\/\/www.spaness.de\/blog\/wp-content\/uploads\/DSC08700-1024x682.jpg 1024w, https:\/\/www.spaness.de\/blog\/wp-content\/uploads\/DSC08700-300x200.jpg 300w, https:\/\/www.spaness.de\/blog\/wp-content\/uploads\/DSC08700.jpg 1280w\" sizes=\"auto, (max-width: 1024px) 100vw, 1024px\" \/><\/figure>\n\n\n\n<h4 class=\"wp-block-heading\">The next hot Wellness-Ding\u2026 \u00e4hhh Trend<\/h4>\n\n\n\n<p>Das sind nat\u00fcrlich l\u00e4ngst nicht alle Wellness-Trends\u2026 besonders nicht dann, wenn man sich den <strong>internationalen Wellness-Markt<\/strong> anschaut. Doch ich pers\u00f6nlich finde, diese Trends decken sich auch sehr mit meinen eigenen Beobachtungen und Erfahrungen. Mehr zu meinen pers\u00f6nlichen Wellness-Reisen in diesem Jahr\u2026 ob die sich auch mit den Trends decken\u2026  und noch mehr Wellness-Aussichten auf die Zukunft verrate ich euch hier demn\u00e4chst.<\/p>\n\n\n\n<p>Nun kommt ihr? Ist f\u00fcr euch was dabei? K\u00f6nnt ihr euch damit identifizieren? Plant ihr in diesem Jahr eine Wellness-Auszeit? Oder tretet ihr so oder so schon regelm\u00e4\u00dfig einen Wellnessurlaub an?<\/p>\n\n\n\n<hr class=\"wp-block-separator has-alpha-channel-opacity\"\/>\n\n\n\n<h2 class=\"wp-block-heading\">Wellness-Trends 2018<\/h2>\n\n\n\n<p>Kleiner Auszug zu den Wellnesstrends 2018 nach dem Besuch auf der ITB. Seit 2009 bin ich verst\u00e4rkt zum Thema WellBeing work, life &amp; travel beruflich unterwegs. Damals stand gerade das 20j\u00e4hrige \u201e<a href=\"https:\/\/www.spaness.de\/blog\/category\/urlaub\/urlaub-in-deutschland\/\" target=\"_blank\" rel=\"noreferrer noopener\">Wellness in Deutschland<\/a>\u201c Jubi vor der T\u00fcr. Hochgerechnet geht es also auch hier auf das n\u00e4chste Jubil\u00e4um zu \u2013 und zwar mit gro\u00dfen Schritten. Doch was hei\u00dft das denn nun f\u00fcr die Wellnesstrends?<\/p>\n\n\n\n<p>Ich werde mich dazu noch mal ausf\u00fchrlich in einem Artikel \u00e4u\u00dfern, doch in meiner gro\u00dfen ITB Berlin Zusammenfassung &amp; \u00dcbersicht f\u00fcr 2018 liste ich die wichtigsten Trends einfach mal kurz und knackig auf.<\/p>\n\n\n\n<ol class=\"wp-block-list\">\n<li><strong>Der Wellnessreise-Markt f\u00fcr Familien mit Kind und Kegel w\u00e4chst weiter<\/strong>. Immer mehr Familien haben Lust auf eine gemeinsame entspannte Zeit -> da war ich mit meiner Familie wohl in den letzten Jahren als Vorreiter unterwegs. <\/li>\n\n\n\n<li><strong>Immer mehr Wellnessreisen werden online gebucht<\/strong>. Ach, keine \u00dcberraschung wird jetzt der ein oder andere von euch denken\u2026 doch leider ist das wirklich f\u00fcr viele Wellnesshotels und Wellnessanbieter eine Tatsache, die man lange nicht so richtig beachtet hat.<\/li>\n\n\n\n<li><strong>Wellness ist heute (zum Gl\u00fcck) nicht mehr nur eine Frage des Budgets <\/strong>sondern der Einstellung! Wellness zieht sich heute durch alle Zielgruppen und genau daf\u00fcr gibt es ein breit aufgestelltes Angebot. Da ist sicherlich f\u00fcr jeden was dabei.<\/li>\n<\/ol>\n\n\n\n<p>Wie gesagt, in den n\u00e4chsten Tagen gehe ich auf das Thema <a href=\"https:\/\/www.spaness.de\/blog\/itb-2017-von-wellnesstrends-reisezielen-influencern\/\" target=\"_blank\" rel=\"noreferrer noopener\">Wellnesstrends<\/a> auch einfach noch mal etwas tiefer ein. Dann stelle ich auch mal vor, worauf die meisten Wellnessurlauber aktuell besonders viel Wert legen oder auch welche Anwendungen bevorzugt werden.<\/p>\n\n\n\n<hr class=\"wp-block-separator has-alpha-channel-opacity\"\/>\n\n\n\n<h2 class=\"wp-block-heading\">Wellnesstrends 2017 <\/h2>\n\n\n\n<p><strong>ITB \u2013 das hei\u00dft nicht nur \u00fcber 25.000 Fachbesucher und 180 L\u00e4nder stellen sich auf der Messe vor und aus, sondern auch die neusten Wellnesstrends werden vorgestellt. Man kann sagen, schon traditionell findet die Pressekonferenz der Wellness Hotels &amp; Resorts, beauty24 und neu dabei Trusted Shops, am Messemittwoch statt. Am ITB-Donnerstag steigt dann das Expertenforum Wellness im Rahmen des ITB Kongress.<\/strong><\/p>\n\n\n\n<h3 class=\"wp-block-heading\">Wellnessreisen &amp; Wellness-Trends \u2013 Was wollen Wellnessurlauber wirklich?<\/h3>\n\n\n\n<p>Man k\u00f6nnte auch sagen, ganz traditionell bin ich seit ein paar Jahren auf der Pressekonferenz zu Gast und schaue auch beim Wellness-Expertenforum vorbei. Denn nat\u00fcrlich bin ich als Wellness-Reisebloggerin recht neugierig auf <a href=\"https:\/\/www.spaness.de\/blog\/wellness-trends-2016\/\" target=\"_blank\" rel=\"noreferrer noopener\">neue Wellness-Trends<\/a>\u2026 hat sich wirklich was getan, was ich noch nicht wei\u00df? Wer von euch ist auch neugierig? Dann hier entlang bitte\u2026 und unbedingt auch die n\u00e4chsten Abs\u00e4tze lesen!  Aus allen Informationen m\u00f6chte ich euch mal 5 Trends (die ich auch relevant finde) etwas n\u00e4her vorstellen.<\/p>\n\n\n\n<p>Insgesamt gibt es ein paar neue alte Trends, wenn wir mal ganz ehrlich sind. So ganz langsam verfestigen sich aber tats\u00e4chlich einige W\u00fcnsche und Bed\u00fcrfnisse der Wellnessg\u00e4ste, die sich vor ein paar Jahren ganz langsam und vorsichtig entwickelt haben. Fakt ist\u2026 und das sollte allen klar sein. Wellness ist schon lange nicht mehr nur Massage &amp; Sauna (mein Reden) oder wie Michael Altewischer von den Wellness Hotels &amp; Resorts w\u00e4hrend der Pressekonferenz sagte \u201epampern ist out\u201c. Doch was hei\u00dft das denn nun genau? Um der Sache auf den Grund zu gehen wurden 3.535 wellnessaffine G\u00e4ste und 101 Wellnesshoteliers, zu Anfang des Jahres, befragt.<\/p>\n\n\n\n<figure class=\"wp-block-image size-full\"><img loading=\"lazy\" decoding=\"async\" width=\"1006\" height=\"726\" src=\"https:\/\/www.spaness.de\/blog\/wp-content\/uploads\/Bildschirmfoto-2017-03-13-um-14.02.52.png\" alt=\"Wellness Trends 2017 Was wuenschen sich Wellnessurlauber wirklich\" class=\"img-responsive wp-image-18142\" srcset=\"https:\/\/www.spaness.de\/blog\/wp-content\/uploads\/Bildschirmfoto-2017-03-13-um-14.02.52.png 1006w, https:\/\/www.spaness.de\/blog\/wp-content\/uploads\/Bildschirmfoto-2017-03-13-um-14.02.52-300x217.png 300w\" sizes=\"auto, (max-width: 1006px) 100vw, 1006px\" \/><\/figure>\n\n\n\n<h3 class=\"wp-block-heading\">Wellness-Trends \u2013 Gesundheitsreisen 2017<\/h3>\n\n\n\n<p>O.K. gehen wir gleich mal ans Eingemachte \u2013 Thema Wellness &amp; Gesundheit. Eigentlich gar nicht mehr so neu sind Wellnessreisen mit Gesundheitsbausteinen \u2013 also Gesundheitsreisen. Die \u00dcberg\u00e4nge sind flie\u00dfend. Wo h\u00f6rt Wellness auf und wo f\u00e4ngt Gesundheitstourismus eigentlich tats\u00e4chlich an? Die meisten Menschen erleben Stre\u00df tagt\u00e4glich sehr intensiv. Familie und Job unter einen Hut bekommen und nach M\u00f6glichkeit auch noch Karriere machen und total ausgeglichen mit den Kindern tollen, toben und Hausaufgaben auf die Reihe bekommen und dann aber bitte fit, jugendlich und motiviert auftreten \u2013 Leute, ich wei\u00df wovon ich rede.  Von Dienstreisen, unregelm\u00e4ssigem Essen und vor allen Dingen ungesunden Essen mal ganz abgesehen. Da bleibt die vielgew\u00fcnschte \u201eWorklifebalance\u201c auch gern mal auf der Strecke.<\/p>\n\n\n\n<h4 class=\"wp-block-heading\">Leben gegen den Bio-Rhythmus<\/h4>\n\n\n\n<p>Mehr als jeder Sechste in Deutschland lebt entgegen dem eigenen Bio-Rhythmus und genau das finden die meisten Menschen auch sehr belastend. Sp\u00e4testens im Urlaub und auf Reisen m\u00f6chten wir genau diesem Zustand entgegenwirken, ein Tagesablauf soll nach dem eigenen Rhythmus gestaltet werden k\u00f6nnen. Wenn nicht im Urlaub\u2026 wann dann?! Hotels k\u00f6nnten und sollten darauf z.B. mit ausgeweiteten Essenszeiten oder auch l\u00e4ngeren \u00d6ffnungszeiten f\u00fcr Fitness- und Wellnessbereiche reagieren.<\/p>\n\n\n\n<p>Der gesundheitsbewusste Trend sorgt auch daf\u00fcr, dass sich die Wellnessurlauber f\u00fcr Zusatzangebote interessieren. Detox, Fasten, Yoga etc. Im Gegenzug gehen Themen wie Sch\u00f6nheit oder auch Kosmetik in den Hintergrund.<\/p>\n\n\n\n<h4 class=\"wp-block-heading\">Ist das die Zukunft? Wellness in Kombi mit integrativen Heilans\u00e4tzen<\/h4>\n\n\n\n<p>Im Wellness-Expertenforum geht man sogar noch einen Schritt weiter. Hier ist l\u00e4ngst davon die Rede, dass im Spa der Zukunft auch z.B. Psychotherapie nicht undenkbar w\u00e4re. Die Rede ist hier auch von Lifystyle-Medizin und integrativen Heilans\u00e4tzen. Traditionelle Heilmethoden werden mit neuen Spa- und Wellnesstechnologien verbunden. Aus Russland wurde das Modell Medical Spa Hotel vorgestellt und es wurde die provokante Frage gestellt, ob derartige Konzepte und Ans\u00e4tze nicht sogar die bisherige Wellness-Branche in Zukunft ersetzen?<\/p>\n\n\n\n<p>Das auch ganz spezialisierte Angebote durchaus in Deutschland funktionieren wurde im Wellnessforum anhand des Best Practice Beispieles \u201eAyurveda Parkschl\u00f6sschen\u201c gezeigt. Das familiengef\u00fchrte 5-Sterne-Hotel mitten in Deutschland hat sich komplett der Ayurveda verschrieben und das seit nun \u00fcber 20 Jahren. Und es funktioniert \u2013 der Durchschnittsaufenthalt der G\u00e4ste liegt bei \u00fcber 2 Wochen.<\/p>\n\n\n\n<figure class=\"wp-block-image img-responsive\"><img loading=\"lazy\" decoding=\"async\" width=\"1024\" height=\"654\" src=\"https:\/\/www.spaness.de\/blog\/wp-content\/uploads\/Bildschirmfoto-2017-03-13-um-14.04.23-1024x654.png\" alt=\"Wellnessreisen vs. Gesundheitsreisen 2017\" class=\"img-responsive wp-image-18143\" srcset=\"https:\/\/www.spaness.de\/blog\/wp-content\/uploads\/Bildschirmfoto-2017-03-13-um-14.04.23-1024x654.png 1024w, https:\/\/www.spaness.de\/blog\/wp-content\/uploads\/Bildschirmfoto-2017-03-13-um-14.04.23-300x192.png 300w, https:\/\/www.spaness.de\/blog\/wp-content\/uploads\/Bildschirmfoto-2017-03-13-um-14.04.23.png 1052w\" sizes=\"auto, (max-width: 1024px) 100vw, 1024px\" \/><\/figure>\n\n\n\n<h3 class=\"wp-block-heading\">Wellnessreisen junge Leute \u2013 Was will die junge Zielgruppe?<\/h3>\n\n\n\n<p>Die junge Zielgruppe gibt eigentlich schon den Gesundheitsreisetrend vor\u2026 denn junge Menschen werden auch \u00e4lter und genau das hat dazu gef\u00fchrt, dass der Gesundheitstrend in den letzten Jahren an Bedeutung gewonnen hat. Doch wie gehts weiter? Wellnessfans unter drei\u00dfig nutzen Wellnesseinrichtungen k\u00fcrzer aber h\u00e4ufiger und gern auch mit Freunden. Das bedeutet, Wellnesshotels stehen gar nicht so hoch im Kurs \u2013 o.k. jedenfalls nicht an erster Stelle. Viel mehr nutzen j\u00fcngere Menschen gern Thermen und andere Tageswellnesseinrichtungen. Die j\u00fcngere Zielgruppe liebt auch Sportaktivit\u00e4ten in der Gruppe z.B. Kursprogramme wie Zumba oder auch Sport im Fitnessstudio. Es geht also f\u00fcr Wellnesshotels darum, ihre Hotels, der j\u00fcngeren Wellnessfan-Zielgruppe, schmackhaft zu machen. Denn grunds\u00e4tzliches Interesse am Thema Wellness &amp; Gesundheit ist ja bereits vorhanden. Beste Voraussetzungen also\u2026<\/p>\n\n\n\n<blockquote class=\"wp-block-quote is-layout-flow wp-block-quote-is-layout-flow\">\n<p>\u201eIn den n\u00e4chsten drei Jahren wird sich zeigen, wer sich mit seinen Angeboten von anderen abhebt. Die Wellnesshotels werden mit anderen flexibleren Wellnessanbietern im Wettbewerb stehen\u201c, sagt Roland Fricke von beauty24.<\/p>\n<\/blockquote>\n\n\n\n<p>Also liebe Hoteliers, macht euch Gedanken dar\u00fcber, wo ihr die Zielgruppe der Zukunft trefft und wo ihr auf euer Angebot aufmerksam machen k\u00f6nnt. Ich denke Stichwort ist hier ganz klar: Soziale Medien, Blogs, Instagram, Facebook, Influencer-Marketing etc.<\/p>\n\n\n\n<figure class=\"wp-block-image img-responsive\"><img loading=\"lazy\" decoding=\"async\" width=\"1024\" height=\"569\" src=\"https:\/\/www.spaness.de\/blog\/wp-content\/uploads\/Bildschirmfoto-2017-03-13-um-13.53.30-1024x569.png\" alt=\"Wellnesstrends 2017 - was will die junge Zielgruppe\" class=\"img-responsive wp-image-18140\" srcset=\"https:\/\/www.spaness.de\/blog\/wp-content\/uploads\/Bildschirmfoto-2017-03-13-um-13.53.30-1024x569.png 1024w, https:\/\/www.spaness.de\/blog\/wp-content\/uploads\/Bildschirmfoto-2017-03-13-um-13.53.30-300x167.png 300w, https:\/\/www.spaness.de\/blog\/wp-content\/uploads\/Bildschirmfoto-2017-03-13-um-13.53.30.png 1282w\" sizes=\"auto, (max-width: 1024px) 100vw, 1024px\" \/><\/figure>\n\n\n\n<figure class=\"wp-block-image img-responsive\"><img loading=\"lazy\" decoding=\"async\" width=\"1024\" height=\"553\" src=\"https:\/\/www.spaness.de\/blog\/wp-content\/uploads\/Bildschirmfoto-2017-03-13-um-13.58.27-1024x553.png\" alt=\"Wellnesstrends 2017 Wunsch nach Fitnessangeboten\" class=\"img-responsive wp-image-18141\" srcset=\"https:\/\/www.spaness.de\/blog\/wp-content\/uploads\/Bildschirmfoto-2017-03-13-um-13.58.27-1024x553.png 1024w, https:\/\/www.spaness.de\/blog\/wp-content\/uploads\/Bildschirmfoto-2017-03-13-um-13.58.27-300x162.png 300w, https:\/\/www.spaness.de\/blog\/wp-content\/uploads\/Bildschirmfoto-2017-03-13-um-13.58.27.png 1308w\" sizes=\"auto, (max-width: 1024px) 100vw, 1024px\" \/><\/figure>\n\n\n\n<h3 class=\"wp-block-heading\">Wellnessurlaub Alleine: Ist das wirklich ein Trend?<\/h3>\n\n\n\n<p>Ich starte in das Thema mal so\u2026 es gibt viele Menschen, die gern auf eine Wellnessauszeit zur\u00fcckgreifen. Eine ganze Menge davon erlebt Wellness auch gern mal alleine\u2026 oder mit der Familie\u2026 oder mit dem Partner\u2026 oder mit Freunden. Denn genau diese Variante von Wellnessurlaub erlebt Zuwachs. Auch dieser Wellnesstrend entwickelt sich aus der jungen Zielgruppe. Denn junge Wellnessfans reisen gern gemeinsam \u2013 das trifft eben auch auf den Wellnessurlaub zu.<\/p>\n\n\n\n<p>Von den 3.535 Wellnessbefragten, g\u00f6nnen sich \u00fcber 80 Prozent mindestens eine Wellnessauszeit pro Jahr. Zus\u00e4tzlich zur gemeinsamen Auszeit mit dem Partner (immer noch der Top-Dauerbrenner) k\u00f6nnen sich auch immer mehr Menschen vorstellen, mit der Familie oder Freunden einen Wellnessurlaub zu genie\u00dfen.<\/p>\n\n\n\n<blockquote class=\"wp-block-quote is-layout-flow wp-block-quote-is-layout-flow\">\n<p>Michael Altewischer erkl\u00e4rt das so: \u201eSoziales Wohlbefinden ist eine wichtige Komponente f\u00fcr ein gl\u00fcckliches Leben. Wellness-Auszeiten fernab vom Alltag bieten die M\u00f6glichkeit, Entspannung und gemeinsame Zeit mit Freunden zu verbinden.\u201c<\/p>\n\n\n\n<figure class=\"wp-block-image img-responsive\"><img loading=\"lazy\" decoding=\"async\" width=\"1024\" height=\"671\" src=\"https:\/\/www.spaness.de\/blog\/wp-content\/uploads\/Bildschirmfoto-2017-03-13-um-14.16.44-1024x671.png\" alt=\"Wellnessurlaub Alleine, in der Gruppe oder mit Partner?\" class=\"img-responsive wp-image-18145\" srcset=\"https:\/\/www.spaness.de\/blog\/wp-content\/uploads\/Bildschirmfoto-2017-03-13-um-14.16.44-1024x671.png 1024w, https:\/\/www.spaness.de\/blog\/wp-content\/uploads\/Bildschirmfoto-2017-03-13-um-14.16.44-300x197.png 300w, https:\/\/www.spaness.de\/blog\/wp-content\/uploads\/Bildschirmfoto-2017-03-13-um-14.16.44.png 1034w\" sizes=\"auto, (max-width: 1024px) 100vw, 1024px\" \/><\/figure>\n\n\n\n<figure class=\"wp-block-image img-responsive\"><img loading=\"lazy\" decoding=\"async\" width=\"1024\" height=\"639\" src=\"https:\/\/www.spaness.de\/blog\/wp-content\/uploads\/Bildschirmfoto-2017-03-13-um-14.24.28-1024x639.png\" alt=\"Wellnesstrends 2017 - Anzahl der Wellness-Auszeiten\" class=\"img-responsive wp-image-18147\" srcset=\"https:\/\/www.spaness.de\/blog\/wp-content\/uploads\/Bildschirmfoto-2017-03-13-um-14.24.28-1024x639.png 1024w, https:\/\/www.spaness.de\/blog\/wp-content\/uploads\/Bildschirmfoto-2017-03-13-um-14.24.28-300x187.png 300w, https:\/\/www.spaness.de\/blog\/wp-content\/uploads\/Bildschirmfoto-2017-03-13-um-14.24.28.png 1026w\" sizes=\"auto, (max-width: 1024px) 100vw, 1024px\" \/><\/figure>\n\n\n\n<h3 class=\"wp-block-heading\">Wellness Trends &amp; Wellnessurlaub: Wellnessg\u00e4ste werden anspruchsvoller<\/h3>\n\n\n\n<p>Eigentlich ist der letzte Punkt hier nur eine Zusammenfassung aus den vorausgegangenen Wellness Trends. Es zeigt ganz deutlich, Wellnessg\u00e4ste werden anspruchsvoller. Ich komme noch einmal zur\u00fcck auf meine Einleitung \u201eWellness ist heute l\u00e4ngst mehr als Massage &amp; Sauna\u201c. Wellnessg\u00e4ste wollen selbstbestimmer handeln, sie w\u00fcnschen sich bestimmte Leistungen und Voraussetzungen in einem Wellnesshotel und zu einem Wellnessangebot. Das f\u00e4ngt bei den verl\u00e4ngerten Fr\u00fchst\u00fcckszeiten an, geht \u00fcber die Erwartungen in einem Wellnesshotel (was ist z.B. alles inklusive? Was mu\u00df der Gast extra vor Ort zahlen?) und h\u00f6rt eben auch beim gesunden, gastronomischen Foodangebot auf. Der Wellnessgast w\u00fcnscht sich in einem Wellnesshotel einen besonderen Service und nat\u00fcrlich auch ein besonderes Wissen. Denn schlie\u00dflich erwarte ich in einem Wellnessurlaub oder gar Gesundheitsurlaub einen Abstand zum Alltag \u2013 zumindestens einen Kontrast. Ich m\u00f6chte mich erholen aber eben auch fachkompetentes Personal vor Ort wissen, falls ich mehr m\u00f6chte \u2013 z.B. Gesundheitsangebote, Personal-Training etc.<\/p>\n\n\n\n<p>Das zeigt sich auch ganz deutlich in den Erwartungen der Wellnessg\u00e4ste \u2013 die wurden f\u00fcr die Auswertung n\u00e4mlich auch nach den Erwartungen gefragt \u2013 also was wird in einem Wellnesshotel an Ausstattung und Angebot wirklich erwartet? Was vers\u00fc\u00dft den Wellnessaufenthalt? Wenn ein Wellnesshotel darauf vorbereitet ist, dann kann es nat\u00fcrlich auch Angebote schon entsprechend kreieren, kalkulieren, ausschreiben und bewerben. Denn Fakt ist, solche \u201ebesonderen Wunschleistungen\u201c k\u00f6nnen nat\u00fcrlich auch das Buchungs- und Auswahlkriterium beeinflussen.<\/p>\n\n\n\n<p>Passend dazu wurde sich auch im Wellnessforum mit der Planung eines Spa\u2019s besch\u00e4ftigt. Denn selbstverst\u00e4ndlich soll sich der Gast in einem Wellnessbereich wohlf\u00fchlen, doch ist es ebenso wichtig, dass der Spabereich auch ganz klar zum Return of Invest beitr\u00e4gt. Was wird hier in Zukunft wichtig sein? Was wird in Zukunft von den G\u00e4sten erwartet? Oder welchen Einfluss nimmt auch die Technik auf die Spagestaltung \u2013 Stichwort: \u201eSmart Private Spa\u201c \u2013 welches ein interaktives Raumkonzept beinhaltet, welches sich immer individuell an den Wellnessgast anpassen kann.<\/p>\n\n\n\n<figure class=\"wp-block-image img-responsive\"><img loading=\"lazy\" decoding=\"async\" width=\"971\" height=\"1024\" src=\"https:\/\/www.spaness.de\/blog\/wp-content\/uploads\/Bildschirmfoto-2017-03-13-um-14.42.44-971x1024.png\" alt=\"Wellnessurlaub Wellnesstrends 2017 - Was erwartet der Wellnessgast?\" class=\"img-responsive wp-image-18150\" srcset=\"https:\/\/www.spaness.de\/blog\/wp-content\/uploads\/Bildschirmfoto-2017-03-13-um-14.42.44-971x1024.png 971w, https:\/\/www.spaness.de\/blog\/wp-content\/uploads\/Bildschirmfoto-2017-03-13-um-14.42.44-285x300.png 285w, https:\/\/www.spaness.de\/blog\/wp-content\/uploads\/Bildschirmfoto-2017-03-13-um-14.42.44.png 1258w\" sizes=\"auto, (max-width: 971px) 100vw, 971px\" \/><\/figure>\n\n\n\n<h3 class=\"wp-block-heading\">Wellnessurlaub Angebote \u2013 Was darf ein Wellnessurlaub kosten?<\/h3>\n\n\n\n<p>Eines gleich mal vorweg\u2026 wer meint Wellness ist teuer und Wellness mu\u00df man sich auch leisten k\u00f6nnen, der irrt schon mal sehr\u2026 denn die Bereitschaft f\u00fcr Ausgaben und auch die tats\u00e4chlichen (privaten) Investitionen f\u00fcr Wellness- und Gesundheitsleistungen steigen stetig. Dazu hab ich hier auch noch einmal ein kleines nettes Schaubild aus dem Wellness-Expertenforum eingef\u00fcgt.<\/p>\n\n\n\n<p>Doch was sind denn nun Menschen in Deutschland bereit f\u00fcr eine Wellness-Auszeit auszugeben? Wie sieht eine klassische Wellness-Auszeit f\u00fcr die Deutschen aus? Die Umfrage hat ergeben \u2013 der Gro\u00dfteil der Wellnessurlauber bucht immer noch den klassischen Wellness-Kurztrip mit 2 \u00dcbernachtungen (hier liegt der Durchschnitt bei 77 Prozent) und \u00fcberwiegend reist man dann zu Zweit als P\u00e4rchen. Im Durchschnitt gibt das P\u00e4rchen daf\u00fcr etwas mehr als 400.- Euro aus. Bedeutet im Umkehrschluss; locker 200.- Euro pro Person. Dieser Wert liegt auch immer noch im Wunschrahmen \u2013 der besagt \u00fcber 40 Prozent der Wellnessg\u00e4ste sind bereit zwischen 120.- Euro 200.- Euro f\u00fcr so einen Aufenthalt zu zahlen. Mehr als 20 Prozent w\u00fcrden sogar bis zu 250.- Euro pro Person ausgeben. Vermeintliche Preisknaller werden daher gern genutzt \u2013 hier arbeitet die Wellnessindustrie nat\u00fcrlich ebenso gern mit den psychologischen Tricks, wie die komplette Reisebranche. Stichwort: Durchgestrichene Preise, Lock\u00fcberschriften oder auch starke prozentuale Erm\u00e4\u00dfigung als Teaser.<\/p>\n\n\n\n<p>Also Zeit f\u00fcr ein kurzes Fazit\u2026 so richtig neu sind die Wellness Trends f\u00fcr mich nicht\u2026 f\u00fcr mich ist eher die Dauer der Entwicklung interessant und zu beobachten wie lang die Reise zum Teil gedauert hat. \u00dcber einige Trends haben wir bereits vor 2010 gesprochen\u2026 und nun scheint es erst relevant zu werden. Aber ich hoffe trotzdem, ihr k\u00f6nnt was mitnehmen und findet euch vielleicht sogar in dem einen oder anderen Trend wieder \u2013 lasst es mich gern wissen und verratet mir auch, was f\u00fcr euch pers\u00f6nlich ein Wellness-Trend ist (auch wenn er hier vielleicht gar nicht aufgef\u00fchrt ist) oder verratet mir auch gern, was ihr f\u00fcr einen Wellnessurlaub ausgeben w\u00fcrdet. Ich bin gespannt\u2026 <\/p>\n\n\n\n<figure class=\"wp-block-image img-responsive\"><img loading=\"lazy\" decoding=\"async\" width=\"945\" height=\"1024\" src=\"https:\/\/www.spaness.de\/blog\/wp-content\/uploads\/Bildschirmfoto-2017-03-13-um-15.44.24-945x1024.png\" alt=\"Wellnessurlaub Angebote - Was darf ein Wellnessurlaub kosten?\" class=\"img-responsive wp-image-18157\" srcset=\"https:\/\/www.spaness.de\/blog\/wp-content\/uploads\/Bildschirmfoto-2017-03-13-um-15.44.24-945x1024.png 945w, https:\/\/www.spaness.de\/blog\/wp-content\/uploads\/Bildschirmfoto-2017-03-13-um-15.44.24-277x300.png 277w, https:\/\/www.spaness.de\/blog\/wp-content\/uploads\/Bildschirmfoto-2017-03-13-um-15.44.24.png 1260w\" sizes=\"auto, (max-width: 945px) 100vw, 945px\" \/><\/figure>\n\n\n\n<p><em>Quellen: ITB, Pressekonferenz Wellness-Trends, Experten-Wellnessforum, Austausch mit Wellness-Experten direkt \u00fcber Trends und W\u00fcnsche der Wellnessg\u00e4ste. Die hier verwendeten Schaubilder wurden mir von beauty24, Wellness-Hotels &amp; Resorts und Trusted Shops, f\u00fcr diesen Beitrag \u00fcber Wellnesstrends 2017, zur Verf\u00fcgung gestellt. <\/em><\/p>\n\n\n\n<p>__<\/p>\n\n\n\n<p><strong>Wellness-Trends R\u00fcckblick, Weitblick und Ausblick:<\/strong><\/p>\n\n\n\n<ul class=\"wp-block-list\">\n<li><a href=\"https:\/\/www.spaness.de\/blog\/reiseziele-deutschland-wellness\/\" target=\"_blank\" rel=\"noreferrer noopener\">Top 10 Wellness Kurzurlaubsziele 2017<\/a><\/li>\n\n\n\n<li><a href=\"https:\/\/www.spaness.de\/blog\/wellnesstrends\/\" target=\"_blank\" rel=\"noreferrer noopener\">Spa Life \u2013 Spa- und Wellnesstrends im Visier<\/a><\/li>\n<\/ul>\n<\/blockquote>\n\n\n\n<hr class=\"wp-block-separator has-alpha-channel-opacity\"\/>\n\n\n\n<h2 class=\"wp-block-heading\">Wellnesstrends 2016<\/h2>\n\n\n\n<p><strong>Wellness ist heute aus unserem Urlaubsverhalten wohl nicht mehr wegzudenken. Immer mehr Menschen treten regelm\u00e4ssig einen Wellnessurlaub an und die meisten Menschen in Deutschland haben wohl auch schon Wellness am eigenen Leib erlebt. Doch wie hat sich das Wellnessreise-Verhalten in den letzten Jahren eigentlich entwickelt?<\/strong><\/p>\n\n\n\n<h3 class=\"wp-block-heading\">Wellness-Trends: Was sagt unser Wellnessreiseverhalten aus?<\/h3>\n\n\n\n<p>Vor gut 20 Jahren und vielleicht auch noch vor 10 Jahren war Wellness noch ein echtes Luxusgut. \u00dcberspitzt gesagt, konnten sich wohl nur die Reichen und Sch\u00f6nen so etwas g\u00f6nnen. Heute sieht das da doch schon etwas anders aus. Wellness ist angekommen\u2026 angekommen beim Mittelstand. Wellness geh\u00f6rt heute wirklich f\u00fcr viele Menschen einfach zum Leben.<\/p>\n\n\n\n<p>Wen wundert es da, dass <a href=\"https:\/\/www.spaness.de\" target=\"_blank\" rel=\"noreferrer noopener\">Wellness-Auszeiten und Wellnesskurzurlaub<\/a>e immer beliebter werden? Mehr noch, die <a href=\"https:\/\/www.spaness.de\" target=\"_blank\" rel=\"noreferrer noopener\">\u201eguten\u201c Wellnesshotels<\/a> spezialisieren sich sogar auf besondere Anwendungen. Die meisten Menschen schaffen es im Alltag nur noch selten, wirklich abzuschalten oder sich echte Ruhepausen zu g\u00f6nnen. In einem Wellnessurlaub m\u00f6chte man sich diese Auszeiten einfach nehmen \u2013 und mittlerweile kennen sich viele Urlauber mit dem Thema Wellness schon ganz gut aus.<\/p>\n\n\n\n<p>So sind in den letzten Jahren z.B. kinderfreie Zonen und Wellnesshotels entstanden oder auch Wellnesshotels mit Spezialthemen wie die Ausrichtung auf Ayurveda oder Traditionelle Chinesische Medizin.<\/p>\n\n\n\n<h3 class=\"wp-block-heading\">Wellness-Trends: Neuste Ergebnisse werden auf der ITB Berlin vorgestellt<\/h3>\n\n\n\n<p>Anfang 2016 wurden von der Hotelkooperation Wellness-Hotels &amp; Resorts und dem Wellnessreise-Veranstalter beauty24 Umfragen an und mit Urlaubern, Wellnessfans und Wellnesshotelbetreiber (2.358 wellnessaffine Personen sowie 99 Wellnesshoteliers) durchgef\u00fchrt. Auf der ITB Berlin (gr\u00f6\u00dfte Reisemesse der Welt) wurden die Ergebnisse dann pr\u00e4sentiert.<\/p>\n\n\n\n<p>Wellness liegt im Trend und die Nachfrage nach Wellnessleistungen ist stetig gewachsen und wird wohl auch weiter wachsen, denn immer mehr Menschen nutzen Wellnessleistungen und Angebote. Das zeigt auch die Tatsache, das rund die H\u00e4lfte der Befragten schon mehr als 1 x pro Jahr Wellnessleistungen in Anspruch. Auch die Wellnesshotels bemerken den Trend, denn die Buchungen der reinen Wellnessleistungen in den Hotels gingen auch hoch. F\u00fcr das laufende Jahr erwarten fast 65 Prozent eine noch positivere Entwicklung.<\/p>\n\n\n\n<p>Doch die \u201eguten\u201c Wellnesshoteliers ruhen sich nicht etwas auf ihrem Erfolg aus, sondern investieren kr\u00e4ftig. \u201eDie Hoteliers nutzen diese Entwicklung, um kontinuierlich in ihre H\u00e4user und die Mitarbeiterqualifikation zu investieren \u2013 das zeigen die Erfahrungen innerhalb der Wellness-Hotels &amp; Resorts. Die stetige \u00dcberpr\u00fcfung und Weiterentwicklung des Hotelkonzeptes ist ein wichtiges Fundament erfolgreicher Hotels\u201c, sagt Michael Altewischer, Gesch\u00e4ftsf\u00fchrer der Kooperation.<\/p>\n\n\n\n<h3 class=\"wp-block-heading\">Wellness-Trends: Kleiner R\u00fcckblick<\/h3>\n\n\n\n<p>Bereits in den letzten Jahren oder auch im vergangenen Jahr haben zwei Drittel der Hoteliers Investitionen get\u00e4tigt. Die Planung f\u00fcr 2016 sieht sogar vor, es wollen fast 73 Prozent Hoteliers in ihr Wellnesshotel investieren.<\/p>\n\n\n\n<p>Auch die vergangenen Jahre zeigen, der Wellnessurlaub ist in den meisten F\u00e4llen ein Kurzurlaub mit zwei bis drei \u00dcbernachtungen, f\u00fcr den die G\u00e4ste eine Anreise von 200 bis 300 Kilometern in Kauf nehmen. F\u00fcr viele Deutsche ist ein Wellnesswochenende der Zweit- oder Dritturlaub, bei dem man nach einer kurzen Anreise m\u00f6glichst viel Zeit vor Ort genie\u00dfen m\u00f6chte. Daran hat sich auch in den letzten Jahren nicht ge\u00e4ndert.<\/p>\n\n\n\n<p>Vor einigen Jahren war der Wellnessurlaub tats\u00e4chlich ein absoluter Luxus, etwas ganz Besonderes. Heute geh\u00f6rt eine Wellnessauszeit einfach dazu. Diese Entwicklung k\u00f6nnen auch aus den Umfragen abgeleitet werden. Denn interviewt man die Befragten, so erh\u00e4lt man als Antwort nicht mehr \u201eich suche das Besondere\u201c sondern um die 82 Prozent der Befragten begr\u00fcnden eine Wellnessreise mit \u201eeine Auszeit zum Enspannen\u201c.<\/p>\n\n\n\n<h3 class=\"wp-block-heading\">4 Wellness-Trends: Zahlen, Daten und Fakten<\/h3>\n\n\n\n<p>Was bewegt die Menschen einen Wellnessurlaub anzutreten oder sich zumindest schon einmal, sich mit den unterschiedlichen Angeboten auseinanderzusetzen?<\/p>\n\n\n\n<p>Auch dazu hat die Umfrage und Studie ein paar aufschlussreiche Zahlen, Daten und Fakten geliefert.<\/p>\n\n\n\n<ul class=\"wp-block-list\">\n<li><strong>Wellness-Trend 1 \u2013 Auszeiten:<\/strong> Tats\u00e4chlich ben\u00f6tigen immer mehr Menschen wirklich eine Auszeit vom Alltag. \u00dcber 80 Prozent der Befragten gaben aber an, sich viel zu selten ein Auszeit zu g\u00f6nnen \u2013 viele schaffen es einfach nicht. Rund 50 Prozent der Befragten bauen aber Auszeiten auch schon bewu\u00dft in den Alltag ein \u2013 Tendenz steigend. Im Gegenzug f\u00e4llt es aber auch fast ebenso so viel Menschen schwer, wirklich bewu\u00dft zu entspannen. Mal sehen, was das f\u00fcr die Wellness-Trends der Zukunft bedeutet. Denn auch an solchen Programmen f\u00fcr Ausgleich und Entschleunigung arbeite bereits erste Wellnesshotels. Stichwort: <a href=\"https:\/\/www.spaness.de\/blog\/business-und-reisetrend\/\" target=\"_blank\" rel=\"noreferrer noopener\">Work-Life-Balance<\/a>, <a href=\"https:\/\/www.spaness.de\/blog\/digital-detox\/\" target=\"_blank\" rel=\"noreferrer noopener\">Digital Detox<\/a> oder auch <a href=\"https:\/\/www.spaness.de\/blog\/urlaub-im-wald-wellness\/\" target=\"_blank\" rel=\"noreferrer noopener\">Wald-Wellness<\/a>. Die Nachfrage an Entspannungsprogrammen wie z.B. Yoga, Qi Gong oder auch Meditation steigt in diesem Atemzug ebenfalls (\u00fcber 50 Prozent). Die Menschen sind zus\u00e4tzlich auf der Suche nach Kursen, um zu lernen \u201eeinfach mal nichts zu tun \u2013 unproduktiv zu sein\u201c (rund 40 Prozent). Wellnesshotels werden so zu echten R\u00fcckzugsorten.<\/li>\n\n\n\n<li><strong>Wellness-Trend 2. \u2013 Entspannung:<\/strong> Fr\u00fcher sind viele in den Wellnessurlaub gefahren, um etwas f\u00fcr die Sch\u00f6nheit zu tun. Daher wurden Wellnesshotels fr\u00fcher auch gern noch als Sch\u00f6nheitsfarmen bezeichnet. Doch unsere Zeit wird stressiger und vor allen Dingen schnelllebiger. Daher r\u00fcckt die Sch\u00f6nheit nach hinten \u2013 oder vielleicht kann man auch sagen \u201eSch\u00f6nheit kommt von Innen\u201c. Denn wenn wir etwas f\u00fcr unser Wohlbefinden tun, so schl\u00e4gt sich das nat\u00fcrlich nicht selten auch auf unser Aussehen nieder. \u00dcber die H\u00e4lfte des Spa-Umsatzes wird in einem Hotel durch Massagen und physiotherapeutische Anwendungen erwirtschaftet. Wenn dann doch Kosmetik gew\u00fcnscht wird, so steht die Nat\u00fcrlichkeit im Fokus (fast 30 Prozent) oder Hightech-Kosmetik (bisher schon 4 Prozent). Diesem Trend werden wir demn\u00e4chst mal einen komplett eigenen Artikel widmen.<\/li>\n\n\n\n<li><strong>Wellness-Trend 3. \u2013 Wellness +16:<\/strong> In den letzten Jahren gab es einige Hotels, die sich auf Familien-Wellness spezialisiert haben. Als Gegentrend dazu, entwickeln sich seit einiger Zeit kinderfreie Wellnesshotels. Fast 60 Prozent der Befragten geben an, dass sie ein \u201eadults-only\u201c-Hotel eher buchen w\u00fcrden, als ein normales oder gar ein Familien-Wellnesshotel. F\u00fcr rund 45 Prozent aller Wellnessreisenden ist die gemeinsame Zeit mit dem Partner in einem Wellnessurlaub wichtig. Das zeigt, wie gefragt solche Erwachsenenhotels sind, denn hier hat der Wellnessgast eindeutig mehr Ruhe und R\u00fcckzugsm\u00f6glichkeiten. Hoteliers sind daher auch immer h\u00e4ufiger bereit sich zu spezialisieren, auch wenn es hier eher langsam voran geht. Viele Hoteliers erkennen schon den Mehrwert, doch viele k\u00f6nnn das Konzept kurzfristig nicht umsetzen. Auch hier wird der Wellness-Trend der Zukunft zeigen, wie sich die Nachfrag und auch die Reaktion zuk\u00fcnftig entwickeln wird.<\/li>\n\n\n\n<li><strong>Wellness-Trend 4 \u2013 Emotionen, Fakten und Gef\u00fchle:<\/strong> Schauen wir uns die neuen Prospekte und Webseiten der Hotels und Urlaubsregionen an, so f\u00e4llt unser Blick auf gro\u00dfe \u201eemotionale\u201c Bilder. Die l\u00f6sen n\u00e4mlich Gef\u00fchle aus und lassen den Betrachter verweilen. Wenn es gut l\u00e4uft, w\u00e4chst auch die Lust auf Urlaub. Doch wie werden dadurch Entscheidungen beeinflusst? Die Umfrage besagt \u2013 Lust machen o.k. doch f\u00fcr die Buchung ist der Gast auf der Suche nach aussagekr\u00e4ftigen Fakten. Das hei\u00dft Bilder von Hotelzimmern (rund 90 Prozent), Bilder vom Wellnessbereich (80 Prozent) oder auch Hotelbwertungen haben Einfluss auf das Buchungsverhalten.<\/li>\n<\/ul>\n\n\n\n<p>Schauen wir uns die Wellnesstrends an, so sehen wir, dass sich die W\u00fcnsche und Erwartungen nicht mehr grundlegend \u00e4ndern. Viel mehr das Verhalten und Leben der Bev\u00f6lkerung an sich \u00e4ndert sich immer st\u00e4rker und f\u00fchrt dazu, dass die Sehnsucht nach Auszeiten enorm gewachsen ist.<\/p>\n\n\n\n<p>Massagen sind weiterhin die Tops unter den Wellnessanwendungen, doch auch die Nachfrage nach Entspannungskursen und Programmen nehmen enorm zu. Insgesamt zeigen aber die Studien der letzten Jahre ganz deutlich, dass G\u00e4ste und auch Hoteliers das grunds\u00e4tzliche ganzheitliche Konzept zum Wellness-Thema verstanden haben.<\/p>\n\n\n\n<p><strong>R\u00fcckblick auf Wellness-Trends:<\/strong><\/p>\n\n\n\n<ul class=\"wp-block-list\">\n<li><a href=\"https:\/\/www.spaness.de\/blog\/beliebte-kurzurlaub-ziele\/\" target=\"_blank\" rel=\"noreferrer noopener\">Wellness &amp; Co. \u2013 Beliebte Kurzurlaubs-Trends<\/a><\/li>\n\n\n\n<li><a href=\"https:\/\/www.spaness.de\/blog\/kinder-wellness\/\" target=\"_blank\" rel=\"noreferrer noopener\">Zwergen Wellness \u2013 Hui oder Pfui?<\/a><\/li>\n<\/ul>\n\n\n\n<hr class=\"wp-block-separator has-alpha-channel-opacity\"\/>\n\n\n\n<h2 class=\"wp-block-heading\">Wellnesstrends 2015<\/h2>\n\n\n\n<p><strong>K\u00fcrzlich waren wir auf der <a title=\"ITB 2015 \u2013 Unsere 5 Highlights rund um die gr\u00f6\u00dfte Reisemesse\" href=\"https:\/\/www.spaness.de\/blog\/itb-2015-5-highlights\/\" target=\"_blank\" rel=\"noopener\">ITB<\/a> und haben uns, wie in jedem Jahr, nat\u00fcrlich auch nach den neusten Urlaubstrends und hier besonders in Sachen Wellness-Urlaub-Trends umgeschaut. Und eines k\u00f6nnen wir gleich mal vorab verraten. Der Trend &#8222;Wellnessurlaub&#8220; boomt weiter. Die Deutschen geben gern Geld f\u00fcr ihr Wohlbefinden und f\u00fcr die Gesundheit aus. Daher steigen auch die Umsatzzahlen der Wellnesshotels weiterhin. Alleine 2015 erwarten rund 65 Prozent der Wellnesshotels einen Umsatzanstieg. Da stellt sich doch die Frage, was sind die Trends? Was w\u00fcnscht sich der Wellnessurlauber bzw. Wellnessgast 2015?<\/strong><\/p>\n\n\n<div class=\"wp-block-image\">\n<figure class=\"clear-fix imgcenter\"><img loading=\"lazy\" decoding=\"async\" width=\"640\" height=\"480\" src=\"https:\/\/www.spaness.de\/blog\/wp-content\/uploads\/IMG_2442-1.jpg\" alt=\"Wellnesstrends 2015 Pressekonferenz ITB\" class=\"img-responsive wp-image-11194\" srcset=\"https:\/\/www.spaness.de\/blog\/wp-content\/uploads\/IMG_2442-1.jpg 640w, https:\/\/www.spaness.de\/blog\/wp-content\/uploads\/IMG_2442-1-300x225.jpg 300w, https:\/\/www.spaness.de\/blog\/wp-content\/uploads\/IMG_2442-1-407x305.jpg 407w\" sizes=\"auto, (max-width: 640px) 100vw, 640px\" \/><\/figure><\/div>\n\n\n<h2 class=\"wp-block-heading\">Wellnessurlaub-Trends setzen sich aktuell aus 4 Tops zusammen<\/h2>\n\n\n\n<p>Auf einer Pressekonferenz im Rahmen der ITB wurden auch in diesem Jahr die neuen Wellnessurlaub-Trends vorgestellt. Die Ergebnisse basiern auf einer G\u00e4ste-Umfrage und Hotelier-Studie, welche von Beauty24 und den Wellness-Hotels &amp; Resorts durchgef\u00fchrt wurde. Die Ergbnisse daraus lassen sich in 4 aktuellen Tops zusammenfassen:<\/p>\n\n\n\n<ol class=\"wp-block-list\">\n<li>Service wird gro\u00df geschrieben<\/li>\n\n\n\n<li>Digital Detox yea oder nay<\/li>\n\n\n\n<li>Wie man sich bettet, so schl\u00e4ft man<\/li>\n\n\n\n<li>Soziale Kontakte auch im Wellnessurlaub<\/li>\n<\/ol>\n\n\n\n<h2 class=\"wp-block-heading\">Service wird gro\u00df geschrieben!<\/h2>\n\n\n\n<p>Wenn der Service stimmt, f\u00fchlen sich die G\u00e4ste gleich wohl. So k\u00f6nnt man diese \u00dcberschrift wohl auf den Punkt bringen. Gerade G\u00e4ste in einem Wellnesshotel w\u00fcnschen sich einen besonders aufmerksamen Service, um eine stressfreie Zeit voller Wohlbefinden zu verbringen. Zu beachtn ist dabei, dass aufmerksam nicht gleich aufdringlich ist. Der Service sollte dezent statt finden, der Mitarbeiter mit &#8222;offenen Augen&#8220; durch das Hotel gehen &#8211; und im besten Fall dem Gast quasi den Wunsch von den Augen ablesen.<\/p>\n\n\n\n<p>Da stellt sich doch die Frage, wo f\u00e4ngt der Service an und wo h\u00f6rt der Servicegedanke auf. Um stressfrei in den Wellnessurlaub zu starten, beginnt ein guter aufmerksamer Service auf alle F\u00e4lle schon einmal vor dem eigentlichen Start. Die Buchung und Beratung im Hotel sollte einfach und unkompliziert von Statten gehen. Dazu z\u00e4hlt nat\u00fcrlich auch eine schnelle Buchungsbest\u00e4tigung, die Anfrage und umfassende Beratung in Sachen Wellnessanwendungen und nat\u00fcrlich auch die Frage und der Hinweis nach Sonderw\u00fcnschen &#8211; z.B. gibt es Allergien, wird eine besonder Ern\u00e4hrung angeboten oder gew\u00fcnscht etc.<\/p>\n\n\n\n<p>In einem Hotel mit Wellnessangebot w\u00fcnschen und erwarten die G\u00e4ste z.B. auch schon direkt auf dem Zimmer einen Bademantel, Saunat\u00fccher und Badeschlappen. Leider liegt das standardm\u00e4\u00dfig noch nicht in allen Wellnesshotels auf dem Zimmer &#8211; in einigen Zimmerkategorien geh\u00f6rt der Bademantel &amp; Co. noch nicht zur normalen Ausstattung. Das sorgt nicht selten f\u00fcr Unmut beim Wellnesshotelgast.<\/p>\n\n\n\n<p>Doch nat\u00fcrlich erwarten ge\u00fcbte Wellnessg\u00e4ste noch weitere Standard-Leistungen in einem Wellnesshotel wie z.B. Wasser und Tee &#8222;frei&#8220; im Wellnessbereich, Obstschalen im Wellnessbereich, Beratungsgespr\u00e4che im Spa, sp\u00e4tes Fr\u00fchst\u00fcck, eine Flasche Wasser auf dem Zimmer gratis etc. &#8211; denn all diese Kleinigkeiten tragen zum Wohlbefinden im Wellnessurlaub bei. Fehlt eine solche Kleinigkeit ist der Gast oft im Befinden gest\u00f6rt.<\/p>\n\n\n\n<p>Die gute Nachricht! Viele gute Wellnesshotel haben l\u00e4ngst auf die Anforderungen reagiert und bieten diese &#8222;Wohlf\u00fchl-Kleinigkeiten&#8220; l\u00e4ngst an. Andere Hotels werden mit dem Service sicherlich bald entsprechend nachziehen.<\/p>\n\n\n\n<h2 class=\"wp-block-heading\">Digital Detox &#8211; yea oder nay<\/h2>\n\n\n\n<p>Die modernen Ger\u00e4te und Apps machen es m\u00f6glich. Viele Menschen m\u00f6chten \u00fcberall vernetzt sein. Sei es um mit Freunden den Wellnessurlaub zeitnah zu teilen oder aber durch die Gadgets Schritte zu z\u00e4hlen, den Fitfaktor zu \u00fcberwachen oder aber die gesunde Lebensweise zu kontrollieren. Um das zu gew\u00e4hrleisten wir ein Zugang zum Internet immer wichtiger. F\u00fcr die einen jedenfalls&#8230;<\/p>\n\n\n\n<p>F\u00fcr die anderen verl\u00e4uft es genau in die andere Richtung. \u00dcberall erreichbar zu sein &#8222;nervt&#8220;. Im Wellnessurlaub w\u00fcnschen sich diese G\u00e4ste also &#8222;digitale Enthaltsamkeit&#8220;. Wir leben in einer Zeit, wo dieses Ph\u00e4nomen l\u00e4ngst einen Namen erhalten hat. Wir sprechen von &#8222;Digital Detox&#8220;.<\/p>\n\n\n\n<p>Im Trend liegen also diese Wearables auf alle F\u00e4lle und es wird zuk\u00fcnftig sehr wichtig sein, hier auf den individuellen Wunsch vom Gast einzugehen. Lassen wir uns mal ein paar Zahlen auf der Zunge zergehen. Bereits 20 Prozent der Wellnessg\u00e4ste nutzen die M\u00f6glichkeit eines Wearables &#8211; besonders junge M\u00e4nner fahren auf diese Spielzeuge ab. Fast 15 Prozent der Wellnessg\u00e4ste w\u00fcnschen sich, dass Wellnesshotels in der Lage sind, solche Daten auszuwerten und damit zu arbeiten. Um z.B. individuelle Programme auf den Gast zuzuschneiden. Wenn wir uns anschauen, wie lange es diese Gadgets wirkich erst gibt, k\u00f6nnen wir uns ganz sicher sein, dass die Nutzerzahlen hier in den n\u00e4chsten Jahren drastisch zunehmen werden.<\/p>\n\n\n\n<p>Gegen\u00fcber stellen sollte man aber auch die Zahl derjenigen, die einfach mal bewu\u00dft eine Zeitlang auf solche digitalen Helferlein und Alltagsgegenst\u00e4nde verzichten m\u00f6chten. Um sich z.B. auf andere Dinge zu konzentrieren. Jeder vierte Wellnessgast lebt tats\u00e4chlich immer mal wieder eine digitale Auszeit.<\/p>\n\n\n\n<h2 class=\"wp-block-heading\">Wie man sich bettet so schl\u00e4ft man<\/h2>\n\n\n\n<p>Wer viel auf Reisen ist, so wie ich, und dabei auch immer wieder mit unterschiedlichen Menschen und Gruppen in Kontakt kommt, h\u00f6rt trotzdem morgens immer wieder die Frage &#8222;wie hast du geschlafen?&#8220; oder &#8222;hast du gut geschlafen?&#8220;. Nicht selten unterhalten sich die Menschen morgens zum Fr\u00fchst\u00fcck \u00fcber Wehwehchen bei der Nachtruhe. Dann ist die Matratze zu hart, dann zu weich, zu wenig Kissen, ein zu weiches Kissen, die Decke zu dick oder zu d\u00fcnn&#8230; kommt euch das bekannt vor? \ud83d\ude09<\/p>\n\n\n\n<p>Daher w\u00fcnschen sich grad die G\u00e4ste im Wellnesshotel, einen besonders guten und erholsamen Schlaf. Die Voraussetzung daf\u00fcr ist nun einmal ein gutes Bett. Wellnesshotels reagieren darauf z.B. mit einem Kissenmen\u00fc, regelm\u00e4ssig werden die Matratzen gewechselt, einer ordentlichen Zimmerverdunkelung, einstellen einer individuellen Raumtemperatur, ruhige Zimmer, beruhigende Raumd\u00fcfte u.v.m.<\/p>\n\n\n\n<p>Und wenn die Nacht gut war, dann startet der Tag gleich noch viel besser und der Aufenthalt im Wellnessbereich sowie ein paar gute Wellnessanwendungen runden das Programm und Angebot dann einfach ab.<\/p>\n\n\n\n<h2 class=\"wp-block-heading\">Soziale Kontakte auch im Wellnessurlaub<\/h2>\n\n\n\n<p>Unsere Welt wird schneller und es gibt immer mehr Singles&#8230; daher reisen auch immer mehr Menschen alleine. Doch nur weil sie alleine reisen, sind sie ja keine Einzelg\u00e4nger. Ganz im Gegenteil&#8230; diese Alleinreisenden w\u00fcnschen sich auch im Urlaub &#8222;nette Kontakte&#8220;. Jeder zehnte Wellnessgast f\u00e4hrt mittlerweile alleine in den Wellnessurlaub. Daher werden in einem Wellnesshotel diese G\u00e4ste nicht selten gefragt, ob sie nicht zusammen an einem Tisch sitzen m\u00f6chten oder es gibt spezielle Ruher\u00e4ume, in denen man sich auch unterhalten darf &#8211; leise nat\u00fcrlich&#8230; \ud83d\ude09 Doch wer in einen solchen Raum geht, der wei\u00df &#8222;jawohl hier sind Gleichgesinnte, hier darf ich ansprechen&#8220;.<\/p>\n\n\n\n<p>Doch auch Familien und Paare w\u00fcnschen sich eine soziale und kommunikative Zeit im Wellnessurlaub. Mit einander sprechen, Zeit verbringen, sich austauschen und die gemeinsame Zeit genie\u00dfen. Denn sind wir doch mal ganz ehrlich, Quality Time kommt im Alltag doch viel zu kurz.<\/p>\n\n\n\n<p>Nat\u00fcrlich wird es aber auch weiterhin Menschen geben, die sich im Wellnessurlaub Ruhe g\u00f6nnen. Auch daf\u00fcr mu\u00df gesorgt sein. Hier kommt dann die Sache mit dem aufmerksamen aber nicht aufdringlichen Service und dem Fingerspitzengef\u00fchl zum Tragen.<\/p>\n\n\n\n<p>Insgesamt wird es auch f\u00fcr die Zukunft wieder wichtig sein, den richtigen Mix der einzelnen Trends zu finden und daraus das richtige Angebot zu erstellen und den richtigen Weg einzuschlagen.<\/p>\n\n\n\n<p>___<\/p>\n\n\n\n<p><strong>Mehr zu den aktuellen Reise- und Wellnesstrends 2015:<\/strong><\/p>\n\n\n\n<ul class=\"wp-block-list\">\n<li><a title=\"Wandern liegt wieder voll im Trend!\" href=\"https:\/\/www.spaness.de\/blog\/trendsport-wandern\/\" target=\"_blank\" rel=\"noopener\">Wanderurlaub &#8211; ein alter Trend neu entdeckt<\/a><\/li>\n\n\n\n<li><a title=\"Was ist Slow Tourism?\" href=\"https:\/\/www.spaness.de\/blog\/ist-slow-tourism\/\" target=\"_blank\" rel=\"noopener\">Slow-Tourism<\/a> &#8211; Was ist das \u00fcberhaupt?<\/li>\n\n\n\n<li><a title=\"Aussicht auf die Reisetrends der Zukunft\" href=\"https:\/\/www.spaness.de\/blog\/reisetrends-der-zukunft\/\" target=\"_blank\" rel=\"noopener\">Ergebnis einer Reiseanalyse: Reisetrends 2015<\/a><\/li>\n<\/ul>\n\n\n\n<p>&nbsp;<\/p>\n","protected":false},"excerpt":{"rendered":"<p>Wellness entwickelt sich stetig weiter \u2013 gepr\u00e4gt von gesellschaftlichen Ver\u00e4nderungen, neuen Technologien und einem wachsenden Bewusstsein f\u00fcr ganzheitliche Gesundheit. Dieser Artikel b\u00fcndelt die wichtigsten Wellness-Trends und Spa-Trends der letzten Jahre, ordnet sie ein und zeigt, welche Konzepte heute relevant sind, wie sich die Trends im Laufe der Jahre ver\u00e4ndert haben&#8230;<\/p>\n","protected":false},"author":2,"featured_media":36350,"comment_status":"open","ping_status":"open","sticky":false,"template":"","format":"standard","meta":{"footnotes":""},"categories":[13,15],"tags":[98,161,164,166,169,170],"class_list":["post-11189","post","type-post","status-publish","format-standard","has-post-thumbnail","hentry","category-urlaub","category-wellness","tag-reisetrend","tag-wellnessangebote","tag-wellnesshotel","tag-wellnessoase","tag-wellnesstrend","tag-wellnessurlaub"],"_links":{"self":[{"href":"https:\/\/www.spaness.de\/blog\/wp-json\/wp\/v2\/posts\/11189","targetHints":{"allow":["GET"]}}],"collection":[{"href":"https:\/\/www.spaness.de\/blog\/wp-json\/wp\/v2\/posts"}],"about":[{"href":"https:\/\/www.spaness.de\/blog\/wp-json\/wp\/v2\/types\/post"}],"author":[{"embeddable":true,"href":"https:\/\/www.spaness.de\/blog\/wp-json\/wp\/v2\/users\/2"}],"replies":[{"embeddable":true,"href":"https:\/\/www.spaness.de\/blog\/wp-json\/wp\/v2\/comments?post=11189"}],"version-history":[{"count":33,"href":"https:\/\/www.spaness.de\/blog\/wp-json\/wp\/v2\/posts\/11189\/revisions"}],"predecessor-version":[{"id":69344,"href":"https:\/\/www.spaness.de\/blog\/wp-json\/wp\/v2\/posts\/11189\/revisions\/69344"}],"wp:featuredmedia":[{"embeddable":true,"href":"https:\/\/www.spaness.de\/blog\/wp-json\/wp\/v2\/media\/36350"}],"wp:attachment":[{"href":"https:\/\/www.spaness.de\/blog\/wp-json\/wp\/v2\/media?parent=11189"}],"wp:term":[{"taxonomy":"category","embeddable":true,"href":"https:\/\/www.spaness.de\/blog\/wp-json\/wp\/v2\/categories?post=11189"},{"taxonomy":"post_tag","embeddable":true,"href":"https:\/\/www.spaness.de\/blog\/wp-json\/wp\/v2\/tags?post=11189"}],"curies":[{"name":"wp","href":"https:\/\/api.w.org\/{rel}","templated":true}]}}