{"id":11473,"date":"2015-05-20T14:19:04","date_gmt":"2015-05-20T12:19:04","guid":{"rendered":"http:\/\/www.spaness.de\/blog\/?p=11473"},"modified":"2022-02-23T17:46:42","modified_gmt":"2022-02-23T16:46:42","slug":"nordsee-kurdirektor-johann-taddigs","status":"publish","type":"post","link":"https:\/\/www.spaness.de\/blog\/nordsee-kurdirektor-johann-taddigs\/","title":{"rendered":"An der Nordsee erlebt der Urlauber eine ganz nat\u00fcrliche Thalasso-Kur &#8211; 5 Fragen an Johnann Taddigs, Kurdirektor vom Nordseeort Dangast"},"content":{"rendered":"\n<div class=\"wp-block-image\"><figure class=\"pull-right imgright\"><a data-title=\"Johann Taddigs\" data-lightbox=\"lightbox\" href=\"https:\/\/www.spaness.de\/blog\/wp-content\/uploads\/JT.jpg\"><img loading=\"lazy\" decoding=\"async\" width=\"201\" height=\"300\" src=\"https:\/\/www.spaness.de\/blog\/wp-content\/uploads\/JT-1-201x300.jpg\" alt=\"Johann Taddigs\" class=\"img-responsive img-responsive wp-image-11481\" srcset=\"https:\/\/www.spaness.de\/blog\/wp-content\/uploads\/JT-1-201x300.jpg 201w, https:\/\/www.spaness.de\/blog\/wp-content\/uploads\/JT-1-685x1024.jpg 685w\" sizes=\"auto, (max-width: 201px) 100vw, 201px\" \/><\/a><figcaption>Johann Taddigs<\/figcaption><\/figure><\/div>\n\n\n\n<p><strong>Johann Taddigs ist seit 2011 Kurdirektor im ostriesischen Nordsee-Strandort Varel\/Dangast. Er ist ein waschechter Ostfriese, er tr\u00e4umt sogar in plattdeutscher Sprache. Seit \u00fcber 22 Jahren arbeitet er im Tourismus und mit Tourismus ist er auch schon gro\u00df geworden, denn bereits seine Eltern haben &#8222;Ferien auf dem Bauernhof&#8220; angeboten. Gearbeitet hat er schon im Raum Frankfurt und auch Hannover, doch da er nun einmal ein echtes K\u00fcstenkind ist, hat es ihn nat\u00fcrlich auch irgendwann an die K\u00fcste zur\u00fcckgezogen.<\/strong><\/p>\n\n\n\n<p>Wir haben uns an der Nordsee mit Johann Taddigs auf ein paar Tassen echten Ostfriesentee getroffen und ihm einfach mal ein paar Fragen gestellt.<\/p>\n\n\n\n<ul class=\"wp-block-list\"><li><strong>Warum sollte man an der Nordsee Urlaub machen?<\/strong><\/li><\/ul>\n\n\n\n<p>Da fallen mir ganz spontan ein paar schlagkr\u00e4ftige Argumente ein: Entschleunigung, Entspannung, weite Horizonte, Durchatmen, gesunder Urlaub, Thalasso, zur Ruhe kommen oder auch einfach mal richtig aktiv sein.<\/p>\n\n\n\n<p>Der typische Nordseeurlauber ist jemand, der auch im Urlaub aktiv sein m\u00f6chte. Das geht an der Nordsee ganz hervorragend. Radeln, wandern, spazieren gehen am Strand, Wassersport, schwimmen oder Boot fahren u.v.m. Der ganz nat\u00fcrliche Gesundheitsfaktor ist dann noch das I-T\u00fcpfelchen. An der Nordsee erlebt der Urlauber eine ganz nat\u00fcrliche Thalasso-Kur. Wind, Sonne, Meerwasser, Aerosole, Schlick und die gute Luft &#8211; das wirkt auf die Gesundheit und zwar von Innen und Aussen. Daher empfehlen wir den G\u00e4sten auch nicht nur einen Kurzurlaub, sondern auch mal einen l\u00e4ngeren Aufenthalt von rund zwei bis drei Wochen.<\/p>\n\n\n\n<ul class=\"wp-block-list\"><li><strong>Wie sieht es mit touristischen Zahlen an der Nordsee aus? Haben Sie da ein paar Zahlen, Daten und Fakten f\u00fcr uns?<\/strong><\/li><\/ul>\n\n\n\n<p>Man soll es kaum glauben, doch Varel\/Dangast wurde bereits um 1790 zum ersten Mal touristisch erw\u00e4hnt. In den 50er Jahren hatten wir im Durchschnitt an der K\u00fcste rund 15.000 \u00dcbernachtungen pro Jahr. Das hat sich in den letzten Jahren gesteigert auf \u00fcber 20 Mio. \u00dcbernachtungen pro Jahr.&nbsp; Wir haben beispielsweise festgestellt, dass die Urlauber auf den Inseln, im Gegensatz zu den G\u00e4sten direkt an der K\u00fcste, nicht ganz so aktiv sind. Die ostfriesischen Nordsee-Inseln sind \u00fcbrigens bei den Urlaubern sehr beliebt. Die Top-Insel-Reiseziele sind Norderney und auch Langeoog. Und die K\u00fcste wird immer beliebter, vielleicht auch, weil das Nordseewasser bereits im Mai w\u00e4rmer ist, als das der Ostsee. So ganz nebenbei ist der Tourismus ein wichtiger und vor allen Dingen der gr\u00f6\u00dfte Arbeitgeber in Niedersachsen.<\/p>\n\n\n\n<p>\u00dcbrigens entstehen, auf ganz nat\u00fcrliche Weise, ganz langsam zwei neue Inseln vor unserer K\u00fcste. Neben Wangerooge entsteht Oldeoog und auch neben Borkum w\u00e4chst eine neue Insel. Das Inseln wandern bzw. neue Inseln entstehen ist gar nicht so ungew\u00f6hnlich. Das hat es schon immer so gegeben.<\/p>\n\n\n\n<ul class=\"wp-block-list\"><li><strong>Haben Sie einen Insel-Geheimtipp f\u00fcr unsere Leser?<\/strong><\/li><\/ul>\n\n\n\n<p>Mein Inselgeheimtipp ist Spiekerook. Sie liegt zwischen Langeoog und Wangerooge. Die Insel ist autofrei und es geht ganz gem\u00fctlich zu. Im Gegensatz zu den anderen Inseln, gibt es dort auch keinen Flughafen. Dort leben auch nur rund 800 Einwohner. Das ist aber nur meine pers\u00f6nliche Vorliebe. Wer mehr Leben mag, der sollte da dann doch lieber auf eine andere Insel &#8211; z.B. Norderney, ausweichen.<\/p>\n\n\n\n<ul class=\"wp-block-list\"><li><strong>Haben Sie ganz spontan 3 Top Ausflugsziele f\u00fcr Nordseeurlauber?<\/strong><\/li><\/ul>\n\n\n\n<p>Mein erster Tipp ist unbedingt eine Fahrt mit dem Krabbenkutter. Solche Fahrten mit dem Krabbenkutter werden von einigen H\u00e4fen angeboten. Mein n\u00e4chster Tipp ist ein Ausflug mit der Etta von Dangast. Das kostet pro Person rund 15,- Euro. Dazu geh\u00f6rt nicht nur die Fahrt mit der Etta, sondern auch grillen am Leuchtturm und nicht zu vergessen die legend\u00e4ren Seer\u00e4ubergeschichten von Kapit\u00e4n Anton von Tapken. Mein dritter Tipp ist ein Besuch im Schlossmuseum Jever &#8211; dort erf\u00e4hrt man n\u00e4mlich etwas zur langen ostfriesischen Geschichte.<\/p>\n\n\n\n<ul class=\"wp-block-list\"><li><strong>&#8230;und jetzt h\u00e4tten wir gern noch einmal 3 Ausflugsm\u00f6glichkeiten &#8211; z.B. f\u00fcr Familien &#8211; die komplett gratis sind.<\/strong><\/li><\/ul>\n\n\n\n<p>Der Besuch im Nationalparkhaus und dann an einer gef\u00fchrten Wattwanderung teilnehmen &#8211; Kosten entstehen hier nur durch eine freiwillige Spende. Eine Farradtour (eigene Fahrr\u00e4der kann man auch gut an die Nordseek\u00fcste mitbringen) am Deich und durch die Felder&#8230; mit einem Picknick am Deich (besonders empfehlenswert im Mai) mit Blick auf die Schafe und L\u00e4mmer. Und nat\u00fcrlich ein Gang an den Strand, um sich zu sonnen oder auch um einen Drachen steigen zu lassen.<\/p>\n\n\n\n<p>=&gt; <a href=\"http:\/\/www.nationalparkhaus-wattenmeer.de\/karte-der-nationalparkhaeuser\" target=\"_blank\" rel=\"noopener nofollow\" class=\"external\">Karte mit allen Nationalparkh\u00e4usern an der Nordsee<\/a><\/p>\n\n\n\n<div class=\"wp-block-image\"><figure class=\"clear-fix imgcenter\"><a href=\"https:\/\/www.spaness.de\/blog\/welttag-des-meeres\/img_9781\/\" rel=\"attachment wp-att-9684\"><img loading=\"lazy\" decoding=\"async\" width=\"1024\" height=\"683\" src=\"https:\/\/www.spaness.de\/blog\/wp-content\/uploads\/IMG_9781-1-1024x683.jpg\" alt=\"Blick auf das Watt der Nordsee\" class=\"img-responsive wp-image-9684\" srcset=\"https:\/\/www.spaness.de\/blog\/wp-content\/uploads\/IMG_9781-1-1024x683.jpg 1024w, https:\/\/www.spaness.de\/blog\/wp-content\/uploads\/IMG_9781-1-300x200.jpg 300w\" sizes=\"auto, (max-width: 1024px) 100vw, 1024px\" \/><\/a><figcaption>Blick auf das Watt der Nordsee<\/figcaption><\/figure><\/div>\n\n\n\n<p>___<\/p>\n\n\n\n<blockquote class=\"wp-block-quote is-layout-flow wp-block-quote-is-layout-flow\"><p>Tipp: Lust auf Nordsee-Urlaub bekommen? Mit dem neuen <a title=\"30 Prozent Rabatt bei Hotelbuchung auf hotel.de\" href=\"http:\/\/www.hotel.de\/Business\/Info\/SmallBusiness?cpn=3200\" target=\"_blank\" rel=\"noopener nofollow\" class=\"external\">Business-Rabatt l\u00e4\u00dft sich \u00fcber hotel.de grad kr\u00e4ftig sparen<\/a>. Ob Angestellter, Kleinunternehmer oder Selbstst\u00e4ndiger. Gesch\u00e4ftsreisende erhalten bis zu 30 Prozent extra auf den Bestpreis.<\/p><\/blockquote>\n\n\n\n<p>___<\/p>\n\n\n\n<p><strong>Weitere spannende Interviews aus der Wellness- und Reisewelt:<\/strong><\/p>\n\n\n\n<ul class=\"wp-block-list\"><li><a title=\"Von der Radiomoderatorin zur gepr\u00fcften Fasten-Leiterin \u2013 eine fast ganz normale Geschichte! \u2013 5 Fragen an Manuela Lenz; angekommen im Resort Mark Brandenburg\" href=\"https:\/\/www.spaness.de\/blog\/fasten-resort-mark-brandenburg\/\" target=\"_blank\" rel=\"noopener\">Interview mit Fastenleiterin Manuela Lenz<\/a><\/li><li><a title=\"Wellness in der Schwangerschaft \u2013 6 Fragen an Spa-Managerin Gesine Ponto\" href=\"https:\/\/www.spaness.de\/blog\/interview-wellness-schwangerschaft\/\" target=\"_blank\" rel=\"noopener\">Interview mit Spa-Managerin Gesine Ponto zu Wellness in der Schwangerschaft<\/a><\/li><li><a title=\"Das Qi begegnet uns im allt\u00e4glichen Leben \u2013 5 Fragen an Dagmar Fitschen, Feng-Shui- und Marketing-Beraterin\" href=\"https:\/\/www.spaness.de\/blog\/feng-shui-marketing\/\" target=\"_blank\" rel=\"noopener\">Das Qi ist \u00fcberall &#8211; Interview mit Feng-Shui-Beraterin Dagmar<\/a><\/li><\/ul>\n\n\n\n<pre class=\"wp-block-preformatted\"><em>Bei unserem Tipp handelt es sich um einen Sponsered Post.<\/em><\/pre>\n","protected":false},"excerpt":{"rendered":"<p>Johann Taddigs ist seit 2011 Kurdirektor im ostriesischen Nordsee-Strandort Varel\/Dangast. Er ist ein waschechter Ostfriese, er tr\u00e4umt sogar in plattdeutscher Sprache. Seit \u00fcber 22 Jahren arbeitet er im Tourismus und mit Tourismus ist er auch schon gro\u00df geworden, denn bereits seine Eltern haben &#8222;Ferien auf dem Bauernhof&#8220; angeboten. Gearbeitet hat&#8230;<\/p>\n","protected":false},"author":2,"featured_media":11481,"comment_status":"open","ping_status":"open","sticky":false,"template":"","format":"standard","meta":{"footnotes":""},"categories":[5,7,216,241,13,14],"tags":[56,74,75,81,87,94,170],"class_list":["post-11473","post","type-post","status-publish","format-standard","has-post-thumbnail","hentry","category-heimatliebe","category-interview","category-niedersachsen-reisen-fuer-alle","category-nordsee-urlaub-deutschland","category-urlaub","category-urlaub-in-deutschland","tag-gesundheit","tag-kurzurlaub","tag-last-minute-reise","tag-medical-wellness","tag-naturtourismus","tag-reise","tag-wellnessurlaub"],"_links":{"self":[{"href":"https:\/\/www.spaness.de\/blog\/wp-json\/wp\/v2\/posts\/11473","targetHints":{"allow":["GET"]}}],"collection":[{"href":"https:\/\/www.spaness.de\/blog\/wp-json\/wp\/v2\/posts"}],"about":[{"href":"https:\/\/www.spaness.de\/blog\/wp-json\/wp\/v2\/types\/post"}],"author":[{"embeddable":true,"href":"https:\/\/www.spaness.de\/blog\/wp-json\/wp\/v2\/users\/2"}],"replies":[{"embeddable":true,"href":"https:\/\/www.spaness.de\/blog\/wp-json\/wp\/v2\/comments?post=11473"}],"version-history":[{"count":4,"href":"https:\/\/www.spaness.de\/blog\/wp-json\/wp\/v2\/posts\/11473\/revisions"}],"predecessor-version":[{"id":44020,"href":"https:\/\/www.spaness.de\/blog\/wp-json\/wp\/v2\/posts\/11473\/revisions\/44020"}],"wp:featuredmedia":[{"embeddable":true,"href":"https:\/\/www.spaness.de\/blog\/wp-json\/wp\/v2\/media\/11481"}],"wp:attachment":[{"href":"https:\/\/www.spaness.de\/blog\/wp-json\/wp\/v2\/media?parent=11473"}],"wp:term":[{"taxonomy":"category","embeddable":true,"href":"https:\/\/www.spaness.de\/blog\/wp-json\/wp\/v2\/categories?post=11473"},{"taxonomy":"post_tag","embeddable":true,"href":"https:\/\/www.spaness.de\/blog\/wp-json\/wp\/v2\/tags?post=11473"}],"curies":[{"name":"wp","href":"https:\/\/api.w.org\/{rel}","templated":true}]}}