{"id":1160,"date":"2018-03-20T09:25:00","date_gmt":"2018-03-20T08:25:00","guid":{"rendered":"http:\/\/www.spaness.de\/blog\/?p=1160"},"modified":"2026-01-05T20:54:57","modified_gmt":"2026-01-05T19:54:57","slug":"itb-berlin","status":"publish","type":"post","link":"https:\/\/www.spaness.de\/blog\/itb-berlin\/","title":{"rendered":"ITB Berlin: Die gr\u00f6\u00dfte Reisemesse der Welt"},"content":{"rendered":"\n<p>Die <strong>ITB Berlin<\/strong> gilt seit Jahrzehnten als der wichtigste Treffpunkt der internationalen Reise- und Tourismusbranche. Als weltweit f\u00fchrende <strong>Tourismusmesse<\/strong> setzt sie Jahr f\u00fcr Jahr Impulse f\u00fcr Destinationen, Hotels, Spa- und Wellnessanbieter, Technologiepartner und Reiseveranstalter. In diesem Sammelartikel b\u00fcndeln wir <strong>alle Berichte, Trends und Eindr\u00fccke rund um die ITB<\/strong> \u2013 beginnend mit der <strong>ITB 2011<\/strong> bis hin zu aktuellen und zuk\u00fcnftigen Ausgaben. So entsteht ein kontinuierlicher \u00dcberblick \u00fcber die <strong>Entwicklung des Tourismus<\/strong>, zentrale Branchenthemen, Innovationen und globale Reise-Trends \u2013 aus redaktioneller Perspektive und mit klarem Fokus auf Relevanz f\u00fcr Entscheider, Destinationen und touristische Leistungstr\u00e4ger.<\/p>\n\n\n\n<h2 class=\"wp-block-heading\">ITB Berlin 2018 \u2013 Von #BloggerSleepUp bis Wellnesstrends<\/h2>\n\n\n\n<p><strong>Wie hei\u00dft es doch so sch\u00f6n, nach der ITB, ist vor der ITB. Jedenfalls f\u00fcr einen Vollblut-Touristiker. Zum allerersten Mal war ich 2001 auf der ITB (damals noch f\u00fcr einen gro\u00dfen Musical(theater) Anbieter ). Seit dem hat sich viel auf dem touristischen Markt, doch eben auch in meinem (beruflichen) Leben, ge\u00e4ndert. Doch dem Tourismus bin ich nat\u00fcrlich, nach wie vor, treu geblieben.<\/strong><\/p>\n\n\n\n<h2 class=\"wp-block-heading\">ITB 2018: Aussteller-Schnack, Hallen-Marathon &amp; Input, Input, Input\u2026<\/h2>\n\n\n\n<p>Doch ich will nat\u00fcrlich gar nicht in Erinnerungen schwelgen, sondern euch viel mehr von neuen Wellness- und Reisetrends berichten und was sich so \u00e4ndert und tut in der touristischen Welt.<\/p>\n\n\n\n<blockquote class=\"wp-block-quote is-layout-flow wp-block-quote-is-layout-flow\">\n<p>F\u00fcr alle, die mit der ITB nichts anfangen k\u00f6nnen sei gesagt: Die ITB ist die gr\u00f6\u00dfte touristische Messe auf der Welt (hier trifft sich die Welt) und sie findet jedes Jahr Anfang M\u00e4rz in Berlin statt.<\/p>\n<\/blockquote>\n\n\n\n<p>Um besagte Trends zu erfassen hei\u00dft es \u201eAugen auf\u201c, viele Gespr\u00e4che mit touristischen Kollegen und Experten f\u00fchren und an der einen oder anderen Pressekonferenz, ITB Event und Abendveranstaltung teilnehmen. Dazu war ich besonders intensiv am Mittwoch und Donnerstag auf und rund um die ITB in Berlin unterwegs. In Schritten kamen in diesem Jahr rund 32.000 zusammen\u2026 aber das nur mal so am Rande. Ihr seht, so eine ITB macht auch ganz sch\u00f6n fit! <\/p>\n\n\n\n<figure class=\"wp-block-image size-full\"><img loading=\"lazy\" decoding=\"async\" width=\"960\" height=\"720\" src=\"https:\/\/www.spaness.de\/blog\/wp-content\/uploads\/ITB-1.jpg\" alt=\"Eindr\u00fccke von der ITB - Berlin\" class=\"img-responsive wp-image-8927\" srcset=\"https:\/\/www.spaness.de\/blog\/wp-content\/uploads\/ITB-1.jpg 960w, https:\/\/www.spaness.de\/blog\/wp-content\/uploads\/ITB-1-300x225.jpg 300w, https:\/\/www.spaness.de\/blog\/wp-content\/uploads\/ITB-1-407x305.jpg 407w\" sizes=\"auto, (max-width: 960px) 100vw, 960px\" \/><\/figure>\n\n\n\n<h3 class=\"wp-block-heading\">ITB Berlin: Wellness-Trends 2018<\/h3>\n\n\n\n<p>Starten wir mal mit einer Kurzfassung der Wellnesstrends. Denn seit 2009 bin ich ja verst\u00e4rkt zum Thema WellBeing work, life &amp; travel beruflich unterwegs. Damals stand gerade das 20j\u00e4hrige \u201e<a href=\"https:\/\/www.spaness.de\/blog\/category\/urlaub\/urlaub-in-deutschland\/\" target=\"_blank\" rel=\"noreferrer noopener\">Wellness in Deutschland<\/a>\u201c Jubi vor der T\u00fcr. Hochgerechnet geht es also auch hier auf das n\u00e4chste Jubil\u00e4um zu \u2013 und zwar mit gro\u00dfen Schritten. Doch was hei\u00dft das denn nun f\u00fcr die Wellnesstrends?<\/p>\n\n\n\n<p>Ich werde mich dazu noch mal ausf\u00fchrlich in einem Artikel \u00e4u\u00dfern, doch in meiner gro\u00dfen ITB Berlin Zusammenfassung &amp; \u00dcbersicht f\u00fcr 2018 liste ich die wichtigsten Trends einfach mal kurz und knackig auf.<\/p>\n\n\n\n<ol class=\"wp-block-list\">\n<li><strong>Der Wellnessreise-Markt f\u00fcr Familien mit Kind und Kegel w\u00e4chst weiter<\/strong>. Immer mehr Familien haben Lust auf eine gemeinsame entspannte Zeit -> da war ich mit meiner Familie wohl in den letzten Jahren als Vorreiter unterwegs. <\/li>\n\n\n\n<li><strong>Immer mehr Wellnessreisen werden online gebucht<\/strong>. Ach, keine \u00dcberraschung wird jetzt der ein oder andere von euch denken\u2026 doch leider ist das wirklich f\u00fcr viele Wellnesshotels und Wellnessanbieter eine Tatsache, die man lange nicht so richtig beachtet hat.<\/li>\n\n\n\n<li><strong>Wellness ist heute (zum Gl\u00fcck) nicht mehr nur eine Frage des Budgets <\/strong>sondern der Einstellung! Wellness zieht sich heute durch alle Zielgruppen und genau daf\u00fcr gibt es ein breit aufgestelltes Angebot. Da ist sicherlich f\u00fcr jeden was dabei.<\/li>\n<\/ol>\n\n\n\n<p>Wie gesagt, in den n\u00e4chsten Tagen gehe ich auf das Thema <a href=\"https:\/\/www.spaness.de\/blog\/itb-2017-von-wellnesstrends-reisezielen-influencern\/\" target=\"_blank\" rel=\"noreferrer noopener\">Wellnesstrends<\/a> auch einfach noch mal etwas tiefer ein. Dann stelle ich auch mal vor, worauf die meisten Wellnessurlauber aktuell besonders viel Wert legen oder auch welche Anwendungen bevorzugt werden.<\/p>\n\n\n\n<figure class=\"wp-block-image img-responsive\"><img loading=\"lazy\" decoding=\"async\" width=\"1024\" height=\"768\" src=\"https:\/\/www.spaness.de\/blog\/wp-content\/uploads\/20241017_181146-1024x768.jpg\" alt=\"Wellnesstrends\" class=\"img-responsive wp-image-61964\" srcset=\"https:\/\/www.spaness.de\/blog\/wp-content\/uploads\/20241017_181146-1024x768.jpg 1024w, https:\/\/www.spaness.de\/blog\/wp-content\/uploads\/20241017_181146-300x225.jpg 300w, https:\/\/www.spaness.de\/blog\/wp-content\/uploads\/20241017_181146-1536x1152.jpg 1536w, https:\/\/www.spaness.de\/blog\/wp-content\/uploads\/20241017_181146-2048x1536.jpg 2048w, https:\/\/www.spaness.de\/blog\/wp-content\/uploads\/20241017_181146-407x305.jpg 407w\" sizes=\"auto, (max-width: 1024px) 100vw, 1024px\" \/><\/figure>\n\n\n\n<h3 class=\"wp-block-heading\">Reisetrend: Micro Adventure #BloggerSleepUp<\/h3>\n\n\n\n<p>Mein eigenes gro\u00dfes Thema in diesem Jahr \u2013 schon alleine, weil ich verst\u00e4rkt f\u00fcr <a href=\"https:\/\/www.spaness.de\/blog\/sleeperoo\/\" target=\"_blank\" rel=\"noreferrer noopener\">sleeperoo<\/a> als Locationscout unterwegs bin, sind Mikro Abenteuer. Passend dazu haben wir auch am sleeperoo in Halle 4.1 b (in der Halle geht es vornehmlich um das Thema Abenteuer) ein Blogger SleepUp veranstaltet. Das sleeperoo ist eine PopUp Erlebnis\u00fcbernachtungslocation \u2013 die ihr ab Sommer verst\u00e4rkt in Deutschland buchen k\u00f6nnt.<\/p>\n\n\n\n<blockquote class=\"wp-block-quote is-layout-flow wp-block-quote-is-layout-flow\">\n<p>-&gt; <a href=\"https:\/\/www.sleeperoo.de\/\" target=\"_blank\" rel=\"noreferrer noopener nofollow\" class=\"external\">Infos &amp; Buchung sleeperoo<\/a><\/p>\n<\/blockquote>\n\n\n\n<p>Eine Nacht in einem sleeperoo ist f\u00fcr mich \u00fcbrigens auch Wellnessfeeling pur. Lest dazu auch gern mal meinen <a href=\"https:\/\/www.spaness.de\/blog\/sleeperoo-wismar-reisebericht\/\" target=\"_blank\" rel=\"noreferrer noopener\">Erlebnisbericht aus Wismar \u201eNachts im Museum\u201c<\/a>.<\/p>\n\n\n\n<p>\u2026und weil Bilder mehr sagen als 1000 Worte, hab ich hier einfach mal ein paar der #BloggerSleepUp Bilder eingef\u00fcgt. Danke an alle, die am Donnerstag Nachmittag dabei waren\u2026 und die im Laufe der ITB auch einfach mal am Stand vorbeigekommen sind f\u00fcr ein spontanes Fotoshooting. <\/p>\n\n\n\n<h3 class=\"wp-block-heading\">ITB News: Hamburger Reiseblogger stellen sich vor<\/h3>\n\n\n\n<p>Ihr Lieben, mit der ITB 2018 haben wir auch die \u201eHamburger Reiseblogger\u201c vorgestellt, bei denen ich als Gr\u00fcndungsmitglied dabei bin. Wir waren \u00fcbrigens nicht nur zusammen auf der ITB Berlin unterwegs, sondern haben uns auch gemeinsam eine Wohnung geteilt. Es gab also mal wieder eine #ITBBloggerWG \u2013 nicht meine erste, wie aufmerksame Leser wissen. <\/p>\n\n\n\n<blockquote class=\"wp-block-quote is-layout-flow wp-block-quote-is-layout-flow\">\n<p>Mehr zu unserer Hamburger Reiseblogger Gang k\u00f6nnt ihr auf unserer gemeinsamen Webseite nachlesen. Die ich euch <a href=\"https:\/\/reiseblogger-hamburg.de\/\" target=\"_blank\" rel=\"noreferrer noopener nofollow\" class=\"external\"><strong>HIER<\/strong><\/a> mal verlinkt habe!<\/p>\n<\/blockquote>\n\n\n\n<p>Aktuell besteht unser nordisch-maritimes Netzwerk aus acht \u2013 ganz verschiedenen \u2013 Blogs. Wir haben alle ganz unterschiedliche Themen, mit denen wir uns auf dem (Reise)Blog besch\u00e4ftigen. Gemeinsam haben wir aber alle die Liebe zur sch\u00f6nsten Stadt der Welt \u2013 n\u00e4mlich Hamburg.  Und wir lieben nat\u00fcrlich alle \u201eReisen\u201c.<\/p>\n\n\n\n<figure class=\"wp-block-image size-full\"><img loading=\"lazy\" decoding=\"async\" width=\"370\" height=\"370\" src=\"https:\/\/www.spaness.de\/blog\/wp-content\/uploads\/Logo-RB-Hamburg-Kreis1.png\" alt=\"Reiseblogger Hamburg auf der ITB\" class=\"img-responsive wp-image-22372\" srcset=\"https:\/\/www.spaness.de\/blog\/wp-content\/uploads\/Logo-RB-Hamburg-Kreis1.png 370w, https:\/\/www.spaness.de\/blog\/wp-content\/uploads\/Logo-RB-Hamburg-Kreis1-150x150.png 150w, https:\/\/www.spaness.de\/blog\/wp-content\/uploads\/Logo-RB-Hamburg-Kreis1-300x300.png 300w, https:\/\/www.spaness.de\/blog\/wp-content\/uploads\/Logo-RB-Hamburg-Kreis1-80x80.png 80w\" sizes=\"auto, (max-width: 370px) 100vw, 370px\" \/><\/figure>\n\n\n\n<h3 class=\"wp-block-heading\">Overtourism: Wir brauchen L\u00f6sungen!<\/h3>\n\n\n\n<p>Wer aktuell im Tourismus arbeitet spricht auch vest\u00e4rkt \u00fcber das Thema Overtourism. Hier brauchen wir dringend L\u00f6sungen, daran geht kein Weg mehr vorbei.<\/p>\n\n\n\n<blockquote class=\"wp-block-quote is-layout-flow wp-block-quote-is-layout-flow\">\n<p>In meinem Artikel \u201e<a href=\"https:\/\/www.spaness.de\/blog\/over-tourism-definition\/\" target=\"_blank\" rel=\"noreferrer noopener\">Overtourism \u2013 die Spitze des Reise-Eisbergs<\/a>\u201c hab ich mich mit dem Thema schon mal auseinandergesetzt.<\/p>\n<\/blockquote>\n\n\n\n<p>Gerade Anwohner sind von den steigenden Besucher- und G\u00e4stezahlen in bestimmten Regionen betroffen. Es gibt keinen bezahlbaren Wohnraum mehr und die Natur leidet sehr unter den Menschenmassen. Auf der anderen Seite f\u00fchlen sich viele Touristen auch l\u00e4ngst nicht mehr wohl in den (\u00fcber)touristischen Ecken.<\/p>\n\n\n\n<p>Als die am st\u00e4rksten von Overtourism betroffenen St\u00e4dte wurden Mexiko-Stadt (23 Prozent), Shanghai (22 Prozent) und Venedig (20 Prozent) genannt, gefolgt von Peking (19 Prozent), Hongkong (18 Prozent), Istanbul, Amsterdam und Florenz (jeweils 17 Prozent) sowie Barcelona (16 Prozent). Das ergab eine Umfrage des World Travel Monitors\u00ae.<\/p>\n\n\n\n<h3 class=\"wp-block-heading\">ITB Austeller, Partnerland &amp; pers\u00f6nliches Fazit<\/h3>\n\n\n\n<p>Das sind jetzt wirklich nur ein paar Themen gewesen, \u00fcber die in diesem Jahr verst\u00e4rkt auf der ITB gesprochen wurde. Erw\u00e4hnt hab ich noch gar nicht, dass es in diesem Jahr auch wieder rund 10.000 ausstellende Unternehmen aus 186 L\u00e4ndern und Regionen gab, das Luxusreisen absolut boomen\u2026 oder auch das <a href=\"https:\/\/www.spaness.de\/lexikon\/regionen\/m\/mecklenburg-vorpommern\/\" target=\"_blank\" rel=\"noreferrer noopener\">Mecklenburg Vorpommern<\/a> in diesem Jahr ITB-Partnerland war. Ich pers\u00f6nlich finde es cool, dass eine deutsche Region, sich auf diese Art und Weise einfach mal anders vorstellt \u2013 und zwar der ganzen Welt. Auch \u00fcber das Thema \u201e<a href=\"https:\/\/www.spaness.de\/blog\/terror-einfluss-auf-das-reiseverhalten\/\" target=\"_blank\" rel=\"noreferrer noopener\">Terror auf Reisen<\/a>\u201c mag ich hier jetzt grad noch nicht viele Worte verlieren\u2026 ich denke, dazu folgt auch demn\u00e4chst noch mal ausf\u00fchrlich was. Wichtig ist, die Menschen reisen gern und daher w\u00e4chst der Reisemarkt auch kontinuierlich und es wird weiterhin digitaler werden\u2026 und irgendwie trotzdem bewu\u00dfter. Ihr seht es ist und bleibt spannend und so werde ich der ITB 2019 wohl auch einen Besuch abstatten. Doch bis dahin seht ihr mich noch auf einigen touristischen Events in diesem Jahr, wie z. B. dem Niedersachsen Camp (ich bin ja auch verst\u00e4rkt in Sachen <a href=\"https:\/\/www.spaness.de\/blog\/category\/heimatliebe\/\" target=\"_blank\" rel=\"noreferrer noopener\">#Heimatliebe<\/a> unterwegs) und auch das SpaCamp 2018 steht auf meiner Reiseliste (immerhin ist SPANESS in diesem Jahr Medienpartner des Camps).<\/p>\n\n\n\n<hr class=\"wp-block-separator has-alpha-channel-opacity\"\/>\n\n\n\n<h2 class=\"wp-block-heading\">ITB 2017: Von Reisetrends bis zu Influencern<\/h2>\n\n\n\n<p><strong>Wochenlang bereite ich mich in jedem Jahr wieder auf die ITB vor \u2013 und schwups ist sie dann pl\u00f6tzlich Geschichte. Ich habe auch in diesem Jahr viele tolle Gespr\u00e4che gef\u00fchrt, viele ganz fantastische Menschen getroffen, \u00fcber neue Aktionen gesprochen und trotzdem hinterfrage ich in diesem Jahr Vieles, was dort statt findet. Auch wenn mich die ITB, wie immer, flasht\u2026 Ich m\u00f6chte und kann nicht nur \u201eHurra\u201c schreien.<\/strong><\/p>\n\n\n\n<figure class=\"wp-block-image size-full is-resized\"><img loading=\"lazy\" decoding=\"async\" width=\"720\" height=\"960\" src=\"https:\/\/www.spaness.de\/blog\/wp-content\/uploads\/17201094_10155979019874368_3888465231122446737_n.jpeg\" alt=\"ITB 2017 - Zeit f\u00fcr neue Wege?!\" class=\"img-responsive wp-image-18124\" style=\"width:840px;height:auto\" srcset=\"https:\/\/www.spaness.de\/blog\/wp-content\/uploads\/17201094_10155979019874368_3888465231122446737_n.jpeg 720w, https:\/\/www.spaness.de\/blog\/wp-content\/uploads\/17201094_10155979019874368_3888465231122446737_n-225x300.jpeg 225w\" sizes=\"auto, (max-width: 720px) 100vw, 720px\" \/><\/figure>\n\n\n\n<h3 class=\"wp-block-heading\">ITB 2017 \u2013 Wie der Tourismus sich feiert!<\/h3>\n\n\n\n<p>Ich liebe die Touristik, ich liebe das Reisen \u2013 schon als ich ganz klein war (o.k. mit 1,60 Meter bin ich auch jetzt ja noch nicht wirklich gro\u00df), wollte ich einfach nur die Welt sehen. Ich war fasziniert von dem, was die ganze Welt zu bieten hat. Und jetzt darf ich genau daf\u00fcr arbeiten\u2026 ich arbeite in (m)einem vermeintlichen Traumjob. Ich liebe das was ich tue und doch frage ich mich in letzter Zeit immer \u00f6fter, ob meine Arbeit und auch die vieler Kollegen, eigentlich tats\u00e4chlich wertgesch\u00e4tzt wird. Ab und zu fehlt mir daf\u00fcr n\u00e4mlich ernsthaft in letzter Zeit verst\u00e4rkt der Glaube. Was passiert nur um mich rum\u2026<\/p>\n\n\n\n<p>Ich wunder mich ja schon \u00fcber nichts mehr \u2013 da passieren so kuriose Dinge <a href=\"https:\/\/www.spaness.de\/blog\/category\/urlaub\/Ungarn\/\" target=\"_blank\" rel=\"noreferrer noopener\">wie in Ungarn<\/a>. So beschlie\u00dft man kurz vor der ITB die Auslandsstandorte des Tourismusamtes zu schlie\u00dfen. Auf dem Flughafen starten p\u00fcnktlich zur ITB Streiks\u2026 auf dem Niederl\u00e4ndischen Konsulat in Istanbul wird die t\u00fcrkische Flagge gehisst, Profit ist immer noch wichtiger als Umweltschutz und einige Destinationen und Reiseveranstalter setzen nur noch auf Instagramer (ernsthaft Leute\u2026?!) anstatt auf echte Berichterstattung, Storytelling &amp; Co. Ja, ich gebe zu, diese Aufstellung ist etwas wild durcheinander gew\u00fcrfelt\u2026<\/p>\n\n\n\n<p>Doch stellt sich mir die Frage, was ist eigentlich los im Tourismus, wo werden Priorit\u00e4ten gesetzt und wof\u00fcr werden um Himmelswillen die Budgets verballert (denn sie sind auf alle F\u00e4lle vorhanden). Einige L\u00e4nder starten wahnsinnige ITB-Partys (von den Kosten f\u00fcr einen ITB-Stand oder auch wahnwitzige Investitionen von neue Logos, Webseiten etc. wollen wir hier mal gar nicht sprechen). Und auf der anderen Seite h\u00f6rt man \u2013 daf\u00fcr haben wir kein Budget! Und ich rede hier nicht nur von Marketing- und PR-Aktionen.<\/p>\n\n\n\n<p>Alle reden sie davon etwas anders zu machen \u2013 doch kommt man wirklich mit innovativen, kreativen und neuen Ideen um die Ecke, so will das keiner ausprobieren, dann reden doch alle nur wieder vom fehlenden Budget\u2026 verballern aber dann auf der anderen Seite zig tausend Euro f\u00fcr die n\u00e4chste Printanzeige, den Messestand oder anderen ausgelatschten Standard-Programmen. Oder versucht mal was Neues, doch bevor es richtig starten kann, beschlie\u00dft man schon die Sache als \u201egescheitert\u201c anzusehen. Tja und dann wundert man sich, dass sich nichts \u00e4ndert. Doch wie soll sich denn mit so einer Einstellung ernsthaft was \u00e4ndern?<\/p>\n\n\n\n<p>Die Sache \u2013 oder soll ich lieber sagen, die Ausrede \u2013 mit dem Budget geht mir total auf den Zeiger, denn ich arbeite ja seit \u00fcber 20 Jahren im Tourismus und ich sehe durchaus, wof\u00fcr Budgets ausgegeben werden und wof\u00fcr angeblich kein Budget vorhanden ist. Ja, die allseits beliebte Ausrede \u201edaf\u00fcr haben wir kein Budget\u201c oder \u201eunser Budget ist leider in diesem Jahr schon ausgegeben\u201c.<\/p>\n\n\n\n<blockquote class=\"wp-block-quote is-layout-flow wp-block-quote-is-layout-flow\">\n<p>Auszug aus dem Abschlussbericht der ITB: Innerhalb des ITB Buyers Circle sind rund 80 Prozent der Teilnehmer Direktentscheider und verf\u00fcgen \u00fcber mehr als eine halbe Million Euro Einkaufsbudget. \u00dcber ein Drittel der anwesenden Eink\u00e4ufer verf\u00fcgen sogar \u00fcber zehn Millionen Euro und mehr.<\/p>\n<\/blockquote>\n\n\n\n<p>Noch Fragen\u2026<\/p>\n\n\n\n<figure class=\"wp-block-image size-full\"><img loading=\"lazy\" decoding=\"async\" width=\"960\" height=\"720\" src=\"https:\/\/www.spaness.de\/blog\/wp-content\/uploads\/17201131_10155984388249368_1605374850756286608_n.jpeg\" alt=\"Wellness-Budgets - Noch Fragen?!\" class=\"img-responsive wp-image-18126\" srcset=\"https:\/\/www.spaness.de\/blog\/wp-content\/uploads\/17201131_10155984388249368_1605374850756286608_n.jpeg 960w, https:\/\/www.spaness.de\/blog\/wp-content\/uploads\/17201131_10155984388249368_1605374850756286608_n-300x225.jpeg 300w, https:\/\/www.spaness.de\/blog\/wp-content\/uploads\/17201131_10155984388249368_1605374850756286608_n-407x305.jpeg 407w\" sizes=\"auto, (max-width: 960px) 100vw, 960px\" \/><\/figure>\n\n\n\n<h3 class=\"wp-block-heading\">ITB 2017 \u2013 Warum auch gefeiert werden darf!<\/h3>\n\n\n\n<p>Umso mehr freue ich mich, wenn es doch Destinationen, Hotelgruppen und Veranstalter gibt, die bereit sind neue Wege zu betreten\u2026 und einfach auch Lust auf was Neues haben. Mit denen eine Zusammenarbeit Spa\u00df bringt, ehrlich und auf Augenh\u00f6he. Wenn man gemeinsam neue Ideen entwickelt und darauf aufbaut. Ab und zu langsam und Schritt f\u00fcr Schritt \u2013 aber es geht voran! JA \u2013 DIE GIBT ES WIRKLICH! <\/p>\n\n\n\n<p>Ich staune \u00fcber den Enthusiasmus einiger L\u00e4nder, die aktuell wirklich mit dem Touristenschwund zu k\u00e4mpfen haben, sich aber tapfer auf der ITB vorstellen. Auf der ITB pr\u00e4sentieren sich eben einfach \u00fcber 180 L\u00e4nder und Regionen aus der ganzen Welt, nebeneinander \u2013 total friedlich, kunterbunt, voller Lebensfreude und mit purer Gastfreundschaft. Da wird miteinander gelacht, gefeiert und nat\u00fcrlich werden auch \u201eGesch\u00e4fte gemacht\u201c. Da gibt es h\u00f6chstens mal sprachliche Barieren  und f\u00fcr mich jedes Mal die ganz deutliche Erkenntnis \u201ewir sind eben alles Menschen\u201c und f\u00fcr echte Touristiker gibt es keine kulturellen Barrieren. Auch das ist eben die ITB. Insgesamt gibt es \u00fcber 1.000 Messest\u00e4nde und alleine an den Fachbesuchertagen tummeln sich mehr als 25.000 Besucher (+ 60.000 Endkunden am Wochenende) \u2013 aus aller Welt \u2013 auf dem Messegel\u00e4nde \u2013 und das seit wirklich \u00fcber 50 Jahren.<\/p>\n\n\n\n<p>Tolle Aktion von den Deutschen Jugendherbergen #ITBspontan -> <a href=\"https:\/\/www.heiterbisstuermisch.de\/itb-2017-itbspontan\/\" target=\"_blank\" rel=\"noreferrer noopener nofollow\" class=\"external\">mehr dazu findet ihr auch HIER<\/a>. Ich selber bin ja seit <a href=\"https:\/\/www.spaness.de\/blog\/braunschweig-reisefuehrer\/\" target=\"_blank\" rel=\"noreferrer noopener\">Braunschweig<\/a> wieder auf den Jugendherbergs-Geschmack gekommen\u2026 la\u00dft euch mal \u00fcberraschen, wie es damit weitergeht. <\/p>\n\n\n\n<figure class=\"wp-block-image size-full\"><img loading=\"lazy\" decoding=\"async\" width=\"666\" height=\"507\" src=\"https:\/\/www.spaness.de\/blog\/wp-content\/uploads\/17190805_10155979020039368_2371607421760629391_n.jpg\" alt=\"ITB 2017 Titel\" class=\"img-responsive wp-image-18129\" srcset=\"https:\/\/www.spaness.de\/blog\/wp-content\/uploads\/17190805_10155979020039368_2371607421760629391_n.jpg 666w, https:\/\/www.spaness.de\/blog\/wp-content\/uploads\/17190805_10155979020039368_2371607421760629391_n-300x228.jpg 300w\" sizes=\"auto, (max-width: 666px) 100vw, 666px\" \/><\/figure>\n\n\n\n<h3 class=\"wp-block-heading\">ITB 2017 \u2013 Zahlen, Daten und Fakten<\/h3>\n\n\n\n<p>Du m\u00f6chtest noch mehr Zahlen, Daten und Fakten aber auch pers\u00f6nliche Eindr\u00fccke der ITB 2017 lesen und sehen? O.K. ich bin seit ein paar Jahren in einer Doppelposition auf der ITB unterwegs \u2013 das bedeutet einmal als Wellnessreise-Bloggerin und auf der anderen Seite als Agentur, denn ich unterst\u00fctze verschiedene Destinationen und Hotels bei der modernen PR- und Marketingarbeit (ich nenne es ja immer PR 2.0  ). Daher habe ich auch mit ganz unterschiedlichen Menschen auf der ITB zu tun. Vom Pressesprecher bis zum Agenturleiter ist wohl alles dabei\u2026 Auch in diesem Jahr habe ich mich mit spannenden neuen Kontakten und liebgewonnenen alten Kooperationspartnern und Bloggerkollegen getroffen und ausgetauscht. Dabei wurden auch ein paar neue spannende Projekte angestossen. Dar\u00fcber berichte ich demn\u00e4chst sicherlich auch noch ein wenig mehr\u2026 denn eines darf man nat\u00fcrlich nicht vergessen, auch der Besuch auf der ITB geh\u00f6rt zum Job!<\/p>\n\n\n\n<p>Der Aufenthalt in Berlin ist auch mit Kosten verbunden, die man gern investiert, denn hier trifft sich die Welt \u2013 aber eben nicht nur um zu quatschen und zu plauschen, sondern auch, um \u201eGesch\u00e4fte zu machen\u201c. Die ITB kann dabei sehr inspirierend wirken\u2026<\/p>\n\n\n\n<figure class=\"wp-block-image size-full\"><img loading=\"lazy\" decoding=\"async\" width=\"960\" height=\"720\" src=\"https:\/\/www.spaness.de\/blog\/wp-content\/uploads\/17156283_10155979020044368_6399225207434231972_n.jpeg\" alt=\"Coole Idee von den Jugendherbergen #ITBspontan - hat geklappt! ;-)\" class=\"img-responsive wp-image-18128\" srcset=\"https:\/\/www.spaness.de\/blog\/wp-content\/uploads\/17156283_10155979020044368_6399225207434231972_n.jpeg 960w, https:\/\/www.spaness.de\/blog\/wp-content\/uploads\/17156283_10155979020044368_6399225207434231972_n-300x225.jpeg 300w, https:\/\/www.spaness.de\/blog\/wp-content\/uploads\/17156283_10155979020044368_6399225207434231972_n-407x305.jpeg 407w\" sizes=\"auto, (max-width: 960px) 100vw, 960px\" \/><figcaption class=\"wp-element-caption\">Coole Idee von den Jugendherbergen #ITBspontan &#8211; hat geklappt! \ud83d\ude09<\/figcaption><\/figure>\n\n\n\n<p><strong>Meine pers\u00f6nliche ITB-Bilanz:<\/strong><\/p>\n\n\n\n<p>In diesem Jahr bin ich am Dienstag abend nach Berlin angereist und war am Freitag abend wieder im Homeoffice (es war also in diesem Jahr ein echter ITB-Sprint). Meine kleine pers\u00f6nliche ITB-Bilanz sollte unbedingt und auf alle F\u00e4lle mit einem Augenzwinkern betrachtet werden.<\/p>\n\n\n\n<ul class=\"wp-block-list\">\n<li>Alleine am Mittwoch und Donnerstag habe ich 25 Kilometer zu Fu\u00df (im Business-Outfit und Absatzschuhen) zur\u00fcckgelegt<\/li>\n\n\n\n<li>\u2026und trotzdem keine Blasen an den F\u00fc\u00dfen (sehr gute Schuhe)<\/li>\n\n\n\n<li>\u2026und keinen Muskelkater (ich bin wohl doch fitter als ich dachte)<\/li>\n\n\n\n<li>\u2026viel zu wenig Schlaf<\/li>\n\n\n\n<li>22 Termine mit Kunden und Kooperationspartnern + 2 weitere Termine am Freitag ausserhalb der ITB<\/li>\n\n\n\n<li>Zuf\u00e4llige Treffen und Begegnungen mit zahlreichen Bloggerkollegen \u2013 doch immer noch viel zu wenig getroffen\u2026<\/li>\n\n\n\n<li>Fette Erk\u00e4ltung ab ITB-Tag 2<\/li>\n\n\n\n<li>Rund 2 Liter Kaffee, 1 Liter Tee (ab ITB-Tag 2), 3 Liter Wasser, mindestens 1 Liter Wein, 3 Prosecco, 1 Fruchtcocktail (ohne Alkohol)<\/li>\n\n\n\n<li>Essen: viel zu unregelm\u00e4ssig, viel zu wenig und viel zu ungesund (wenn halt Zeit ist)<\/li>\n\n\n\n<li>2 Vortr\u00e4ge im Wellnessforum + 1 Pressekonferenz zu <a href=\"https:\/\/www.spaness.de\/blog\/wellness-trends\/\" target=\"_blank\" rel=\"noreferrer noopener\">Wellness Trends (dar\u00fcber berichte ich HIER ausf\u00fchrlich)<\/a><\/li>\n\n\n\n<li>2,5 After-Work-Partys<\/li>\n\n\n\n<li>2 offizielle Abendveranstaltungen<\/li>\n\n\n\n<li>1 x geblitzt auf dem R\u00fcckweg, kurz hinter Berlin <\/li>\n<\/ul>\n\n\n\n<p><\/p>\n\n\n\n<figure class=\"wp-block-image size-full\"><img loading=\"lazy\" decoding=\"async\" width=\"960\" height=\"720\" src=\"https:\/\/www.spaness.de\/blog\/wp-content\/uploads\/17264516_10155984388144368_573104545602742881_n.jpeg\" alt=\"Saftcocktail beim Tropical Island\" class=\"img-responsive wp-image-18125\" srcset=\"https:\/\/www.spaness.de\/blog\/wp-content\/uploads\/17264516_10155984388144368_573104545602742881_n.jpeg 960w, https:\/\/www.spaness.de\/blog\/wp-content\/uploads\/17264516_10155984388144368_573104545602742881_n-300x225.jpeg 300w, https:\/\/www.spaness.de\/blog\/wp-content\/uploads\/17264516_10155984388144368_573104545602742881_n-407x305.jpeg 407w\" sizes=\"auto, (max-width: 960px) 100vw, 960px\" \/><\/figure>\n\n\n\n<p>So\u2026 und wann findet die n\u00e4chste ITB statt?<\/p>\n\n\n\n<p>Die n\u00e4chste ITB Berlin findet von Mittwoch bis Sonntag, 7. bis 11. M\u00e4rz 2018, statt. Wi\u00dft ihr Bescheid \u2013 denn auch im n\u00e4chsten Jahr bin ich zu 99,9 % wohl wieder genau dann in Berlin anzutreffen.<\/p>\n\n\n\n<p><strong>\u2026und wie gehts f\u00fcr mich weiter?<\/strong><\/p>\n\n\n\n<p>-> Am 17.03. und 18.03. gehts f\u00fcr mich zum Bloggertreffen nach Travem\u00fcnde. Darauf freue ich mich sehr, da ich auf der ITB tats\u00e4chlich viel zu wenig Zeit f\u00fcr die lieben Bloggerkollegen hatte. Daher freue ich mich auch schon zu Ende M\u00e4rz auf das Reiseblogger-Treffen mit meinen Hamburger Reisebloggerkollegen. <\/p>\n\n\n\n<p>-> Gleich im Anschluss gehts weiter f\u00fcr eine knappe Woche nach Sylt. Ich bin nun einmal ein norddeutsches M\u00e4del und daher stehe ich auf alles mit K\u00fcste und Meer. Und ganz besonders die deutschen Inseln haben es mir wirklich angetan. Vielleicht gehts dann zum Ende des Monats noch auf die Beauty nach D\u00fcsseldorf \u2013 ich \u00fcberlege noch!<\/p>\n\n\n\n<p>-> In den Osterferien (im April) gehts auch noch mal weg \u2013 wohin verrate ich hier aber noch nicht!  Ende April steht dann noch ein Hotelcheck in Bonn an. Das wird richtig spannend \u2013 aber dazu verrate ich dann auch demn\u00e4chst mehr.<\/p>\n\n\n\n<p>-&gt; Im Mai d\u00fcse ich dann wieder <a href=\"https:\/\/www.spaness.de\/blog\/langeoog-news-thalasso-urlaub-nordsee\/\" target=\"_blank\" rel=\"noreferrer noopener\">nach Langeoog<\/a> \u2013 das Motto \u201eWellness &amp; Kreativ\u201c \u2013 yeaaaahhhhhh\u2026<\/p>\n\n\n\n<p>-&gt; \u2026und danach steht dann auch schon das Bloggertreffen in <a href=\"https:\/\/www.spaness.de\/blog\/center-parcs-bispinger-heide-familien-urlaub\/\" target=\"_blank\" rel=\"noreferrer noopener\">Bispingen in der L\u00fcneburger Heide<\/a> an, welches ich mit organisiere.<\/p>\n\n\n\n<p>-&gt; Danach steht noch ganz viel K\u00fcste, Meer, Strand und Wasser auf dem Programm \u2013 so verbringe ich ein paar N\u00e4chte auf unterschiedlichen Schiffen und Booten und auch wieder im Heu <a href=\"https:\/\/www.spaness.de\/blog\/24-stunden-kurzurlaub-neuwerk\/\" target=\"_blank\" rel=\"noreferrer noopener\">auf Neuwerk<\/a>\u2026<\/p>\n\n\n\n<p>Also la\u00dft euch \u00fcberraschen, was dieses Jahr noch so alles bei mir ansteht. Es ist und bleibt und wird spannend\u2026 <\/p>\n\n\n\n<p>Eure Tanja<\/p>\n\n\n\n<hr class=\"wp-block-separator has-alpha-channel-opacity\"\/>\n\n\n\n<h2 class=\"wp-block-heading\">ITB 2015 \u2013 Unsere 5 Highlights rund um die gr\u00f6\u00dfte Reisemesse<\/h2>\n\n\n\n<p><strong>Wochenlange Vorbereitung\u2026 wochenlange Arbeit\u2026 wochenlange Vorfreude und nun ist sie schon wieder vorbei. Die ITB 2015 \u2013 so mal ganz nebenbei die gr\u00f6\u00dfte Reisemesse der Welt \u2013 ist zu Ende und gem\u00e4\u00df unserem Motto nach der ITB ist immer vor der ITB, wirft 2016 schon wieder die Schatten voraus. Wir waren in diesem Jahr unglaubliche 5 Tage in und um Berlin, im Rahmen der ITB, unterwegs.<\/strong><\/p>\n\n\n\n<figure class=\"wp-block-image size-full\"><img loading=\"lazy\" decoding=\"async\" width=\"640\" height=\"640\" src=\"https:\/\/www.spaness.de\/blog\/wp-content\/uploads\/10903691_329482540596026_1962291203_n-1.jpg\" alt=\"ITB 2015\" class=\"img-responsive wp-image-11169\" srcset=\"https:\/\/www.spaness.de\/blog\/wp-content\/uploads\/10903691_329482540596026_1962291203_n-1.jpg 640w, https:\/\/www.spaness.de\/blog\/wp-content\/uploads\/10903691_329482540596026_1962291203_n-1-150x150.jpg 150w, https:\/\/www.spaness.de\/blog\/wp-content\/uploads\/10903691_329482540596026_1962291203_n-1-300x300.jpg 300w, https:\/\/www.spaness.de\/blog\/wp-content\/uploads\/10903691_329482540596026_1962291203_n-1-80x80.jpg 80w\" sizes=\"auto, (max-width: 640px) 100vw, 640px\" \/><\/figure>\n\n\n\n<h2 class=\"wp-block-heading\">Aktion: #ITBbloggerWG<\/h2>\n\n\n\n<p>In diesem Jahr haben wir zeitgleich zur ITB ein kleines Presseprojekt umgesetzt: Die #ITBbloggerWG. Fast eine Woche haben wir gemeinsam, mit 7 Redakteuren\/Bloggern unter einem Dach gelebt.<\/p>\n\n\n\n<p>Wir haben uns ausgetauscht, einige Termine zusammen besucht und es sind in der WG auch einige tolle Ideen f\u00fcr die Zukunft entstanden und so ganz nebenbei gab es eine <strong>genussvolle Weinprobe mit den guten Tropfen von Mittelrhein-Wein<\/strong>.<\/p>\n\n\n\n<p>Auch wenn es eng war, so haben wir uns wirklich 1A verstanden. F\u00fcr den besonderen Wellnessfaktor gab es f\u00fcr alle <strong>#ITBbloggerWG Bewohner<\/strong> einen gef\u00fcllten <strong>Messe-\u00dcberlebensrucksack<\/strong> z.B. mit <strong>selbstgemachten Pralinen aus dem Landidyll NaturPur Hotel Maarblick<\/strong> als Nervennahrung (f\u00fcr mich sind sie aktuell die Fitmacher; liege n\u00e4mlich etwas krank im Bett), <strong>Pant\u00f6ffelchen und Wellness-Survival-Kit aus dem Kaiser Spa Hotel zur Post<\/strong>, <strong>Kurzurlaubs-Gutschein<\/strong> (um nach der ITB Kraft zu tanken) <strong>vom Romantik Hotel Schloss Rheinfels, Sekt<\/strong> f\u00fcr den schnellen Kreislaufkick aus dem <strong>Maritim Hafenhotel Rheinsberg<\/strong> an der Mecklenburgischen Seenplatte, ein <strong>zauberhaftes Notizbuch aus dem Resort Mark Brandenburg<\/strong>, <strong>Schlafmaske aus dem Victor\u2019s Residenz Hotel Schloss Berg<\/strong> und von uns gab es unser tolles <strong>Bodyoil \u201ewhite peach meets vanilla\u201c<\/strong>.<\/p>\n\n\n\n<figure class=\"wp-block-image img-responsive\"><img loading=\"lazy\" decoding=\"async\" width=\"1024\" height=\"768\" src=\"https:\/\/www.spaness.de\/blog\/wp-content\/uploads\/11025340_971002142939801_1597614612_o-1-1024x768.jpg\" alt=\"#ITBbloggerWG\" class=\"img-responsive wp-image-11167\" srcset=\"https:\/\/www.spaness.de\/blog\/wp-content\/uploads\/11025340_971002142939801_1597614612_o-1-1024x768.jpg 1024w, https:\/\/www.spaness.de\/blog\/wp-content\/uploads\/11025340_971002142939801_1597614612_o-1-300x225.jpg 300w, https:\/\/www.spaness.de\/blog\/wp-content\/uploads\/11025340_971002142939801_1597614612_o-1-407x305.jpg 407w, https:\/\/www.spaness.de\/blog\/wp-content\/uploads\/11025340_971002142939801_1597614612_o-1.jpg 2048w\" sizes=\"auto, (max-width: 1024px) 100vw, 1024px\" \/><figcaption class=\"wp-element-caption\">#ITBbloggerWG<\/figcaption><\/figure>\n\n\n\n<h2 class=\"wp-block-heading\">Dritter Geburtstag Wellness-Bummler<\/h2>\n\n\n\n<p>Diese ITB war \u00fcbrigens auch gleichzeitig der dritte Geburstag des Reiseblogs Wellness-Bummler.de \u2013 das haben wir gefeiert bzw. werden es demn\u00e4chst auch noch feierlicher feiern. Dazu aber demn\u00e4chst mehr. Das sprengt sonst hier den Rahmen und hier geht es ja erst einmal um unsere ITB-Highlights. Tatsache ist aber, dass wir in diesem Jahr so wahnsinnig viele Reiseblogger-Friends auf der ITB getroffen haben, wie vorher noch nie zuvor und davon auch schon ein paar wirklich langj\u00e4hrige Hasen dabei. Das zeigt, erfreulicherweise, wie sehr sich die Gruppe der Reiseblogger entwickelt hat. Reiseblogger geh\u00f6ren immer mehr in den klassischen Marketing-Mix und lockern vor allen Dingen, die Berichterstattung ganz sch\u00f6n auf. Denn sie berichten in der Regel nun wirklich in erster Linie \u00fcber das, was sie pers\u00f6nlich gut finden und was sie begeistert.<\/p>\n\n\n\n<p>Hier daher auch gleich einmal ein paar Berichte anderer Reiseblogger von der ITB:<\/p>\n\n\n\n<ul class=\"wp-block-list\">\n<li><a href=\"http:\/\/travellerblog.eu\/itb-2015-und-wieder-bin-ich-geflashed\/\" target=\"_blank\" rel=\"noreferrer noopener nofollow\" class=\"external\">Hubert vom Travellerblog ist geflasht<\/a><\/li>\n\n\n\n<li><a href=\"http:\/\/reisenundessen.de\/itb-2015-und-das-blogger-speed-dating\/\" target=\"_blank\" rel=\"noreferrer noopener nofollow\" class=\"external\">Thomas von Reisen &amp; Essen besucht die ITB und stellt das Blogger Speeddating vor<\/a><\/li>\n\n\n\n<li><a href=\"http:\/\/entdecker-greise.de\/globetrotter-adventures-oder-der-etwas-andere-itb-bericht\/\" target=\"_blank\" rel=\"noreferrer noopener nofollow\" class=\"external\">Monika von Entdecker(g)reise hat ein besonderes Abenteuer auf der ITB erlebt und entdeckt<\/a><\/li>\n<\/ul>\n\n\n\n<h2 class=\"wp-block-heading\">Neue Wellness-Trends<\/h2>\n\n\n\n<p>Wie jedes Jahr l\u00e4uft im Rahmen der ITB auch immer das Wellness-Forum. Hier werden z.B. die neusten Wellnesstrends vorgestellt. Mit den aktuellen Wellnesstrends besch\u00e4ftigen wir uns hier nat\u00fcrlich immer ganz besonders und daher haben wir nat\u00fcrlich auch der Pressekonferenz zum Thema \u201eWellness-Trends\u201c auf der ITB einen direkten Besuch abgestattet.<\/p>\n\n\n\n<p>Erfreulicherweise w\u00e4chst der Wellnessmarkt weiter. Immer wichtiger wird f\u00fcr die G\u00e4ste \u2013 nicht etwa ein breites Angebot \u2013 sondern der <strong>Service<\/strong> und somit eben auch die <strong>Qualit\u00e4t<\/strong>. Ein zweiter Trend ist der <strong>Einzug der Digitalisierung<\/strong> in den Wellnessbereich \u2013 oder eben auch nicht\u2026 was das genau hei\u00dft, verraten wir hier demn\u00e4chst mal ganz gesondert in einem Extra-Artikel. Da Wellness eben der \u201erote Faden\u201c ist und nicht nur Massage und Sauna (erz\u00e4hlen wir ja schon seit Jahren) wird auch die <strong>Ausstattung<\/strong> immer wichtiger und hier geben der Gro\u00dfteil der Befragten an, dass sie \u201e<strong>gut schlafen<\/strong>\u201c m\u00f6chten im Wellnessurlaub\/Wellnesshotel \u2013 sprich Bettw\u00e4sche, Kissen, Matratze &amp; Co. m\u00fcssen stimmen. Wellnessurlaub wird ausserdem immer wichtiger f\u00fcr die <strong>\u201eentspannte\u201c Kommunikation<\/strong>. P\u00e4rchen und Familien wollen Zeit zusammen verbringen, doch auch Alleinreisende m\u00f6chten \u201enette\u201c Kontakte kn\u00fcpfen. Das hei\u00dft auch Wellnesshotels und Wellnessoasen sollten darauf mit speziellen Angeboten reagieren.<\/p>\n\n\n\n<h2 class=\"wp-block-heading\">Tolle Menschen, tolle Ziele, tolle Veranstaltungen\u2026<\/h2>\n\n\n\n<p>Ohne Frage, wenn man einige Jahre immer wieder zur ITB f\u00e4hrt, dann ist das wie ein gro\u00dfes Familientreffen. Es gibt tolle Treffen an den St\u00e4nden, im Pressezentrum oder auch auf den abendlichen Veranstaltungen. In diesem Jahr hat uns besonders der Messeabend bei Wilde &amp; Partner und den Victor\u2019s Hotels gefallen mit vielen lieben Bloggerfreunden. Und auch das Fr\u00fchst\u00fcck von Travelbook beim Axel Springer Verlag mit anschlie\u00dfendem Workshop im Oldtimer Bus war wieder ein echtes Highlight. Der Austausch mit den vielen Touristikern, Agenturen, Pressevertretern und vielen wundervollen anderen Kontakten (allein die hier mal vorzustellen, w\u00fcrde schon einen kompletten Beitrag f\u00fcllen \u2013 ehrlich) war einfach wieder inspirierend und wundersch\u00f6n.<\/p>\n\n\n\n<p>Wir freuen uns nat\u00fcrlich jetzt schon auf die ITB 2016 und k\u00f6nnen grad wirklich voller \u00dcberzeugung sagen \u2013 ITB 2015 f\u00fcr uns bisher die beste ITB ever, ever, ever! <\/p>\n\n\n\n<figure class=\"wp-block-image img-responsive\"><img loading=\"lazy\" decoding=\"async\" width=\"1024\" height=\"1024\" src=\"https:\/\/www.spaness.de\/blog\/wp-content\/uploads\/11005255_1606940746204407_344207437_n_Fotor_Collage-1-1024x1024.jpg\" alt=\"Eindr\u00fccke ITB 2015\" class=\"img-responsive wp-image-11173\" srcset=\"https:\/\/www.spaness.de\/blog\/wp-content\/uploads\/11005255_1606940746204407_344207437_n_Fotor_Collage-1-1024x1024.jpg 1024w, https:\/\/www.spaness.de\/blog\/wp-content\/uploads\/11005255_1606940746204407_344207437_n_Fotor_Collage-1-150x150.jpg 150w, https:\/\/www.spaness.de\/blog\/wp-content\/uploads\/11005255_1606940746204407_344207437_n_Fotor_Collage-1-300x300.jpg 300w, https:\/\/www.spaness.de\/blog\/wp-content\/uploads\/11005255_1606940746204407_344207437_n_Fotor_Collage-1-80x80.jpg 80w\" sizes=\"auto, (max-width: 1024px) 100vw, 1024px\" \/><\/figure>\n\n\n\n<h2 class=\"wp-block-heading\">Blogger-Reisen mit Wellnessfaktor<\/h2>\n\n\n\n<p>Den Abschluss zur ITB 2015 haben wir f\u00fcr uns in diesem Jahr mit der Planung von vier Bloggerreisen in das Berliner Umland geplant. Es ging bei jeder Reise nat\u00fcrlich um das Thema Wellness, doch sollte es auch zeigen, wie unterschiedlich und vielf\u00e4ltig Wellness sein kann. Die Blogger, die zur Wellness-Wochenendreise gestartet sind, konnten das nat\u00fcrlich gut gebrauchen, nach den zwar sch\u00f6nen aber auch immer stressigen ITB-Messetagen. In diese Hotels \u2013 und mit diesen Themen \u2013 ging die Reise:<\/p>\n\n\n\n<ul class=\"wp-block-list\">\n<li><a href=\"https:\/\/www.spaness.de\/inserat\/maritim-hafenhotel-rheinsberg.htm\" target=\"_blank\" rel=\"noreferrer noopener\">Maritim Hafenhotel Rheinsberg<\/a> \u2013 M\u00e4nner-Wellness mal anders!<\/li>\n\n\n\n<li><a href=\"https:\/\/www.spaness.de\/inserat\/esplanade-resort-spa.htm\" target=\"_blank\" rel=\"noreferrer noopener\">Esplanade Resort &amp; Spa am Scharm\u00fctzelsee<\/a> \u2013 #AfterITBWellness kreativ<\/li>\n\n\n\n<li><a href=\"https:\/\/www.spaness.de\/inserat\/resort-mark-brandenburg.htm\" target=\"_blank\" rel=\"noreferrer noopener\">Resort Mark Brandenburg<\/a> \u2013 Echte Wellness-Experten vor Ort<\/li>\n\n\n\n<li><a href=\"https:\/\/www.spaness.de\/inserat\/hotel-hanseatic-ruegen-villen.htm\" target=\"_blank\" rel=\"noreferrer noopener\">Hotel Hanseatic R\u00fcgen &amp; Villen<\/a> \u2013 DACH trifft sich auf der gr\u00f6\u00dften Ostseeinsel<\/li>\n<\/ul>\n\n\n\n<hr class=\"wp-block-separator has-alpha-channel-opacity\"\/>\n\n\n\n<h2 class=\"wp-block-heading\">Internationale Tourismus B\u00f6rse: ITB 2015 &#8211; Ausblicke<\/h2>\n\n\n\n<p>Immer im M\u00e4rz ist es wieder so weit. Alles was in der Touristik Rang und Namen hat tummelt sich auf der Internationalen Tourismusb\u00f6rse in Berlin. An den ersten 3 Tagen steht die Messe nur Fachbesuchern aus der touristischen Branche zur Verf\u00fcgung. F\u00fcr touristische Fachbesucher ist diese Veranstaltung ein &#8222;Muss&#8220;. Die B2B-Plattform &#8211; sie gibt die Gelegenheit, Branchen- und Kooperationspartner zu treffen und Gesch\u00e4fte zu machen.<\/p>\n\n\n\n<p>Am Wochenende d\u00fcrfen dann alle Reisehungrigen und Urlaubsfreudigen die Hallen st\u00fcrmen und sich rund ums Thema Reisen, L\u00e4nder &amp; Co. informieren.<\/p>\n\n\n\n<p>Auf der j\u00e4hrlich statt findenden <strong>ITB Berlin<\/strong> finden Sie die umfangreiche Vielfalt des Reisens: L\u00e4nder, Reiseveranstalter, Buchungssysteme, Hotels, Regionen, Flugunternehmen, An- und Abreise-Anbieter. Einfach alles rund ums Thema Tourismus. Hier finden Sie jede Menge Anregungen, Informationen und Inspiration f\u00fcr den n\u00e4chsten Urlaub, Kurzurlaub oder auch einfach f\u00fcr einen Ausflug. Denn auch Anbieter von Freizeitprogrammen wie z.B. Smart-Box, Tropical Island, Freizeitparks &amp; Co.&nbsp; sind auf der Messe vertreten. Entdecken Sie quasi in nur wenigen Stunden die ganze Welt.<\/p>\n\n\n\n<p>Auch wir werden nat\u00fcrlich auf der ITB sein um die neusten <strong>Reisetrends, Hotels, Urlaubsangebote und touristischen Anbieter<\/strong> unter die Lupe zu nehmen. Einen Nachbericht werden wir selbstverst\u00e4ndlich hier zum Besten geben.<\/p>\n\n\n\n<blockquote class=\"wp-block-quote is-layout-flow wp-block-quote-is-layout-flow\">\n<hr class=\"wp-block-separator has-alpha-channel-opacity\"\/>\n<\/blockquote>\n\n\n\n<h2 class=\"wp-block-heading\">R\u00fcckblick: ITB 2014 &#8211; die gr\u00f6\u00dfte Reiseinspiration in Deutschland?!<\/h2>\n\n\n\n<p><strong>Nun ist sie wieder vorbei \u2013 die gr\u00f6\u00dfte Reisemesse der Welt. Doch nach der ITB ist irgendwie auch schon wieder vor der ITB. Denn nun beginnt die gro\u00dfe Nacharbeit und ehe man sich versieht, wird auch schon wieder die n\u00e4chste ITB vorbereitet. Wer als Endkunde auf die ITB geht, m\u00f6chte sich inspirieren lassen. Doch auch die Fachbesucher suchen Inspiration, Austausch und neue Ideen f\u00fcr Kooperationen.<br><\/strong><\/p>\n\n\n\n<h2 class=\"wp-block-heading\">ITB \u2013 Treffpunkt f\u00fcr Reisen, Ideen und Inspiration<\/h2>\n\n\n\n<p>Auch wir von SPANESS waren nat\u00fcrlich wieder einmal auf der ITB unterwegs und haben viele Hotelpartner, neue interessante Kooperationspartner, <strong>Reiseblogger<\/strong>, Redakteure und <strong>Reisespezialisten<\/strong> getroffen. Wir waren zu Gast auf einigen Veranstaltungen und Events und haben wieder einmal durch die vielen Aussteller und Teilnehmer inspirieren lassen und einige Ideen mitgebracht.<a href=\"https:\/\/www.spaness.de\/blog\/wp-content\/uploads\/ITB_Doris-1.jpg\"><\/a><\/p>\n\n\n\n<p>Partnerland in diesem Jahr war Mexiko und insgesamt pr\u00e4sentierten sich die Aussteller wieder in insgesamt 26 Hallen, die zum Teil auch 2 oder 3 st\u00f6ckig waren. Die Aussteller (gesamt \u00fcbrigens 10.147) kamen aus 189 L\u00e4ndern. Neben der normalen Aussteller-Pr\u00e4senz fand auch in diesem Jahr der Kongress statt, der ebenfalls viele Interessenten anzog.<\/p>\n\n\n\n<p>Wer Touristiker ist, reist an den drei Fachausstellertagen zur ITB an. Diese fanden in diesem Jahr vom <strong>5. M\u00e4rz bis zum 7. M\u00e4rz<\/strong> statt. <strong>114.000 Fachbesucher<\/strong> nahmen in diesem Zeitraum die Gelegenheit wahr, Kontakte zu kn\u00fcpfen und sich mit Kunden und Partnern in den Hallen und auf zahlreichen begleitenden Veranstaltungen rund um das Messegel\u00e4nde zu treffen. Im Vergleich zu 2013 \u2013 waren es nur knapp 110.000 Fachbesucher.<\/p>\n\n\n\n<p>Die Stimmung in der Branche ist gut. Das beweisen auch die Rekordergebnisse bei den Besucherzahlen zum ITB Berlin Kongress. Ca. <strong>22.000 Teilnehmer besuchten die rund 200 Vortr\u00e4ge<\/strong>, Diskussionen und Workshops. Auch in diesem Jahr galt enormes Interesse den Themen <strong>Social Media und Mobile Travel Services<\/strong>.<\/p>\n\n\n\n<figure class=\"wp-block-image img-responsive\"><img loading=\"lazy\" decoding=\"async\" width=\"768\" height=\"1024\" src=\"https:\/\/www.spaness.de\/blog\/wp-content\/uploads\/ITB_Doris-1-768x1024.jpg\" alt=\"Inspirierendes Treffen auf der ITB - Doris Berendes (Hotel-Vertriebsoptimierung) &amp; Tanja Klindworth (SPANESS)\" class=\"img-responsive wp-image-8931\" srcset=\"https:\/\/www.spaness.de\/blog\/wp-content\/uploads\/ITB_Doris-1-768x1024.jpg 768w, https:\/\/www.spaness.de\/blog\/wp-content\/uploads\/ITB_Doris-1-225x300.jpg 225w, https:\/\/www.spaness.de\/blog\/wp-content\/uploads\/ITB_Doris-1.jpg 852w\" sizes=\"auto, (max-width: 768px) 100vw, 768px\" \/><figcaption class=\"wp-element-caption\">Doris Berendes (Hotel-Vertriebsoptimierung) &amp; Tanja Klindworth (SPANESS)<\/figcaption><\/figure>\n\n\n\n<h3 class=\"wp-block-heading\">Reiseblogger auf der ITB<\/h3>\n\n\n\n<p>Ein Trend, der nicht aufzuhalten ist, sind dabei die <strong>Reiseblogger und Reiseblogs<\/strong>. Um Blogger und Reiseveranstalter zusammen zu bringen, wurde bereits zum zweiten Mal das Blogger Speed Dating ins Leben gerufen. Hier fanden an den drei Tagen \u00fcber 2.000 Termine zwischen 120 Ausstellern und Bloggern statt.<\/p>\n\n\n\n<p>Passend zum Thema <strong>Social Media, Reiseblogger &amp; Co.<\/strong> gab es auch besondere <strong>Reiseblogger-Treffen<\/strong> oder auch die Veranstaltung von Travelbook (von Bild.de) im B\u00fcro von Boomads in der N\u00e4he des Friedrichstadtpalastes. Hier trafen sich die eingetragenen Autoren vom Travelbook Blogstars zum Fr\u00fchst\u00fcck inklusive Austausch und Mini-Seo-Workshop mit Maximilian Muhr \u2013 Head of SEO bei Bild.de. Er nahm uns mit auf eine besondere Reise (im Oldtimer Bus) durch Berlin.<\/p>\n\n\n\n<figure class=\"wp-block-image size-full\"><img loading=\"lazy\" decoding=\"async\" width=\"734\" height=\"1000\" src=\"https:\/\/www.spaness.de\/blog\/wp-content\/uploads\/MaxBerlin2-1.jpg\" alt=\"Mini-Seo-Workshop mit Max\" class=\"img-responsive wp-image-8929\" srcset=\"https:\/\/www.spaness.de\/blog\/wp-content\/uploads\/MaxBerlin2-1.jpg 734w, https:\/\/www.spaness.de\/blog\/wp-content\/uploads\/MaxBerlin2-1-220x300.jpg 220w\" sizes=\"auto, (max-width: 734px) 100vw, 734px\" \/><figcaption class=\"wp-element-caption\">Mini-Seo-Workshop mit Max<\/figcaption><\/figure>\n\n\n\n<p>Blogger berichten einfach anders \u00fcber ihre Reisen als klassische Redakteure und Journalisten und werden daher bei den Usern immer beliebter. Kein Wunder, das sich diese Gruppe der Reisenden auch immer weiter vernetzt und austauscht.<\/p>\n\n\n\n<p>In einigen L\u00e4ndern <strong>geh\u00f6ren die Blogger l\u00e4ngst zur umfassenden Marketing-Kommunikation\/Strategie<\/strong>. In Deutschland haben viele Reise anbieter und Veranstalter tats\u00e4chlich noch nicht mit diesem Kanal gearbeitet. Zahlreiche Gespr\u00e4che haben uns aber gezeigt, dass das Interesse auf alle F\u00e4lle vorhanden ist \u2013 und zwar von beiden Seiten. Sowohl von Bloggern als auch deutschen Reiseanbietern.<\/p>\n\n\n\n<p>Doch auch <strong>Privatpersonen lieben die ITB<\/strong>. Ab Freitag durften auch Endkunden (und nicht nur Fachbesucher die Messe erobern). Am 08. und 09. M\u00e4rz 2014 waren zus\u00e4tzlich noch rund <strong>60.000 Privatbesucher<\/strong> auf der Reisemesse unterwegs, um die (zum Teil wirdklich) bunten Ausstellerst\u00e4nde zu bestaunen und nat\u00fcrlich um sich f\u00fcr den n\u00e4chsten Urlaub inspirieren zu lassen. Denn ein Besuch auf der Reisemesse lohnt sich einfach f\u00fcr alle Reisefreunde und Reisefans immer \u2013 und immer wieder!<\/p>\n\n\n\n<figure class=\"wp-block-image size-full\"><img loading=\"lazy\" decoding=\"async\" width=\"522\" height=\"350\" src=\"https:\/\/www.spaness.de\/blog\/wp-content\/uploads\/ITB_Sonja-1.jpg\" alt=\"Reiseblogger-Begegnungen auf der ITB - Sonja von Jo Igele Reiseblog &amp; Tanja von SPANESS\" class=\"img-responsive wp-image-8932\" srcset=\"https:\/\/www.spaness.de\/blog\/wp-content\/uploads\/ITB_Sonja-1.jpg 522w, https:\/\/www.spaness.de\/blog\/wp-content\/uploads\/ITB_Sonja-1-300x201.jpg 300w\" sizes=\"auto, (max-width: 522px) 100vw, 522px\" \/><figcaption class=\"wp-element-caption\">Sonja von Jo Igele Reiseblog &amp; Tanja von SPANESS<\/figcaption><\/figure>\n\n\n\n<p>Die n\u00e4chste ITB in Berlin findet vom 4. bis zum 8. M\u00e4rz 2015 statt. Offizielles Partnerland ist dann die Mongolei. Wir freuen uns jetzt schon wieder \u2013 denn wie bereits erw\u00e4hnt <em>\u201enach der ITB ist f\u00fcr alle Touristiker einfach auch immer vor der ITB\u201c<\/em>. <\/p>\n\n\n\n<hr class=\"wp-block-separator has-alpha-channel-opacity\"\/>\n\n\n\n<h2 class=\"wp-block-heading\">ITB 2012: in Berlin &#8211; Ausblicke<\/h2>\n\n\n\n<p>In wenigen Tagen ist es wieder so weit, die <strong><a href=\"http:\/\/www.itb-berlin.de\/\" target=\"_blank\" rel=\"noreferrer noopener nofollow\" class=\"external\">ITB in Berlin<\/a><\/strong> \u00f6ffnet die T\u00fcren. Vom <strong>6. M\u00e4rz bis 9. M\u00e4rz <\/strong>werden auch wir von SPANESS vor Ort sein und uns \u00fcber die neusten <strong>Wellness- und Urlaubstrends <\/strong>informieren.<\/p>\n\n\n\n<p>Rund um die <strong>ITB<\/strong> finden auch immer sehr viele begleitende, interessante Veranstaltungen statt \u2013 z.B. findet zum<strong> 17. Mal der Senses Award <\/strong>statt. Hier werden am 08. M\u00e4rz die besten <strong>Luxushotels und Lifestyle Resorts<\/strong> und nat\u00fcrlich auch besondere Einzelpersonen aus diesem Themenbereich mit einer Auszeichnung begl\u00fcckt. In diesem Jahr l\u00e4dt SENSES-Initiatorin und Chefredakteurin Dr. Peggy Bien neben handverlesenen G\u00e4sten aus Hotellerie und Wellness auch Stars aus Film\/TV, sowie Prominente aus Politik, Wirtschaft und Adel ein. Zu diesem Anlass ist eine glamour\u00f6se, deutsch-russische Freundschaftsgala an einem besonderen Ort, dem Russischen Haus f\u00fcr Wissenschaft und Kultur in Berlin Mitte, geplant.<\/p>\n\n\n\n<p>Erstmalig wird in diesem Jahr eine Verleihung des <strong>SENSES AWARDS<\/strong> an einen einzelnen K\u00fcnstler ausgesprochen: In der Kategorie VISIONS wird der Wiener K\u00fcnstler und Wahrnehmungsforscher sha. von der Jury in Berlin <em>\u00bbf\u00fcr seine vision\u00e4ren Beitr\u00e4ge zum Thema Wahrnehmung\u00ab <\/em>und den Einfluss seiner Innovationen auf die <strong>Spa-Community<\/strong> ausgezeichnet. sha. pr\u00e4sentiert sich mit einer \u00dcberraschungsperformance und einer Ausstellung seiner multisensorischen Liegeobjekte im Russischen Haus. <\/p>\n\n\n\n<p>Nur 3 Tage sp\u00e4ter folgt f\u00fcr diese K\u00fcnstler eine weitere begehrte Branchenanerkennung\/Auszeichnung. Der <strong>STAR AWARD 2012 <\/strong>in Hamburg. Diese Veranstaltung wird initiiert vom f\u00fchrenden deutschsprachigen Hotelfachmagazin \u00bbTop Hotel\u00ab. Im Rahmen der <strong>INTERNORGA<\/strong> bekommt sha. gleich in zwei Kategorien diese begehrte Auszeichnung verliehen.<\/p>\n\n\n\n<p>Wir werden nat\u00fcrlich nach unserer R\u00fcckkehr aus Berlin mehr \u00fcber die neusten Trends und unsere Eindr\u00fccke und Erlebnisse berichten.<\/p>\n\n\n\n<p class=\"has-very-light-gray-to-cyan-bluish-gray-gradient-background has-background\">Mehr zur alphaliege: In unserem Artikel \u201e<a href=\"https:\/\/www.spaness.de\/blog\/alphaliege-alphasphere\/\" target=\"_blank\" rel=\"noreferrer noopener\">Ein Raumschiff f\u00fcr die Reise nach Innen<\/a>\u201e<\/p>\n\n\n\n<p>___<\/p>\n\n\n\n<p><strong>Nachberichte der ITB:<\/strong><\/p>\n\n\n\n<p><\/p>\n\n\n\n<ul class=\"wp-block-list\">\n<li><a title=\"Seetel sucht den Superazubi\" href=\"https:\/\/www.spaness.de\/blog\/seetel-sucht-den-superazubi\/\" target=\"_blank\" rel=\"noopener\">Willy Scharnow Preis f\u00fcr Seetel Hotels &#8211; Verleihung auf der ITB 2014<\/a><\/li>\n\n\n\n<li>ITB 2012 &#8211; <a title=\"Der Wellness-Bummler startet seine T\u00e4tigkeit mit der ITB 2012\" href=\"https:\/\/www.spaness.de\/blog\/wellnessbummler\/\" target=\"_blank\" rel=\"noopener\">Der Wellness-Bummler erblickt das Licht der Welt<\/a><\/li>\n<\/ul>\n","protected":false},"excerpt":{"rendered":"<p>Die ITB Berlin gilt seit Jahrzehnten als der wichtigste Treffpunkt der internationalen Reise- und Tourismusbranche. Als weltweit f\u00fchrende Tourismusmesse setzt sie Jahr f\u00fcr Jahr Impulse f\u00fcr Destinationen, Hotels, Spa- und Wellnessanbieter, Technologiepartner und Reiseveranstalter. In diesem Artikel b\u00fcndeln wir alle Berichte, Trends und Eindr\u00fccke rund um die ITB<\/p>\n","protected":false},"author":2,"featured_media":8927,"comment_status":"open","ping_status":"open","sticky":false,"template":"","format":"standard","meta":{"footnotes":""},"categories":[13],"tags":[47,74,75,87,98],"class_list":["post-1160","post","type-post","status-publish","format-standard","has-post-thumbnail","hentry","category-urlaub","tag-ferien","tag-kurzurlaub","tag-last-minute-reise","tag-naturtourismus","tag-reisetrend"],"_links":{"self":[{"href":"https:\/\/www.spaness.de\/blog\/wp-json\/wp\/v2\/posts\/1160","targetHints":{"allow":["GET"]}}],"collection":[{"href":"https:\/\/www.spaness.de\/blog\/wp-json\/wp\/v2\/posts"}],"about":[{"href":"https:\/\/www.spaness.de\/blog\/wp-json\/wp\/v2\/types\/post"}],"author":[{"embeddable":true,"href":"https:\/\/www.spaness.de\/blog\/wp-json\/wp\/v2\/users\/2"}],"replies":[{"embeddable":true,"href":"https:\/\/www.spaness.de\/blog\/wp-json\/wp\/v2\/comments?post=1160"}],"version-history":[{"count":31,"href":"https:\/\/www.spaness.de\/blog\/wp-json\/wp\/v2\/posts\/1160\/revisions"}],"predecessor-version":[{"id":69389,"href":"https:\/\/www.spaness.de\/blog\/wp-json\/wp\/v2\/posts\/1160\/revisions\/69389"}],"wp:featuredmedia":[{"embeddable":true,"href":"https:\/\/www.spaness.de\/blog\/wp-json\/wp\/v2\/media\/8927"}],"wp:attachment":[{"href":"https:\/\/www.spaness.de\/blog\/wp-json\/wp\/v2\/media?parent=1160"}],"wp:term":[{"taxonomy":"category","embeddable":true,"href":"https:\/\/www.spaness.de\/blog\/wp-json\/wp\/v2\/categories?post=1160"},{"taxonomy":"post_tag","embeddable":true,"href":"https:\/\/www.spaness.de\/blog\/wp-json\/wp\/v2\/tags?post=1160"}],"curies":[{"name":"wp","href":"https:\/\/api.w.org\/{rel}","templated":true}]}}