{"id":13723,"date":"2016-04-26T15:21:08","date_gmt":"2016-04-26T13:21:08","guid":{"rendered":"http:\/\/www.spaness.de\/blog\/?p=13723"},"modified":"2020-06-03T14:22:06","modified_gmt":"2020-06-03T12:22:06","slug":"martje-salje-tuermerin-muenster","status":"publish","type":"post","link":"https:\/\/www.spaness.de\/blog\/martje-salje-tuermerin-muenster\/","title":{"rendered":"Ich habe in M\u00fcnster meine Heimat gefunden &#8211; 5 Fragen an Martje Salje; T\u00fcrmerin in M\u00fcnster"},"content":{"rendered":"<p><strong>Ein Highlight w\u00e4hrend meiner Auszeit und <a href=\"https:\/\/www.spaness.de\/blog\/kurzurlaub-muenster\/\" target=\"_blank\" rel=\"noopener noreferrer\">Stadterkundung in M\u00fcnster<\/a> war ein Treffen mit der T\u00fcrmerin &#8222;Martje&#8220; und nat\u00fcrlich auch die M\u00f6glichkeit, vom Turm der Lambertikirche auf die n\u00e4chtliche Stadt zu werfen. Wir trafen uns um 20.30 Uhr am Fu\u00df der Lambertikirche und dann ging es schlappe 300 Stufen hinauf in den Turm. Zwischendurch machten wir immer mal wieder halt, damit Martje mir ein wenig zur Geschichte der Kirche und nat\u00fcrlich auch zur Geschichte M\u00fcnsters erz\u00e4hlen konnte. Insgesamt verbrachte ich interessante, informative und vor allen Dingen ganz private 1,5 Stunden bei Tee und guten Gespr\u00e4chen mit Martje auf &#8222;ihrem&#8220; Turm.<\/strong><\/p>\n<div id=\"attachment_13646\" class=\"img-container clear-fix imgcenter\"><a href=\"https:\/\/www.spaness.de\/blog\/kurzurlaub-muenster\/dsc04981\/\" rel=\"attachment wp-att-13646\"><img loading=\"lazy\" decoding=\"async\" class=\"img-responsive img-responsive img-responsive wp-image-13646\" src=\"https:\/\/www.spaness.de\/blog\/wp-content\/uploads\/DSC04981-683x1024.jpg\" alt=\"Lambertikirche\" width=\"683\" height=\"1024\" srcset=\"https:\/\/www.spaness.de\/blog\/wp-content\/uploads\/DSC04981-683x1024.jpg 683w, https:\/\/www.spaness.de\/blog\/wp-content\/uploads\/DSC04981-200x300.jpg 200w, https:\/\/www.spaness.de\/blog\/wp-content\/uploads\/DSC04981.jpg 854w\" sizes=\"auto, (max-width: 683px) 100vw, 683px\" \/><\/a><h5 class=\"text-center\">Lambertikirche<\/h5><\/div>\n<div id=\"attachment_13728\" class=\"img-container clear-fix imgcenter\"><a href=\"https:\/\/www.spaness.de\/blog\/martje-salje-tuermerin-muenster\/dsc04988\/\" rel=\"attachment wp-att-13728\"><img loading=\"lazy\" decoding=\"async\" class=\"img-responsive img-responsive img-responsive wp-image-13728\" src=\"https:\/\/www.spaness.de\/blog\/wp-content\/uploads\/DSC04988-683x1024.jpg\" alt=\"Auf dem Weg nach oben - mit T\u00fcrmerin Martje\" width=\"683\" height=\"1024\" srcset=\"https:\/\/www.spaness.de\/blog\/wp-content\/uploads\/DSC04988-683x1024.jpg 683w, https:\/\/www.spaness.de\/blog\/wp-content\/uploads\/DSC04988-200x300.jpg 200w, https:\/\/www.spaness.de\/blog\/wp-content\/uploads\/DSC04988.jpg 854w\" sizes=\"auto, (max-width: 683px) 100vw, 683px\" \/><\/a><h5 class=\"text-center\">Auf dem Weg nach oben &#8211; mit T\u00fcrmerin Martje<\/h5><\/div>\n<blockquote><p>Auf dem Weg nach oben, kommen wir an den Wiedert\u00e4uferk\u00f6rben vorbei (die sind auch von unten gut sichtbar). Was hat es mit den K\u00f6rben eigentlich auf sich?<\/p><\/blockquote>\n<p>Die drei K\u00f6rbe, die am Turm der Lambertikirche h\u00e4ngen, waren f\u00fcr die 3 Anf\u00fchrer der Wiedert\u00e4ufer gedacht. Die Wiedert\u00e4ufer waren eine gef\u00e4hrliche Sekte. Angefertigt wurden die K\u00f6rbe 1535 &#8211; am Turm der Lambertikirche h\u00e4ngen auch wirklich immer noch die original K\u00f6rbe. Was dann aber kam, war dann doch etwas sehr blutr\u00fcnstig, denn die Verurteilten Wiedert\u00e4ufer-Anf\u00fchrer wurden hingrichtet. Ihnen wurde wohl das Fleisch bei lebendigem Leibe von den Knochen gezogen. Die Vollstreckung erfolgte im Januar 1536. Die toten K\u00f6rper wurden dann in den K\u00f6rben, am Kirchturm, zur Schau gestellt. Der Legende nach, wurden die K\u00f6rper dann einfach der Witterung \u00fcberlassen. Noch 1585 sollen Knochen in den K\u00f6rben gelegen haben. Schon ein wenig gruselig diese Geschichte.<\/p>\n<p>1881 hat man die K\u00f6rbe dann \u00fcbrigens einmal vom Turm genommen, um den Turm zu reparieren. Denn der Turm war etwas bauf\u00e4llig geworden. Bei einem Bombenangriff 1944 wurde dann ein Korb besch\u00e4digt, denn er st\u00fcrzte sogar in die Tiefe. Bei dem Angriff bekam auch die Lambertikirche etwas ab. 1948 wurden die K\u00f6rbe dann wieder aufgeh\u00e4ngt, nach den Reparaturarbeiten an der Kirche.<\/p>\n<div id=\"attachment_13730\" class=\"img-container clear-fix imgcenter\"><a href=\"https:\/\/www.spaness.de\/blog\/martje-salje-tuermerin-muenster\/dsc04991-2\/\" rel=\"attachment wp-att-13730\"><img loading=\"lazy\" decoding=\"async\" class=\"img-responsive img-responsive img-responsive wp-image-13730\" src=\"https:\/\/www.spaness.de\/blog\/wp-content\/uploads\/DSC04991-1-1024x683.jpg\" alt=\"Die Wiedert\u00e4ufer-K\u00f6rbe\" width=\"1024\" height=\"683\" srcset=\"https:\/\/www.spaness.de\/blog\/wp-content\/uploads\/DSC04991-1-1024x683.jpg 1024w, https:\/\/www.spaness.de\/blog\/wp-content\/uploads\/DSC04991-1-300x200.jpg 300w, https:\/\/www.spaness.de\/blog\/wp-content\/uploads\/DSC04991-1.jpg 1280w\" sizes=\"auto, (max-width: 1024px) 100vw, 1024px\" \/><\/a><h5 class=\"text-center\">Die Wiedert\u00e4ufer-K\u00f6rbe<\/h5><\/div>\n<blockquote><p>T\u00fcrmer stellt man sich ja irgendwie anders vor. Seit wann bist du T\u00fcrmerin der Lambertikirche und wie wird man so etwas eigentlich?<\/p><\/blockquote>\n<p>So ein Job wird tats\u00e4chlich ausgeschrieben. Darauf hab ich mich einfach beworben, wurde eingeladen und dann war ich pl\u00f6tzlich T\u00fcrmerin in M\u00fcnster. Ich komme eigentlich aus Niedersachsen. Bevor es nach M\u00fcnster ging, hab ich in Odenburg gelebt. F\u00fcr mich ist Oldenburg ja sogar etwas mit M\u00fcnster vergleichbar. Daher hab ich mich wohl auch gleich sehr wohl in M\u00fcnster gef\u00fchlt. Ich hab vorher als Lehrerin, Historikerin und Musikerin gearbeitet. Ich bin jetzt T\u00fcrmerin seit 2014. Ich liebe den Job. Eigentlich hab ich einen Tag in der Woche frei. Doch ich hab mich schon dabei erwischt, dass ich dann trotzdem nachs pl\u00f6tzlich vor Turm und Kirche stand.<\/p>\n<p>Als T\u00fcrmerin bin ich bei der Stadt M\u00fcnster angestellt, nicht bei der Kirche. Daher ist es auch eigentlich egal, welcher Konfession der T\u00fcrmer angeh\u00f6rt. Ich &#8222;mu\u00df&#8220; auch tats\u00e4chlich Urlaub nehmen. In der Zeit werde ich dann vertreten von einem Kollegen.<\/p>\n<div id=\"attachment_13734\" class=\"img-container clear-fix imgcenter\"><a href=\"https:\/\/www.spaness.de\/blog\/martje-salje-tuermerin-muenster\/dsc04999\/\" rel=\"attachment wp-att-13734\"><img loading=\"lazy\" decoding=\"async\" class=\"img-responsive img-responsive img-responsive wp-image-13734\" src=\"https:\/\/www.spaness.de\/blog\/wp-content\/uploads\/DSC04999-1024x683.jpg\" alt=\"Martje bl\u00e4st ins Horn\" width=\"1024\" height=\"683\" srcset=\"https:\/\/www.spaness.de\/blog\/wp-content\/uploads\/DSC04999-1024x683.jpg 1024w, https:\/\/www.spaness.de\/blog\/wp-content\/uploads\/DSC04999-300x200.jpg 300w, https:\/\/www.spaness.de\/blog\/wp-content\/uploads\/DSC04999.jpg 1280w\" sizes=\"auto, (max-width: 1024px) 100vw, 1024px\" \/><\/a><h5 class=\"text-center\">Martje bl\u00e4st ins Turmhorn<\/h5><\/div>\n<blockquote><p>Meistens bist du ja ganz alleine hier oben auf dem Turm. Ist das nicht ab und zu langweilig? Was machst du, um dir die Zeit zu vertreiben?<\/p><\/blockquote>\n<p>Ehrlich gesagt, hab ich mich bisher noch nicht gelangweilt. Ich genie\u00dfe es hier oben. Um 20.30 Uhr geht t\u00e4glich rauf auf den Turm. Oben angekommen, mu\u00df ich einmal die Feuerwehr anrufen und Bescheid geben, dass ich &#8222;gesund&#8220; oben angekommen bin. Bleibt der Anruf aus, so w\u00fcrden die jemanden schicken, der nach dem Rechten sieht.<\/p>\n<p>Alle halbe Stunde, ab 21 Uhr, blase ich dann (immer nur einen Ton) in das Horn und zwar auf jeder Turmseite. Ich gebe dann z.B. auch Lichtzeichen. Der kleine Rundgang dauert immer rund 5 Minuten. Dann gehts zur\u00fcck in die T\u00fcrmerstube oder ich verweile noch ein wenig auf dem schmalen Turmrundgang. Die freie Zeit zwischen den Signalt\u00f6nen nutze ich zum Lesen oder zum Musik machen. Ich spiele neben dem Turmhorn n\u00e4mlich auch Klavier, E-Bass, Gitarre, Fl\u00f6te, Kontrabass, Mandoline und Laute. Und oben drauf gibt es auch meinen <a href=\"https:\/\/www.facebook.com\/tuermerinvonmuenster\/\" target=\"_blank\" rel=\"noopener noreferrer nofollow\" class=\"external\">T\u00fcrmer-Blog und eine T\u00fcrmer-Facebook-Fanpage<\/a>. Da ist immer was zu tun. Langweilig wurde mir bisher wirklich noch nicht. (Martje lacht)<\/p>\n<div id=\"attachment_13732\" class=\"img-container clear-fix imgcenter\"><a href=\"https:\/\/www.spaness.de\/blog\/martje-salje-tuermerin-muenster\/dsc04997\/\" rel=\"attachment wp-att-13732\"><img loading=\"lazy\" decoding=\"async\" class=\"img-responsive img-responsive img-responsive wp-image-13732\" src=\"https:\/\/www.spaness.de\/blog\/wp-content\/uploads\/DSC04997-1024x683.jpg\" alt=\"Martje auf ihrem Turm\" width=\"1024\" height=\"683\" srcset=\"https:\/\/www.spaness.de\/blog\/wp-content\/uploads\/DSC04997-1024x683.jpg 1024w, https:\/\/www.spaness.de\/blog\/wp-content\/uploads\/DSC04997-300x200.jpg 300w, https:\/\/www.spaness.de\/blog\/wp-content\/uploads\/DSC04997.jpg 1280w\" sizes=\"auto, (max-width: 1024px) 100vw, 1024px\" \/><\/a><h5 class=\"text-center\">Martje auf ihrem Turm<\/h5><\/div>\n<blockquote><p>Welche Aufgaben hat denn eine T\u00fcrmerin in M\u00fcnster?<\/p><\/blockquote>\n<p>Nat\u00fcrlich erst einmal p\u00fcnktlich, 6 Tage die Woche, von <del>9<\/del> 21 Uhr bis Mitternacht das Turmhorn zu blasen. Und auch wirklich vom Turm Ausschau zu halten &#8211; z.B. ob ich ein Feuer in der Ferne sehen kann. Das w\u00fcrde ich dann n\u00e4mlich direkt bei der Feuerwehr melden. Aber ich bin auch unterwegs, z.B. in Schulen, dort erz\u00e4hle ich den Kindern &#8222;was eine T\u00fcrmerin so tut&#8220;. Und nat\u00fcrlich habe ich immer mal wieder auch Pressetermine &#8211; so wie wir jetzt. Au\u00dferdem m\u00f6chte ich selber, nach und nach, auch andere T\u00fcrmer in Deutschland und auch weltweit kennenlernen und mich mit ihnen austauschen.<\/p>\n<p>Oft stehen auch, wenn ich gegen Mitternacht Feierabend habe, Studenten abends am Turm. Sie wollen dann doch noch mal ein Wort mit der T\u00fcrmerin wechseln. Der T\u00fcrmer geh\u00f6rt nun einmal seit \u00fcber 600 Jahren zum Stadtbild. Das erste Mal wurde der T\u00fcrmer 1383, in den Unterlagen, erw\u00e4hnt.<\/p>\n<div id=\"attachment_13731\" class=\"img-container clear-fix imgcenter\"><a href=\"https:\/\/www.spaness.de\/blog\/martje-salje-tuermerin-muenster\/dsc04996\/\" rel=\"attachment wp-att-13731\"><img loading=\"lazy\" decoding=\"async\" class=\"img-responsive img-responsive img-responsive wp-image-13731\" src=\"https:\/\/www.spaness.de\/blog\/wp-content\/uploads\/DSC04996-683x1024.jpg\" alt=\"Die Glocke im Turm der Lambertikirche\" width=\"683\" height=\"1024\" srcset=\"https:\/\/www.spaness.de\/blog\/wp-content\/uploads\/DSC04996-683x1024.jpg 683w, https:\/\/www.spaness.de\/blog\/wp-content\/uploads\/DSC04996-200x300.jpg 200w, https:\/\/www.spaness.de\/blog\/wp-content\/uploads\/DSC04996.jpg 854w\" sizes=\"auto, (max-width: 683px) 100vw, 683px\" \/><\/a><h5 class=\"text-center\">Die Glocke im Turm der Lambertikirche<\/h5><\/div>\n<blockquote><p>Was machts du in deiner Freizeit &#8211; also wenn du nicht auf dem Turm oder f\u00fcr den Turm arbeitest?<\/p><\/blockquote>\n<p>Ich liebe Musik und zwar alles zum Thema Musik. Selber Instrumente spiele oder auch Musikst\u00fccke schreiben. Ich lese gern. Das kann ich auch alles immer super auf dem Turm praktizieren. Zus\u00e4tzlich koche und esse ich gern. Das wird hier oben nat\u00fcrlich schon etwas schwieriger. Ich mag Ausdauersport und ich f\u00fchre gern gute Gespr\u00e4che. Bevor ich T\u00fcrmerin wurde, bin ich auch viel gereist.<\/p>\n<p>&nbsp;<\/p>\n<p><em>Es war mir eine gro\u00dfe Freude und Ehre, dass ich die Martje treffen und begleiten durfte. Auch meine liebe Blogger-Kollegin Monika von Entdeckergreise durfte bereits mit Martje auf den Turm. Ihr wollt mehr zur T\u00fcrmerin wissen? Dann lest doch auch mal in <a href=\"http:\/\/entdecker-greise.de\/mein-muensterhighlight-ein-treffen-mit-der-tuermerin\/\" target=\"_blank\" rel=\"noopener noreferrer nofollow\" class=\"external\">Monikas T\u00fcrmermin-Bericht<\/a> rein.<\/em><\/p>\n<p>___<\/p>\n<p><strong>Lust auf noch mehr interessante Menschen im Gespr\u00e4ch:<br \/>\n<\/strong><\/p>\n<ul>\n<li><a href=\"https:\/\/www.spaness.de\/blog\/wellness-dilemma-perfektes-spa-oder-top-behandler\/\" target=\"_blank\" rel=\"noopener noreferrer\">Im Gespr\u00e4ch mit Dr. Veronika Moll &#8211; ihr Vater erfand das Gewichtsbad<\/a><\/li>\n<li><a href=\"https:\/\/www.spaness.de\/blog\/interview-teamchef-deutsche-nationalmannschaft-der-koeche\/\" target=\"_blank\" rel=\"noopener noreferrer\">Im Gespr\u00e4ch mit Matthias Kleber &#8211; Teamchef der deutschen K\u00f6chenationalmannschaft<\/a><\/li>\n<li><a href=\"https:\/\/www.spaness.de\/blog\/fasten-resort-mark-brandenburg\/\" target=\"_blank\" rel=\"noopener noreferrer\">Von der Radiomoderatorin zur Fastenleiterin &#8211; wie geht das?<\/a><\/li>\n<\/ul>\n<p>&nbsp;<\/p>\n<p>&nbsp;<\/p>\n","protected":false},"excerpt":{"rendered":"<p>Ein Highlight w\u00e4hrend meiner Auszeit und Stadterkundung in M\u00fcnster war ein Treffen mit der T\u00fcrmerin &#8222;Martje&#8220; und nat\u00fcrlich auch die M\u00f6glichkeit, vom Turm der Lambertikirche auf die n\u00e4chtliche Stadt zu werfen. Wir trafen uns um 20.30 Uhr am Fu\u00df der Lambertikirche und dann ging es schlappe 300 Stufen hinauf in&#8230;<\/p>\n","protected":false},"author":2,"featured_media":13733,"comment_status":"open","ping_status":"open","sticky":false,"template":"","format":"standard","meta":{"footnotes":""},"categories":[7,219,295,14],"tags":[74,96,181,207],"class_list":["post-13723","post","type-post","status-publish","format-standard","has-post-thumbnail","hentry","category-interview","category-nrw-reisen","category-staedtetrips","category-urlaub-in-deutschland","tag-kurzurlaub","tag-reiseblogger","tag-staedtetrip","tag-staedtetrip-deutschland"],"_links":{"self":[{"href":"https:\/\/www.spaness.de\/blog\/wp-json\/wp\/v2\/posts\/13723","targetHints":{"allow":["GET"]}}],"collection":[{"href":"https:\/\/www.spaness.de\/blog\/wp-json\/wp\/v2\/posts"}],"about":[{"href":"https:\/\/www.spaness.de\/blog\/wp-json\/wp\/v2\/types\/post"}],"author":[{"embeddable":true,"href":"https:\/\/www.spaness.de\/blog\/wp-json\/wp\/v2\/users\/2"}],"replies":[{"embeddable":true,"href":"https:\/\/www.spaness.de\/blog\/wp-json\/wp\/v2\/comments?post=13723"}],"version-history":[{"count":18,"href":"https:\/\/www.spaness.de\/blog\/wp-json\/wp\/v2\/posts\/13723\/revisions"}],"predecessor-version":[{"id":31551,"href":"https:\/\/www.spaness.de\/blog\/wp-json\/wp\/v2\/posts\/13723\/revisions\/31551"}],"wp:featuredmedia":[{"embeddable":true,"href":"https:\/\/www.spaness.de\/blog\/wp-json\/wp\/v2\/media\/13733"}],"wp:attachment":[{"href":"https:\/\/www.spaness.de\/blog\/wp-json\/wp\/v2\/media?parent=13723"}],"wp:term":[{"taxonomy":"category","embeddable":true,"href":"https:\/\/www.spaness.de\/blog\/wp-json\/wp\/v2\/categories?post=13723"},{"taxonomy":"post_tag","embeddable":true,"href":"https:\/\/www.spaness.de\/blog\/wp-json\/wp\/v2\/tags?post=13723"}],"curies":[{"name":"wp","href":"https:\/\/api.w.org\/{rel}","templated":true}]}}