{"id":13955,"date":"2016-05-14T11:02:43","date_gmt":"2016-05-14T09:02:43","guid":{"rendered":"http:\/\/www.spaness.de\/blog\/?p=13955"},"modified":"2017-12-20T13:19:35","modified_gmt":"2017-12-20T12:19:35","slug":"10-reisetipps-mittsommernacht","status":"publish","type":"post","link":"https:\/\/www.spaness.de\/blog\/10-reisetipps-mittsommernacht\/","title":{"rendered":"10 Reisetipps zur Mittsommernacht"},"content":{"rendered":"<p><strong>Mitte Juni &#8211; wird in vielen L\u00e4ndern Mittsommer gefeiert. Gefeiert werden in dieser Zeit die l\u00e4ngsten Tage des Jahres. Denn bis Mitte Juni werden die Tage, jeden Tag etwas l\u00e4nger. Ist Mittsommer dann vorbei, dann gehts andersrum. Die Tage werden eben merklich k\u00fcrzer. In vielen Geschichten und Sagen hei\u00dft es, alles ist in dieser Zeit m\u00f6glich. Ich bin \u00fcbrigens ein Mittsommerkind, ich habe immer in dieser Zeitspanne Geburstag. Ich bin selten in dieser Zeit m\u00fcde und ich verreise sehr gern in dieser Zeit&#8230; alles ist eben m\u00f6glich!<br \/>\n<\/strong><\/p>\n<div id=\"attachment_11863\" class=\"img-container clear-fix imgcenter\"><a href=\"https:\/\/www.spaness.de\/blog\/urlaub-auf-ruegen-lindner-hotel-spa\/dsc03292\/\" rel=\"attachment wp-att-11863\"><img loading=\"lazy\" decoding=\"async\" class=\"img-responsive img-responsive img-responsive wp-image-11863\" src=\"https:\/\/www.spaness.de\/blog\/wp-content\/uploads\/DSC03292-1-1024x683.jpg\" alt=\"Sonnenuntergang am Bodden - im Lindner Hotel &amp; Spa R\u00fcgen\" width=\"1024\" height=\"683\" srcset=\"https:\/\/www.spaness.de\/blog\/wp-content\/uploads\/DSC03292-1-1024x683.jpg 1024w, https:\/\/www.spaness.de\/blog\/wp-content\/uploads\/DSC03292-1-300x200.jpg 300w, https:\/\/www.spaness.de\/blog\/wp-content\/uploads\/DSC03292-1.jpg 1280w\" sizes=\"auto, (max-width: 1024px) 100vw, 1024px\" \/><\/a><h5 class=\"text-center\">10 sagenhafte Mittsommer &#8211; Reiseziele<\/h5><\/div>\n<h2>10 Reiseziele um Mittsommernacht zu feiern&#8230;<\/h2>\n<p><strong>&#8230;doch wann genau ist Mittsommernacht eigenlich?<\/strong><\/p>\n<p>Die l\u00e4ngsten Tage des Jahres finden Mitte Juni statt. Je nach Region sind die Tage nat\u00fcrlich jeweils l\u00e4nger oder k\u00fcrzer. Je h\u00f6her es in den Norden geht, desto k\u00fcrzer werden im Sommer die N\u00e4chte. Es gibt bekannterweise ja auch Regionen, in denen es im Sommer fast \u00fcberhaupt nicht dunkel wird. Terminlich wird Mittsommer in der Zeit zwischen dem 20.06. und dem 26.06. eingeordnet. Wobei der l\u00e4ngste Tag tats\u00e4chlich vom 20.06. auf den 21.06. erfolgt.<\/p>\n<p>Schon der Mittsommernachtstraum von Shakespeare widmete sich dieser besonderen Zeit im Jahr. Es hie\u00df, die kurzen N\u00e4chte w\u00e4ren magisch. Elfen und Trolle tanzen und der Morgentau, in dieser Zeit, h\u00e4tte eine heilende Wirkung. In anderen Mythen wird den Pflanzen in dieser Zeit eine magisch Wirkung zugesprochen. Eine andere Geschichte besagt, M\u00e4dchen sollten 7 Blumen, von 7 unterschiedlichen Wiesen pfl\u00fccken und die dann unter dem Kopfkissen verstecken. Dann w\u00fcrden sie, in der magischen Mittsommerzeit, vom zuk\u00fcnftigen Ehemann tr\u00e4umen.<\/p>\n<p>Lust auf eine paar <a href=\"https:\/\/www.spaness.de\/blog\/category\/urlaub\/\" target=\"_blank\">Reiseideen, Reiseziele und Reiseregionen<\/a> f\u00fcr einen eigenen, echten Mittsommernachtstraum?<\/p>\n<div id=\"attachment_13963\" class=\"img-container clear-fix imgcenter\"><a href=\"https:\/\/www.spaness.de\/blog\/10-reisetipps-mittsommernacht\/imgp0268\/\" rel=\"attachment wp-att-13963\"><img loading=\"lazy\" decoding=\"async\" class=\"img-responsive img-responsive img-responsive wp-image-13963\" src=\"https:\/\/www.spaness.de\/blog\/wp-content\/uploads\/IMGP0268-1024x768.jpg\" alt=\"Fast alle nordischen L\u00e4ndern feiern Mittsommer\" width=\"1024\" height=\"768\" srcset=\"https:\/\/www.spaness.de\/blog\/wp-content\/uploads\/IMGP0268-1024x768.jpg 1024w, https:\/\/www.spaness.de\/blog\/wp-content\/uploads\/IMGP0268-300x225.jpg 300w, https:\/\/www.spaness.de\/blog\/wp-content\/uploads\/IMGP0268-407x305.jpg 407w\" sizes=\"auto, (max-width: 1024px) 100vw, 1024px\" \/><\/a><h5 class=\"text-center\">Im Norden am Meer &#8211; Fast alle nordischen L\u00e4ndern feiern Mittsommer<\/h5><\/div>\n<h3>Midsommar in Schweden<\/h3>\n<p>Das Mittsommerfest wird besonders intensiv in L\u00e4ndern gefeiert, in denen es zu dieser Jahreszeit fast gar nicht dunkel wird. Skandinavien bezeichnet diese Zeit als Sommersonnenwende. Das h\u00f6rt sich nach einem uralten heidnischen Brauch an&#8230; und ehrlich gesagt, findet es wohl auch genau da seinen Ursprung. Wer also mal hautnah bei einer Sommersonnenwende-Feier dabei sein m\u00f6chte, der sollte unbedingt eine Reise nach Schweden antreten. Denn gleich nach Weihnachten ist Mittsommer hier das gr\u00f6\u00dfte Fest. Die Schweden feiern das Fest immer an dem Samstag, der zwischen dem 20. Juni und dem 26. Juni liegt. Es wird gesungen und getanzt und eine Art Maibaum aufgestellt. Zu Essen gibt es junge Kartoffeln, Hering, Sauerrahm mit Schnittlauch, Kn\u00e4ckebrot, K\u00e4se und nat\u00fcrlich zwischendurch auch mal das ein oder andere Glas Schnaps.<\/p>\n<blockquote><p>Warum nicht auch einfach mal so ein schwedisches Midsommar-Fest zu Hause mit Freunden feiern?<\/p><\/blockquote>\n<h3>Lange Tage und kurze N\u00e4chte in D\u00e4nemark<\/h3>\n<p>In vielen Regionen wurde das heidnische Fest irgendwann zu einem christlichen Fest. So wird in einigen Ecken der Welt der Johannistag gefeiert. In D\u00e4nemark hei\u00dft das Sankt-Hans-Fest. \u00c4hnlich wie bei einem Osterfeuer wird am Vorabend des Sankt-Hans-Fest (am 23.06.) eine Strohhexe verbrannt (doch noch ganz sch\u00f6n heidnisch). Das Johannisfeuer soll b\u00f6se Kr\u00e4fte fernhalten. Wenn das Feuer brennt singen und feiern die D\u00e4nen.<\/p>\n<p>In einigen Regionen D\u00e4nemarks ziehen die Bewohner auch mit Fackeln und Laternen durch die Stra\u00dfen. In einigen Regionen wird auch in D\u00e4nemark ein Baum geschm\u00fcckt.<\/p>\n<blockquote><p>Wer n\u00e4her an \u00d6sterreich dran wohnt, kann dem Johannisfeuer auch in \u00d6sterreich beiwohnen. Denn auch dort findet diese Tradition statt. Und auch die Norweger haben die Johannisfeuer-Tradition \u00fcbernommen.<\/p><\/blockquote>\n<div id=\"attachment_13967\" class=\"img-container clear-fix imgcenter\"><a href=\"https:\/\/www.spaness.de\/blog\/10-reisetipps-mittsommernacht\/img_7758\/\" rel=\"attachment wp-att-13967\"><img loading=\"lazy\" decoding=\"async\" class=\"img-responsive img-responsive img-responsive wp-image-13967\" src=\"https:\/\/www.spaness.de\/blog\/wp-content\/uploads\/IMG_7758-1024x682.jpg\" alt=\"Mittsommernacht D\u00e4nemark\" width=\"1024\" height=\"682\" srcset=\"https:\/\/www.spaness.de\/blog\/wp-content\/uploads\/IMG_7758-1024x682.jpg 1024w, https:\/\/www.spaness.de\/blog\/wp-content\/uploads\/IMG_7758-300x200.jpg 300w, https:\/\/www.spaness.de\/blog\/wp-content\/uploads\/IMG_7758.jpg 1280w\" sizes=\"auto, (max-width: 1024px) 100vw, 1024px\" \/><\/a><h5 class=\"text-center\">Wenn die Tag l\u00e4nger werden &#8211; Mittsommernacht D\u00e4nemark<\/h5><\/div>\n<h3>Lettland Jani &#8211; feiert die Kraft der Elemente und der Fruchtbarkeit<\/h3>\n<p>Mittsommer in Lettland ist der wichtigste Feiertag. Daher wird er hier auch gleich an zwei Tagen hintereinander gefeiert. Am 23.06. und 24.06. Die Letten flechten Kr\u00e4nze und Str\u00e4u\u00dfe aus Gr\u00e4sern, Blumen und Bl\u00e4ttern. Damit schm\u00fccken sie sich selber, aber auch H\u00e4user, R\u00e4ume, Stallungen und Tiere werden damit dekoriert. Im lettischen hei\u00dfen diese Gr\u00e4ser &#8222;janu zales&#8220; und daher stammt auch der Name f\u00fcr das Mittsommerfest der Letten. Das hei\u00dft da n\u00e4mlich &#8222;Jani&#8220;.<\/p>\n<p>Wenn sich die Letten f\u00fcrs Jani rausgeputzt haben, wird K\u00fcmmelk\u00e4se verspeist und Bier getrunken. Zus\u00e4tzlich wird viel gesungen und getanzt. Diese Kombi gleicht einer Segnung der Natur. Denn die Letten feiern an Mittsommer die Hochzeit von Vater Himmel und Mutter Erde und sie sind Dankbar f\u00fcr Fruchtbarkeit von Natur, Tier und Mensch. Nat\u00fcrlich wurde auch dieses Fest irgendwann christlich und aus Vater Himmel &amp; Mutter Erde wurden Mutter und Vater von Johannes (Johannesfest).<\/p>\n<p>Und auch in Lettland wird ein Johannesfeuer angesteckt. Diese d\u00fcrfen aber nicht vor Sonnenaufgang ausgehen. Nach dem alten Glauben wirkt das Johannesfeuer auch reinigend.<\/p>\n<p>Besonders sch\u00f6n ist das Johannesfeuer in Lettland am Strand. Denn hier wird auch angesp\u00fcltes Holz verbrannt. Die Letten wollen somit das Holz in den Naturkreislauf zur\u00fcckgeben &#8211; Erde, Feuer, Luft und Wasser.<\/p>\n<div id=\"attachment_13961\" class=\"img-container clear-fix imgcenter\"><a href=\"https:\/\/www.spaness.de\/blog\/10-reisetipps-mittsommernacht\/imgp0137-2\/\" rel=\"attachment wp-att-13961\"><img loading=\"lazy\" decoding=\"async\" class=\"img-responsive img-responsive img-responsive wp-image-13961\" src=\"https:\/\/www.spaness.de\/blog\/wp-content\/uploads\/IMGP0137-2-1024x768.jpg\" alt=\"Am Strand von Lettland\" width=\"1024\" height=\"768\" srcset=\"https:\/\/www.spaness.de\/blog\/wp-content\/uploads\/IMGP0137-2.jpg 1024w, https:\/\/www.spaness.de\/blog\/wp-content\/uploads\/IMGP0137-2-300x225.jpg 300w, https:\/\/www.spaness.de\/blog\/wp-content\/uploads\/IMGP0137-2-407x305.jpg 407w\" sizes=\"auto, (max-width: 1024px) 100vw, 1024px\" \/><\/a><h5 class=\"text-center\">Reisetipps zur Mittsommernacht am Strand von Lettland<\/h5><\/div>\n<h3>Finnland &#8211; Vakkajuhla, Ukko und heute Juhannus<\/h3>\n<p>Auch in Finnland z\u00e4hlt Mittsommer zu den wichtigsten Festen des Jahres. Daher darf nur an diesem Tag, die finnische Nationalflagge auch nachts gehisst werden. Wie in Schweden auch, wird am Samstag zwischen dem 20.06. und dem 26.06. gefeiert. Urspr\u00fcnglich wurde an diesem Tag mal verschiedenen alten G\u00f6ttern und Br\u00e4uchen geehrt wie z.B. dem Gott des Wetters oder auch Donners). Tja und obwohl das nun auch l\u00e4ngst in Finnland Johannsfest hei\u00dft, lassen die Finnen trotzdem nicht so recht vom alten Glauben und Traditionen ab. \ud83d\ude09<\/p>\n<p>Daher ging es fr\u00fcher schon besonders laut zum Mittsommer-Fest zu. Denn man glaubte, das bringt Gl\u00fcck und vertreibt b\u00f6se Geister. Dazu wurde dann viel Bier getrunken und nat\u00fcrlich auch gut gegessen. Alte Traditionen besagen, je mehr getrunken wird, desto besser wird die Ernte.<\/p>\n<blockquote><p>Die Finnen heiraten \u00fcbrigens gern am Mittsommertag. Vielleicht auch ein toller Termin f\u00fcr alle Heiratswilligen &#8211; wie gesagt, Mittsommer ist ja alles m\u00f6glich!<\/p><\/blockquote>\n<p>Auch heute gehts laut an Mittsommer in Finnland zu. Mit Konzerten, es wird gelacht, getanzt und mitgesungen. Haus und Garten werden mit Birken und Blumen dekoriert. Feiern tun die Finnen das \u00fcbrigens am liebsten auf dem Land. In den St\u00e4dten finden fast \u00fcberhaupt keine Mittsommer-Feierlichkeiten statt, ausser in der gr\u00f6\u00dften Stadt &#8222;Helsinki&#8220;. Hier wird nach alter Tradition auf einer Museumsinsel gefeiert.<\/p>\n<blockquote><p>In Finnland gibt es zu Mittsommer auch richtig gro\u00dfe Festivals &#8211; z.B. der Nachfolger vom bekannten Rantarock. Und Finnen wissen wirklich wie man feiert!<\/p><\/blockquote>\n<h3>Frankreich feiert: La Boom die Fete<\/h3>\n<p>In Frankreich wird die Sommersonnenwende mit einer gro\u00dfen Musikparty gefeiert. Unter dem Motto &#8222;Fete de la musique&#8220; findet in vielen franz\u00f6sichen St\u00e4dten eine Party statt. Das Fest findet schon seit den 80er Jahren statt. Das Besondere: Die Veranstaltung ist \u00f6ffentlich und kostet somit auch keinen Eintritt &#8211; jeder kann teilnehmen. Das hei\u00dft auch, einfach jeder kann auf die Stra\u00dfe gehen und Musik machen. Alle Musikrichtungen sind erlaubt.<\/p>\n<p>Spa\u00df, gute Laune und eine super Party sind dabei wohl garantiert. Und da die Nacht kurz ist, darf die Party auch einfach ein wenig l\u00e4nger gehen.<\/p>\n<div id=\"attachment_13981\" class=\"img-container clear-fix imgcenter\"><a href=\"https:\/\/www.spaness.de\/blog\/10-reisetipps-mittsommernacht\/img_5312\/\" rel=\"attachment wp-att-13981\"><img loading=\"lazy\" decoding=\"async\" class=\"img-responsive img-responsive img-responsive wp-image-13981\" src=\"https:\/\/www.spaness.de\/blog\/wp-content\/uploads\/IMG_5312-1024x682.jpg\" alt=\"Wenn die Nacht zum Tag wird - Sommersonnenwende in Paris\" width=\"1024\" height=\"682\" srcset=\"https:\/\/www.spaness.de\/blog\/wp-content\/uploads\/IMG_5312-1024x682.jpg 1024w, https:\/\/www.spaness.de\/blog\/wp-content\/uploads\/IMG_5312-300x200.jpg 300w, https:\/\/www.spaness.de\/blog\/wp-content\/uploads\/IMG_5312.jpg 1280w\" sizes=\"auto, (max-width: 1024px) 100vw, 1024px\" \/><\/a><h5 class=\"text-center\">Wenn die Nacht zum Tag wird &#8211; Sommersonnenwende in Frankreich<\/h5><\/div>\n<h3>Russland feiert die wei\u00dfen N\u00e4chte<\/h3>\n<p>Russland feiert eine kleine Abwandlung. Denn dort wird von Mitte Juni bis Anfang Juli durchgefeiert. Mit Konzerten und Festivals. Das Highlight ist dann &#8211; in St. Petersburg &#8211; die Nacht purpurroten Segel &#8211; mit Feuerwerk, Lasershow und Konzert. In dieser besonderen Nacht werden die Br\u00fccken der Stadt hochgezogen, damit ein Schiff mit roten Segeln durch die Stadt cruisen kann. Der Termin wird gew\u00e4hlt, wie auch in Schweden oder anderen skandinavischen L\u00e4ndern. Es ist der Samstag zwischen dem 20.06. und 26.06.<\/p>\n<h3>England &#8211; Stonhenge im Sonnenuntergang<\/h3>\n<p>Sprechen wir bei der Sommersonnenwende und Mittsommer von magischen Momenten, dann darf nat\u00fcrlich auch Stonehenge in S\u00fcdengland in dieser Auflistung nicht fehlen. Dort findet jedes Jahr ein Megaspektakel, mit mehreren tausend Besuchern, zur Sommersonnenwende statt. Der magische Steinkreis ist die perfekte Kulisse, wenn wir an Elfen, Trolle und Kobolde denken &#8211; oder?!<\/p>\n<p>In Stonehenge geht es nat\u00fcrlich auch fr\u00f6hlich zu. Es wird getanzt, gelacht, Musik gemacht, gern Gedichte zitiert, es gibt K\u00fcnstler und es gibt mystische Rituale. Ich w\u00fcrde sagen, alles was ein z\u00fcnftiger Mittsommernachts-Reisetipp so braucht. \ud83d\ude09<\/p>\n<div id=\"attachment_12780\" class=\"img-container clear-fix imgcenter\"><a href=\"https:\/\/www.spaness.de\/blog\/einsame-auszeit\/img_0094\/\" rel=\"attachment wp-att-12780\"><img loading=\"lazy\" decoding=\"async\" class=\"img-responsive img-responsive wp-image-12780 img-responsive\" src=\"https:\/\/www.spaness.de\/blog\/wp-content\/uploads\/IMG_0094-1-1024x682.jpg\" alt=\"Auf dem Weg zur Sommersonnenwende in England\" width=\"1024\" height=\"682\" srcset=\"https:\/\/www.spaness.de\/blog\/wp-content\/uploads\/IMG_0094-1-1024x682.jpg 1024w, https:\/\/www.spaness.de\/blog\/wp-content\/uploads\/IMG_0094-1-300x200.jpg 300w, https:\/\/www.spaness.de\/blog\/wp-content\/uploads\/IMG_0094-1.jpg 1280w\" sizes=\"auto, (max-width: 1024px) 100vw, 1024px\" \/><\/a><h5 class=\"text-center\">Auf dem Weg zur Sommersonnenwende in England<\/h5><\/div>\n<h3>Sommersonnenwende in Brasilien<\/h3>\n<p>Wer h\u00e4tte es gedacht. In Brasilien wird auch so etwas wie die Sommersonnenwende gefeiert. Das Fest hei\u00dft hier Sao Joao und es ist im Nordosten Brasiliens das wichtigste Fest nach Karneval. In Brasilien gibts aber keinen K\u00e4se und Fisch, hier h\u00e4lt man sich an Maisgerichte. Was wohl daran liegt, dass das Fest mit der Maisernte zusammenf\u00e4llt.<\/p>\n<p>Fr\u00f6hlich, laut und bunt gehts aber auch in Brasilien zu. Die Frauen tragen bunte, weite Kleider und die M\u00e4nner karierte Hemden und Stohh\u00fcte. Es wird getanzt und gefeiert.<\/p>\n<h3>Spanien geht ins Wasser<\/h3>\n<p>Passend zum Temperament der Spanier, findet etwas ganz Spektakul\u00e4res zum Mittsommerfest in Spanien statt. Besonders an den K\u00fcstenorten bekommt ihr wirklich was zu sehen. Gleich mal vorweg. Auch in Spanien hei\u00dft das Ganze mittlerweile Johannesfest. Gefeiert wird mit Freunden und Familie. Es wird gegrillt, ein Lagerfeuer angesteckt, gesungen und gelacht. Damit fangen die geselligen Spanier auch schon gern gegen Mittag an. Gegen Mitternacht erreicht das Fest den H\u00f6hepunkt. Dann gehts f\u00fcr die Spanier n\u00e4mlich, singend und tanzend, ins Wasser. Hat was von Silvester&#8230; \ud83d\ude09<\/p>\n<p>Die Feier ist dann auch noch lange nicht zu Ende. Die geht n\u00e4mlich weiter bis in die fr\u00fchen Morgenstunden.<\/p>\n<div id=\"attachment_13188\" class=\"img-container clear-fix imgcenter\"><a href=\"https:\/\/www.spaness.de\/blog\/urlaub-im-norden-von-mallorca\/img_7165\/\" rel=\"attachment wp-att-13188\"><img loading=\"lazy\" decoding=\"async\" class=\"img-responsive size-full img-responsive wp-image-13188\" src=\"https:\/\/www.spaness.de\/blog\/wp-content\/uploads\/IMG_7165.jpg\" alt=\"Sonnenuntergang auf Mallorca\" width=\"640\" height=\"427\" srcset=\"https:\/\/www.spaness.de\/blog\/wp-content\/uploads\/IMG_7165.jpg 640w, https:\/\/www.spaness.de\/blog\/wp-content\/uploads\/IMG_7165-300x200.jpg 300w\" sizes=\"auto, (max-width: 640px) 100vw, 640px\" \/><\/a><h5 class=\"text-center\">Sonnenuntergang Mittsommer in Spanien am Meer<\/h5><\/div>\n<h3>Mittsommernacht in Deutschland feiern!<\/h3>\n<p>Ihr wollt nicht verreisen, aber trotzdem mal Mittsommer feiern und damit z.B. auch den Sommer begr\u00fc\u00dfen? Na dann macht das doch einfach&#8230; Lest euch doch meinen Artikel einfach noch einmal durch und fischt euch das raus, was euch f\u00fcr euer Mittsommer-Erlebnis am ehesten anspricht&#8230; und dann gehts los. Organisiert doch einfach ein Gartenfest mit vielen Blumen und Gr\u00e4sern als Tischdeko. Macht eine Wanderung zu einem Steinkreis, esst dazu, ganz traditionell, K\u00e4se, Fisch und Brot und trinkt ordentlich Bier. \ud83d\ude09 Und nat\u00fcrlich singen und tanzen nicht vergessen. Hauptsache ihr macht das bischen Nacht, was dann noch vorhanden ist, zum Tag und verbringt die Zeit mit lieben Menschen &#8211; um z.B. die Geister zu vertreiben.<\/p>\n<p>Ein besonderer Tipp w\u00e4re es zu Mittsommer auch, ans Meer zu reisen. Denn auch in Deutschland &#8211; im Norden &#8211; geht die Sonne in diesen Tagen erst sehr sp\u00e4t unter und die N\u00e4chte sind magisch und kurz. Bis zu 17 Stunden Helligkeit am St\u00fcck gab es schon. Grad die norddeutschen Inseln bieten j\u00e4hrlich ein sch\u00f6nes, stimmungsvolles Programm.<\/p>\n<div id=\"attachment_11631\" class=\"img-container clear-fix imgcenter\"><a href=\"https:\/\/www.spaness.de\/blog\/strasse-der-megalithkultur\/dsc01286\/\" rel=\"attachment wp-att-11631\"><img loading=\"lazy\" decoding=\"async\" class=\"img-responsive img-responsive img-responsive wp-image-11631\" src=\"https:\/\/www.spaness.de\/blog\/wp-content\/uploads\/DSC01286-1-1024x683.jpg\" alt=\"Steingrab im Wald - an der Stra\u00dfe der Megalithkultur\" width=\"1024\" height=\"683\" srcset=\"https:\/\/www.spaness.de\/blog\/wp-content\/uploads\/DSC01286-1-1024x683.jpg 1024w, https:\/\/www.spaness.de\/blog\/wp-content\/uploads\/DSC01286-1-300x200.jpg 300w, https:\/\/www.spaness.de\/blog\/wp-content\/uploads\/DSC01286-1.jpg 1280w\" sizes=\"auto, (max-width: 1024px) 100vw, 1024px\" \/><\/a><h5 class=\"text-center\">Magische Steinkreise gibt es auch in Deutschland<\/h5><\/div>\n<p>&nbsp;<\/p>\n<p>Ich verbringe einen Teil der Mittsommer-Zeit in diesem Jahr \u00fcbrigens in Th\u00fcringen, in einer Brauerei &#8211; wie passend. Aber davon berichte euch euch sp\u00e4ter. \ud83d\ude09<\/p>\n<p>Es soll auch in Deutschland offizielle Mittsommerfeste geben &#8211; Wi\u00dft ihr vielleicht wo &#8211; auch in Deutschland &#8211; Mittsommerfeste und Feierlichkeiten stattfinden?<\/p>\n<p>___<\/p>\n<p><strong>Auch diese Reisetipps k\u00f6nnten euch zur Mitsommernacht gefallen:<\/strong><\/p>\n<ul>\n<li><a href=\"https:\/\/www.spaness.de\/blog\/urlaub-auf-ruegen-lindner-hotel-spa\/\" target=\"_blank\">Auszeit auf R\u00fcgen<\/a><\/li>\n<li><a href=\"https:\/\/www.spaness.de\/blog\/thalasso-wellnesskraft-aus-dem-meer\/\" target=\"_blank\">Thalasso die Kraft des Meeres sp\u00fcren<\/a><\/li>\n<li><a href=\"https:\/\/www.spaness.de\/blog\/beliebte-kurzurlaub-ziele\/\" target=\"_blank\">Kurzurlaubs-Trends und Reiseziele<\/a><\/li>\n<\/ul>\n<p>&nbsp;<\/p>\n<p>&nbsp;<\/p>\n","protected":false},"excerpt":{"rendered":"<p>Mitte Juni &#8211; wird in vielen L\u00e4ndern Mittsommer gefeiert. Gefeiert werden in dieser Zeit die l\u00e4ngsten Tage des Jahres. Denn bis Mitte Juni werden die Tage, jeden Tag etwas l\u00e4nger. Ist Mittsommer dann vorbei, dann gehts andersrum. Die Tage werden eben merklich k\u00fcrzer. In vielen Geschichten und Sagen hei\u00dft es,&#8230;<\/p>\n","protected":false},"author":2,"featured_media":13188,"comment_status":"closed","ping_status":"open","sticky":false,"template":"","format":"standard","meta":{"footnotes":""},"categories":[230,263,13],"tags":[74,75,87,94,95,98,184],"class_list":["post-13955","post","type-post","status-publish","format-standard","has-post-thumbnail","hentry","category-10-reisetipps-fuer","category-slow-travel","category-urlaub","tag-kurzurlaub","tag-last-minute-reise","tag-naturtourismus","tag-reise","tag-reiseblog","tag-reisetrend","tag-slow-travel"],"_links":{"self":[{"href":"https:\/\/www.spaness.de\/blog\/wp-json\/wp\/v2\/posts\/13955","targetHints":{"allow":["GET"]}}],"collection":[{"href":"https:\/\/www.spaness.de\/blog\/wp-json\/wp\/v2\/posts"}],"about":[{"href":"https:\/\/www.spaness.de\/blog\/wp-json\/wp\/v2\/types\/post"}],"author":[{"embeddable":true,"href":"https:\/\/www.spaness.de\/blog\/wp-json\/wp\/v2\/users\/2"}],"replies":[{"embeddable":true,"href":"https:\/\/www.spaness.de\/blog\/wp-json\/wp\/v2\/comments?post=13955"}],"version-history":[{"count":26,"href":"https:\/\/www.spaness.de\/blog\/wp-json\/wp\/v2\/posts\/13955\/revisions"}],"predecessor-version":[{"id":17049,"href":"https:\/\/www.spaness.de\/blog\/wp-json\/wp\/v2\/posts\/13955\/revisions\/17049"}],"wp:featuredmedia":[{"embeddable":true,"href":"https:\/\/www.spaness.de\/blog\/wp-json\/wp\/v2\/media\/13188"}],"wp:attachment":[{"href":"https:\/\/www.spaness.de\/blog\/wp-json\/wp\/v2\/media?parent=13955"}],"wp:term":[{"taxonomy":"category","embeddable":true,"href":"https:\/\/www.spaness.de\/blog\/wp-json\/wp\/v2\/categories?post=13955"},{"taxonomy":"post_tag","embeddable":true,"href":"https:\/\/www.spaness.de\/blog\/wp-json\/wp\/v2\/tags?post=13955"}],"curies":[{"name":"wp","href":"https:\/\/api.w.org\/{rel}","templated":true}]}}