{"id":14716,"date":"2016-07-15T07:54:04","date_gmt":"2016-07-15T05:54:04","guid":{"rendered":"http:\/\/www.spaness.de\/blog\/?p=14716"},"modified":"2017-12-20T16:22:31","modified_gmt":"2017-12-20T15:22:31","slug":"wellness-kurzurlaub-resort-mark-brandenburg","status":"publish","type":"post","link":"https:\/\/www.spaness.de\/blog\/wellness-kurzurlaub-resort-mark-brandenburg\/","title":{"rendered":"Brandenburg: Wellness-Kurzurlaub am Ruppiner See"},"content":{"rendered":"<p><strong>Schaue ich aus dem Fenster, sollte da eigentlich Sommer sein&#8230; doch irgendwie l\u00e4\u00dft der Sommer etwas zu w\u00fcnschen \u00fcbrig. Es ist relativ warm, doch Gewitter, Regen und tr\u00fcbes Grauwetter geben sich viel zu oft, mit der Sonne, die Klinke in die Hand. Mich pers\u00f6nlich erinnert das da draussen eher an April als an Juli&#8230; \ud83d\ude09 Warum da nicht mal eine <a href=\"https:\/\/www.spaness.de\/blog\/beliebte-kurzurlaub-ziele\/\" target=\"_blank\" rel=\"noopener\">kurze Wellness-Auszeit <\/a>einlegen&#8230; das ist n\u00e4mlich auch besonders gem\u00fctlich, wenn vor dem Fenster &#8211; in der Welt vor dem Wellnesshotel &#8211; die Regenschauer und Gewitter herunterbrechen&#8230;<\/strong><\/p>\n<h2>Wellness-Kurzurlaub in der Mark Brandenburg<\/h2>\n<p>Einer der <a href=\"https:\/\/www.spaness.de\/blog\/wellnessurlaub-trends-2015\/\" target=\"_blank\" rel=\"noopener\">Lieblingsurlaubstrends der Deutschen<\/a> &#8211; Einfach kurz mal raus&#8230; ganz spontan&#8230; dazu sollte die Anreise auch nicht allzuweit sein, damit man wirklich entspannt und auch erholt von so einem Wellness-Kurzurlaub wieder zu Hause (und dann auch im Arbeitsalltag) landet. Das Resort Mark <a href=\"https:\/\/www.spaness.de\/lexikon\/regionen\/b\/brandenburg\/\" target=\"_blank\" rel=\"noopener\">Brandenburg am Ruppiner See<\/a> bietet genau diese Vorteile &#8211; aus Berlin beispielsweise dauert die Anreise nur rund eine Stunde und aus Hamburg ist man auch relativ schnell (2 Stunden bis 2,5 Stunden) vor Ort.<\/p>\n<p>Das <a href=\"https:\/\/www.spaness.de\/resort-mark-brandenburg\/\" target=\"_blank\" rel=\"noopener\">Resort Mark Brandenburg<\/a> bietet eine der gr\u00f6\u00dften hoteleeigenen Thermen- und Spa-Anlagen in Europa. Der Wellnessbereich ist \u00fcber 5.000 Quadratmeter gro\u00df und umfasst Innen- und Aussenpool, mehrere Saunen, Beauty- und Wellness-Anwendungen u.v.m. &#8211; hier kann man es sich auch einfach an jedem Tag (auch an einem regnerischen Sommertag) richtig gut gehen lassen.<\/p>\n<div id=\"attachment_13277\" class=\"img-container clear-fix imgcenter\"><a href=\"https:\/\/www.spaness.de\/blog\/location-check-resort-mark-brandenburg\/dsc00617\/\" rel=\"attachment wp-att-13277\"><img loading=\"lazy\" decoding=\"async\" class=\"img-responsive img-responsive img-responsive wp-image-13277\" src=\"https:\/\/www.spaness.de\/blog\/wp-content\/uploads\/DSC00617-1024x683.jpg\" alt=\"Sonnige Terrasse Resort Mark Brandenburg\" width=\"1024\" height=\"683\" srcset=\"https:\/\/www.spaness.de\/blog\/wp-content\/uploads\/DSC00617-1024x683.jpg 1024w, https:\/\/www.spaness.de\/blog\/wp-content\/uploads\/DSC00617-300x200.jpg 300w, https:\/\/www.spaness.de\/blog\/wp-content\/uploads\/DSC00617.jpg 1280w\" sizes=\"auto, (max-width: 1024px) 100vw, 1024px\" \/><\/a><h5 class=\"text-center\">Sonnige Terrasse Resort Mark Brandenburg<\/h5><\/div>\n<h3>Kurzurlaubszeit im Resort Mark Brandenburg<\/h3>\n<p>Jetzt in der Ferienzeit hat das Resort Mark Brandenburg ein besoderes Kurzurlaubs-Special &#8211; f\u00fcr alle, die sich jetzt angesprochen f\u00fchlen und grad bei sich denken &#8222;ach so in Wellness-Kurzurlaub w\u00e4re schon ganz fein&#8230;&#8220;. Das Special gilt, aktuell in den Ferien, ab 3 \u00dcbernachtungen &#8211; die \u00dcbernachtungen finden im Komfortzimmer statt.<\/p>\n<ul>\n<li>Fr\u00fchst\u00fcck und Abendessen inklusive<\/li>\n<li>T\u00e4gliche Nutzung der Thermallandschaft<\/li>\n<li>Leih-Badepaket f\u00fcr den Aufenthalt: mit Bademantel, Saunahandt\u00fcchern und Hausschuhen<\/li>\n<li>1 Flasche Mineralwasser t\u00e4glich auf dem Zimmer<\/li>\n<li>kostenfreies WLAN im Zimmer und in der Lobby<\/li>\n<li>Buchbar 01.07. bis 03.09.2016 Sommerferien und 30.09. bis 31.10.2016 Herbsferienzeit<\/li>\n<li><strong>Preis im Doppelzimmer &#8211; ab 179.- Euro pro Nacht\/pro Person<\/strong><\/li>\n<\/ul>\n<p>Angebot gilt auf Anfrage und nach Verf\u00fcgbarkeit.<\/p>\n<div id=\"attachment_12855\" class=\"img-container clear-fix imgcenter\"><a href=\"https:\/\/www.spaness.de\/blog\/warum-in-wasser-wellness-steckt\/11280490_1576507009296379_344255438_n\/\" rel=\"attachment wp-att-12855\"><img loading=\"lazy\" decoding=\"async\" class=\"img-responsive size-full img-responsive wp-image-12855\" src=\"https:\/\/www.spaness.de\/blog\/wp-content\/uploads\/11280490_1576507009296379_344255438_n-1.jpg\" alt=\"Auf dem Dach der schwimmenden Seesauna im Resort Mark Brandenburg\" width=\"640\" height=\"640\" srcset=\"https:\/\/www.spaness.de\/blog\/wp-content\/uploads\/11280490_1576507009296379_344255438_n-1.jpg 640w, https:\/\/www.spaness.de\/blog\/wp-content\/uploads\/11280490_1576507009296379_344255438_n-1-150x150.jpg 150w, https:\/\/www.spaness.de\/blog\/wp-content\/uploads\/11280490_1576507009296379_344255438_n-1-300x300.jpg 300w, https:\/\/www.spaness.de\/blog\/wp-content\/uploads\/11280490_1576507009296379_344255438_n-1-80x80.jpg 80w\" sizes=\"auto, (max-width: 640px) 100vw, 640px\" \/><\/a><h5 class=\"text-center\">Auf dem Dach der schwimmenden Seesauna im Resort Mark Brandenburg<\/h5><\/div>\n<h3>Kurze Entspannungzeit im Resort Mark Brandenburg<\/h3>\n<p>3 \u00dcbernachtungen klappen nat\u00fcrlich nicht immer&#8230; Urlaubssperre oder auch keine freien Urlaubstage mehr? So eine Wellness-Auszeit w\u00e4re aber fein&#8230; einfach mal raus, wenigstens f\u00fcr einen Tag und eine Nacht &#8211; z.B. als Wochenendhiglight mit der besten Freundin, dem Partner oder der Mutti?<\/p>\n<p>Auch daran hat das Resort Mark Brandenburg gedacht &#8211; Ein neues Arrangement f\u00fcr alle, die wenig Zeit haben, aber trotzdem volle Entspannung w\u00fcnschen:<\/p>\n<ul>\n<li>1 \u00dcbernachtung inkl. Fr\u00fchst\u00fcck<\/li>\n<li>1 Abendessen im Rahmen der Halbpension<\/li>\n<li>T\u00e4gliche Nutzung der Thermenlandschaft<\/li>\n<li>Early Check-In ab 10 Uhr &#8211; um den Tag auch richtig auszunutzen!<\/li>\n<li>Leihbadepaket f\u00fcr den Aufenthalt mit Bademantel, Saunahandt\u00fcchern und Hausschuhen.<\/li>\n<li>1 kleine Flasche Mineralwasser pro Person t\u00e4glich auf dem Zimmer.<\/li>\n<li><strong>Preis f\u00fcr das Doppelzimmer ab 299.- Euro f\u00fcr 2 Personen<\/strong> (149,50 pro Person), buchbar f\u00fcr Freitag oder Samstag<\/li>\n<\/ul>\n<p>Angebot gilt auf Anfrage und nach Verf\u00fcgbarkeit!<\/p>\n<div id=\"attachment_14718\" class=\"img-container clear-fix imgcenter\"><a href=\"https:\/\/www.spaness.de\/blog\/wellness-kurzurlaub-resort-mark-brandenburg\/dsc00780\/\" rel=\"attachment wp-att-14718\"><img loading=\"lazy\" decoding=\"async\" class=\"img-responsive img-responsive img-responsive wp-image-14718\" src=\"https:\/\/www.spaness.de\/blog\/wp-content\/uploads\/DSC00780-1024x683.jpg\" alt=\"Blick \u00fcber den Ruppiner See\" width=\"1024\" height=\"683\" srcset=\"https:\/\/www.spaness.de\/blog\/wp-content\/uploads\/DSC00780-1024x683.jpg 1024w, https:\/\/www.spaness.de\/blog\/wp-content\/uploads\/DSC00780-300x200.jpg 300w, https:\/\/www.spaness.de\/blog\/wp-content\/uploads\/DSC00780.jpg 1280w\" sizes=\"auto, (max-width: 1024px) 100vw, 1024px\" \/><\/a><h5 class=\"text-center\">Blick \u00fcber den Ruppiner See vom Resort Mark Brandenburg<\/h5><\/div>\n<p>&nbsp;<\/p>\n<p><em>*Ich war im Resort Mark Brandenburg vor einer Weile zu einer offiziellen Pressereise geladen. Meine Meinung lasse ich davon nicht beeinflussen. Ich empfehle hier nur Hotels und Regionen, die mich selber begeistern.<\/em><\/p>\n<p>&#8212;<\/p>\n<p><strong>Lust auf mehr Tipps und Reisegeschichten aus dem Resort Mark Brandenburg?<\/strong><\/p>\n<ul>\n<li><a href=\"https:\/\/www.spaness.de\/blog\/location-check-resort-mark-brandenburg\/\" target=\"_blank\" rel=\"noopener\">Locations Check Resort Mark Brandenburg<\/a><\/li>\n<li><a href=\"https:\/\/www.spaness.de\/blog\/interview-teamchef-deutsche-nationalmannschaft-der-koeche\/\" target=\"_blank\" rel=\"noopener\">F\u00fcr Ruhm und Ehre koche ich nicht &#8211; Interview mit Matthias Kleber; K\u00fcchenchef im Resort Mark Brandenburg<\/a><\/li>\n<li><a href=\"https:\/\/www.spaness.de\/blog\/fasten-resort-mark-brandenburg\/\" target=\"_blank\" rel=\"noopener\">Von der Radiomoderatorin zur Fasten-Leiterin &#8211; Interview mit Manuela Lenz aus dem Resort Mark Brandenburg<\/a><\/li>\n<li><a href=\"https:\/\/www.spaness.de\/resort-mark-brandenburg\/\" target=\"_blank\" rel=\"noopener\">Resort Mark Brandenburg &#8211; Detaileintrag auf spaness.de<\/a> (Bilder, ausf\u00fchrliche Informationen zur Ausstattung, Anfragem\u00f6glichkeit etc.)<\/li>\n<\/ul>\n<p>&nbsp;<\/p>\n","protected":false},"excerpt":{"rendered":"<p>Schaue ich aus dem Fenster, sollte da eigentlich Sommer sein&#8230; doch irgendwie l\u00e4\u00dft der Sommer etwas zu w\u00fcnschen \u00fcbrig. Es ist relativ warm, doch Gewitter, Regen und tr\u00fcbes Grauwetter geben sich viel zu oft, mit der Sonne, die Klinke in die Hand. Mich pers\u00f6nlich erinnert das da draussen eher an&#8230;<\/p>\n","protected":false},"author":2,"featured_media":12855,"comment_status":"open","ping_status":"open","sticky":false,"template":"","format":"standard","meta":{"footnotes":""},"categories":[227,9],"tags":[74,75,95,118,120,121,164,170],"class_list":["post-14716","post","type-post","status-publish","format-standard","has-post-thumbnail","hentry","category-brandenburg-reisen","category-reise-angebote","tag-kurzurlaub","tag-last-minute-reise","tag-reiseblog","tag-themenurlaub","tag-thermalbad","tag-therme","tag-wellnesshotel","tag-wellnessurlaub"],"_links":{"self":[{"href":"https:\/\/www.spaness.de\/blog\/wp-json\/wp\/v2\/posts\/14716","targetHints":{"allow":["GET"]}}],"collection":[{"href":"https:\/\/www.spaness.de\/blog\/wp-json\/wp\/v2\/posts"}],"about":[{"href":"https:\/\/www.spaness.de\/blog\/wp-json\/wp\/v2\/types\/post"}],"author":[{"embeddable":true,"href":"https:\/\/www.spaness.de\/blog\/wp-json\/wp\/v2\/users\/2"}],"replies":[{"embeddable":true,"href":"https:\/\/www.spaness.de\/blog\/wp-json\/wp\/v2\/comments?post=14716"}],"version-history":[{"count":11,"href":"https:\/\/www.spaness.de\/blog\/wp-json\/wp\/v2\/posts\/14716\/revisions"}],"predecessor-version":[{"id":21744,"href":"https:\/\/www.spaness.de\/blog\/wp-json\/wp\/v2\/posts\/14716\/revisions\/21744"}],"wp:featuredmedia":[{"embeddable":true,"href":"https:\/\/www.spaness.de\/blog\/wp-json\/wp\/v2\/media\/12855"}],"wp:attachment":[{"href":"https:\/\/www.spaness.de\/blog\/wp-json\/wp\/v2\/media?parent=14716"}],"wp:term":[{"taxonomy":"category","embeddable":true,"href":"https:\/\/www.spaness.de\/blog\/wp-json\/wp\/v2\/categories?post=14716"},{"taxonomy":"post_tag","embeddable":true,"href":"https:\/\/www.spaness.de\/blog\/wp-json\/wp\/v2\/tags?post=14716"}],"curies":[{"name":"wp","href":"https:\/\/api.w.org\/{rel}","templated":true}]}}