{"id":15618,"date":"2016-09-17T18:47:03","date_gmt":"2016-09-17T16:47:03","guid":{"rendered":"http:\/\/www.spaness.de\/blog\/?p=15618"},"modified":"2020-06-03T14:19:17","modified_gmt":"2020-06-03T12:19:17","slug":"kurzurlaub-bamberg-wellness","status":"publish","type":"post","link":"https:\/\/www.spaness.de\/blog\/kurzurlaub-bamberg-wellness\/","title":{"rendered":"Kurzurlaub nach Bamberg &#8211; Faszination Unesco Welterbe"},"content":{"rendered":"<p><strong>Eine Station auf unserer Reise entlang der <a href=\"https:\/\/www.spaness.de\/blog\/tag\/burgenstrasse\/\" target=\"_blank\" rel=\"noopener noreferrer\">#Burgenstra\u00dfe<\/a> war auch die Unesco Welterbestadt Bamberg. Doch Bamberg ist nat\u00fcrlich viel mehr als ein Weltkulturerbe. Bamberg ist Kulturstadt, Barockstadt, Bierstadt und auch Kunststadt. Ein <a href=\"https:\/\/www.spaness.de\/blog\/beliebte-kurzurlaub-ziele\/\" target=\"_blank\" rel=\"noopener noreferrer\">Kurzurlaub<\/a> nach Bamberg kann also zu vielen Themen statt finden. Bei uns stand aber das Motto &#8222;Urlaub Bamberg mit Kindern&#8220; im Mittelpunkt. Und genau davon m\u00f6chte ich euch heute etwas berichten&#8230;<\/strong><\/p>\n<h2>Kurzurlaub nach Bamberg &#8211; Tipps, Infos und Wissenswertes<\/h2>\n<p>Bamberg liegt in <a href=\"https:\/\/www.spaness.de\/lexikon\/regionen\/b\/bayern\/\" target=\"_blank\" rel=\"noopener noreferrer\">Bayern<\/a> &#8211; genau genommen in <a href=\"https:\/\/www.spaness.de\/lexikon\/regionen\/f\/Franken\/\" target=\"_blank\" rel=\"noopener noreferrer\">Franken in Bayern<\/a>. Die Altstadt von Bamberg geh\u00f6rt seit 1993 zum UNESCO Weltkulturerbe. Sie gilt als Gesamtkunstwerk, denn die Stadt weist einen der gr\u00f6\u00dften unversehrten Altstadtkerne Europas auf. Es grenzt vielleicht fast an ein Wunder, dass die Stadt in den Kriegen fast unbeschadet geblieben ist. Die Stadt begeistert mit mehr als 1.500 Einzeldenkm\u00e4lern, Einzeldenkm\u00e4ler aus 10 Jahrhunderten. Das hat auch uns gleich fasziniert und begeistert, als wir in die Stadt kamen. Entdeckt haben wir die Stadt, im ersten Schritt, bei einer gef\u00fchrten Erlebnis-Stadtf\u00fchrung. Hier erf\u00e4hrt man viel \u00fcber die Hexenverfolgung, das Leben der Juden in der Stadt und auch, warum Bamberg einfach so gut erhalten ist. Ich war tats\u00e4chlich zum ersten Mal in Bamberg&#8230; hab mich vor unserer Reise nat\u00fcrlich informiert aber ehrlich, das ist nat\u00fcrlich nicht vergleichbar mit &#8222;echten&#8220; Eindr\u00fccken und Erlebnissen vor Ort.<\/p>\n<blockquote><p>T\u00e4glich um 14 Uhr findet eine Erlebnisf\u00fchrung &#8222;Faszination Weltkulturerbe&#8220; statt. Start ist ab der Tourist Information. Kosten 8.- Euro Erwachsene \/ 4.- Euro Kinder<\/p><\/blockquote>\n<div id=\"attachment_15763\" class=\"img-container clear-fix imgcenter\"><a href=\"https:\/\/www.spaness.de\/blog\/kurzurlaub-bamberg-wellness\/dsc07160\/\" rel=\"attachment wp-att-15763\"><img loading=\"lazy\" decoding=\"async\" class=\"img-responsive img-responsive img-responsive wp-image-15763\" src=\"https:\/\/www.spaness.de\/blog\/wp-content\/uploads\/DSC07160-1024x682.jpg\" alt=\"Streifzug durch Bamberg\" width=\"1024\" height=\"682\" srcset=\"https:\/\/www.spaness.de\/blog\/wp-content\/uploads\/DSC07160-1024x682.jpg 1024w, https:\/\/www.spaness.de\/blog\/wp-content\/uploads\/DSC07160-300x200.jpg 300w, https:\/\/www.spaness.de\/blog\/wp-content\/uploads\/DSC07160.jpg 1280w\" sizes=\"auto, (max-width: 1024px) 100vw, 1024px\" \/><\/a><h5 class=\"text-center\">Streifzug durch Bamberg<\/h5><\/div>\n<p>In Bamberg leben heute mehr als 70.000 Einwohner. Bekannt ist Bamberg nicht nur f\u00fcr die vielen tollen Baudenkm\u00e4ler, sondern auch f\u00fcr die Bierkultur. Daher hat es uns nat\u00fcrlich auch, nach einem ausgiebigen Spaziergang durch die Stadt, in einen der Bierg\u00e4rten (immerhin hat Bamberg \u00fcber 500 Biersorten von etwas 70 kleinen und mittelst\u00e4ndischen Privatbrauereien) gezogen. So etwas mu\u00df, grad bei strahlendem Sonnenschein, nat\u00fcrlich unbedingt sein.<\/p>\n<blockquote><p>Bamberg wird auch als die Symphonie B Stadt bezeichnet: Barock, Brezeln, B\u00fcrger, Bischof, Burg und Bier.<\/p><\/blockquote>\n<div id=\"attachment_15755\" class=\"img-container clear-fix imgcenter\"><a href=\"https:\/\/www.spaness.de\/blog\/kurzurlaub-bamberg-wellness\/dsc07142\/\" rel=\"attachment wp-att-15755\"><img loading=\"lazy\" decoding=\"async\" class=\"img-responsive img-responsive img-responsive wp-image-15755\" src=\"https:\/\/www.spaness.de\/blog\/wp-content\/uploads\/DSC07142-1024x682.jpg\" alt=\"Altes Rathaus in der Regnitz\" width=\"1024\" height=\"682\" srcset=\"https:\/\/www.spaness.de\/blog\/wp-content\/uploads\/DSC07142-1024x682.jpg 1024w, https:\/\/www.spaness.de\/blog\/wp-content\/uploads\/DSC07142-300x200.jpg 300w, https:\/\/www.spaness.de\/blog\/wp-content\/uploads\/DSC07142.jpg 1280w\" sizes=\"auto, (max-width: 1024px) 100vw, 1024px\" \/><\/a><h5 class=\"text-center\">Altes Rathaus in der Regnitz<\/h5><\/div>\n<div id=\"attachment_15754\" class=\"img-container clear-fix imgcenter\"><a href=\"https:\/\/www.spaness.de\/blog\/kurzurlaub-bamberg-wellness\/dsc07139\/\" rel=\"attachment wp-att-15754\"><img loading=\"lazy\" decoding=\"async\" class=\"img-responsive img-responsive img-responsive wp-image-15754\" src=\"https:\/\/www.spaness.de\/blog\/wp-content\/uploads\/DSC07139-1024x682.jpg\" alt=\"Durch Bamberg flie\u00dft die Regnitz\" width=\"1024\" height=\"682\" srcset=\"https:\/\/www.spaness.de\/blog\/wp-content\/uploads\/DSC07139-1024x682.jpg 1024w, https:\/\/www.spaness.de\/blog\/wp-content\/uploads\/DSC07139-300x200.jpg 300w, https:\/\/www.spaness.de\/blog\/wp-content\/uploads\/DSC07139.jpg 1280w\" sizes=\"auto, (max-width: 1024px) 100vw, 1024px\" \/><\/a><h5 class=\"text-center\">Durch Bamberg flie\u00dft die Regnitz<\/h5><\/div>\n<p>W\u00e4hrend wir also im Biergarten entspannen, lassen wir den Rundgang noch einmal Revue passieren&#8230; und euch auch kurzerhand mal an den Tops unseres Rundgangs teilhaben. Denn um viele der geschichtstr\u00e4chtigen Geb\u00e4ude ranken sich einige interessante Geschichten, Sagen und Mythen.<\/p>\n<ol>\n<li><strong>Hexenverfolung Bamberg<\/strong> &#8211; Eine der wohl blutigsten Geschichten Bambergs ist die Zeit der Hexenverfolgung. Bamberg baute daf\u00fcr sogar einmal &#8211; aus Kostengr\u00fcnden &#8211; ein Hexenhaus, in dem die Hexen &#8222;kosteng\u00fcnstiger als auf dem Scheiterhaufen&#8220; im Ofen verbrannt wurden. Fast ein Zehntel der der Bamberger Bev\u00f6lkerung stirbt bei den damaligen Hexenprozessen &#8211; insgesamt rund 1.000 vermeintliche Hexen.<\/li>\n<li><strong>Alter Kanal mit Gerberh\u00e4usern<\/strong> &#8211; Unser Spaziergang beginnt hinter der Touristeninformation, entlang des Alten Kanals. Hier stehen die Gerberh\u00e4user, fr\u00fcher war das eine nicht beliebte Wohnecke, heute sieht das nat\u00fcrlich ganz anders aus. Der Geruch mu\u00df hier fr\u00fcher nicht besonders sch\u00f6n gewesen sein. Zwischen H\u00e4userw\u00e4nden, dem Alten Kanal und den Gerberh\u00e4usern, wird uns auch die gruselige Hexenverfolgungsgeschichte erz\u00e4hlt.<\/li>\n<li><strong>Inselstadt Bamberg<\/strong> &#8211;\u00a0 Im 12. Jahrhundert war Bamberg zu klein f\u00fcr die vielen Menschen, die in Bamberg leben wollten. Also wurde auch die kleine Insel, zwischen den Flu\u00dfarmen der Regnitz, kurzerhand bebaut und bewohnt. Durch Br\u00fccken kann man nun aus der Stadt, zur kleinen Insel und zur\u00fcck flanieren. Auch ein echt tolles Fotomotiv.<\/li>\n<li><strong>Altes Rathaus Bamberg<\/strong> &#8211; Das Rathaus in Bamberg ist schon etwas ganz besonderes, denn es wurde zwischen die Flu\u00dfarme der Regnitz gebaut. Warum das Rathaus genau dort steht, darum ranken sich so einige Geschichten. Angeblich wollte man aus dem Amtsbereich des Bischoffs entfliehen und trotzdem in der Stadt bleiben. Der Bischoff wollte den B\u00fcrgern keinen Grund und Boden f\u00fcr ein Rathaus geben, so schlugen sie einfach Pf\u00e4hle in den Fluss &#8211; und schufen sich so einen eigenen Boden. Die Lage des Rathauses ist schon faszinierend, doch auch die Fassade hat was und nicht zu vergessen die T\u00fcrmchen&#8230; und rund ums Rathaus die Regnitz, die sich gabelt und auf der sich zahlreiche Kanufahrer tummeln und trainieren.<\/li>\n<li><strong>Judenviertel Bamberg<\/strong> &#8211; Das Hainviertel wird auch als j\u00fcdisches Viertel in Bamberg bezeichnet. Es ist eines der sch\u00f6nsten Wohnviertel in Bamberg. Ein Bummel durch das kleine Viertel sollte unbedingt mit auf dem Stadterkundungsplan stehen.<\/li>\n<li><strong>Fischersiedlung Klein Venedig, Bamberg<\/strong> &#8211; Die Fischereisiedlung wird auch Klein Venedig genannt. Sie liegt am \u00f6stlichen Ufer der Regnitz, gar nicht weit vom Rathaus entfernt. Eigentlich sind es einige Wohnh\u00e4user aus dem 17. Jahrhundert direkt am Flu\u00dfufer. Das Ganze wirkt sehr malerisch, romantisch und idyllisch.<\/li>\n<li><strong>Barockpalais B\u00f6ttingerhaus Bamberg<\/strong> &#8211; Das B\u00f6ttingerhaus ist ein Stadtpalais an der Judenstra\u00dfe in Bamberg. Es geh\u00f6rt zu den bedeutendsten Barock-Bauwerken in S\u00fcddeutschland. Schon das Portal des Palais ist wirklich sehr sehenswert. Das Geb\u00e4ude wurde 1707, nach Vorlage, italenischer Palazzi gebaut.<\/li>\n<li><strong>F\u00fcrstenportal Dom \/ Bamberger Dom \/ Domplatz<\/strong> &#8211; Bei einem Trip nach Bamberg sollte dem Dom immer ein Besuch abgestattet werden. Der Kaiserdom St. Peter &amp; St. Georg wurde erstmalig 1012 geweiht. Von Aussen ist der Dom schon sehr beeindruckend, doch auch von Innen ist er wirklich sehenswert. Rund um den Dom lohnt sich der Spaziergang nat\u00fcrlich auch. Es gibt ein paar Museen, die Staatsgalerie, den Domplatz selber, Domberg etc.<\/li>\n<li><strong>Rundweg durch die G\u00e4rtnerstadt Bamberg<\/strong> &#8211; Die historische G\u00e4rtnerstadt in Bamberg ist schon ein besonders romantischer Hingucker. Der Rundweg besteht aus 18 verschiedenen, ausgew\u00e4hlten Stationen. G\u00e4rtnerbetriebe mit Pflanzen und Gem\u00fcseverkaufsm\u00f6glichkeiten direkt vom Erzeuger. Beet- und Balkonpflanzen, Blumen, Stauden, Kr\u00e4uter&#8230; die gibt es hier nicht nur zu kaufen, sondern die sorgen auch f\u00fcr einen ganz besonderen Flair in der G\u00e4rtnerstadt.<\/li>\n<li><strong>Maximiliansplatz Bamberg<\/strong> &#8211; Die Einheimischen nennen den Platz kurz Maxplatz. Es ist der gr\u00f6\u00dfte und wichtigste Platz in der Innenstadt. Wenn ihr euch nicht als Touristen outen wollt, fragt nach dem Maxplatz&#8230; obwohl, ein echter Bamberger wei\u00df nat\u00fcrlich, wo der Maxplatz zu finden ist. \ud83d\ude09 Hier findet in der Woche ein Obst- und Gem\u00fcsmarkt statt und an vielen Wochenenden wird der Platz f\u00fcr besondere Events genutzt.<\/li>\n<\/ol>\n<div id=\"attachment_15759\" class=\"img-container clear-fix imgcenter\"><a href=\"https:\/\/www.spaness.de\/blog\/kurzurlaub-bamberg-wellness\/dsc07155\/\" rel=\"attachment wp-att-15759\"><img loading=\"lazy\" decoding=\"async\" class=\"img-responsive img-responsive wp-image-15759 img-responsive\" src=\"https:\/\/www.spaness.de\/blog\/wp-content\/uploads\/DSC07155-1024x682.jpg\" alt=\"Am Dom Bamberg\" width=\"1024\" height=\"682\" srcset=\"https:\/\/www.spaness.de\/blog\/wp-content\/uploads\/DSC07155-1024x682.jpg 1024w, https:\/\/www.spaness.de\/blog\/wp-content\/uploads\/DSC07155-300x200.jpg 300w, https:\/\/www.spaness.de\/blog\/wp-content\/uploads\/DSC07155.jpg 1280w\" sizes=\"auto, (max-width: 1024px) 100vw, 1024px\" \/><\/a><h5 class=\"text-center\"><del>Am Dom Bamberg <br \/> <\/del> Obere Pfarre \u201eZu unserer lieben Frau\u201c<\/h5><\/div>\n<div id=\"attachment_15758\" class=\"img-container clear-fix imgcenter\"><a href=\"https:\/\/www.spaness.de\/blog\/kurzurlaub-bamberg-wellness\/dsc07150\/\" rel=\"attachment wp-att-15758\"><img loading=\"lazy\" decoding=\"async\" class=\"img-responsive img-responsive wp-image-15758 img-responsive\" src=\"https:\/\/www.spaness.de\/blog\/wp-content\/uploads\/DSC07150-682x1024.jpg\" alt=\"Blick in den Dom\" width=\"682\" height=\"1024\" srcset=\"https:\/\/www.spaness.de\/blog\/wp-content\/uploads\/DSC07150-682x1024.jpg 682w, https:\/\/www.spaness.de\/blog\/wp-content\/uploads\/DSC07150-200x300.jpg 200w, https:\/\/www.spaness.de\/blog\/wp-content\/uploads\/DSC07150.jpg 853w\" sizes=\"auto, (max-width: 682px) 100vw, 682px\" \/><\/a><h5 class=\"text-center\"><del>Blick in den Dom<\/del> &#8211; Blick in die Obere Pfarre<\/h5><\/div>\n<p>F\u00fcr unsere Streifz\u00fcge durch die Stadt war die Zeit einfach viel zu kurz. Da wir mit dem Wohnmobil angereist sind, haben wir etwas ausserhalb der Altstadt geparkt &#8211; auf einem Wohnmobilstellplatz. Von hier aus sind es rund 20 Minuten zu Fu\u00df in die Altstadt. Theoretisch kann man auch mit \u00f6ffentlichen Verkehrsmitteln in die Stadt fahren, aber die fahren relativ selten von da aus.<\/p>\n<p>Der Fu\u00dfweg in die Stadt ist aber ganz angenehm. Ein kleiner Spaziergang vorbei an vielen alten Villen und H\u00e4usern, die heute von Privatpersonen bewohnt sind oder auch zum Teil als Gesch\u00e4fts- oder B\u00fcrogeb\u00e4ude genutzt werden.<\/p>\n<div id=\"attachment_15760\" class=\"img-container clear-fix imgcenter\"><a href=\"https:\/\/www.spaness.de\/blog\/kurzurlaub-bamberg-wellness\/dsc07156\/\" rel=\"attachment wp-att-15760\"><img loading=\"lazy\" decoding=\"async\" class=\"img-responsive img-responsive img-responsive wp-image-15760\" src=\"https:\/\/www.spaness.de\/blog\/wp-content\/uploads\/DSC07156-1024x682.jpg\" alt=\"Unterwegs in der Gartenstadt\" width=\"1024\" height=\"682\" srcset=\"https:\/\/www.spaness.de\/blog\/wp-content\/uploads\/DSC07156-1024x682.jpg 1024w, https:\/\/www.spaness.de\/blog\/wp-content\/uploads\/DSC07156-300x200.jpg 300w, https:\/\/www.spaness.de\/blog\/wp-content\/uploads\/DSC07156.jpg 1280w\" sizes=\"auto, (max-width: 1024px) 100vw, 1024px\" \/><\/a><h5 class=\"text-center\">Unterwegs in der G\u00e4rtnerstadt Bamberg<\/h5><\/div>\n<h3>Urlaub Bamberg: Mit Kindern unterwegs<\/h3>\n<p>Wir waren als Familie in Bamberg unterwegs. Ich mu\u00df gestehen, daf\u00fcr war unsere Tour nicht zu 100% geeignet, wahrscheinlich auch, weil wir einfach zu wenig Zeit in der Stadt hatten. Wer mit Kindern in die Stadt reist, sollte nach speziellen Stadtf\u00fchrungen f\u00fcr Familien fragen &#8211; wie z.B. die Kinderf\u00fchrung auf den Spuren der Original-Drehpl\u00e4tze der Sams-Filme, eine Nachtw\u00e4chterf\u00fchrung, eine Entdeckerreise ins Mittelalter oder auch vielleicht eine Stadtrallye.<\/p>\n<p>Die normale Stadtf\u00fchrung ist einfach f\u00fcr Kinder an vielen Stellen viel zu langweilig&#8230; wir Erwachsenen fanden die F\u00fchrung total spannend. Aber wie gesagt, f\u00fcr Kinder sind da viel zu viel geschichtliche Zahlen&#8230; \ud83d\ude09 Es gibt auch die M\u00f6glichkeit per Kanu oder Gondel durch einen Teil der Stadt, auf dem Wasser, unterwegs zu sein. Oder auch an einer F\u00fchrung per Fahrrad teilzunehmen.<\/p>\n<blockquote><p>Tipp: Gerade als Familie empfiehlt sich auch die BambergCard. Mit der Karte erh\u00e4lt man freien Eintritt in viele Museen, kann an der F\u00fchrung teilnehmen und zus\u00e4tzlich \u00fcber verschiedene Erm\u00e4\u00dfigungen in Bamberg verf\u00fcgen. So l\u00e4\u00dft sich ein Kurzurlaub Bamberg g\u00fcnstig gestalten.<\/p><\/blockquote>\n<div id=\"attachment_15762\" class=\"img-container clear-fix imgcenter\"><a href=\"https:\/\/www.spaness.de\/blog\/kurzurlaub-bamberg-wellness\/dsc07159\/\" rel=\"attachment wp-att-15762\"><img loading=\"lazy\" decoding=\"async\" class=\"img-responsive img-responsive img-responsive wp-image-15762\" src=\"https:\/\/www.spaness.de\/blog\/wp-content\/uploads\/DSC07159-1024x682.jpg\" alt=\"Historische H\u00e4userzeilen in Bamberg\" width=\"1024\" height=\"682\" srcset=\"https:\/\/www.spaness.de\/blog\/wp-content\/uploads\/DSC07159-1024x682.jpg 1024w, https:\/\/www.spaness.de\/blog\/wp-content\/uploads\/DSC07159-300x200.jpg 300w, https:\/\/www.spaness.de\/blog\/wp-content\/uploads\/DSC07159.jpg 1280w\" sizes=\"auto, (max-width: 1024px) 100vw, 1024px\" \/><\/a><h5 class=\"text-center\">Das B\u00f6ttingerhaus &#8211; Historische H\u00e4userzeilen in Bamberg<\/h5><\/div>\n<h3>Kurzurlaub nach Bamberg &#8211; Mein Fazit<\/h3>\n<p>Bamberg ist eine wirklich lohnenswerte Stadt. Ich war zum allerersten Mal in der Stadt und finde es sehr schade, dass ich so wenig Zeit dort hatte. Ich h\u00e4tte gern mehr erkundet und mir auch einfach mal ein paar &#8222;Urlaub in Bamberg Hotel-Tipps&#8220; angeschaut. Denn normalerweise sind Hotels ja gerade meine Spezialit\u00e4t&#8230; \ud83d\ude09<\/p>\n<p>Romantischer Kurzurlaub Bamberg mu\u00df nat\u00fcrlich ein Traum sein. Denn die Stadt, die kleinen Stra\u00dfen, die alten Geb\u00e4ude und die kleinen Lokale strahlen einfach etwas ganz gem\u00fctliches und romantisches aus. Ich w\u00fcrde gern noch einmal in die Stadt kommen, dann aber gern l\u00e4nger &#8211; Kurzurlaub nach Bamberg 3-4 Tage vielleicht. Besonders stimmungsvoll stelle ich mir das im Winter zum Weihnachtsmarkt in Bamberg vor.<\/p>\n<p>Ich sehe schon, meine Weihnachtsmarkt-Reiseliste w\u00e4chst enorm&#8230; \ud83d\ude09<\/p>\n<div id=\"attachment_15757\" class=\"img-container clear-fix imgcenter\"><a href=\"https:\/\/www.spaness.de\/blog\/kurzurlaub-bamberg-wellness\/dsc07148\/\" rel=\"attachment wp-att-15757\"><img loading=\"lazy\" decoding=\"async\" class=\"img-responsive img-responsive img-responsive wp-image-15757\" src=\"https:\/\/www.spaness.de\/blog\/wp-content\/uploads\/DSC07148-1024x682.jpg\" alt=\"Blick auf das Alte Rathaus\" width=\"1024\" height=\"682\" srcset=\"https:\/\/www.spaness.de\/blog\/wp-content\/uploads\/DSC07148-1024x682.jpg 1024w, https:\/\/www.spaness.de\/blog\/wp-content\/uploads\/DSC07148-300x200.jpg 300w, https:\/\/www.spaness.de\/blog\/wp-content\/uploads\/DSC07148.jpg 1280w\" sizes=\"auto, (max-width: 1024px) 100vw, 1024px\" \/><\/a><h5 class=\"text-center\">Blick auf das Alte Rathaus<\/h5><\/div>\n<p><em>*Vielen Dank an Burgenstra\u00dfe e.V. f\u00fcr die Organisation und Unterst\u00fctzung bei meinem Roadtrip auf der Burgenstra\u00dfe.<\/em><\/p>\n<p>___<\/p>\n<p><strong>Lust auf mehr Reisebericht und Stationen auf meinem Roadtrip entlang der Burgenstra\u00dfe?<\/strong><\/p>\n<ul>\n<li><a href=\"https:\/\/www.spaness.de\/blog\/sesslach-an-der-burgenstrasse-entschleunigtes-kleinod\/\" target=\"_blank\" rel=\"noopener noreferrer\">Se\u00dflach an der Burgenstra\u00dfe <\/a><\/li>\n<li><a href=\"https:\/\/www.spaness.de\/blog\/nuernberg-urlaub-mit-kindern-heisse-24-stunden-mitten-im-sommer\/\" target=\"_blank\" rel=\"noopener noreferrer\">Kurzurlaub N\u00fcrnberg &#8211; 24 Stunden <\/a><\/li>\n<li><a href=\"https:\/\/www.spaness.de\/blog\/kurztrip-bayreuth\/\" target=\"_blank\" rel=\"noopener noreferrer\">Bayreuth Kurzurlaub &#8211; Stadterkundung &#8211; Festspiele<\/a><\/li>\n<\/ul>\n<p>&nbsp;<\/p>\n","protected":false},"excerpt":{"rendered":"<p>Eine Station auf unserer Reise entlang der #Burgenstra\u00dfe war auch die Unesco Welterbestadt Bamberg. Doch Bamberg ist nat\u00fcrlich viel mehr als ein Weltkulturerbe. Bamberg ist Kulturstadt, Barockstadt, Bierstadt und auch Kunststadt. Ein Kurzurlaub nach Bamberg kann also zu vielen Themen statt finden. Bei uns stand aber das Motto &#8222;Urlaub Bamberg&#8230;<\/p>\n","protected":false},"author":2,"featured_media":15756,"comment_status":"open","ping_status":"open","sticky":false,"template":"","format":"standard","meta":{"footnotes":""},"categories":[266,223,295,13,14],"tags":[196,74,94,95,96,245,181,207,118],"class_list":["post-15618","post","type-post","status-publish","format-standard","has-post-thumbnail","hentry","category-familien-wellness","category-bayern-reisen","category-staedtetrips","category-urlaub","category-urlaub-in-deutschland","tag-burgenstrasse","tag-kurzurlaub","tag-reise","tag-reiseblog","tag-reiseblogger","tag-roadtrip","tag-staedtetrip","tag-staedtetrip-deutschland","tag-themenurlaub"],"_links":{"self":[{"href":"https:\/\/www.spaness.de\/blog\/wp-json\/wp\/v2\/posts\/15618","targetHints":{"allow":["GET"]}}],"collection":[{"href":"https:\/\/www.spaness.de\/blog\/wp-json\/wp\/v2\/posts"}],"about":[{"href":"https:\/\/www.spaness.de\/blog\/wp-json\/wp\/v2\/types\/post"}],"author":[{"embeddable":true,"href":"https:\/\/www.spaness.de\/blog\/wp-json\/wp\/v2\/users\/2"}],"replies":[{"embeddable":true,"href":"https:\/\/www.spaness.de\/blog\/wp-json\/wp\/v2\/comments?post=15618"}],"version-history":[{"count":35,"href":"https:\/\/www.spaness.de\/blog\/wp-json\/wp\/v2\/posts\/15618\/revisions"}],"predecessor-version":[{"id":31548,"href":"https:\/\/www.spaness.de\/blog\/wp-json\/wp\/v2\/posts\/15618\/revisions\/31548"}],"wp:featuredmedia":[{"embeddable":true,"href":"https:\/\/www.spaness.de\/blog\/wp-json\/wp\/v2\/media\/15756"}],"wp:attachment":[{"href":"https:\/\/www.spaness.de\/blog\/wp-json\/wp\/v2\/media?parent=15618"}],"wp:term":[{"taxonomy":"category","embeddable":true,"href":"https:\/\/www.spaness.de\/blog\/wp-json\/wp\/v2\/categories?post=15618"},{"taxonomy":"post_tag","embeddable":true,"href":"https:\/\/www.spaness.de\/blog\/wp-json\/wp\/v2\/tags?post=15618"}],"curies":[{"name":"wp","href":"https:\/\/api.w.org\/{rel}","templated":true}]}}