{"id":17640,"date":"2017-01-30T14:06:23","date_gmt":"2017-01-30T13:06:23","guid":{"rendered":"http:\/\/www.spaness.de\/blog\/?p=17640"},"modified":"2017-02-01T13:33:22","modified_gmt":"2017-02-01T12:33:22","slug":"tourismuscamp-2017","status":"publish","type":"post","link":"https:\/\/www.spaness.de\/blog\/tourismuscamp-2017\/","title":{"rendered":"Tourismuscamp 2017 &#8211; Watt, D\u00fcne und Deich"},"content":{"rendered":"<p><strong>Zur\u00fcck vom #tcamp17 sitze ich an meinen Schreibtisch und sollte eigentlich Mails beantworten, einen Artikel f\u00fcr einen Kunden schreiben und auch ein Angebot steht auf meiner heutigen Agenda. Doch ich kann mich nicht richtig darauf konzentrieren. Ich komme frisch von einem inspirierenden Wochenende aus Wilhelmshaven &#8211; denn dort fand in diesem Jahr das Tourismuscamp statt. <\/strong><\/p>\n<h2>Tourismuscamp 2017 &#8211; Wilhelmshaven am Jadebusen<\/h2>\n<p>Ich war schon \u00f6fter in den letzten Jahren <a href=\"https:\/\/www.spaness.de\/blog\/tourismuscamp-tce15\/\" target=\"_blank\">auf dem Tourismuscamp<\/a> &#8211; aber irgendwie war es dieses Mal anders. Vielleicht weil man mit dem Camp von Bayern nach Niedersachsen umgezogen ist. O.K. ich komme aus Niedersachsen und gestehe auch ein wenig #Heimatliebe doch ich glaube, es lag insgesamt einfach an einer neuen Umgebung, den neuen Eindr\u00fccken und auch vielen neuen Teilnehmer-Gesichtern. Denn es waren wohl tats\u00e4chlich so viel neue Tourismuscamper dabei wie niemals vorher.<\/p>\n<blockquote><p>Wie sagte der Florian Bauhuber in einer Session so sch\u00f6n &#8222;Es ist schon ein Fest anzureisen &#8211; die Reise an sich geh\u00f6rt schon zum Tourismuscamp-Erlebnis&#8220;.<\/p><\/blockquote>\n<p>Recht hat er&#8230; und die Gastfreundschaft die uns in Wilhelmshaven entgegengebracht wurde, kann man einfach nur noch als sehr, sehr herzlich bezeichnen. Auch Uwe und Ursula \ud83d\ude09 hatten sich dann doch schnell an das DU (auf Barcamps \u00fcblich) gew\u00f6hnt&#8230; und gleich mal klar gestellt, dass Wilhelmshaven nicht Ostfriesland ist. \ud83d\ude09 Ach ja Wilhelmshaven &#8211; es hat sich so ganz nebenbei wirklich von seiner sch\u00f6nsten Seite gezeigt&#8230; mit wundervollen Sonnenuntergangen und Aufg\u00e4ngen \u00fcber dem Jadebusen.<\/p>\n<p>Die Stadt selber hat den Slogan &#8222;die kleinste Weltstadt mit Herz&#8220;. Ja, Herz hat die Stadt &#8211; genau das haben uns die Bewohner ganz deutlich gezeigt und bewiesen. Doch ist so ein Spruch nat\u00fcrlich irgendwie austauschbar &#8211; \u00e4hnlich wie &#8222;der echte Norden&#8220; oder auch &#8222;Das Beste am Norden&#8230;&#8220;. Denn sind wir doch mal ehrlich&#8230; alle s\u00fcdlich vom Wei\u00dfwurst\u00e4quator wissen doch gar nicht so genau wo sich &#8222;der echte Norden&#8220; befindet oder wo genau der Jadebusen und Wilhelmshaven ist. Doch wu\u00dftet ihr, dass ihr Whale Watching in Wilhelmshaven erleben k\u00f6nnt? Das die Kaiser Wilhelm Br\u00fccke schon 1907 er\u00f6ffnet wurde und als gr\u00f6\u00dfte Drehbr\u00fccke in Deutschland galt. Dar\u00fcber hinaus ist sie einfach ein super Fotomotiv &#8211; nicht nur f\u00fcr Br\u00fcckenfans. \ud83d\ude09 Was Wilhelmshaven noch so zu bieten hat, verrate ich demn\u00e4chst mal in einem ganz eigenen Artikel. Denn hier und heute soll es ja um das Tourismuscamp gehen.<\/p>\n<div id=\"attachment_17647\" class=\"img-container clear-fix imgcenter\"><a href=\"https:\/\/www.spaness.de\/blog\/tourismuscamp-2017-watt-duene-und-deich\/16388275_10155856691439368_3984154719022420442_n\/\" rel=\"attachment wp-att-17647\"><img loading=\"lazy\" decoding=\"async\" class=\"img-responsive size-full img-responsive wp-image-17647\" src=\"https:\/\/www.spaness.de\/blog\/wp-content\/uploads\/16388275_10155856691439368_3984154719022420442_n.jpeg\" alt=\"Sonnenaufgang in Wilhelmshaven\" width=\"960\" height=\"720\" srcset=\"https:\/\/www.spaness.de\/blog\/wp-content\/uploads\/16388275_10155856691439368_3984154719022420442_n.jpeg 960w, https:\/\/www.spaness.de\/blog\/wp-content\/uploads\/16388275_10155856691439368_3984154719022420442_n-300x225.jpeg 300w, https:\/\/www.spaness.de\/blog\/wp-content\/uploads\/16388275_10155856691439368_3984154719022420442_n-407x305.jpeg 407w\" sizes=\"auto, (max-width: 960px) 100vw, 960px\" \/><\/a><h5 class=\"text-center\">Sonnenaufgang in Wilhelmshaven<\/h5><\/div>\n<div id=\"attachment_17664\" class=\"img-container clear-fix imgcenter\"><a href=\"https:\/\/www.spaness.de\/blog\/tourismuscamp-2017\/img_0832\/\" rel=\"attachment wp-att-17664\"><img loading=\"lazy\" decoding=\"async\" class=\"img-responsive img-responsive img-responsive wp-image-17664\" src=\"https:\/\/www.spaness.de\/blog\/wp-content\/uploads\/IMG_0832-1024x768.jpg\" alt=\"Kaiser Wilhelm Br\u00fccke Wilhelmshaven\" width=\"1024\" height=\"768\" srcset=\"https:\/\/www.spaness.de\/blog\/wp-content\/uploads\/IMG_0832-1024x768.jpg 1024w, https:\/\/www.spaness.de\/blog\/wp-content\/uploads\/IMG_0832-300x225.jpg 300w, https:\/\/www.spaness.de\/blog\/wp-content\/uploads\/IMG_0832-407x305.jpg 407w, https:\/\/www.spaness.de\/blog\/wp-content\/uploads\/IMG_0832.jpg 1632w\" sizes=\"auto, (max-width: 1024px) 100vw, 1024px\" \/><\/a><h5 class=\"text-center\">Kaiser Wilhelm Br\u00fccke Wilhelmshaven<\/h5><\/div>\n<h3>Tourismuscamp 2017 #tcamp17 (Tag 1) &#8211; spannende Sessions, Austausch, Kommunikation &amp; Inspiration<\/h3>\n<p>Vielleicht bilde ich es mir ein, doch ich habe das Gef\u00fchl, dass sich die Themen des Camps etwas gedreht haben. Wir haben viel mehr \u00fcber zukunftstrechtige Themen gesprochen &#8211; wohin geht die Reise im Tourismus? Sind unsere Jobs im Tourismus \u00fcberhaupt noch zukunftstr\u00e4chtig oder l\u00f6st auch uns die Technik in Zukunft ab? Wie und wo m\u00f6chten wir in Zukunft arbeiten? Was hei\u00dft \u00fcberhaupt Urlaub in der Zukunft? Dazu gibt es auf <a href=\"https:\/\/www.facebook.com\/groups\/229893854125644\/\" target=\"_blank\" class=\"external\" rel=\"nofollow\">Facebook auch eine sehr interessante Gruppe &#8222;ADayin2030&#8220;<\/a>.<\/p>\n<p>Insgesamt waren es auch dieses Mal wieder \u00fcber 30 verschiedene und spannende Themen, die es an die Session-Pinnwand geschafft haben. Alle konnte ich nat\u00fcrlich nicht besuchen. Doch ich nehme euch gern mal mit auf einen kleinen Querschnitt &#8211; n\u00e4mlich in die Sessions, bei denen ich selber auch dabei war.<\/p>\n<p>&nbsp;<\/p>\n<blockquote class=\"twitter-tweet\" data-lang=\"de\">\n<p dir=\"ltr\" lang=\"de\"><a href=\"https:\/\/twitter.com\/hashtag\/tcamp17?src=hash\" class=\"external\" rel=\"nofollow\">#tcamp17<\/a> los geht&#8217;s&#8230; Moin! \u2693 <a href=\"https:\/\/t.co\/eZPzOPQtEZ\" class=\"external\" rel=\"nofollow\">pic.twitter.com\/eZPzOPQtEZ<\/a><\/p>\n<p>\u2014 SPANESS (@SPANESS) <a href=\"https:\/\/twitter.com\/SPANESS\/status\/825261285679955970\" class=\"external\" rel=\"nofollow\">28. Januar 2017<\/a><\/p><\/blockquote>\n<p><script async src=\"\/\/platform.twitter.com\/widgets.js\" charset=\"utf-8\"><\/script><br \/>\nGestartet bin ich in den Samstag Vormittag mit einer Session die da hie\u00df <strong>&#8222;Mobiles Storytelling&#8220;<\/strong>. Live-Videos sind absolut der Hit &#8211; insgesamt geht der Trend zu einem Live-Erlebnis der Zuschauer und Community. Immer mehr und n\u00e4her und intensiver dabei sein, Erlebnisse zeigen&#8230; Emotionen sprechen lassen und das klappt durch z.B. Live-Videos. Snapchat und Co. haben es gestartet und was gut und erfolgreich ist, wird ja auch gern mal kopiert. So startete Facebook jetzt mit dem ersten Test f\u00fcr Facebook-Storys&#8230; und da waren wir uns alle einig&#8230; diese Entwicklung wird sich ausweiten -&gt; Denn Bilder sagen nun einmal mehr als 1000 Worte. Selbst Sessions vom Tourismuscamp werden mittlerweile via Live-Stream ins Netz \u00fcbertragen und so konnten viele auch vor dem heimischen Rechner sitzen und verfolgen, was in so einer Session abgeht.<\/p>\n<p>Im Anschluss ging es dann mit einem Kaffee in eine Session die als \u00dcberschrift den Titel hatte <strong>&#8222;Destinationsmarken&#8220;<\/strong>. Wie kann ich meine Destination &#8211; und ist sie vielleicht auch noch so klein &#8211; zu einer Marke machen. Als Beispiel wurde Wolfenb\u00fcttel (f\u00fcr alle die sich jetzt fragen, wo das ist -&gt; irgendwo neben Braunschweig in Niedersachsen) vorgestellt. Auch hier kam deutlich zum Vorschein, worin die Attribute und W\u00fcnsche der Menschen in der Zukunft liegen. Ein Gro\u00dfteil der Menschen will kommunizieren, Freizeit in der Zukunft anders gestalten, Job und Freizeit werden verschwimmen&#8230; So ist es eben auch wichtig Authentizit\u00e4t, auch als Destionationsmarke, zu leben und nicht nur zu spielen. Das was ich nach Aussen zeige, mu\u00df ich dann auch zu 110% erf\u00fcllen. Das ich nach der Session Lust hatte, umgehend nach Wolfenb\u00fcttel zu reisen &#8211; mu\u00df ich jetzt wohl nicht mehr gro\u00df erw\u00e4hnen&#8230; \ud83d\ude09<\/p>\n<div id=\"attachment_17644\" class=\"img-container clear-fix imgcenter\"><a href=\"https:\/\/www.spaness.de\/blog\/tourismuscamp-2017-watt-duene-und-deich\/16252425_10154538973338073_5889413827595933381_o\/\" rel=\"attachment wp-att-17644\"><img loading=\"lazy\" decoding=\"async\" class=\"img-responsive img-responsive wp-image-17644 img-responsive\" src=\"https:\/\/www.spaness.de\/blog\/wp-content\/uploads\/16252425_10154538973338073_5889413827595933381_o-1024x427.jpeg\" alt=\"Tourismuscamp 2017 Gruppenfoto - nach der Mittagspause\" width=\"1024\" height=\"427\" srcset=\"https:\/\/www.spaness.de\/blog\/wp-content\/uploads\/16252425_10154538973338073_5889413827595933381_o-1024x427.jpeg 1024w, https:\/\/www.spaness.de\/blog\/wp-content\/uploads\/16252425_10154538973338073_5889413827595933381_o-300x125.jpeg 300w, https:\/\/www.spaness.de\/blog\/wp-content\/uploads\/16252425_10154538973338073_5889413827595933381_o.jpeg 1334w\" sizes=\"auto, (max-width: 1024px) 100vw, 1024px\" \/><\/a><h5 class=\"text-center\">Gruppenfoto &#8211; nach der Mittagspause (Bildquelle: Tourismuszukunft)<\/h5><\/div>\n<p>Nach der Mittagspause ging es weiter zu einer Session, die ich f\u00fcr mich als <strong>&#8222;Video-Session&#8220;<\/strong> abgespeichert hatte. Das Filme im Tourimusmarketing wichtig sind, ist uns definitiv klar&#8230; doch wie sollte denn so ein &#8222;Film&#8220; aussehen? Was spricht die Menschen denn an? Als Bespiel haben wir uns einen Film von einem Hotel aus Berlin angeschaut und auch einen Film von einer \u00f6sterreichischen Region.<\/p>\n<blockquote><p>Wu\u00dftet ihr, dass pro Minute auf Youtube mehr als 500 Stunden Videomaterial hochgeladen wird?<\/p><\/blockquote>\n<p>Je nach dem welchen Kanal man f\u00fcr sein Video w\u00e4hlt, so unterschiedlich sind auch die Clickraten. Bin ich z.B. auf einer Hotelwebseite, so m\u00f6chten die Menschen am ehesten wohl sehen und entdecken, wie es im Hotel aussieht &#8211; \u00e4hnlich gilt das nat\u00fcrlich f\u00fcr eine Region. Aber was suche ich auf Youtube (oder in einer anderen Videosuchmaschine)? Ganz klar wird es in Zukunft wohl eben hier noch mehr \u00fcber die &#8222;Stillung eines Bed\u00fcrfnisses&#8220; gehen. Willst du also z.B. ein Hotel in Berlin bewerben &#8211; dann frage dich doch mal &#8222;warum kommt jemand nach Berlin &#8211; was will der dort &#8211; und wo nach sucht der, wenn diese Person ein Hotel sucht?&#8220; Mu\u00df ich dem Gast noch erz\u00e4hlen, was er in Berlin machen kann? Oder hat er sich damit l\u00e4ngst vorher besch\u00e4ftigt?<\/p>\n<p>Im Anschluss ging es dann weiter in die, bereits oben erw\u00e4hnte Session, <strong>#Adayin2030<\/strong>. Ein interessante Diskussion \u00fcber Grundeinkommen, Werte und Ziele, W\u00fcnsche, Bed\u00fcrfnisse etc. Was wird uns die Technik erm\u00f6glichen und abnehmen und wie gehen wir damit in der Zukunft um?<\/p>\n<p>&nbsp;<\/p>\n<blockquote class=\"twitter-tweet\" data-lang=\"de\">\n<p dir=\"ltr\" lang=\"de\">Wie sieht unsere Zukunft eigentlich aus? Session 4 <a href=\"https:\/\/twitter.com\/hashtag\/tcamp17?src=hash\" class=\"external\" rel=\"nofollow\">#tcamp17<\/a> &#8211; <a href=\"https:\/\/twitter.com\/hashtag\/arbeit?src=hash\" class=\"external\" rel=\"nofollow\">#arbeit<\/a> <a href=\"https:\/\/twitter.com\/hashtag\/leben?src=hash\" class=\"external\" rel=\"nofollow\">#leben<\/a> <a href=\"https:\/\/twitter.com\/hashtag\/bildung?src=hash\" class=\"external\" rel=\"nofollow\">#bildung<\/a> und nat\u00fcrlich auch unsere <a href=\"https:\/\/twitter.com\/hashtag\/Tourismus?src=hash\" class=\"external\" rel=\"nofollow\">#Tourismus<\/a> Jobs? <a href=\"https:\/\/t.co\/tmuLKPfqeg\" class=\"external\" rel=\"nofollow\">pic.twitter.com\/tmuLKPfqeg<\/a><\/p>\n<p>\u2014 SPANESS (@SPANESS) <a href=\"https:\/\/twitter.com\/SPANESS\/status\/825346823418236928\" class=\"external\" rel=\"nofollow\">28. Januar 2017<\/a><\/p><\/blockquote>\n<p><script async src=\"\/\/platform.twitter.com\/widgets.js\" charset=\"utf-8\"><\/script><br \/>\nGeflasht hie\u00df es danach <strong>&#8222;Messenger Marketing&#8220;<\/strong> &#8211; tja auch so ein Teil der Zukunfts-Technik und Trends. Was ist hier n\u00e4mlich schon durch Chatbots, Automatisierung und Co. m\u00f6glich? Und wie kann man die Messenger Dienste besser ins Marketing einbauen?<\/p>\n<p>Mit der letzten Session des Tages kommen wir dann auch noch einmal indirekt zur\u00fcck auf die Bef\u00fcrfnisse &#8211; es geht um Content. <strong>Was genau ist denn eigentlich alles Content?<\/strong> Und was macht man damit eigentlich &#8211; wenn er denn schon mal da ist. Eines meiner Lieblingsthemen, denn grad viele Destionationen, Hotels und andere touristische Betriebe lassen zwar Content erstellen aber nutzen ihn dann selber eigentlich kaum bis gar nicht. Viele wissen ja eben nicht einmal, was so alles im Netz zu finden ist. Das f\u00e4ngt bei Erlebnisberichten, Videos und Bildern an und h\u00f6rt bei Bewertungen, CheckIn\/Out etc. auf.<\/p>\n<p>Geflasht und hungrig stand dann das Abendprogramm an &#8211; mit Gr\u00fcnkohl, Korn und Party (wenn der Tourismus Wilhelmshaven Gesch\u00e4ftsf\u00fchrer pl\u00f6tzlich der DJ ist und alle zum Ostfriesenabitur antreten d\u00fcrfen). That&#8217;s North-Germany&#8230; \ud83d\ude09 -&gt; <a href=\"https:\/\/www.spaness.de\/blog\/kurztrip-oldenburg-kohltourhauptstadt\/\" target=\"_blank\">Vom Gr\u00fcnkohl hab ich euch hier ja schon etwas berichet &#8222;Oldenburg KohltourHauptstadt&#8220;<\/a>.<\/p>\n<div id=\"attachment_17645\" class=\"img-container clear-fix imgcenter\"><a href=\"https:\/\/www.spaness.de\/blog\/tourismuscamp-2017-watt-duene-und-deich\/16298512_1419448201423315_5054002170842142397_n\/\" rel=\"attachment wp-att-17645\"><img loading=\"lazy\" decoding=\"async\" class=\"img-responsive size-full img-responsive wp-image-17645\" src=\"https:\/\/www.spaness.de\/blog\/wp-content\/uploads\/16298512_1419448201423315_5054002170842142397_n.jpeg\" alt=\"Es lebe der Gr\u00fcnkohl\" width=\"960\" height=\"720\" srcset=\"https:\/\/www.spaness.de\/blog\/wp-content\/uploads\/16298512_1419448201423315_5054002170842142397_n.jpeg 960w, https:\/\/www.spaness.de\/blog\/wp-content\/uploads\/16298512_1419448201423315_5054002170842142397_n-300x225.jpeg 300w, https:\/\/www.spaness.de\/blog\/wp-content\/uploads\/16298512_1419448201423315_5054002170842142397_n-407x305.jpeg 407w\" sizes=\"auto, (max-width: 960px) 100vw, 960px\" \/><\/a><h5 class=\"text-center\">Es lebe der Gr\u00fcnkohl und Korn nat\u00fcrlich&#8230; \ud83d\ude09<\/h5><\/div>\n<h3>Tourismuscamp 2017 #tcamp17 (Tag 2) &#8211; grandioser Abschluss eines Klassentreffens&#8230;<\/h3>\n<p>Das Tourismuscamp hat sich l\u00e4ngst zu einem Klassentreffen der Branche etabliert. Herzlich und auf Augenh\u00f6he wird kommuniziert, sich gegenseitig (offen und ehrlich) ausgetauscht und gemeinsam schaut man einfach mal \u00fcber den sprichw\u00f6rtlichen &#8222;Tellerrand&#8220;.<\/p>\n<p>So ist es nicht erstaunlich, dass trotz Party an Tag 1, viele Teilnehmer den Weg auch an Tag 2 noch wieder an den Veranstaltungs-Austragungsort finden. \ud83d\ude09 Etwas m\u00fcde um die Augen, oft morgens noch etwas wortkarg aber doch motiviert. Und sind wir doch mal ehrlich, nach einer Brezel und einem Pott Kaffee sieht die Welt doch schon wieder ganz anders aus.<\/p>\n<p>Mit Kaffee bewaffnet zog ich also in den ersten Session-Raum des Tages und nahm teil an einer kreativen Planungsrunde zur <strong>Zukunft des Tourismuscamp<\/strong>? 10 Jahre Tourismuscamp und wie geht es weiter? Ist es noch &#8222;Uptodate&#8220;? Was w\u00fcnschen sich die Teilnehmer? Ist der Barcamp Charakter noch vorhanden? Sind die Themen und die Teilnehmer noch auf Augenh\u00f6he?<\/p>\n<p>Leute, wo das n\u00e4chste Tourismuscamp statt findet, steht noch nicht fest. Hier mal dazu ein paar Hashtags # die ich auch auf twitter kundgetan habe #HauptsacheWalachei #Deutschland #unterschiedlicheOrte &#8211; die Reise geht also weiter&#8230; mehr verraten uns die Liebchen von Tourismuszukunft bestimmt demn\u00e4chst. Denn anhand der W\u00fcnsche und Ideen, die wir zusammengetragen haben, wird jetzt der n\u00e4chste Austragungsort ausgew\u00e4hlt und evtl. gibt es auch eine Abstimmung\/Voting (aber etwas anders als im letzten Jahr).<\/p>\n<p>Die letzte Session f\u00fcr mich auf diesem Tourismuscamp war dann ein Zusammentreffen mit Bloggern und Destinationen bzw. anderen touristischen Anbietern zum <strong>Austausch \u00fcber Influencer Markting, Blogger-Relations und Inhalte<\/strong>. Was w\u00fcnschen sich Influencer, Blogger &amp; Co. von Destionationen und auch der Umkehrschluss &#8211; Destinationen von Bloggern &amp; Co.? Wo liegen die Herausforderungen (immer noch)? Denn klar ist, hier hat sich in den letzten Jahren ja einiges getan aber auch entwickelt und auch die Bloggerei wird langsam erwachsen und es entwickeln sich neue Trends.<\/p>\n<blockquote class=\"twitter-tweet\" data-lang=\"de\">\n<p dir=\"ltr\" lang=\"de\">Voraussetzung f\u00fcr <a href=\"https:\/\/twitter.com\/hashtag\/tcamp18?src=hash\" class=\"external\" rel=\"nofollow\">#tcamp18<\/a> Hauptsache <a href=\"https:\/\/twitter.com\/hashtag\/Walachei?src=hash\" class=\"external\" rel=\"nofollow\">#Walachei<\/a> <a href=\"https:\/\/twitter.com\/hashtag\/deutschland?src=hash\" class=\"external\" rel=\"nofollow\">#deutschland<\/a> <a href=\"https:\/\/twitter.com\/hashtag\/unterschiedlicheorte?src=hash\" class=\"external\" rel=\"nofollow\">#unterschiedlicheorte<\/a> <a href=\"https:\/\/twitter.com\/hashtag\/tcamp17?src=hash\" class=\"external\" rel=\"nofollow\">#tcamp17<\/a> <a href=\"https:\/\/t.co\/89eNksVkCy\" class=\"external\" rel=\"nofollow\">pic.twitter.com\/89eNksVkCy<\/a><\/p>\n<p>\u2014 SPANESS (@SPANESS) <a href=\"https:\/\/twitter.com\/SPANESS\/status\/825633674515382272\" class=\"external\" rel=\"nofollow\">29. Januar 2017<\/a><\/p><\/blockquote>\n<p><script async src=\"\/\/platform.twitter.com\/widgets.js\" charset=\"utf-8\"><\/script><\/p>\n<p>&nbsp;<\/p>\n<h3>Tourismuscamp 2017 #tcamp17 &#8211; Mein Fazit<\/h3>\n<p>Der Austausch mit nerdigen Tourismuskollegen inspiriert mich immer sehr. Gemeinsam &#8222;spinnen&#8220;, \u00fcber den Tellerrand schauen, sich austauschen und gemeinsam auch zu neuen Erkenntnissen gelangen&#8230;. oder auch einfach mal \u00fcber Dinge nachdenken. Ich bin noch etwas geflasht&#8230; auch wenn nat\u00fcrlich nicht alle Themen &#8222;meine&#8220; sind und auch wenn ich vielleicht auch manche Themen anders sehe als die Kollegen. Doch genie\u00dfe ich den Austausch auf dem Tourismuscamp immer sehr&#8230; denn er findet immer wieder offen und ehrlich statt.<\/p>\n<p>Und auch der Spa\u00df kommt eben nicht zu kurz &#8211; so tanzten wir bis sp\u00e4t in die Nacht im Pumpwerk ab&#8230; \ud83d\ude09 #DankeDankeDanke an dieser Stelle an die wirklich vielen, vielen tollen Sponsoren, die so etwas m\u00f6glich machen und #DankeDankeDanke an Tourismus Zukunft, die sich jedes Jahr wieder um die tolle Organisation k\u00fcmmern. Genau solche Ausgelassenheiten machen den offenen Austausch aber auch erst m\u00f6glich&#8230; als norddeutsches M\u00e4del vertrete ich ja so oder so den Leitspruch &#8222;man mu\u00df die Feste feiern, wie sie fallen&#8220;. In diesem Sinne ihr Lieben &#8222;es war mir ein Fest mit euch&#8220; und ich freue mich bereits jetzt auf 2018. Wo auch immer die Spiele \u00f6hhhhhhmmmm&#8230;. Sessions starten m\u00f6gen&#8230; \ud83d\ude09<\/p>\n<p>&nbsp;<\/p>\n<p><em>Anmerkung: Den Begriff &#8222;geflasht&#8220; hab ich jetzt sehr oft in diesem Beitrag benutzt, f\u00e4llt mir grad selber auf &#8211; also mu\u00df es wohl ehrlich und ernsthaft so sein &#8211; mir f\u00e4llt auch kein Ersatzbegriff dazu ein, der umschreibt, was ich meine &#8211; daher bleibt es jetzt bei &#8222;geflasht&#8220; \ud83d\ude09<\/em><\/p>\n<p>___<\/p>\n<p><strong>Lust auf mehr (Reise)-Inspiration?<\/strong><\/p>\n<ul>\n<li><a href=\"https:\/\/www.spaness.de\/blog\/leben-und-reisen-in-der-zukunft\/\" target=\"_blank\">Wie leben und reisen wir in der Zukunft?<\/a><\/li>\n<li><a href=\"https:\/\/www.spaness.de\/blog\/reisetrends-der-zukunft\/\" target=\"_blank\">R\u00fcckblick mit Aussicht &#8211; auf die Reisetrends der Zukunft<\/a><\/li>\n<li><a href=\"https:\/\/www.spaness.de\/blog\/slow-traveling-10-gruende\/\" target=\"_blank\">Slow Traveling &#8211; Was spricht daf\u00fcr?<\/a><\/li>\n<\/ul>\n<p>&nbsp;<\/p>\n","protected":false},"excerpt":{"rendered":"<p>Zur\u00fcck vom #tcamp17 sitze ich an meinen Schreibtisch und sollte eigentlich Mails beantworten, einen Artikel f\u00fcr einen Kunden schreiben und auch ein Angebot steht auf meiner heutigen Agenda. Doch ich kann mich nicht richtig darauf konzentrieren. Ich komme frisch von einem inspirierenden Wochenende aus Wilhelmshaven &#8211; denn dort fand in&#8230;<\/p>\n","protected":false},"author":2,"featured_media":17646,"comment_status":"open","ping_status":"open","sticky":false,"template":"","format":"standard","meta":{"footnotes":""},"categories":[3,5,12],"tags":[94,95,96,98,131],"class_list":["post-17640","post","type-post","status-publish","format-standard","has-post-thumbnail","hentry","category-business-meets-paradise","category-heimatliebe","category-tanjas-kolumne","tag-reise","tag-reiseblog","tag-reiseblogger","tag-reisetrend","tag-urlaubstrend"],"_links":{"self":[{"href":"https:\/\/www.spaness.de\/blog\/wp-json\/wp\/v2\/posts\/17640","targetHints":{"allow":["GET"]}}],"collection":[{"href":"https:\/\/www.spaness.de\/blog\/wp-json\/wp\/v2\/posts"}],"about":[{"href":"https:\/\/www.spaness.de\/blog\/wp-json\/wp\/v2\/types\/post"}],"author":[{"embeddable":true,"href":"https:\/\/www.spaness.de\/blog\/wp-json\/wp\/v2\/users\/2"}],"replies":[{"embeddable":true,"href":"https:\/\/www.spaness.de\/blog\/wp-json\/wp\/v2\/comments?post=17640"}],"version-history":[{"count":21,"href":"https:\/\/www.spaness.de\/blog\/wp-json\/wp\/v2\/posts\/17640\/revisions"}],"predecessor-version":[{"id":17684,"href":"https:\/\/www.spaness.de\/blog\/wp-json\/wp\/v2\/posts\/17640\/revisions\/17684"}],"wp:featuredmedia":[{"embeddable":true,"href":"https:\/\/www.spaness.de\/blog\/wp-json\/wp\/v2\/media\/17646"}],"wp:attachment":[{"href":"https:\/\/www.spaness.de\/blog\/wp-json\/wp\/v2\/media?parent=17640"}],"wp:term":[{"taxonomy":"category","embeddable":true,"href":"https:\/\/www.spaness.de\/blog\/wp-json\/wp\/v2\/categories?post=17640"},{"taxonomy":"post_tag","embeddable":true,"href":"https:\/\/www.spaness.de\/blog\/wp-json\/wp\/v2\/tags?post=17640"}],"curies":[{"name":"wp","href":"https:\/\/api.w.org\/{rel}","templated":true}]}}