{"id":18014,"date":"2017-03-21T11:13:42","date_gmt":"2017-03-21T10:13:42","guid":{"rendered":"https:\/\/www.spaness.de\/blog\/?p=18014"},"modified":"2019-08-21T09:24:13","modified_gmt":"2019-08-21T07:24:13","slug":"osterferien-reiseziele-warm","status":"publish","type":"post","link":"https:\/\/www.spaness.de\/blog\/osterferien-reiseziele-warm\/","title":{"rendered":"Osterferien: Reisen mit Kindern &#8211; 8 sonnige Reiseziele"},"content":{"rendered":"<p><strong>Mit unseren Osterferien-Reisepl\u00e4nen sind wir noch nocht wirklich weiter gekommen. So richtig entscheiden wohin es geht, konnten wir uns bisher nicht wirklich. Grob in Richtung S\u00fcden in Europa sollte es gehen und es darf schon etwas warm sein. Es soll ein neues Ziel sein, etwas wo wir als Familie noch nicht waren &#8211; naja und bezahlbar&#8230; \ud83d\ude09<\/strong><\/p>\n<h2>Familienfreundliche Osterferien Reiseziele: Warm, Europa &amp; bitte nicht Malle!<\/h2>\n<p>Da ich alleine nicht so richtig weiter komme, habe ich mir jetzt mal Hilfe von einigen Reiseblogger Kollegen geholt und mal gefragt, welche Tipps sie f\u00fcr mich haben. Ich habe also die Frage gestellt &#8222;wohin in den Osterferien reisen&#8220; und genau die oben genannte Aufgabenstellung mit auf den Weg gegeben und mich dann total gefreut, was da alles zusammengekommen ist. Et Voil\u00e0 &#8211; sagt Hallo zu richtig coolen Osterferien Reisezielen in Europa.<\/p>\n<h3>Osterferien Reisetipps: Die K\u00fcste von Alentejo (Portugal)<\/h3>\n<p>Die K\u00fcste des Alentejo eignet sich hervorragend f\u00fcr einen Urlaub mit Kindern. Von <strong>Troia bis Cabo Sardao<\/strong> gibt es traumhafte Str\u00e4nde. Im Norden der Halbinsel Troia folgt ein kilometerlanger Sandstrand dem n\u00e4chsten. Wer gern in Hotelsiedlungen \u00fcbernachtet, kann das in Troia tun. Uns hat allerdings unsere Ferienwohnung in <strong>Monte do Zambujeiro<\/strong> besser gefallen. Dabei handelt es sich um kleine Ferienappartments auf einer ehemaligen Farm, die ein paar Kilometer im Landesinneren liegen. Hier k\u00f6nnen Kinder ausgiebig in der Natur toben und im Pool schwimmen, w\u00e4hrend die Eltern ein Glas Wein bei einem wundervollen Ausblick in die Natur auf der Terrasse genie\u00dfen. Wer will, kann sogar in der eigenen K\u00fcche selbst kochen &#8211; oder hausgemachtes Essen im kleinen Restaurant genie\u00dfen. Das Meer ist nur ein paar Kilometer mit dem Auto entfernt. Au\u00dferdem gibt&#8217;s hervorragende <strong>Fischrestaurants z.B. in Entrada dos Barcas oder in Vila Nova de Milfontes<\/strong>.<\/p>\n<p>Am besten folgt man 2-3 Tage lang der <a href=\"https:\/\/www.travelworldonline.de\/reisen\/rota-do-peixe\/\" target=\"_blank\" rel=\"noopener noreferrer nofollow\" class=\"external\"><strong>Rota do Peixe<\/strong><\/a> mit Badeaufenthalten an den Str\u00e4nden. In Monte do Zambujeiro kann man gut mehrere Tage verbringen, sich entspannen und von dort Ausfl\u00fcge machen. Daf\u00fcr bieten sich der <strong>Leuchtturm von Cabo Sardao<\/strong> ebenso an wie der Wanderweg der <strong>Rota Vicentina<\/strong> oder der kleine <strong>Fischerhafen Entrada dos Barcas<\/strong>. Hier gibt&#8217;s unsere Informationen \u00fcber die Region.<\/p>\n<div id=\"attachment_18016\" class=\"img-container clear-fix imgcenter\"><a href=\"https:\/\/www.spaness.de\/blog\/osterferien-reiseziele-warm\/praia-do-pego-brettersteg\/\" rel=\"attachment wp-att-18016\"><img loading=\"lazy\" decoding=\"async\" class=\"img-responsive img-responsive wp-image-18016 size-full\" src=\"https:\/\/www.spaness.de\/blog\/wp-content\/uploads\/praia-do-pego-brettersteg.jpg\" alt=\"Osterferien Reisen\" width=\"940\" height=\"627\" srcset=\"https:\/\/www.spaness.de\/blog\/wp-content\/uploads\/praia-do-pego-brettersteg.jpg 940w, https:\/\/www.spaness.de\/blog\/wp-content\/uploads\/praia-do-pego-brettersteg-300x200.jpg 300w\" sizes=\"auto, (max-width: 940px) 100vw, 940px\" \/><\/a><h5 class=\"text-center\">Ostern in Praia do Pego<\/h5><\/div>\n<p>Dieser tolle Reisetipp f\u00fcr die Osterferien stammt von Monika &amp; Petar von TravelWorldOnline. Portugal steht auch bei uns in der engeren Auswahl und eigentlich schon ganz, ganz lange auf der Reiseliste. Bisher haben wir es tats\u00e4chlich noch nicht geschafft. Dieser Trip h\u00f6rt sich auf alle F\u00e4lle total spannend an&#8230; <strong>-&gt; <a href=\"https:\/\/www.travelworldonline.de\/reisen\/alentejo\/\" target=\"_blank\" rel=\"follow noopener noreferrer\" class=\"external\">Mehr zu TravelWorldOnline HIER<\/a><\/strong>. Und in der GoogleMap hab ich euch die verschiedenen Reisestandorte mit dem &#8222;blauen F\u00e4hnchen markiert&#8220;.<\/p>\n<h3>Osterferien Urlaub Tipps: Lanzarote f\u00fchlt sich immer an wie Fr\u00fchling (Spanien)<\/h3>\n<p>Gef\u00fchlt ist auf Lanzarote immer Fr\u00fchling. Sanft weht eine Brise vom Meer hinauf auf das tiefe Schwarz der erkalteten Lava. Ein traumhaftes Ziel f\u00fcr Genussreisen &#8211; gerade in dieser Jahreszeit. Und wenn mann erst einmal da ist&#8230;<\/p>\n<p><strong>Meine 3 Top Tipps:<\/strong><\/p>\n<p><strong>Meine Nummer 1<\/strong> ist der <strong>Timanfaya Nationalpark<\/strong>. Man sp\u00fcrt: Menschen haben hier einst ihr Leben gelebt &#8211; und pl\u00f6tzlich ist alles ganz anders. Das Unheil in Form gewaltiger Vulkaneruptionen l\u00f6schte alles aus. Auch heute noch nimmt man die Urgewalt wahr, die in der Erde brodelt. Faszinierend, wenn der Guide Zweige in ein Loch im Boden steckt und sofort Flammen herausschlagen!<\/p>\n<p><strong>Nummer 2:<\/strong> Die <strong>Fundacion Manrique<\/strong>. Der Architekt Cesar Manrique hat die Insel mit seinem Baustil gepr\u00e4gt. In der teilweise dunklen Landschaft leuchten die H\u00e4user strahlend wei\u00df. Ein Zeugnis daf\u00fcr ist die Fundacion, die ihren Sitz in seinem Wohnhaus hat. Die Stiftung bietet K\u00fcnstlern eine Basis f\u00fcr Ihr Scha\ufb00en. Leben und Vielfalt!<\/p>\n<p><strong>Nummer 3<\/strong> ist die <strong>Cueva de los Verdes<\/strong>. Seit ich Lanzarote besucht habe, l\u00e4sst mich alles, was Vulkane betri\ufb00t, nicht mehr los. Was liegt n\u00e4her, als eine durch einen Vulkanausbruch entstandene H\u00f6hle zu besuchen? Mich fasziniert vor allem der Klang, denn bei einem Besuch wird man mit gregorianischen Ges\u00e4ngen begr\u00fc\u00dft. Man f\u00fchlt sich wie in einer nat\u00fcrlichen Kathedrale.<\/p>\n<div id=\"attachment_18075\" class=\"img-container clear-fix imgcenter\"><a href=\"https:\/\/www.spaness.de\/blog\/osterferien-reiseziele-warm\/lanzarote-wellspaportal-52\/\" rel=\"attachment wp-att-18075\"><img loading=\"lazy\" decoding=\"async\" class=\"img-responsive img-responsive wp-image-18075 img-responsive\" src=\"https:\/\/www.spaness.de\/blog\/wp-content\/uploads\/Lanzarote-WellSpaPortal-52-1024x768.jpg\" alt=\"Osterferien Urlaub - warm soll es sein - Wie w\u00e4re es mit Lanzarote\" width=\"1024\" height=\"768\" srcset=\"https:\/\/www.spaness.de\/blog\/wp-content\/uploads\/Lanzarote-WellSpaPortal-52-1024x768.jpg 1024w, https:\/\/www.spaness.de\/blog\/wp-content\/uploads\/Lanzarote-WellSpaPortal-52-300x225.jpg 300w, https:\/\/www.spaness.de\/blog\/wp-content\/uploads\/Lanzarote-WellSpaPortal-52-407x305.jpg 407w\" sizes=\"auto, (max-width: 1024px) 100vw, 1024px\" \/><\/a><h5 class=\"text-center\">Osterferien Urlaub &#8211; warm soll es sein &#8211; Wie w\u00e4re es mit Lanzarote<\/h5><\/div>\n<p>Dieser Urlaubstipp f\u00fcr die Osterferien stammt von Katja vom WellSPA-Portal. Lanzarote steht auch schon lange auf unserer Reiseliste. Bis auf die anderen kanarischen Inseln habe ich es schon geschafft, doch Lanzarote ist bisher tats\u00e4chlich noch ein wei\u00dfer Fleck auf unserer Reisekarte. Ich bin ganz fasziniert von der besonderen Landschaft auf Lanzarote. <strong>-&gt; <a href=\"https:\/\/www.wellspa-portal.de\/\" target=\"_blank\" rel=\"follow noopener noreferrer\" class=\"external\">Mehr zur Reise auf Lanzorte findet ihr HIER<\/a><\/strong>. In der Google Map hab ich euch die einzelnen Stationen mit den orangen F\u00e4hnchen markiert.<\/p>\n<h3>Reisetipp Osterferien &#8211; Schon mal was von Eub\u00f6a geh\u00f6rt? (Griechenland)<\/h3>\n<p><strong>Unbekanntes Eub\u00f6a \u2013 perfekt f\u00fcr Familien<\/strong><\/p>\n<p>Fast noch ein Geheimtipp ist die griechische Insel Eub\u00f6a. Sie ist perfekt f\u00fcr den Osterurlaub \u2013 vor allem mit der Familie. Ich war letztes Jahr mit meinen beiden Kindern dort und es war einer unserer sch\u00f6nsten Urlaube. \u00a0Wir waren im Norden der Insel in <strong>Agios Nikolaus<\/strong>, und hatten eine kleine Bucht f\u00fcr uns ganz allein, sogar mit Sandstrand.<\/p>\n<p>Entspannt ist am Eub\u00f6a-Urlaub schon die Anreise, denn die Insel liegt nur etwa eine Autostunde vom Flughafen Athen entfernt, eine schmale Landzunge verbindet die Insel mit dem Festland. <strong>Chalkida<\/strong> hei\u00dft der Hauptort, in dem man nun landet. Hier ist es sehr touristisch mit Hafenpromenade, Gesch\u00e4ften und st\u00e4dtischem Flair. Wir haben hier eingekauft, um dann in den stillen Norden zu fahren. Dort ist Griechenland wie in den 1980er Jahren, ganz untouristisch und urspr\u00fcnglich mit kleinen D\u00f6rfern und keinen Souvenirl\u00e4den. Hier gibt es nicht nur tolle Wasserf\u00e4lle und dichte W\u00e4lder, sondern auch hei\u00dfe <strong>Naturquellen in Edipsos<\/strong>. Falls das Meer dann eben doch noch zu kalt ist, liegt es sich herrlich in den hei\u00dfen Naturpools. Und wenn es vor lauter Natur doch mal langweilig wird, kann man von hier aus mit der F\u00e4hre wieder aufs Festland fahren und wie wir es gemacht haben, sogar einen <strong>Abstecher nach Delphi<\/strong> unternehmen.<\/p>\n<div id=\"attachment_18244\" class=\"img-container clear-fix imgcenter\"><a href=\"https:\/\/www.spaness.de\/blog\/osterferien-reiseziele-warm\/chalkida_morgens5\/\" rel=\"attachment wp-att-18244\"><img loading=\"lazy\" decoding=\"async\" class=\"img-responsive img-responsive img-responsive wp-image-18244\" src=\"https:\/\/www.spaness.de\/blog\/wp-content\/uploads\/chalkida_morgens5-1024x683.jpg\" alt=\"Osterferien Reiseziele - wie w\u00e4re es mit Eub\u00f6a - Chalkida morgens\" width=\"1024\" height=\"683\" srcset=\"https:\/\/www.spaness.de\/blog\/wp-content\/uploads\/chalkida_morgens5-1024x683.jpg 1024w, https:\/\/www.spaness.de\/blog\/wp-content\/uploads\/chalkida_morgens5-300x200.jpg 300w\" sizes=\"auto, (max-width: 1024px) 100vw, 1024px\" \/><\/a><h5 class=\"text-center\">Osterferien Reiseziele &#8211; wie w\u00e4re es mit Eub\u00f6a &#8211; Chalkida morgens<\/h5><\/div>\n<p>Auf der Suche nach Osterferien Reiseziele &#8211; die auch vielleicht noch unbekannter sind und vielleicht dadurch auch noch echte Geheimtipps sein k\u00f6nnten &#8211; hat mir die Andrea von Indigoblau Eub\u00f6a vorgeschlagen. Ich gestehe, ich mu\u00dfte auch erst einmal schauen, wo das denn \u00fcberhaupt genau ist&#8230; \ud83d\ude09 <strong>-&gt; <\/strong><a href=\"http:\/\/indigo-blau.de\/11-tipps-fuer-euboea\" target=\"_blank\" rel=\"follow noopener noreferrer\" class=\"external\"><strong>Ihr wollt mehr zu Andreas Reise nach Eub\u00f6a lesen, dann schaut auch mal HIER vorbei.<\/strong> <\/a>Auf der Map hab ich euch Eub\u00f6a mit leuchtend gelben F\u00e4hnchen markiert.<\/p>\n<h3>Osterferien Urlaub Sonne &amp; Flair &#8211; In Florenz explodieren zu Ostern Wagen (Italien)<\/h3>\n<p>Nat\u00fcrlich ist Italien im Allgemeinen und die Toskana im Besonderen zu jeder Jahreszeit eine Reise wert. Aber ich finde, im Fr\u00fchling ganz besonders: Die Natur ist schon ein bisschen weiter als bei uns, alles bl\u00fcht, die Luft ist warm, die Sonne hat mehr Kraft, das Leben verlagert sich fr\u00fcher wieder nach drau\u00dfen, als in Deutschland. Ein toskanischer Aprilmorgen hat doch viel von einem deutschen Maitag.<\/p>\n<p>Doch ganz abgesehen von Sonnenschein und warmen Temperaturen gibt es einen ganz konkreten Grund, sich trotz der Touristenmassen, die w\u00e4hrend der Osterferien in <strong>Florenz<\/strong> einfallen, nicht von der toskanischen Hauptstadt fernzuhalten: Der <strong>Scoppio del Carro<\/strong>, was so viel wie \u201eDie Explosion des Wagens\u201c bedeutet.<\/p>\n<p>Eine seit Jahrhunderten in dieser Form \u00fcberlieferten Tradition, bei der ein mit Feuerwerk geschm\u00fcckter Wagen w\u00e4hrend der Ostermesse am Ostersonntag direkt vor den Dom gefahren und mit einem Draht, mit dem Hochaltar, verbunden wird. Dort entz\u00fcndet der Bischof mit heiligen, angeblich vom Grab Christi stammenden, Feuersteinen eine Rakete, in Form einer Taube (die \u201eColombina\u201c), die dann wiederrum \u2013 sofern der Stadt ein gutes Jahr bevorsteht, so die Legende \u2013 den Draht entlangsaust und das Feuerwerkszeug auf dem Wagen entz\u00fcndet. Welches dann f\u00fcr eine gute halbe Stunde lautstark kracht und knallt und den \u201eSegen\u201c der heiligen Feuersteine \u00fcber die ganze Stadt bringt.<\/p>\n<p>Klingt verr\u00fcckt? Ist es auch. Aber trotzdem eindeutig sehenswert und ein echtes Erlebnis! <a href=\"https:\/\/wandernd.wordpress.com\/2015\/04\/01\/alles-andere-als-beschaulich-ostern-in-florenz\/\" target=\"_blank\" rel=\"noopener noreferrer nofollow\" class=\"external\">Eindr\u00fccke davon findet ihr hier<\/a>.<\/p>\n<div id=\"attachment_18183\" class=\"img-container clear-fix imgcenter\"><a href=\"https:\/\/www.spaness.de\/blog\/osterferien-reiseziele-warm\/17351029_10154361683217197_1648305508_n\/\" rel=\"attachment wp-att-18183\"><img loading=\"lazy\" decoding=\"async\" class=\"img-responsive size-full img-responsive wp-image-18183\" src=\"https:\/\/www.spaness.de\/blog\/wp-content\/uploads\/17351029_10154361683217197_1648305508_n.jpeg\" alt=\"Osterurlaub Ferien wohin - wie w\u00e4re es mit Florenz\" width=\"900\" height=\"600\" srcset=\"https:\/\/www.spaness.de\/blog\/wp-content\/uploads\/17351029_10154361683217197_1648305508_n.jpeg 900w, https:\/\/www.spaness.de\/blog\/wp-content\/uploads\/17351029_10154361683217197_1648305508_n-300x200.jpeg 300w\" sizes=\"auto, (max-width: 900px) 100vw, 900px\" \/><\/a><h5 class=\"text-center\">Osterurlaub Ferien wohin &#8211; wie w\u00e4re es mit Florenz<\/h5><\/div>\n<p>Italien ist nat\u00fcrlich immer wunderbar und die Toskana so oder so total sch\u00f6n. Ein super Reisetipp also f\u00fcr die Osterferien. <strong>Auf ihrem <a href=\"http:\/\/wandernd.wordpress.com\" target=\"_blank\" rel=\"follow noopener noreferrer\" class=\"external\">Blog Wandernd<\/a> berichtet Ilona \u00fcber ihre Reisen in Nah und Fern, mit Flugzeug, Bahn oder dem Fahrrad.<\/strong> Ein Fokus liegt darauf nicht nur auf den bisherigen Wohnorten (Bamberg, Wien, M\u00fcnchen), sondern auch auf ihrem liebsten Reiseland Italien. Zudem spielen Fotografie und Literatur in ihrem Leben und auf ihrem Blog eine gro\u00dfe Rolle. In der Map habe ich euch Florenz mit dem roten F\u00e4hnchen markiert.<\/p>\n<h3>Osterferien Reisen mit Kindern: Gran Canaria, wo der Fr\u00fchling ganz besonders sch\u00f6n ist (Spanien)<\/h3>\n<p>Wir reisen viel und sehen viel von dieser Welt. Besonders Inseln haben es uns angetan. Eine Insel, die wir als Familie im Fr\u00fchling ganz besonders zu sch\u00e4tzen gelernt haben, ist <a href=\"https:\/\/www.patotra.com\/gran-canaria-familienferien-auf-der-insel-die-alles-kann\" target=\"_blank\" rel=\"noopener noreferrer nofollow\" class=\"external\">Gran Canaria<\/a>.<\/p>\n<p>Manch einer mag die Nase r\u00fcmpfen, aber Gran Canaria kann weit mehr, als Massentourismus und Bettenburgen. Wer sich die M\u00fche macht, die dicht gestellten Sonnenliegenreihen an den Str\u00e4nden zu verlassen, um die Insel zu erkunden, der wird mit vielen \u00fcberraschenden Ein- und Ausblicken belohnt. Im <strong>Barranco de Guayadeque<\/strong>, zum Beispiel wohnen tats\u00e4chlich auch heute noch Menschen in H\u00f6hlen und man kann diese H\u00f6hlen teilweise besichtigen.<\/p>\n<p>Der Norden und der Westen ist ein Paradies f\u00fcr Bergliebhaber und Wandersleute. Schroffe Berge erheben sich hier aus dem tiefblauen Meer. Wer hier wandert, der begegnet nur selten einer Menschenseele.<\/p>\n<p>Lebhafter geht es hingegen in der <strong>Inselhauptstadt &#8222;Las Palmas&#8220;<\/strong> zu. Hier locken Markthallen mit einem bunten Angebot und zahlreiche Restaurants mit frischen Leckereien. H\u00fcbsche Geb\u00e4ude im Kolonialstil,\u00a0 Museen und jede Menge Shoppingm\u00f6glichkeiten lassen ganz sicher keine Langeweile aufkommen. Und wem das alles zu viel wird, der setzt sich einfach an den Stadtstrand, <strong>Las Canteras<\/strong>, der \u00fcbrigens zu den sch\u00f6nsten Str\u00e4nden der Insel z\u00e4hlt, und geniesst ein paar, auf dem Markt eingekaufte, Tapas.<\/p>\n<p>Ein weiteres Highlight ist eine Wal- und Delfinbeobachtungstour vom <strong>Hafen in Puerto Rico<\/strong>, im S\u00fcden der Insel. Wir hatten Gl\u00fcck und haben tats\u00e4chlich Grindwale und grosse T\u00fcmmler gesehen. Aber auch ein Besuch der riesigen <strong>D\u00fcnen von Maspalomas<\/strong> ist ein Muss.<\/p>\n<p>Begeistert hat uns vor allem die Vielfalt, die Gran Canaria zu bieten hat. Eine Insel, die entdeckt werden will und sich dabei von ihrer sch\u00f6nsten Seite zeigt.<\/p>\n<div id=\"attachment_18172\" class=\"img-container clear-fix imgcenter\"><a href=\"https:\/\/www.spaness.de\/blog\/osterferien-reiseziele-warm\/img_2007\/\" rel=\"attachment wp-att-18172\"><img loading=\"lazy\" decoding=\"async\" class=\"img-responsive img-responsive img-responsive wp-image-18172\" src=\"https:\/\/www.spaness.de\/blog\/wp-content\/uploads\/IMG_2007-1024x768.jpg\" alt=\"Osterferien 2017 - Reiseziel Gran Canaria\" width=\"1024\" height=\"768\" srcset=\"https:\/\/www.spaness.de\/blog\/wp-content\/uploads\/IMG_2007-1024x768.jpg 1024w, https:\/\/www.spaness.de\/blog\/wp-content\/uploads\/IMG_2007-300x225.jpg 300w, https:\/\/www.spaness.de\/blog\/wp-content\/uploads\/IMG_2007-407x305.jpg 407w, https:\/\/www.spaness.de\/blog\/wp-content\/uploads\/IMG_2007.jpg 1050w\" sizes=\"auto, (max-width: 1024px) 100vw, 1024px\" \/><\/a><h5 class=\"text-center\">Osterferien Reiseziel Gran Canaria<\/h5><\/div>\n<p>Reisen mit Kindern und nat\u00fcrlich dadurch auch Osterferien Reisen mit Kindern ist eine Spezialit\u00e4t f\u00fcr den Familienreiseblog Patotra und seiner Autorin Ellen. Auf Gran Canaria war ich auch schon und fand es auch ganz wunderbar&#8230; auch wenn es schon wieder viel zu lange her ist. Die Welt ist einfach viel zu gro\u00df&#8230; \ud83d\ude09 <strong>-&gt; Wer mehr zu <a href=\"https:\/\/www.patotra.com\/gran-canaria-familienferien-auf-der-insel-die-alles-kann\" target=\"_blank\" rel=\"follow noopener noreferrer\" class=\"external\">Ellens Reise auf Gran Canaria wissen m\u00f6chte, der kann sich HIER<\/a> mal reinklicken. <\/strong>In der Google Map hab ich euch die einzelnen Stationen gr\u00fcn markiert.<\/p>\n<h3>Osterferien Urlaub &#8211; Wohin? Wie w\u00e4re es mit Fr\u00fchling auf Korsika (Frankreich)<\/h3>\n<p><strong>Ein echter Rausch f\u00fcr die Sinne!<\/strong><\/p>\n<p>Kaum eine andere Mittelmeerinsel steht f\u00fcr soviel Farbenpracht und Bl\u00fctenvielfalt, wie das wilde und ungez\u00e4hmte Korsika. Gerade der Fr\u00fchling eignet sich daher besonders f\u00fcr alle Natur- und Wanderfreunde, um diese immer noch geheimnisvolle Insel zu erkunden und entdecken.<\/p>\n<p>Die Temperaturen sind bereits angenehm mild und die Natur explodiert bei den ersten Sonnenstrahlen f\u00f6rmlich zu neuem Leben. Rund zweitausend verschiedene Blumen, Str\u00e4ucher und B\u00e4ume wetteifern in ihrer Farbenpracht mit den verschiedenen Blau-, und T\u00fcrkist\u00f6nen des Wassers. Ein bet\u00f6render Duft von Rosmarin, Lavendel, Ginster und dem heimischen Macchia liegt in der Luft und die Insel ist einfach nur ein einziges Abenteuer!<\/p>\n<p>Historische St\u00e4dte, wie <strong>Bonifacio<\/strong> erwarten den Reisenden mit vielen kulturellen Sehensw\u00fcrdigkeiten. Die mittelalterlichen <strong>D\u00f6rfer der Balagne<\/strong>, im Nordwesten der Insel, f\u00fchren zur\u00fcck in l\u00e4ngst vergessene Tage und lassen erahnen, wie das Leben hier zu fr\u00fcheren Zeiten aussah. Durch die Balagne verl\u00e4uft au\u00dferdem die Stra\u00dfe der Kunsthandwerker, die mit ihren vielen kleinen Ateliers immer wieder zu Stippvisiten einl\u00e4dt und verf\u00fchrt.\u00a0 Und schlie\u00dflich lockt Korsika mit ihrer atemberaubenden wilden Natur, die man nicht nur, aber einfach immer wieder wandernd erkunden muss.<\/p>\n<p>Meine ganz pers\u00f6nlichen Korsika Highlights, die Ihr Euch auf keinen Fall entgehen lassen solltet? Fahrt auf jeden Fall den <strong>Bavella-Pass<\/strong> und plant gen\u00fcgend Zeit ein, diese atemberaubende Gegend immer wieder auch wandernd zu erkunden und wenn Ihr wirklich auf Korsika ankommen m\u00f6chtet, dann reist nach alter Slow-Travel-Manier mit Corsica Ferries an, und n\u00e4hert Euch der Insel auf dem Wasserweg! Ich verspreche Euch, beides wird ein unvergessliches Erlebnis werden!<\/p>\n<p>Viel Spa\u00df beim Entdecken!<\/p>\n<div id=\"attachment_18240\" class=\"img-container clear-fix imgcenter\"><a href=\"https:\/\/www.spaness.de\/blog\/osterferien-reiseziele-warm\/dscn0676\/\" rel=\"attachment wp-att-18240\"><img loading=\"lazy\" decoding=\"async\" class=\"img-responsive img-responsive img-responsive wp-image-18240\" src=\"https:\/\/www.spaness.de\/blog\/wp-content\/uploads\/DSCN0676-1024x768.jpg\" alt=\"Osterferien Urlaub wohin - Korsika die Alternative\" width=\"1024\" height=\"768\" srcset=\"https:\/\/www.spaness.de\/blog\/wp-content\/uploads\/DSCN0676-1024x768.jpg 1024w, https:\/\/www.spaness.de\/blog\/wp-content\/uploads\/DSCN0676-300x225.jpg 300w, https:\/\/www.spaness.de\/blog\/wp-content\/uploads\/DSCN0676-407x305.jpg 407w, https:\/\/www.spaness.de\/blog\/wp-content\/uploads\/DSCN0676.jpg 1500w\" sizes=\"auto, (max-width: 1024px) 100vw, 1024px\" \/><\/a><h5 class=\"text-center\">Osterferien Urlaub wohin &#8211; Korsika die Alternative<\/h5><\/div>\n<p>Monika von Entdecker(g)reise ist der totale Natur- und Wanderfan. Daher war ich auch schon mit ihr &#8222;wandernd und pilgernd&#8220; unterwegs. Wenn es um s\u00fcdliche Inseln geht, scheint sie ein echter Profi zu sein. Auf Korsika haben wir auch schon lange sehr gro\u00dfe Lust&#8230; nach diesem tollen kleinen Appetithappen irgendwie noch mehr. <a href=\"http:\/\/entdecker-greise.de\/\" target=\"_blank\" rel=\"noopener noreferrer nofollow\" class=\"external\"><strong>-&gt; Wer mehr zu Monikas Blog Entdeckergreise lesen m\u00f6chte, wird HIER f\u00fcndig<\/strong><\/a>. Die einzelnen Stationen auf Korsika hab ich euch in der Map mit grauen F\u00e4hnchen hinterlegt.<\/p>\n<h3>Osterferien auf Sardinien: Sandstrand und bl\u00fchende Natur (Italien)<\/h3>\n<p>Ein wirklich sch\u00f6nes Ziel f\u00fcr die Osterferien ist unserer Erfahrung nach Sardinien. Die Mittelmeerinsel liegt s\u00fcdlich genug f\u00fcr T-Shirtwetter Ende M\u00e4rz \u2013 wenn man Gl\u00fcck hat. Wir hatten ein paar herrliche Tage, aber auch ein bisschen Regen und Sturm. Zum Baden hat es f\u00fcr uns noch nicht gereicht, aber die breiten wei\u00dfen <strong>Sandstr\u00e4nde von Villasimius<\/strong> im S\u00fcden der Insel haben unseren Jungs trotzdem hervorragend gefallen \u2013 und um Ostern hatten wir den Strand auch fast f\u00fcr uns allein!<\/p>\n<p>Au\u00dferdem hat Sardinien auch abseits der K\u00fcste einiges zu bieten. Die <strong>Macchia<\/strong>, eine bis zu drei Meter hohe Gestr\u00fcpplandschaft, bedeckt weite Teile des Inselinneren. Hier gr\u00fcnt und bl\u00fcht es gerade um Ostern herum wie verr\u00fcckt. Wir hatten einen tollen Wanderf\u00fchrer f\u00fcr Familien, der uns auf wundersch\u00f6nen Wegen durch die nur auf den ersten Blick unzug\u00e4ngliche Landschaft zwischen Felsen und explodierende Natur gelotst hat. Auf diese Weise sind wir unter anderem freilaufenden Schweinen und Eseln begegnet. Auch geschichtlich ist Sardinien total interessant. Die Insel ist \u00fcbers\u00e4t mit steinernen Zeugnissen der pr\u00e4historische Nuraghenkultur. <strong>Cagliari<\/strong>, die Inselhauptstadt, lohnt ebenfalls eine ausgedehnte Erkundungstour, genau wie die kleinen St\u00e4dtchen entlang der K\u00fcste.<\/p>\n<div id=\"attachment_18252\" class=\"img-container clear-fix imgcenter\"><a href=\"https:\/\/www.spaness.de\/blog\/osterferien-reiseziele-warm\/sardinien-villasimius-fu%cc%88r-spaness\/\" rel=\"attachment wp-att-18252\"><img loading=\"lazy\" decoding=\"async\" class=\"img-responsive img-responsive img-responsive wp-image-18252\" src=\"https:\/\/www.spaness.de\/blog\/wp-content\/uploads\/sardinien-villasimius-fu\u0308r-spaness-1024x684.jpg\" alt=\"Osterurlaub auf Sardinien\" width=\"1024\" height=\"684\" srcset=\"https:\/\/www.spaness.de\/blog\/wp-content\/uploads\/sardinien-villasimius-fu\u0308r-spaness-1024x684.jpg 1024w, https:\/\/www.spaness.de\/blog\/wp-content\/uploads\/sardinien-villasimius-fu\u0308r-spaness-300x200.jpg 300w\" sizes=\"auto, (max-width: 1024px) 100vw, 1024px\" \/><\/a><h5 class=\"text-center\">Osterurlaub auf Sardinien<\/h5><\/div>\n<p>Lena Marie von family4travel ist auf einer Langzeitreise schon quer durch Europa ged\u00fcst. Fast ein Jahr hat die Reise mit Kind und Kegel gedauert und es standen viele Ziele in Europa auf dem Reiseplan. Lena Marie kennt sich also wirklich aus&#8230; \ud83d\ude09 Auf der Map habe ich die sardischen Reisetipps mit einem schwarzenf F\u00e4hnchen markiert.<strong> -&gt; <a href=\"http:\/\/www.family4travel.de\/\" target=\"_blank\" rel=\"follow noopener noreferrer\" class=\"external\">Mehr zum Blog von Lena Marie &#8222;family4travel&#8220; findet ihr HIER<\/a>.<\/strong><\/p>\n<h3>In den Osterferien nach Istanbul &#8211; ein spannender R\u00fcckblick und kritischer Ausblick (T\u00fcrkei)<\/h3>\n<p>Viele Eltern sehen einen St\u00e4dtetrip mit kleinen Kindern eher kritisch, wir haben da aber bisher ganz andere Erfahrungen gemacht.<br \/>\nIn den Osterferien 2015 verschlug es uns f\u00fcr ein paar Tage <strong>nach Istanbul<\/strong>, in ein Land und eine Stadt, die f\u00fcr uns bis dahin v\u00f6lliges Neuland waren. Istanbul schien uns als optimales Einsteigerziel, um mal ein paar Tage in eine andere Welt, einer Welt des Orients einzutauchen. Au\u00dferdem freuten wir uns nach einem langen schwedischen Winter auf ein wenig Fr\u00fchling.<\/p>\n<p>Wenn man mit kleinen Kindern unterwegs ist, muss man nat\u00fcrlich den Tagesablauf auch an ihre Interessen und Kondition anpassen. Gerade bei St\u00e4dtetrips sollte man da gut planen. Wir suchten uns ein zentrales Hotel, das nur unweit vieler interessanter Sehensw\u00fcrdigkeiten lag (kleine F\u00fc\u00dfe und kurze Beine werden schnell m\u00fcde beim Wandern in einer Stadt). Das Hotel hatte auch ein kleines Schwimmbad und eine zugeh\u00f6rige Relaxabteilung, da der Urlaub ja auch ein wenig Erholung und (Bade)Spa\u00df f\u00fcr die ganze Familie bieten sollte.<\/p>\n<p>Istanbul ist eine faszinierende Stadt, von deren Zauber wir bereits am ersten Abend gefangen wurden.\u00a0 Die umtriebigen Basare und M\u00e4rkte, die F\u00fclle an historischen Pl\u00e4tzen und Geb\u00e4uden, nicht zuletzt die vielen Moscheen, die leckeren Speisen, das bunte Treiben in der Stadt und dennoch ohne allzu gro\u00dfe Hektik, all das lie\u00df uns Istanbul ans Herz wachsen. Wir waren bei unserer Abreise fest entschlossen, bald wieder zu kommen.<\/p>\n<p>Nat\u00fcrlich haben wir uns schon damals \u00fcber die Sicherheitslage vor Ort Gedanken gemacht. Einige Selbstmordanschl\u00e4ge hatte es vor unserem Besuch gegeben, weshalb wir immer einen gro\u00dfen Bogen um Polizeistationen und \u00e4hnliche Einrichtungen machten. Die Situation hat sich ja leider seit damals drastisch versch\u00e4rft, und Touristen sind inzwischen direktes Ziel terroristischer Anschl\u00e4ge, weshalb eine Reise nach Istanbul im Moment nicht uneingeschr\u00e4nkt f\u00fcr uns in Frage kommen w\u00fcrde. Auf der anderen Seite existiert die Terrorgefahr auch in anderen europ\u00e4ischen Gro\u00dfst\u00e4dten wie z.B. Berlin oder Paris. Viel schwerwiegender ist da die innenpolitische Entwicklung der T\u00fcrkei in den letzten Monaten, die wir mit Sorge verfolgen. Wir w\u00fcrden uns im Moment weder sicher- noch wohlf\u00fchlen, in die T\u00fcrkei zu reisen. Zudem f\u00e4llt es uns schwer, ein System zu unterst\u00fctzen, das die T\u00fcrkei aus unserer pers\u00f6nlichen Sicht in eine falsche Richtung f\u00fchrt. Und das tut uns besonders Leid, <em>da wir in Istanbul nur freundliche und hilfsbereite Menschen kennengelernt haben<\/em> und an die Stadt im Prinzip nur positive Erinnerungen haben.<\/p>\n<div id=\"attachment_18268\" class=\"img-container clear-fix imgcenter\"><a href=\"https:\/\/www.spaness.de\/blog\/osterferien-reiseziele-warm\/58gradnord_istanbul\/\" rel=\"attachment wp-att-18268\"><img loading=\"lazy\" decoding=\"async\" class=\"img-responsive img-responsive img-responsive wp-image-18268\" src=\"https:\/\/www.spaness.de\/blog\/wp-content\/uploads\/58GradNord_Istanbul-1024x683.jpg\" alt=\"Familienurlaub Istanbul?!\" width=\"1024\" height=\"683\" srcset=\"https:\/\/www.spaness.de\/blog\/wp-content\/uploads\/58GradNord_Istanbul-1024x683.jpg 1024w, https:\/\/www.spaness.de\/blog\/wp-content\/uploads\/58GradNord_Istanbul-300x200.jpg 300w, https:\/\/www.spaness.de\/blog\/wp-content\/uploads\/58GradNord_Istanbul.jpg 1776w\" sizes=\"auto, (max-width: 1024px) 100vw, 1024px\" \/><\/a><h5 class=\"text-center\">Familienurlaub Istanbul?!<\/h5><\/div>\n<p>Wenn wir ganz ehrlich sind, stand Istanbul bei uns auf der Familien-Reiseliste ganz weit oben. Mich fasziniert diese Stadt, auf 2 Kontinenten, einfach sehr. Aktuell w\u00fcrden wir die Reise aber auch, aus Sicherheitsgr\u00fcnden, gerade als Familie (mit der Verantwortung f\u00fcr Kinder) nicht antreten. Auch wenn einige Urlauber und Reisende vor Ort immer noch sehr positiv von Ihren Erfahrungen vor Ort berichten. Wir hoffen sehr, dass sich die Lage in der T\u00fcrkei bald wieder \u00e4ndert&#8230; <a href=\"https:\/\/58gradnord.com\/category\/http4aufeinenstreich-sep2034\/\" target=\"_blank\" rel=\"follow noopener noreferrer\" class=\"external\"><strong>-&gt; Ihr wollt mehr von der spannenden Familienreise nach Istanbul auf Reiseblog von Hartmut 58GradNord lesen? Dann HIER entlang bitte! <\/strong><\/a>In der Map hab ich euch Istanbul mit einem braunen F\u00e4hnchen markiert.<\/p>\n<p><iframe loading=\"lazy\" src=\"https:\/\/www.google.com\/maps\/d\/embed?mid=10_pt0LZUS8M86ujDiaLcDWD38rg\" width=\"640\" height=\"480\"><\/iframe><\/p>\n<p>Lust auf noch mehr Reisetipps in den Osterferien? Dann schaut auch einmal bei <strong><a href=\"http:\/\/www.willkommenfernweh.de\/reiseziele-osterferien-blogger-tipps\/\" target=\"_blank\" rel=\"noopener noreferrer nofollow\" class=\"external\">Willkommen Fernweh<\/a><\/strong> vorbei. Dort findet ihr weitere 14 Osterferien Reiseziele &amp; Reisetipps von S\u00fcdengland bis Florida.<\/p>\n<p>___<\/p>\n<p><strong>Noch mehr Reisetipps und sicherlich auch Osterferien Urlaub Deutschland k\u00f6nnten auch die hier sein:<\/strong><\/p>\n<ul>\n<li><a href=\"https:\/\/www.spaness.de\/blog\/letzte-ausfahrt-goerliwood-kurztrip-goerlitz\/\" target=\"_blank\" rel=\"noopener noreferrer\">Osterferien Reisen mit Kindern &#8211; Auf nach G\u00f6rlitz<\/a><\/li>\n<li><a href=\"https:\/\/www.spaness.de\/blog\/rotenburg-fulda-wellness-in-der-mitte-von-deutschland\/\" target=\"_blank\" rel=\"noopener noreferrer\">Osterferien Reiseschn\u00e4ppchen &#8211; Auszeit in Rotenburg Fulda<\/a><\/li>\n<li><a href=\"https:\/\/www.spaness.de\/blog\/hotel-diemelsee-goebels-chaletpark-oeffnet-2017\/\" target=\"_blank\" rel=\"noopener noreferrer\">Osterurlaub in Deutschland mit Wellnessfaktor<\/a><\/li>\n<\/ul>\n","protected":false},"excerpt":{"rendered":"<p>Mit unseren Osterferien-Reisepl\u00e4nen sind wir noch nocht wirklich weiter gekommen. So richtig entscheiden wohin es geht, konnten wir uns bisher nicht wirklich. Grob in Richtung S\u00fcden in Europa sollte es gehen und es darf schon etwas warm sein. Es soll ein neues Ziel sein, etwas wo wir als Familie noch&#8230;<\/p>\n","protected":false},"author":2,"featured_media":18075,"comment_status":"open","ping_status":"open","sticky":false,"template":"","format":"standard","meta":{"footnotes":""},"categories":[266,239,240,234,238,237,242,13],"tags":[47,75,95,96,118],"class_list":["post-18014","post","type-post","status-publish","format-standard","has-post-thumbnail","hentry","category-familien-wellness","category-frankreich","category-griechenland","category-italien","category-portugal","category-spanien","category-tuerkei","category-urlaub","tag-ferien","tag-last-minute-reise","tag-reiseblog","tag-reiseblogger","tag-themenurlaub"],"_links":{"self":[{"href":"https:\/\/www.spaness.de\/blog\/wp-json\/wp\/v2\/posts\/18014","targetHints":{"allow":["GET"]}}],"collection":[{"href":"https:\/\/www.spaness.de\/blog\/wp-json\/wp\/v2\/posts"}],"about":[{"href":"https:\/\/www.spaness.de\/blog\/wp-json\/wp\/v2\/types\/post"}],"author":[{"embeddable":true,"href":"https:\/\/www.spaness.de\/blog\/wp-json\/wp\/v2\/users\/2"}],"replies":[{"embeddable":true,"href":"https:\/\/www.spaness.de\/blog\/wp-json\/wp\/v2\/comments?post=18014"}],"version-history":[{"count":50,"href":"https:\/\/www.spaness.de\/blog\/wp-json\/wp\/v2\/posts\/18014\/revisions"}],"predecessor-version":[{"id":27152,"href":"https:\/\/www.spaness.de\/blog\/wp-json\/wp\/v2\/posts\/18014\/revisions\/27152"}],"wp:featuredmedia":[{"embeddable":true,"href":"https:\/\/www.spaness.de\/blog\/wp-json\/wp\/v2\/media\/18075"}],"wp:attachment":[{"href":"https:\/\/www.spaness.de\/blog\/wp-json\/wp\/v2\/media?parent=18014"}],"wp:term":[{"taxonomy":"category","embeddable":true,"href":"https:\/\/www.spaness.de\/blog\/wp-json\/wp\/v2\/categories?post=18014"},{"taxonomy":"post_tag","embeddable":true,"href":"https:\/\/www.spaness.de\/blog\/wp-json\/wp\/v2\/tags?post=18014"}],"curies":[{"name":"wp","href":"https:\/\/api.w.org\/{rel}","templated":true}]}}