{"id":18914,"date":"2017-06-04T10:10:58","date_gmt":"2017-06-04T08:10:58","guid":{"rendered":"https:\/\/www.spaness.de\/blog\/?p=18914"},"modified":"2017-12-20T13:15:47","modified_gmt":"2017-12-20T12:15:47","slug":"blogger-reisen-blogger-freunde","status":"publish","type":"post","link":"https:\/\/www.spaness.de\/blog\/blogger-reisen-blogger-freunde\/","title":{"rendered":"Blogger-Reisen &#8211; Wenn aus Fremden Freunde werden&#8230;"},"content":{"rendered":"<p><strong>Als ich meine erste offizielle Bloggerreise angetreten habe, war ich schon nerv\u00f6s. Ich hab vorher Pressereisen gemacht &#8211; aber meistens eben doch auf der anderen Seite &#8211; als Veranstalter. Meine ersten Einladungen &#8211; so ganz offiziell &#8211; f\u00fcr eine Bloggerreise mochte ich gar nicht annehmen. Ich f\u00fchlte mich doch anfangs gar nicht als Reisebloggerin&#8230;<\/strong><\/p>\n<h2>Meine gro\u00dfe Bloggerreise begann 2009<\/h2>\n<p>Achtung, auch heute wird es wieder ganz privat. Ich m\u00f6chte euch heute mal erz\u00e4hlen, was das #Bloggerleben und vor allen Dingen die Blogger und Bloggerinnen in meinem Leben f\u00fcr Auswirkungen haben. Ist Auswirkungen das richtige Wort daf\u00fcr? Ich werde der Begrifflichtkeit in diesem Artikel mal auf den Grund gehen&#8230;<\/p>\n<p>Meine gro\u00dfe Bloggerreise begann 2009. Damals startete ich meinen ersten Blog&#8230; als Zusatzprodukt aus meiner Selbst\u00e4ndigkeit. Kurz zur Erkl\u00e4rung: 2008 machte ich mich mich <a href=\"https:\/\/www.spaness.de\" target=\"_blank\" rel=\"noopener noreferrer\">SPANESS<\/a> selbst\u00e4ndig. Unsere Kunden Wellnesshotels und Wellnessregionen &#8211; die wir eigentlich \u00fcberwiegend vom Schreibtisch aus betreuen wollten &#8211; denn schlie\u00dflich hatte ich mich aus Leidenschaft und auch aufgrund von Familienzuwachs f\u00fcr die Selbst\u00e4ndigkeit entschieden. Ganz oft entwickeln sich Dinge anders als vorher mal gedacht&#8230; so auch die Idee der Selbst\u00e4ndigkeit. Aus dem reinen Portalgedanken wurde schnell, aufgrund unserer vielf\u00e4ltigen Erfahrung, doch ein &#8222;Rumreisejob&#8220; mit Beratung, Bewertung u.v.m. Es ist eben so eine Sache mit der &#8222;beruflichen Leidenschaft&#8220; und ein Reiseherz schl\u00e4gt nun einmal anders und es begehrt was es begehrt. \ud83d\ude09<\/p>\n<p>Um zu erkl\u00e4ren was wir tun, was unsere Kunden so tun und was sie so besonders macht und auch um \u00fcberhaupt mal zu zeigen wie vielf\u00e4ltig Wellness ist bzw. sein kann, starteten wir den SPANESS-Blog (<a href=\"https:\/\/www.spaness.de\/blog\/reisebloggerin-spaness\/\" target=\"_blank\" rel=\"noopener noreferrer\">-&gt; wof\u00fcr SPANESS steht, hab ich euch hier mal ausf\u00fchrlich beschrieben<\/a>). Damals haben wir es noch nicht als Blog bezeichnet&#8230; wir haben halt aufgeschrieben was uns bewegt, interessiert und uns auf unserem selbst\u00e4ndigen Weg \u00fcber den Weg l\u00e4uft, f\u00e4llt oder auch einfach begegnet. Im Laufe der Zeit wuchs der &#8218;Blog&#8216; also auf rund 400 Artikel an (heute stehen wir \u00fcbrigens kurz vor der Ver\u00f6ffentlichung des 1.000 Beitrags). Bis wir (Katja vom WellSpa-Portal &amp; ich) 2012 zus\u00e4tzlich noch das Gemeinschafts-Projekt <a href=\"https:\/\/www.wellness-bummler.de\" target=\"_blank\" rel=\"noopener noreferrer nofollow\" class=\"external\">www.wellness-bummler.de<\/a> starteten. Auch hier war die Idee zum Start nicht grunds\u00e4tzlich ein Wellness-Reiseblog, sondern wir hatten auch hier die Idee, zu zeigen wie vielf\u00e4ltig Wellness ist &#8211; und das sich dahinter nicht nur Sauna &amp; Massagen verbergen. 2012 war es dann auch so weit, dass uns jemand ansprach auf unseren sch\u00f6nen &#8222;Wellness-Reiseblog&#8220; und wir kamen zum ersten Mal auf die Idee, uns auch mit anderen gleichgesinnten Reisebloggern zu vernetzen. Sehr aufgeregt und neugierig fuhren wir also &#8211; im Sommer 2012 &#8211; zu unserem ersten Reisebloggertreffen nach Bonn. So in dieser Art (also ein gro\u00dfer Haufen Blogger an einem Ort) kannten wir das vorher noch nicht, denn wir nahmen bis zu diesem Zeitpunkt an Pressereisen, Famtrips oder auch individuell gestalteten Recherchereisen teil und eben vielen dienstlichen Reisen in die Wellnesshotels und Regionen dieser Welt.<\/p>\n<blockquote class=\"instagram-media\" style=\"background: #FFF; border: 0; border-radius: 3px; box-shadow: 0 0 1px 0 rgba(0,0,0,0.5),0 1px 10px 0 rgba(0,0,0,0.15); margin: 1px; max-width: 658px; padding: 0; width: calc(100% - 2px);\" data-instgrm-captioned=\"\" data-instgrm-version=\"7\">\n<div style=\"padding: 8px;\">\n<div style=\"background: #F8F8F8; line-height: 0; margin-top: 40px; padding: 37.5% 0; text-align: center; width: 100%;\"><\/div>\n<p style=\"margin: 8px 0 0 0; padding: 0 4px;\"><a style=\"color: #000; font-family: Arial,sans-serif; font-size: 14px; font-style: normal; font-weight: normal; line-height: 17px; text-decoration: none; word-wrap: break-word;\" href=\"https:\/\/www.instagram.com\/p\/BG8wyD9sHmH\/\" target=\"_blank\" rel=\"noopener noreferrer nofollow\" class=\"external\">#gruppenselfie #Selfie #bloggerreise mit #goebelhotels #brauhauszumlowen in #M\u00fchlhausen #deinth\u00fcringen #th\u00fcringenentdecken &#8211; am #L\u00f6wen in #M\u00fchlhausen mit Blick \u00fcber die Stadt &#8211; und f\u00fcr euch die R\u00fcckseite vom L\u00f6wen &#x1f609; aber wichtig ist ja nur unsere Truppe &#x1f609; #instatravel #Reiseblogger #bloggerreise<\/a><\/p>\n<p style=\"color: #c9c8cd; font-family: Arial,sans-serif; font-size: 14px; line-height: 17px; margin-bottom: 0; margin-top: 8px; overflow: hidden; padding: 8px 0 7px; text-align: center; text-overflow: ellipsis; white-space: nowrap;\">Ein Beitrag geteilt von SPANESS (@spaness.de) am <time style=\"font-family: Arial,sans-serif; font-size: 14px; line-height: 17px;\" datetime=\"2016-06-22T08:05:18+00:00\">22. Jun 2016 um 1:05 Uhr<\/time><\/p>\n<\/div>\n<\/blockquote>\n<p><script async defer src=\"\/\/platform.instagram.com\/en_US\/embeds.js\"><\/script><\/p>\n<blockquote class=\"instagram-media\" style=\"background: #FFF; border: 0; border-radius: 3px; box-shadow: 0 0 1px 0 rgba(0,0,0,0.5),0 1px 10px 0 rgba(0,0,0,0.15); margin: 1px; max-width: 658px; padding: 0; width: calc(100% - 2px);\" data-instgrm-captioned=\"\" data-instgrm-version=\"7\">\n<div style=\"padding: 8px;\">\n<div style=\"background: #F8F8F8; line-height: 0; margin-top: 40px; padding: 50.0% 0; text-align: center; width: 100%;\"><\/div>\n<p style=\"margin: 8px 0 0 0; padding: 0 4px;\"><a style=\"color: #000; font-family: Arial,sans-serif; font-size: 14px; font-style: normal; font-weight: normal; line-height: 17px; text-decoration: none; word-wrap: break-word;\" href=\"https:\/\/www.instagram.com\/p\/BF_9MdOMHhD\/\" target=\"_blank\" rel=\"noopener noreferrer nofollow\" class=\"external\">#bloggerwandern #Nordpfad #meinniedersachsen &#8211; heute ab #nartum #melkhus auf der Kempowski Idylle &#8211; bei Regen gings los &#8211; Laune trotzdem hervorragend &#x1f600; warm wurde es auch noch und dann haben wir immerhin noch etwas \u00fcber 12 Kilometer gerockt&#8230; Die F\u00fc\u00dfe waren trotzdem nass&#8230; &#x1f463; im Anschluss ging es dann noch schwimmen ins Freibad &#8211; halbes St\u00fcndchen&#8230; Happy Sonntag Abend euch allen&#8230; Und geht&#8217;s Bombe und jetzt wartet ein gem\u00fctlicher Familienfilmabend mit Pizza&#8230; Yeeeeaaahhhh&#8230; #instahiking #hiking #wandern #wanderung #wanderweg #instafit<\/a><\/p>\n<p style=\"color: #c9c8cd; font-family: Arial,sans-serif; font-size: 14px; line-height: 17px; margin-bottom: 0; margin-top: 8px; overflow: hidden; padding: 8px 0 7px; text-align: center; text-overflow: ellipsis; white-space: nowrap;\">Ein Beitrag geteilt von SPANESS (@spaness.de) am <time style=\"font-family: Arial,sans-serif; font-size: 14px; line-height: 17px;\" datetime=\"2016-05-29T17:20:06+00:00\">29. Mai 2016 um 10:20 Uhr<\/time><\/p>\n<\/div>\n<\/blockquote>\n<p><script async defer src=\"\/\/platform.instagram.com\/en_US\/embeds.js\"><\/script><\/p>\n<blockquote class=\"instagram-media\" style=\"background: #FFF; border: 0; border-radius: 3px; box-shadow: 0 0 1px 0 rgba(0,0,0,0.5),0 1px 10px 0 rgba(0,0,0,0.15); margin: 1px; max-width: 658px; padding: 0; width: calc(100% - 2px);\" data-instgrm-captioned=\"\" data-instgrm-version=\"7\">\n<div style=\"padding: 8px;\">\n<div style=\"background: #F8F8F8; line-height: 0; margin-top: 40px; padding: 50.0% 0; text-align: center; width: 100%;\"><\/div>\n<p style=\"margin: 8px 0 0 0; padding: 0 4px;\"><a style=\"color: #000; font-family: Arial,sans-serif; font-size: 14px; font-style: normal; font-weight: normal; line-height: 17px; text-decoration: none; word-wrap: break-word;\" href=\"https:\/\/www.instagram.com\/p\/BFXSNgfsHoB\/\" target=\"_blank\" rel=\"noopener noreferrer nofollow\" class=\"external\">#Reiseblogger fallen aus dem Rahmen &#x1f602; unterwegs mit #hoteldeimann #bloggerwandern in #deinnrw #sauerlandliebe auf dem #rothaarsteig und wir hatten echt Gl\u00fcck mit dem Wetterchen &#x1f49a; die #wanderwochen finden im #wellnesshotel Deimann \u00fcbrigens 3x pro Jahr statt. Wir sind total begeistert davon&#8230; &#x1f60d; #spanessgoessauerland #spanessgoesnrw<\/a><\/p>\n<p style=\"color: #c9c8cd; font-family: Arial,sans-serif; font-size: 14px; line-height: 17px; margin-bottom: 0; margin-top: 8px; overflow: hidden; padding: 8px 0 7px; text-align: center; text-overflow: ellipsis; white-space: nowrap;\">Ein Beitrag geteilt von SPANESS (@spaness.de) am <time style=\"font-family: Arial,sans-serif; font-size: 14px; line-height: 17px;\" datetime=\"2016-05-13T22:14:53+00:00\">13. Mai 2016 um 15:14 Uhr<\/time><\/p>\n<\/div>\n<\/blockquote>\n<p><script async defer src=\"\/\/platform.instagram.com\/en_US\/embeds.js\"><\/script><\/p>\n<h3>Reiseblogger-R\u00fcckblick &#8211; Wann mir bewu\u00dft wurde, ich bin Bloggerin&#8230;<\/h3>\n<p>Dieses erste Bloggertreffen hat uns so gut gefallen und wir hatten so viel Spa\u00df, Austausch auf Augenh\u00f6he (ohne Stre\u00df und Neid) und so viel tolle, gemeinsame Erlebnisse an diesem Wochenende, dass wir danach anfingen &#8222;aktiv&#8220; nach Bloggerreisen Ausschau zu halten.<\/p>\n<p>Die Bloggeranf\u00e4nge sahen nat\u00fcrlich damals noch ganz anders aus&#8230; das Reisebloggergr\u00fcppchen in Deutschland war fast \u00fcberschaubar. Damals auf dem Reisebloggertreffen waren z.B. dabei <a href=\"http:\/\/www.travelontoast.de\/\" target=\"_blank\" rel=\"noopener noreferrer nofollow\" class=\"external\">Anja von travel on toast<\/a>, <a href=\"https:\/\/www.andersreisen.net\/\" target=\"_blank\" rel=\"noopener noreferrer nofollow\" class=\"external\">Gerhard von Andersreisen<\/a>, <a href=\"https:\/\/www.luxusreiseblog.com\/\" target=\"_blank\" rel=\"noopener noreferrer nofollow\" class=\"external\">Vanessa &amp; Mark von puretravel<\/a>, <a href=\"http:\/\/www.killerwal.com\/\" target=\"_blank\" rel=\"noopener noreferrer nofollow\" class=\"external\">Phil von Killerwal<\/a>, <a href=\"http:\/\/www.jo-igele.de\/\" target=\"_blank\" rel=\"noopener noreferrer nofollow\" class=\"external\">Udo von Jo Igele<\/a>, <a href=\"https:\/\/www.reise-wahnsinn.de\/\" target=\"_blank\" rel=\"noopener noreferrer nofollow\" class=\"external\">Ingo von Reise-Wahnsinn<\/a>, <a href=\"http:\/\/www.esel-unterwegs.de\/\" target=\"_blank\" rel=\"noopener noreferrer nofollow\" class=\"external\">Carolin von Esel unterwegs<\/a>, <a href=\"http:\/\/puriy.de\/\" target=\"_blank\" rel=\"noopener noreferrer nofollow\" class=\"external\">Lars &amp; Madlen von puiry<\/a>, <a href=\"http:\/\/blog.reiseworldtv.de\/\" target=\"_blank\" rel=\"noopener noreferrer nofollow\" class=\"external\">Thomas &amp; Katharina von Reiseworld<\/a> &#8211; um nur mal ein paar Namen zu nennen.<\/p>\n<p>Danach waren wir viel unterwegs auf Bloggerreisen, denn auch die ersten Destinationen erkannten so langsam, dass Blogger eine coole Ma\u00dfnahme sind, um Emotionen und echte Reisegeschichten zu transportieren (-&gt; lest dazu auch gern meinen Artikel &#8222;<a href=\"https:\/\/www.spaness.de\/blog\/blogger-reisen-lohnen-sich\/\" target=\"_blank\" rel=\"noopener noreferrer\">Warum Hotels &amp; Destinationen mit Bloggern arbeiten sollten<\/a>&#8222;). Ich lernte so viel coole Blogger und Bloggerinnen kennen und daraus entstanden auch, mit der Zeit, wirklich tolle Freundschaften.<\/p>\n<div id=\"attachment_9447\" class=\"img-container clear-fix imgcenter\"><a href=\"https:\/\/www.spaness.de\/blog\/pilgern-interview-hubert-mayer\/img_8906-2\/\" rel=\"attachment wp-att-9447\"><img loading=\"lazy\" decoding=\"async\" class=\"img-responsive size-full img-responsive wp-image-9447\" src=\"https:\/\/www.spaness.de\/blog\/wp-content\/uploads\/IMG_89061-1.jpg\" alt=\"Pilgern Via Sacra \" width=\"1009\" height=\"762\" srcset=\"https:\/\/www.spaness.de\/blog\/wp-content\/uploads\/IMG_89061-1.jpg 1009w, https:\/\/www.spaness.de\/blog\/wp-content\/uploads\/IMG_89061-1-300x227.jpg 300w\" sizes=\"auto, (max-width: 1009px) 100vw, 1009px\" \/><\/a><h5 class=\"text-center\">Pilgern Via Sacra &#8211; ich, Hubert, Elli und Monika<\/h5><\/div>\n<p>&nbsp;<\/p>\n<div style=\"position: relative; height: 0; padding-bottom: 56.25%;\"><iframe loading=\"lazy\" style=\"position: absolute; width: 100%; height: 100%; left: 0;\" src=\"https:\/\/www.youtube-nocookie.com\/embed\/SjdkkD-qZY4?ecver=2\" width=\"640\" height=\"360\" frameborder=\"0\" allowfullscreen=\"allowfullscreen\"><\/iframe><\/div>\n<p>Darf an dieser Stelle nicht fehlen &#8211; unser Happy Pilger Video! \ud83d\ude09<\/p>\n<h3>#BloggerLeben &#8211; Aus Bloggern werden Freunde&#8230;<\/h3>\n<p>Im Leben trifft man Menschen, die einen ver\u00e4ndern &#8211; ob es nun echte Begegnungen sind oder auch virtuelle Begegnungen, die sich sp\u00e4ter vielleicht sogar zu echten Freundschaften entwickeln. Im Rahmen meiner Selbst\u00e4ndigkeit und dazu z\u00e4hle ich auch mein Leben als Bloggerin, habe ich wirklich viele tolle Menschen kennenlernen d\u00fcrfen (und ich lerne immer wieder tolle neue Menschen kennen) und auch daraus haben sich echte Freundschaften entwickelt&#8230; und einige entwickeln sich vielleicht auch grad einfach noch. Wer wei\u00df was die Zukunft noch bringt&#8230; Auf alle F\u00e4lle habe ich durch das &#8222;Reisebloggen&#8220; ganz viele Menschen getroffen, die meine Welt bereichert haben&#8230; die meine Meinung (mit)gepr\u00e4gt haben, mit denen ich gelacht habe und auch mal nachdenklich war. Die f\u00fcr Inspiration gesorgt haben, mir Impulse geben und auch traurige Momente waren dabei&#8230;<\/p>\n<p>Viele Menschen, die ich auf meinen Reisen kennelernen durfte, gehen heute l\u00e4ngst bei mir, auch im eigenen Haus, ein und aus&#8230; und im Gegenzug bin ich auch immer mal wieder bei Blogger-Kollegen zu Gast und verreise auch mit ihnen &#8211; ganz auf eigene Faust &#8211; und ganz ohne eine offizielle Bloggerreise.<\/p>\n<p>Heute blogge ich schon lange nicht mehr alleine &#8211; weder f\u00fcr SPANESS noch f\u00fcr den <a href=\"https:\/\/www.wellness-bummler.de\" target=\"_blank\" rel=\"noopener noreferrer nofollow\" class=\"external\">Wellness-Bummler.de<\/a>. Zu unserem direkten Bloggerteam beim Wellness-Bummler oder zum Teil auch bei SPANESS geh\u00f6ren neben <a href=\"https:\/\/www.wellspa-portal.de\/\" target=\"_blank\" rel=\"noopener noreferrer nofollow\" class=\"external\">Katja (sie bloggt auch auf ihrem Blog WellSpa-Portal<\/a>), Petra, <a href=\"http:\/\/entdecker-greise.de\/\" target=\"_blank\" rel=\"noopener noreferrer nofollow\" class=\"external\">Monika (sie bloggt auch auf ihrem Blog Entdeckergreise<\/a>), Sindy und Bianca. Dann gibt es noch unsere cool-entspannte Spa-Blogger-Community &#8211; dazu geh\u00f6ren (Katja vom WellSpaPortal), <a href=\"https:\/\/ilovespa.de\/\" target=\"_blank\" rel=\"noopener noreferrer nofollow\" class=\"external\">Jenny (von I love Spa<\/a>), unser immer entspannter <a href=\"https:\/\/www.wellness-bummler.de\" target=\"_blank\" rel=\"noopener noreferrer nofollow\" class=\"external\">Wellness-Bummler<\/a> und ich (von spaness.de).<\/p>\n<p>M\u00e4dels&#8230; was w\u00e4re ich nur ohne euch! \ud83d\ude42<\/p>\n<div id=\"attachment_13300\" class=\"img-container clear-fix imgcenter\"><a href=\"https:\/\/www.spaness.de\/blog\/marketing-mix-im-hotel\/11236426_10154286324399368_3055647683982977486_n\/\" rel=\"attachment wp-att-13300\"><img loading=\"lazy\" decoding=\"async\" class=\"img-responsive size-full img-responsive wp-image-13300\" src=\"https:\/\/www.spaness.de\/blog\/wp-content\/uploads\/11236426_10154286324399368_3055647683982977486_n.jpg\" alt=\"Authentisch Blogger\" width=\"960\" height=\"960\" srcset=\"https:\/\/www.spaness.de\/blog\/wp-content\/uploads\/11236426_10154286324399368_3055647683982977486_n.jpg 960w, https:\/\/www.spaness.de\/blog\/wp-content\/uploads\/11236426_10154286324399368_3055647683982977486_n-150x150.jpg 150w, https:\/\/www.spaness.de\/blog\/wp-content\/uploads\/11236426_10154286324399368_3055647683982977486_n-300x300.jpg 300w, https:\/\/www.spaness.de\/blog\/wp-content\/uploads\/11236426_10154286324399368_3055647683982977486_n-80x80.jpg 80w\" sizes=\"auto, (max-width: 960px) 100vw, 960px\" \/><\/a><h5 class=\"text-center\">Elli, Katja &amp; ich<\/h5><\/div>\n<h3><\/h3>\n<h3>Reiseblogger-Erlebnisse so individuell, sch\u00f6n und nachhallend<\/h3>\n<p>So viel ist seit diesem ersten Bloggertreffen 2012 passiert. Sei es nun unsere <a href=\"https:\/\/www.spaness.de\/blog\/itb-2015-5-highlights\/\" target=\"_blank\" rel=\"noopener noreferrer\">Reiseblogger-WG auf der ITB<\/a>, unser Gewaltmarsch <a href=\"https:\/\/www.spaness.de\/blog\/pilgern-wellness\/\" target=\"_blank\" rel=\"noopener noreferrer\">#BloggerPilgern in \u00d6sterreich<\/a> (mit Monika, Elli und Hubert und ab und zu dabei <a href=\"http:\/\/weltreiseforum.com\/\" target=\"_blank\" rel=\"noopener noreferrer nofollow\" class=\"external\">Olli<\/a> \ud83d\ude09 &#8211; ich sag euch: Wer zusammen pilgert, schafft zuk\u00fcnftig einfach alles zusammen \ud83d\ude09 ), unsere spontane Reiseblogger-Silvester-Party mit Monika und <a href=\"https:\/\/travellerblog.eu\/\" target=\"_blank\" rel=\"noopener noreferrer nofollow\" class=\"external\">Hubert (travellerblog)<\/a> oder aber wie Sonja von Jo Igele mich <a href=\"https:\/\/www.spaness.de\/blog\/reiseziele-februar-mallorca\/\" target=\"_blank\" rel=\"noopener noreferrer\">auf dem Fahrrad auf Mallorca<\/a> \u00fcber den Berg motiviert hat und wir danach &#8222;oben ohne&#8220; auf der Insel unterwegs waren. Ich k\u00f6nnte so viele Geschichten an dieser Stelle erz\u00e4hlen &#8211; bzw. hab davon viele nat\u00fcrlich l\u00e4ngst <a href=\"https:\/\/www.spaness.de\/blog\" target=\"_blank\" rel=\"noopener noreferrer\">im Reiseblog<\/a> erz\u00e4hlt&#8230; \ud83d\ude09 Tja und manche Geschichten behalte ich auch einfach mal f\u00fcr mich&#8230; bzw. wir f\u00fcr uns! \ud83d\ude09<\/p>\n<p>W\u00e4hrend ich hier schreibe, fallen mir immer mehr Erlebnisse ein und fast mu\u00df ich ein Tr\u00e4nchen wegdr\u00fccken. Zahlreiche weitere Bloggertreffen, private Reisen, Gespr\u00e4che und Begegnungen mit <a href=\"https:\/\/www.creativelena.com\/\" target=\"_blank\" rel=\"noopener noreferrer nofollow\" class=\"external\">Katja<\/a>, <a href=\"http:\/\/reisebloegle.de\/\" target=\"_blank\" rel=\"noopener noreferrer nofollow\" class=\"external\">Andre<\/a>, <a href=\"http:\/\/www.reiseaufnahmen.de\/\" target=\"_blank\" rel=\"noopener noreferrer nofollow\" class=\"external\">Tanja<\/a>, <a href=\"https:\/\/www.creativelena.com\/\" target=\"_blank\" rel=\"noopener noreferrer nofollow\" class=\"external\">Elli<\/a>, <a href=\"https:\/\/www.trendlupe.de\/\" target=\"_blank\" rel=\"noopener noreferrer nofollow\" class=\"external\">Milos<\/a>, <a href=\"http:\/\/annanikabu.com\/\" target=\"_blank\" rel=\"noopener noreferrer nofollow\" class=\"external\">Anna<\/a>, <a href=\"http:\/\/www.teilzeitreisender.de\/\" target=\"_blank\" rel=\"noopener noreferrer nofollow\" class=\"external\">Janett<\/a> und und und&#8230;<\/p>\n<p>Von ersten Gespr\u00e4chen \u00fcber Buchprojekte (bis zum fertigen Buch) oder Weltreisepl\u00e4nen, Abschied nehmen, Horizonte erweitern, tausende Reisebilder in meiner Timline, dem einen oder anderen Kamingespr\u00e4ch mit einem Glas Wein, abtanzen bis zum n\u00e4chsten Morgen, spontanen Geburtstagsgeschenken, n\u00e4chtlichen Schwimmaktionen u.v.m.<\/p>\n<div id=\"attachment_11931\" class=\"img-container clear-fix imgcenter\"><a href=\"https:\/\/www.spaness.de\/blog\/adrenalin-wellness-flying-fox\/dsc02841\/\" rel=\"attachment wp-att-11931\"><img loading=\"lazy\" decoding=\"async\" class=\"img-responsive img-responsive img-responsive wp-image-11931\" src=\"https:\/\/www.spaness.de\/blog\/wp-content\/uploads\/DSC02841-1-1024x683.jpg\" alt=\"Flying Fox: Da h\u00e4nge ich nun\" width=\"1024\" height=\"683\" srcset=\"https:\/\/www.spaness.de\/blog\/wp-content\/uploads\/DSC02841-1-1024x683.jpg 1024w, https:\/\/www.spaness.de\/blog\/wp-content\/uploads\/DSC02841-1-300x200.jpg 300w, https:\/\/www.spaness.de\/blog\/wp-content\/uploads\/DSC02841-1.jpg 1280w\" sizes=\"auto, (max-width: 1024px) 100vw, 1024px\" \/><\/a><h5 class=\"text-center\">Flying Fox: Da h\u00e4nge ich nun<\/h5><\/div>\n<div id=\"attachment_14562\" class=\"img-container clear-fix imgcenter\"><a href=\"https:\/\/www.spaness.de\/blog\/live-cooking-hotel-deimann-sauerland\/img_6583\/\" rel=\"attachment wp-att-14562\"><img loading=\"lazy\" decoding=\"async\" class=\"img-responsive img-responsive img-responsive wp-image-14562\" src=\"https:\/\/www.spaness.de\/blog\/wp-content\/uploads\/IMG_6583-1024x768.jpg\" alt=\"Kochen mit Felix Weber\" width=\"1024\" height=\"768\" srcset=\"https:\/\/www.spaness.de\/blog\/wp-content\/uploads\/IMG_6583-1024x768.jpg 1024w, https:\/\/www.spaness.de\/blog\/wp-content\/uploads\/IMG_6583-300x225.jpg 300w, https:\/\/www.spaness.de\/blog\/wp-content\/uploads\/IMG_6583-407x305.jpg 407w, https:\/\/www.spaness.de\/blog\/wp-content\/uploads\/IMG_6583.jpg 1600w\" sizes=\"auto, (max-width: 1024px) 100vw, 1024px\" \/><\/a><h5 class=\"text-center\">Kochen mit Felix Weber im Romantik und Wellnesshotel Deimann<\/h5><\/div>\n<div id=\"attachment_11797\" class=\"img-container clear-fix imgcenter\"><a href=\"https:\/\/www.spaness.de\/blog\/wellness-kurios-aber-doch-wirkungsvoll\/dsc02335\/\" rel=\"attachment wp-att-11797\"><img loading=\"lazy\" decoding=\"async\" class=\"img-responsive img-responsive img-responsive wp-image-11797\" src=\"https:\/\/www.spaness.de\/blog\/wp-content\/uploads\/DSC02335-1-683x1024.jpg\" alt=\"Bierbad in Pilsen\" width=\"683\" height=\"1024\" srcset=\"https:\/\/www.spaness.de\/blog\/wp-content\/uploads\/DSC02335-1-683x1024.jpg 683w, https:\/\/www.spaness.de\/blog\/wp-content\/uploads\/DSC02335-1-200x300.jpg 200w, https:\/\/www.spaness.de\/blog\/wp-content\/uploads\/DSC02335-1.jpg 854w\" sizes=\"auto, (max-width: 683px) 100vw, 683px\" \/><\/a><h5 class=\"text-center\">Bierbad in Pilsen<\/h5><\/div>\n<p>Viele Dinge, die ich erlebt habe und auf die ich mich eingelassen habe, sind durch die Bloggerei entstanden. Ich bin schon immer gern gereist und ich war schon immer ein offener Reisemensch&#8230; doch ich m\u00f6chte fast behaupten, durchs Bloggen wurde mein Reisehorizont noch einmal arg ausgeweitet, viele Dinge betrachte ich heute noch mal anders und ich bin immer wieder (trotz so vieler Reise) gl\u00fccklich und erstaunt, wie sch\u00f6n die Welt ist&#8230; und wie unterschiedlich die Menschen und Kulturen daher kommen.<\/p>\n<p>Ich m\u00f6chte an dieser Stelle einfach mal &#8222;Dankesch\u00f6n&#8220; sagen f\u00fcr so viele tolle Begegnungen in meinem Reisebloggerleben, f\u00fcr so viele tolle und inspirierende Menschen, die ich bisher durch die Bloggerei getroffen habe. Danke auch an meine Familie und Freunde, die das was ich hier mache wirklich, wirklich toll finden und mich auch einfach unterst\u00fctzen, aufbauen (wenns mal nicht so gut l\u00e4uft) und mein Leben einfach immer wieder bereichern.<\/p>\n<p>Oh je, das h\u00f6rt sich ja schon fast an, wie eine Rede zur Oscar-Verleihung. \ud83d\ude09<\/p>\n<p>Dabei wollte ich nur mal, wie erw\u00e4hnt, DANKE sagen.<\/p>\n<p>&nbsp;<\/p>\n<p>Eure<\/p>\n<p>Tanja<\/p>\n<p>&nbsp;<\/p>\n<blockquote class=\"instagram-media\" style=\"background: #FFF; border: 0; border-radius: 3px; box-shadow: 0 0 1px 0 rgba(0,0,0,0.5),0 1px 10px 0 rgba(0,0,0,0.15); margin: 1px; max-width: 658px; padding: 0; width: calc(100% - 2px);\" data-instgrm-captioned=\"\" data-instgrm-version=\"7\">\n<div style=\"padding: 8px;\">\n<div style=\"background: #F8F8F8; line-height: 0; margin-top: 40px; padding: 50% 0; text-align: center; width: 100%;\"><\/div>\n<p style=\"margin: 8px 0 0 0; padding: 0 4px;\"><a style=\"color: #000; font-family: Arial,sans-serif; font-size: 14px; font-style: normal; font-weight: normal; line-height: 17px; text-decoration: none; word-wrap: break-word;\" href=\"https:\/\/www.instagram.com\/p\/vJOM2aMHjG\/\" target=\"_blank\" rel=\"noopener noreferrer nofollow\" class=\"external\">#sandliege mal anders #spacamp #barcamp wir haben #Spa\u00df @ichliebespa @wellnessbummler @gharieni \ud83d\ude09 gestern noch in #Vegas heute in #Warnem\u00fcnde #spanessgoesostsee<\/a><\/p>\n<p style=\"color: #c9c8cd; font-family: Arial,sans-serif; font-size: 14px; line-height: 17px; margin-bottom: 0; margin-top: 8px; overflow: hidden; padding: 8px 0 7px; text-align: center; text-overflow: ellipsis; white-space: nowrap;\">Ein Beitrag geteilt von SPANESS (@spaness.de) am <time style=\"font-family: Arial,sans-serif; font-size: 14px; line-height: 17px;\" datetime=\"2014-11-08T15:39:48+00:00\">8. Nov 2014 um 7:39 Uhr<\/time><\/p>\n<\/div>\n<\/blockquote>\n<p><script async defer src=\"\/\/platform.instagram.com\/en_US\/embeds.js\"><\/script><\/p>\n<p>&nbsp;<\/p>\n<blockquote class=\"instagram-media\" style=\"background: #FFF; border: 0; border-radius: 3px; box-shadow: 0 0 1px 0 rgba(0,0,0,0.5),0 1px 10px 0 rgba(0,0,0,0.15); margin: 1px; max-width: 658px; padding: 0; width: calc(100% - 2px);\" data-instgrm-captioned=\"\" data-instgrm-version=\"7\">\n<div style=\"padding: 8px;\">\n<div style=\"background: #F8F8F8; line-height: 0; margin-top: 40px; padding: 50% 0; text-align: center; width: 100%;\"><\/div>\n<p style=\"margin: 8px 0 0 0; padding: 0 4px;\"><a style=\"color: #000; font-family: Arial,sans-serif; font-size: 14px; font-style: normal; font-weight: normal; line-height: 17px; text-decoration: none; word-wrap: break-word;\" href=\"https:\/\/www.instagram.com\/p\/p4G04AsHuN\/\" target=\"_blank\" rel=\"noopener noreferrer nofollow\" class=\"external\">Zu sp\u00e4t&#8230; Unser Flug @entdeckergreise @hubertmayer @wellnessbummler #f\u00f6ughafen #wien nach #Hamburg #spanessgoesaustria<\/a><\/p>\n<p style=\"color: #c9c8cd; font-family: Arial,sans-serif; font-size: 14px; line-height: 17px; margin-bottom: 0; margin-top: 8px; overflow: hidden; padding: 8px 0 7px; text-align: center; text-overflow: ellipsis; white-space: nowrap;\">Ein Beitrag geteilt von SPANESS (@spaness.de) am <time style=\"font-family: Arial,sans-serif; font-size: 14px; line-height: 17px;\" datetime=\"2014-06-30T17:31:18+00:00\">30. Jun 2014 um 10:31 Uhr<\/time><\/p>\n<\/div>\n<\/blockquote>\n<p><script async defer src=\"\/\/platform.instagram.com\/en_US\/embeds.js\"><\/script><\/p>\n<p><strong>Ihr wollt mehr von mir pers\u00f6nlich lesen?<\/strong><\/p>\n<ul>\n<li><a href=\"https:\/\/www.spaness.de\/blog\/meine-reiseziele\/\" target=\"_blank\" rel=\"noopener noreferrer\">Meine Reise um die Welt f\u00e4ngt grad erst an<\/a><\/li>\n<li><a href=\"https:\/\/www.spaness.de\/blog\/instagram-follower-trends\/\" target=\"_blank\" rel=\"noopener noreferrer\">Warum Instagram mich in letzter Zeit ganz sch\u00f6n nervt! <\/a><\/li>\n<li><a href=\"https:\/\/www.spaness.de\/blog\/ist-slow-tourism\/\" target=\"_blank\" rel=\"noopener noreferrer\">Warum ich lieber langsam reise! <\/a><\/li>\n<\/ul>\n<p>&nbsp;<\/p>\n<p>&nbsp;<\/p>\n<p>&nbsp;<\/p>\n<p>&nbsp;<\/p>\n","protected":false},"excerpt":{"rendered":"<p>Als ich meine erste offizielle Bloggerreise angetreten habe, war ich schon nerv\u00f6s. Ich hab vorher Pressereisen gemacht &#8211; aber meistens eben doch auf der anderen Seite &#8211; als Veranstalter. Meine ersten Einladungen &#8211; so ganz offiziell &#8211; f\u00fcr eine Bloggerreise mochte ich gar nicht annehmen. Ich f\u00fchlte mich doch anfangs&#8230;<\/p>\n","protected":false},"author":2,"featured_media":13300,"comment_status":"open","ping_status":"open","sticky":false,"template":"","format":"standard","meta":{"footnotes":""},"categories":[3,263,12],"tags":[95,96,184,200,204,203,209],"class_list":["post-18914","post","type-post","status-publish","format-standard","has-post-thumbnail","hentry","category-business-meets-paradise","category-slow-travel","category-tanjas-kolumne","tag-reiseblog","tag-reiseblogger","tag-slow-travel","tag-spablog","tag-spablogger","tag-wellnessblog","tag-wellnessblogger"],"_links":{"self":[{"href":"https:\/\/www.spaness.de\/blog\/wp-json\/wp\/v2\/posts\/18914","targetHints":{"allow":["GET"]}}],"collection":[{"href":"https:\/\/www.spaness.de\/blog\/wp-json\/wp\/v2\/posts"}],"about":[{"href":"https:\/\/www.spaness.de\/blog\/wp-json\/wp\/v2\/types\/post"}],"author":[{"embeddable":true,"href":"https:\/\/www.spaness.de\/blog\/wp-json\/wp\/v2\/users\/2"}],"replies":[{"embeddable":true,"href":"https:\/\/www.spaness.de\/blog\/wp-json\/wp\/v2\/comments?post=18914"}],"version-history":[{"count":25,"href":"https:\/\/www.spaness.de\/blog\/wp-json\/wp\/v2\/posts\/18914\/revisions"}],"predecessor-version":[{"id":19179,"href":"https:\/\/www.spaness.de\/blog\/wp-json\/wp\/v2\/posts\/18914\/revisions\/19179"}],"wp:featuredmedia":[{"embeddable":true,"href":"https:\/\/www.spaness.de\/blog\/wp-json\/wp\/v2\/media\/13300"}],"wp:attachment":[{"href":"https:\/\/www.spaness.de\/blog\/wp-json\/wp\/v2\/media?parent=18914"}],"wp:term":[{"taxonomy":"category","embeddable":true,"href":"https:\/\/www.spaness.de\/blog\/wp-json\/wp\/v2\/categories?post=18914"},{"taxonomy":"post_tag","embeddable":true,"href":"https:\/\/www.spaness.de\/blog\/wp-json\/wp\/v2\/tags?post=18914"}],"curies":[{"name":"wp","href":"https:\/\/api.w.org\/{rel}","templated":true}]}}