{"id":19509,"date":"2017-07-10T09:52:00","date_gmt":"2017-07-10T07:52:00","guid":{"rendered":"https:\/\/www.spaness.de\/blog\/?p=19509"},"modified":"2020-06-03T09:37:46","modified_gmt":"2020-06-03T07:37:46","slug":"aussergewoehnlich-uebernachten-bremen","status":"publish","type":"post","link":"https:\/\/www.spaness.de\/blog\/aussergewoehnlich-uebernachten-bremen\/","title":{"rendered":"Au\u00dfergew\u00f6hnlich \u00dcbernachten in Bremen"},"content":{"rendered":"<p><strong>Es gibt eine neue Geschichte in Sachen &#8222;Au\u00dfergew\u00f6hnliche \u00dcbernachtungen&#8220; oder wohl besser gesagt &#8222;<a href=\"https:\/\/www.spaness.de\/blog\/ungewoehnliche-uebernachtungsmoeglichkeiten-deutschland\/\" target=\"_blank\" rel=\"noopener noreferrer\">Ungew\u00f6hnliche Hotels und Herbergen<\/a>&#8222;. K\u00fcrzlich war ich mal wieder in Bremen. Dieses Mal, um dort eine Nacht auf dem Klabauterbett zu verbringen. Gebucht habe ich das Klabauterbett kurzerhand mal f\u00fcr die ganze Familie.<\/strong><\/p>\n<h2>Au\u00dfergew\u00f6hnlich \u00dcbernachten Bremen: Schiff Ahoi<\/h2>\n<p>Spulen wir die Geschichte etwas zur\u00fcck. Ende des letzten Jahres haben wir meinen Eltern und Schwiegereltern einen <strong>Familienausflug<\/strong> geschenkt &#8211; mit \u00dcbernachtung. Solche Drei-Generations-Familien-Kurztrips unternehmen wir h\u00e4ufiger und hier sind wir immer auf der Suche nach au\u00dfergew\u00f6hnlichen Erlebnissen. Eine \u00dcbernachtung auf einem Schiff in Bremen erschien uns da sehr passend.<\/p>\n<p>Das <strong>Klabauterbett in Bremen<\/strong> ist ein Zweimastklipper, der den wundersch\u00f6nen Namen Ronja tr\u00e4gt. Ob der Name einer R\u00e4ubertocher zu einem Schiff passt, mu\u00df jeder f\u00fcr sich selber entscheiden. Doch um den Namen des Schiffs geht es hier \u00fcberhaupt nicht. Sondern viel mehr um die M\u00f6glichkeit, auf diesem Schiff zu \u00fcbernachten.<\/p>\n<p>Auf der Ronja gibt es vier Kaj\u00fcten f\u00fcr die G\u00e4ste. Jede Kaj\u00fcte ist mit einem eigenen Waschbecken ausgestattet. Die Kaj\u00fcten sind klein aber total gem\u00fctlich. <strong>Am urigsten ist die Kl\u00fcverkoje<\/strong>, denn sie liegt direkt an der Spitze des Schiffes, direkt unter dem Kl\u00fcverbaum und sie ist nur \u00fcber eine Luke und steile Leiter direkt erreichbar. Diese ehemalige Matrosenkaj\u00fcte sollte f\u00fcr eine Nacht die Schlafherberge f\u00fcr mich und meinen Mann sein, denn den Eltern und auch unserem Nachwuchs wollten wir dann doch die Kaj\u00fcten \u00fcberlassen, die leichter begehbar waren und auch etwas ger\u00e4umiger. \ud83d\ude09<\/p>\n<div id=\"attachment_19540\" class=\"img-container clear-fix imgcenter\"><a href=\"https:\/\/www.spaness.de\/blog\/aussergewoehnlich-uebernachten-bremen\/img_4362\/\" rel=\"attachment wp-att-19540\"><img loading=\"lazy\" decoding=\"async\" class=\"img-responsive img-responsive img-responsive wp-image-19540\" src=\"https:\/\/www.spaness.de\/blog\/wp-content\/uploads\/IMG_4362-1024x823.jpg\" alt=\"Herzlich Willkommen auf der Ronja Klabauterbett\" width=\"1024\" height=\"823\" srcset=\"https:\/\/www.spaness.de\/blog\/wp-content\/uploads\/IMG_4362-1024x823.jpg 1024w, https:\/\/www.spaness.de\/blog\/wp-content\/uploads\/IMG_4362-300x241.jpg 300w, https:\/\/www.spaness.de\/blog\/wp-content\/uploads\/IMG_4362.jpg 1280w\" sizes=\"auto, (max-width: 1024px) 100vw, 1024px\" \/><\/a><h5 class=\"text-center\">Herzlich Willkommen auf der Ronja Klabauterbett<\/h5><\/div>\n<h3>Kapit\u00e4n nimm mich mit auf die Reise&#8230;<\/h3>\n<p>Wir kamen an einem Donnerstag gegen Mittag an der Ronja an. Aktuell liegt sie in Bremen vor Anker, demn\u00e4chst gehts dann weiter nach Spiekeroog, hat mir Benjamin (Kapit\u00e4n der Ronja) verraten. Nach dem wir unser Gep\u00e4ck auf dem Zweimastklipper verstaut hatten (dazu mu\u00dften wir \u00fcber Liefde auf die Ronja klettern), zogen wir <strong>zu Fu\u00df r\u00fcber in die Bremer Innenstadt<\/strong> &#8211; 2 Kilometer und 30 Minuten sp\u00e4ter kamen wir an der Schlachte in Bremen an.<\/p>\n<p>Von dort zogen wir dann mit den Eltern zu einem Sightseeing Programm durch Bremen: Schlachte, B\u00f6ttcherstra\u00dfe, Rathaus, Dom, Bremer Stadtmusikanten, Schnoor, Innenstadt, \u00dcberseestadt und wieder zur\u00fcck zum Schiff.<\/p>\n<blockquote><p>Lest dazu auch gern unsere <a href=\"https:\/\/www.spaness.de\/blog\/bremen-reisefuehrer\/\" target=\"_blank\" rel=\"noopener noreferrer\"><strong>10 Tipps f\u00fcr Bremen<\/strong><\/a>.<\/p><\/blockquote>\n<div id=\"attachment_19534\" class=\"img-container clear-fix imgcenter\"><a href=\"https:\/\/www.spaness.de\/blog\/aussergewoehnlich-uebernachten-bremen\/collage_fotor-8\/\" rel=\"attachment wp-att-19534\"><img loading=\"lazy\" decoding=\"async\" class=\"img-responsive img-responsive img-responsive wp-image-19534\" src=\"https:\/\/www.spaness.de\/blog\/wp-content\/uploads\/Collage_Fotor-7-1024x768.jpg\" alt=\"Sightseeing Bremen\" width=\"1024\" height=\"768\" srcset=\"https:\/\/www.spaness.de\/blog\/wp-content\/uploads\/Collage_Fotor-7-1024x768.jpg 1024w, https:\/\/www.spaness.de\/blog\/wp-content\/uploads\/Collage_Fotor-7-300x225.jpg 300w, https:\/\/www.spaness.de\/blog\/wp-content\/uploads\/Collage_Fotor-7-407x305.jpg 407w\" sizes=\"auto, (max-width: 1024px) 100vw, 1024px\" \/><\/a><h5 class=\"text-center\">Sightseeing Bremen<\/h5><\/div>\n<p>Nach rund drei Stunden zu Fu\u00df durch Bremen, bei rund 30\u00b0 Grad, stellte sich so langsam doch Hunger ein. F\u00fcr das Abendessen hatten wir etwas f\u00fcr den Grill besorgt. Verschiedene Getr\u00e4nke hat Benjamin (ihr erinnert euch &#8211; der Kapit\u00e4n der Ronja) im K\u00fchlschrank kalt gestellt. Wer sich hier bedient ist mit fairen Preisen zwischen 1.- Euro bis 3.- Euro dabei &#8211; je nach Getr\u00e4nk. Abgerechnet wird auf Vertrauensbasis. \ud83d\ude42<\/p>\n<p>Den Elektro-Grill (geh\u00f6rt zur Ausstattung der Ronja) schmissen wir nicht auf der Ronja, sondern auf der Liefde an. Auf der Liefde stehen auch Tische, St\u00fchle und Strandk\u00f6rbe zur Verf\u00fcgung und es gibt auch zwei Veranstaltungsr\u00e4ume.<\/p>\n<blockquote><p>Am Wochenende finden auf der Liefde auch oft Events statt und die Liefde kann man auch f\u00fcr Veranstaltungen (wie z.B. eine Hochzeit oder Familienfeier) buchen.<\/p><\/blockquote>\n<p>W\u00e4hrend wir gem\u00fctlich an Deck essen &#8211; immer noch bei 29\u00b0 Grad &#8211; verdunkelt sich der Himmel. Wir ziehen schnell, mit Sack und Pack in einen der R\u00e4ume an Deck der Liefde, um. Dann \u00f6ffnet der Himmel seine Schleusen und es gie\u00dft in Str\u00f6men. Wir sitzen <strong>warm und trocken im Veranstaltungsraum<\/strong> und schauen aus der ge\u00f6ffneten T\u00fcr und den ge\u00f6ffneten Bullaugen aufs Deck und beobachen wie die Wassermassen \u00fcber das Deck sp\u00fclen. Die Temperaturen k\u00fchlen runter auf 20\u00b0 Grad &#8211; schade, denn eigentlich hatten wir uns vorgenommen, sp\u00e4ter noch eine Runde in die Weser zu springen und uns abzuk\u00fchlen. Das lie\u00dfen wir nun lieber ausfallen&#8230;<\/p>\n<p>Nach einer halben Stunde h\u00f6rte der Regen auf, wie er begonnen hatte und die Wolkendecke riss wieder auf. Wir nahmen erneut direkt an Deck der Liefde, unter freiem Himmel, Platz. Ganz gem\u00fctlich quatschten, lachten und tranken wir dazu noch etwas Bier, Wein, Alster und Wasser &#8211; bis die Sonne, nach einem ganz <strong>wundersch\u00f6nen Sonnenuntergang<\/strong>, gegen 23 Uhr endg\u00fcltig am Horizont verschwand. Dann zogen wir uns zur \u00dcbernachtung in unsere Kaj\u00fcten zur\u00fcck.<\/p>\n<blockquote><p>Unseren Reisetermin legten wir zur Mittsommernacht. Auch in Norddeutschland wird man an diesen Tagen (um den 21. Juni), nicht selten, mit wundersch\u00f6nen Sonnenunterg\u00e4ngen und kurzen N\u00e4chten verw\u00f6hnt. \ud83d\ude42<\/p><\/blockquote>\n<div id=\"attachment_19541\" class=\"img-container clear-fix imgcenter\"><a href=\"https:\/\/www.spaness.de\/blog\/aussergewoehnlich-uebernachten-bremen\/img_4415-2\/\" rel=\"attachment wp-att-19541\"><img loading=\"lazy\" decoding=\"async\" class=\"img-responsive img-responsive img-responsive wp-image-19541\" src=\"https:\/\/www.spaness.de\/blog\/wp-content\/uploads\/IMG_4415-2-1024x768.jpg\" alt=\"Sonnenuntergang Klabauterbett\" width=\"1024\" height=\"768\" srcset=\"https:\/\/www.spaness.de\/blog\/wp-content\/uploads\/IMG_4415-2-1024x768.jpg 1024w, https:\/\/www.spaness.de\/blog\/wp-content\/uploads\/IMG_4415-2-300x225.jpg 300w, https:\/\/www.spaness.de\/blog\/wp-content\/uploads\/IMG_4415-2-407x305.jpg 407w, https:\/\/www.spaness.de\/blog\/wp-content\/uploads\/IMG_4415-2.jpg 1280w\" sizes=\"auto, (max-width: 1024px) 100vw, 1024px\" \/><\/a><h5 class=\"text-center\">Sonnenuntergang Klabauterbett &#8211; gleich kommt der Regen<\/h5><\/div>\n<div id=\"attachment_19542\" class=\"img-container clear-fix imgcenter\"><a href=\"https:\/\/www.spaness.de\/blog\/aussergewoehnlich-uebernachten-bremen\/img_4422\/\" rel=\"attachment wp-att-19542\"><img loading=\"lazy\" decoding=\"async\" class=\"img-responsive img-responsive img-responsive wp-image-19542\" src=\"https:\/\/www.spaness.de\/blog\/wp-content\/uploads\/IMG_4422-1024x768.jpg\" alt=\"Sonnenuntergang Weser Bremen - Goldene Stunde \" width=\"1024\" height=\"768\" srcset=\"https:\/\/www.spaness.de\/blog\/wp-content\/uploads\/IMG_4422-1024x768.jpg 1024w, https:\/\/www.spaness.de\/blog\/wp-content\/uploads\/IMG_4422-300x225.jpg 300w, https:\/\/www.spaness.de\/blog\/wp-content\/uploads\/IMG_4422-407x305.jpg 407w, https:\/\/www.spaness.de\/blog\/wp-content\/uploads\/IMG_4422.jpg 1280w\" sizes=\"auto, (max-width: 1024px) 100vw, 1024px\" \/><\/a><h5 class=\"text-center\">Sonnenuntergang Weser Bremen &#8211; Goldene Stunde<\/h5><\/div>\n<div id=\"attachment_19538\" class=\"img-container clear-fix imgcenter\"><a href=\"https:\/\/www.spaness.de\/blog\/aussergewoehnlich-uebernachten-bremen\/dsc09080\/\" rel=\"attachment wp-att-19538\"><img loading=\"lazy\" decoding=\"async\" class=\"img-responsive img-responsive img-responsive wp-image-19538\" src=\"https:\/\/www.spaness.de\/blog\/wp-content\/uploads\/DSC09080-1024x682.jpg\" alt=\"Sonnenuntergang Klabauterbett\" width=\"1024\" height=\"682\" srcset=\"https:\/\/www.spaness.de\/blog\/wp-content\/uploads\/DSC09080-1024x682.jpg 1024w, https:\/\/www.spaness.de\/blog\/wp-content\/uploads\/DSC09080-300x200.jpg 300w, https:\/\/www.spaness.de\/blog\/wp-content\/uploads\/DSC09080.jpg 1280w\" sizes=\"auto, (max-width: 1024px) 100vw, 1024px\" \/><\/a><h5 class=\"text-center\">Sonnenuntergang Klabauterbett &#8211; \u00dcbergang zur Blauen Stunden<\/h5><\/div>\n<div id=\"attachment_19535\" class=\"img-container clear-fix imgcenter\"><a href=\"https:\/\/www.spaness.de\/blog\/aussergewoehnlich-uebernachten-bremen\/dsc09061\/\" rel=\"attachment wp-att-19535\"><img loading=\"lazy\" decoding=\"async\" class=\"img-responsive img-responsive img-responsive wp-image-19535\" src=\"https:\/\/www.spaness.de\/blog\/wp-content\/uploads\/DSC09061-1024x682.jpg\" alt=\"Sonnenuntergang Klabauterbett\" width=\"1024\" height=\"682\" srcset=\"https:\/\/www.spaness.de\/blog\/wp-content\/uploads\/DSC09061-1024x682.jpg 1024w, https:\/\/www.spaness.de\/blog\/wp-content\/uploads\/DSC09061-300x200.jpg 300w, https:\/\/www.spaness.de\/blog\/wp-content\/uploads\/DSC09061.jpg 1280w\" sizes=\"auto, (max-width: 1024px) 100vw, 1024px\" \/><\/a><h5 class=\"text-center\">Sonnenuntergang Klabauterbett &#8211; noch mehr Blaue Stunde<\/h5><\/div>\n<div id=\"attachment_19539\" class=\"img-container clear-fix imgcenter\"><a href=\"https:\/\/www.spaness.de\/blog\/aussergewoehnlich-uebernachten-bremen\/dsc09108\/\" rel=\"attachment wp-att-19539\"><img loading=\"lazy\" decoding=\"async\" class=\"img-responsive img-responsive img-responsive wp-image-19539\" src=\"https:\/\/www.spaness.de\/blog\/wp-content\/uploads\/DSC09108-1024x682.jpg\" alt=\"Klabauterbett - es wird dunkel\" width=\"1024\" height=\"682\" srcset=\"https:\/\/www.spaness.de\/blog\/wp-content\/uploads\/DSC09108-1024x682.jpg 1024w, https:\/\/www.spaness.de\/blog\/wp-content\/uploads\/DSC09108-300x200.jpg 300w, https:\/\/www.spaness.de\/blog\/wp-content\/uploads\/DSC09108.jpg 1280w\" sizes=\"auto, (max-width: 1024px) 100vw, 1024px\" \/><\/a><h5 class=\"text-center\">Klabauterbett &#8211; es wird dunkel &#8211; Skyline \u00dcberseestadt<\/h5><\/div>\n<h3>Die Weser schaukelt uns in den Schlaf&#8230;<\/h3>\n<p>Gem\u00fctlich eingekuschelt liegen wir alle in unseren Kojen. Licht aus &#8211; und es wird tats\u00e4chlich richtig dunkel. Ab und zu schaukelt die Ronja etwas &#8211; ich finde das sch\u00f6n und schlafe relativ schnell ein. Zwischendurch kommt noch einmal Regen runter. Die Regentropfen prasseln auf das Deck und sind auch in unser Kl\u00fcverkoje gut zu h\u00f6ren. Von Zeit zu Zeit h\u00f6re ich, in der Ferne, einen Zug vorbeirauschen. Denn wir sind ja noch an Land &#8222;festgemacht&#8220; und in der N\u00e4he verlaufen Bahnschienen. Ansonsten ist aber alles ruhig und ich schlafe tief und fest.<\/p>\n<p>Leider mu\u00dfte ich nachts noch einmal das Bad aufsuchen. In der Kl\u00fcverkoje gibt es zwar ein Waschbecken, einen Wasserkocher, Teebeutel, B\u00fccher und Wasser in Flaschen&#8230; doch f\u00fcr das WC mu\u00df ich hoch an Deck und kurz vor der Komb\u00fcse abbiegen. Dort ist dann auch die Gemeinschaftsdusche zu finden. \ud83d\ude09 Mitten in der Nacht will ich aber nat\u00fcrlich nicht duschen&#8230; und trotzdem &#8211; es geht die steile Leiter wieder hinauf, ein paar Schritte \u00fcber das Deck, ins Bad und den gleichen Weg wieder zur\u00fcck. Diesen etwas unkomfortablen Weg mu\u00df man aber wirklich nur von der Kl\u00fcverkoje zur\u00fccklegen&#8230; von den anderen drei Kaj\u00fcten geht das nat\u00fcrlich viel einfacher.<\/p>\n<p>Ich werde von den Sonnenstrahlen geweckt, die durch das kleine Bullauge blinzeln. Ein Blick auf die Uhr zeigt&#8230; es ist kurz nach 8 Uhr morgens. Zum Aufstehen hab ich noch keine Lust &#8211; also bereite ich mir erst einmal mit dem Wasserkocher einen Tee und kuschel mich noch mal mit meinem Buch ins Bett zur\u00fcck. Gegen 9 Uhr beschlie\u00dfe ich dann aus der Kl\u00fcverkoje, an Deck, zu steigen.<\/p>\n<div id=\"attachment_19543\" class=\"img-container clear-fix imgcenter\"><a href=\"https:\/\/www.spaness.de\/blog\/aussergewoehnlich-uebernachten-bremen\/collage_fotor1-2\/\" rel=\"attachment wp-att-19543\"><img loading=\"lazy\" decoding=\"async\" class=\"img-responsive img-responsive img-responsive wp-image-19543\" src=\"https:\/\/www.spaness.de\/blog\/wp-content\/uploads\/Collage_Fotor1-1-1024x768.jpg\" alt=\"Klabauterbett - Gute Nacht\" width=\"1024\" height=\"768\" srcset=\"https:\/\/www.spaness.de\/blog\/wp-content\/uploads\/Collage_Fotor1-1-1024x768.jpg 1024w, https:\/\/www.spaness.de\/blog\/wp-content\/uploads\/Collage_Fotor1-1-300x225.jpg 300w, https:\/\/www.spaness.de\/blog\/wp-content\/uploads\/Collage_Fotor1-1-407x305.jpg 407w\" sizes=\"auto, (max-width: 1024px) 100vw, 1024px\" \/><\/a><h5 class=\"text-center\">Klabauterbett &#8211; Gute Nacht<\/h5><\/div>\n<div id=\"attachment_19537\" class=\"img-container clear-fix imgcenter\"><a href=\"https:\/\/www.spaness.de\/blog\/aussergewoehnlich-uebernachten-bremen\/dsc09067\/\" rel=\"attachment wp-att-19537\"><img loading=\"lazy\" decoding=\"async\" class=\"img-responsive img-responsive img-responsive wp-image-19537\" src=\"https:\/\/www.spaness.de\/blog\/wp-content\/uploads\/DSC09067-1024x682.jpg\" alt=\"Skyline Bremen\" width=\"1024\" height=\"682\" srcset=\"https:\/\/www.spaness.de\/blog\/wp-content\/uploads\/DSC09067-1024x682.jpg 1024w, https:\/\/www.spaness.de\/blog\/wp-content\/uploads\/DSC09067-300x200.jpg 300w, https:\/\/www.spaness.de\/blog\/wp-content\/uploads\/DSC09067.jpg 1280w\" sizes=\"auto, (max-width: 1024px) 100vw, 1024px\" \/><\/a><h5 class=\"text-center\">Skyline Bremen \u00dcberseestadt &#8211; Blaue Stunde &#8211; gegen\u00fcber vom Klabauterbett<\/h5><\/div>\n<div id=\"attachment_19547\" class=\"img-container clear-fix imgcenter\"><a href=\"https:\/\/www.spaness.de\/blog\/aussergewoehnlich-uebernachten-bremen\/img_4491\/\" rel=\"attachment wp-att-19547\"><img loading=\"lazy\" decoding=\"async\" class=\"img-responsive img-responsive img-responsive wp-image-19547\" src=\"https:\/\/www.spaness.de\/blog\/wp-content\/uploads\/IMG_4491-1024x768.jpg\" alt=\"Klabauterbett\" width=\"1024\" height=\"768\" srcset=\"https:\/\/www.spaness.de\/blog\/wp-content\/uploads\/IMG_4491-1024x768.jpg 1024w, https:\/\/www.spaness.de\/blog\/wp-content\/uploads\/IMG_4491-300x225.jpg 300w, https:\/\/www.spaness.de\/blog\/wp-content\/uploads\/IMG_4491-407x305.jpg 407w, https:\/\/www.spaness.de\/blog\/wp-content\/uploads\/IMG_4491.jpg 1280w\" sizes=\"auto, (max-width: 1024px) 100vw, 1024px\" \/><\/a><h5 class=\"text-center\">Klabauterbett<\/h5><\/div>\n<h3>Guten Morgen Klabauterbett. Guten Morgen Bremen. Fr\u00fchst\u00fcck an Bord<\/h3>\n<p>Wir haben unsere Nacht auf der Ronja inklusive Fr\u00fchst\u00fcck gebucht. Benjamin und Katharina (Kapit\u00e4n und Kapit\u00e4nin) haben schon alles f\u00fcrs Fr\u00fchst\u00fcck bereit gestellt und auch der Kaffee verbreitete schon einen angenehmen Duft an und unter Deck.<\/p>\n<p>Die Sonne strahlte vom Himmel und so r\u00e4umten wir das Fr\u00fchst\u00fcck r\u00fcber, an Deck der Liefde. Kaffee, Br\u00f6tchen, K\u00e4se, Aufschnitt, Joghurt, M\u00fcsli, Eier, Brot, Salate, Tomaten, Gurken&#8230; alles war vorhanden.<\/p>\n<blockquote><p>Seeluft macht bekanntlich ja hungrig&#8230; ob das auch f\u00fcr Weserluft gilt?<\/p><\/blockquote>\n<p>Wir lie\u00dfen es uns richtig gut schmecken&#8230; gegen 10 Uhr waren wir dann alle satt und r\u00e4umten alles wieder unter Deck der Ronja. Dann ging es daran das Gep\u00e4ck wieder ins Auto zu schaffen, unsere Getr\u00e4nke-Schulden zu begleichen und Abschied zu nehmen von Katharina, Benjamin, Ronja und der Liefde &#8211; und nicht zu vergessen Beiboot Jule. Denn aktuell liegen alle Boote zusammen, quasi als P\u00e4ckchen in der Weser.<\/p>\n<p>AHOI&#8230;<\/p>\n<blockquote class=\"instagram-media\" style=\"background: #FFF; border: 0; border-radius: 3px; box-shadow: 0 0 1px 0 rgba(0,0,0,0.5),0 1px 10px 0 rgba(0,0,0,0.15); margin: 1px; max-width: 658px; padding: 0; width: calc(100% - 2px);\" data-instgrm-captioned=\"\" data-instgrm-version=\"7\">\n<div style=\"padding: 8px;\">\n<div style=\"background: #F8F8F8; line-height: 0; margin-top: 40px; padding: 50.0% 0; text-align: center; width: 100%;\"><\/div>\n<p style=\"margin: 8px 0 0 0; padding: 0 4px;\"><a style=\"color: #000; font-family: Arial,sans-serif; font-size: 14px; font-style: normal; font-weight: normal; line-height: 17px; text-decoration: none; word-wrap: break-word;\" href=\"https:\/\/www.instagram.com\/p\/BVtn7DGHzjk\/\" target=\"_blank\" rel=\"noopener noreferrer nofollow\" class=\"external\">#fr\u00fchst\u00fcck an Bord der #Klabauterbett in #Bremen &#x1f60b;Guten #morgen #wochenende &#x1f618; wie geht&#8217;s euch allen? Was sind eure #weekend Pl\u00e4ne?<\/a><\/p>\n<p style=\"color: #c9c8cd; font-family: Arial,sans-serif; font-size: 14px; line-height: 17px; margin-bottom: 0; margin-top: 8px; overflow: hidden; padding: 8px 0 7px; text-align: center; text-overflow: ellipsis; white-space: nowrap;\">Ein Beitrag geteilt von Tanja Klindworth (@spaness_kitchen) am <time style=\"font-family: Arial,sans-serif; font-size: 14px; line-height: 17px;\" datetime=\"2017-06-24T06:50:12+00:00\">23. Jun 2017 um 23:50 Uhr<\/time><\/p>\n<\/div>\n<\/blockquote>\n<p><script async defer src=\"\/\/platform.instagram.com\/en_US\/embeds.js\"><\/script><\/p>\n<div class=\"alert alert-info\">\n<p><strong>Zum Abschluss gibt es hier von mir noch ein paar Infos zum Klabauterbett<\/strong><\/p>\n<p>&nbsp;<\/p>\n<ul>\n<li style=\"list-style-type: none;\">\n<ul>\n<li><strong>Anlegestelle Bremen:<\/strong> Auf dem Dreieck 5a, 28197 Bremen (gegen\u00fcber vom GOP Variete und dem Chilliclub)<\/li>\n<li><strong>Klabauterbett Preise:<\/strong> Die Preise variieren nach Jahreszeit, Wochentag und nat\u00fcrlich nach G\u00e4steanzahl. Wir haben f\u00fcr eine Nacht, unter der Woche; 6 Erwachsene + 1 Kind (alle 4 Kaj\u00fcten an Bord der Ronja) inklusive Fr\u00fchst\u00fcck, City-Tax und Endreinigung rund 300.- Euro gezahlt. Hinzu kamen die Getr\u00e4nke vor Ort mit rund 50.- Euro. Der Grill wurde uns kostenfrei zur Verf\u00fcgung gestellt. Das gilt auch f\u00fcr Wasser und Tee auf\/in der Kaj\u00fcte. F\u00fcr die Gast-Matrosen stehen auch Fahrr\u00e4der, gegen einen kleinen Obolus, zur Verf\u00fcgung.<\/li>\n<li><strong>\u00d6ffis in der N\u00e4he:<\/strong> Radio Bremen (Stra\u00dfenbahn 2 und 3, Bus 25), Bahnhof Neustadt (Regionalbahn, Bus 24, Bus N3)<\/li>\n<li><strong>Anreise per Auto &#8211; Parken:<\/strong> Geparkt werden kann direkt am Anleger zwischen den B\u00e4umen.<\/li>\n<li>-&gt; <a href=\"https:\/\/www.facebook.com\/Klabauterbett\/\" target=\"_blank\" rel=\"noopener noreferrer nofollow\" class=\"external\"><strong>Klabauterbett auf Facebook<\/strong><\/a> &lt;-<\/li>\n<\/ul>\n<\/li>\n<\/ul>\n<p>&nbsp;<\/p>\n<p><iframe loading=\"lazy\" style=\"border: none; overflow: hidden;\" src=\"https:\/\/www.facebook.com\/plugins\/post.php?href=https%3A%2F%2Fwww.facebook.com%2FSPANESS%2Fposts%2F10156330077084368&amp;width=500\" width=\"500\" height=\"665\" frameborder=\"0\" scrolling=\"no\"><\/iframe><\/p>\n<\/div>\n<p>&nbsp;<\/p>\n<p>___<\/p>\n<p><strong>Lust auf mehr &#8222;Au\u00dfergew\u00f6hnlich \u00dcbernachten&#8220;?<\/strong><\/p>\n<ul>\n<li>Zur kompletten <a href=\"https:\/\/www.spaness.de\/blog\/ungewoehnliche-uebernachtungsmoeglichkeiten-deutschland\/\" target=\"_blank\" rel=\"noopener noreferrer\">Karte &#8222;Ungew\u00f6hnlich \u00dcbernachten<\/a> in&#8230;&#8220;<\/li>\n<li><a href=\"https:\/\/www.spaness.de\/blog\/center-parcs-bispinger-heide-familien-urlaub\/\" target=\"_blank\" rel=\"noopener noreferrer\">Baumh\u00e4user und Hausboote warten im Center Parcs Bispingen<\/a> auf euch<\/li>\n<li><a href=\"https:\/\/www.spaness.de\/lexikon\/hotel\/s\/schlosshotel\/\" target=\"_blank\" rel=\"noopener noreferrer\">\u00dcbernachten in Schl\u00f6ssern und Burgen<\/a><\/li>\n<\/ul>\n<p>&nbsp;<\/p>\n","protected":false},"excerpt":{"rendered":"<p>Es gibt eine neue Geschichte in Sachen &#8222;Au\u00dfergew\u00f6hnliche \u00dcbernachtungen&#8220; oder wohl besser gesagt &#8222;Ungew\u00f6hnliche Hotels und Herbergen&#8222;. K\u00fcrzlich war ich mal wieder in Bremen. Dieses Mal, um dort eine Nacht auf dem Klabauterbett zu verbringen. Gebucht habe ich das Klabauterbett kurzerhand mal f\u00fcr die ganze Familie. Au\u00dfergew\u00f6hnlich \u00dcbernachten Bremen: Schiff&#8230;<\/p>\n","protected":false},"author":2,"featured_media":19542,"comment_status":"open","ping_status":"open","sticky":false,"template":"","format":"standard","meta":{"footnotes":""},"categories":[218,266,295,290,13,14],"tags":[291,54,74,75,95,96,181,207,117],"class_list":["post-19509","post","type-post","status-publish","format-standard","has-post-thumbnail","hentry","category-bremen-urlaub-tipps","category-familien-wellness","category-staedtetrips","category-ungewoehnlich-uebernachten","category-urlaub","category-urlaub-in-deutschland","tag-aussergewoehnlich-uebernachten","tag-geschenkidee","tag-kurzurlaub","tag-last-minute-reise","tag-reiseblog","tag-reiseblogger","tag-staedtetrip","tag-staedtetrip-deutschland","tag-themenhotel"],"_links":{"self":[{"href":"https:\/\/www.spaness.de\/blog\/wp-json\/wp\/v2\/posts\/19509","targetHints":{"allow":["GET"]}}],"collection":[{"href":"https:\/\/www.spaness.de\/blog\/wp-json\/wp\/v2\/posts"}],"about":[{"href":"https:\/\/www.spaness.de\/blog\/wp-json\/wp\/v2\/types\/post"}],"author":[{"embeddable":true,"href":"https:\/\/www.spaness.de\/blog\/wp-json\/wp\/v2\/users\/2"}],"replies":[{"embeddable":true,"href":"https:\/\/www.spaness.de\/blog\/wp-json\/wp\/v2\/comments?post=19509"}],"version-history":[{"count":30,"href":"https:\/\/www.spaness.de\/blog\/wp-json\/wp\/v2\/posts\/19509\/revisions"}],"predecessor-version":[{"id":22100,"href":"https:\/\/www.spaness.de\/blog\/wp-json\/wp\/v2\/posts\/19509\/revisions\/22100"}],"wp:featuredmedia":[{"embeddable":true,"href":"https:\/\/www.spaness.de\/blog\/wp-json\/wp\/v2\/media\/19542"}],"wp:attachment":[{"href":"https:\/\/www.spaness.de\/blog\/wp-json\/wp\/v2\/media?parent=19509"}],"wp:term":[{"taxonomy":"category","embeddable":true,"href":"https:\/\/www.spaness.de\/blog\/wp-json\/wp\/v2\/categories?post=19509"},{"taxonomy":"post_tag","embeddable":true,"href":"https:\/\/www.spaness.de\/blog\/wp-json\/wp\/v2\/tags?post=19509"}],"curies":[{"name":"wp","href":"https:\/\/api.w.org\/{rel}","templated":true}]}}