{"id":20275,"date":"2017-09-01T07:23:19","date_gmt":"2017-09-01T05:23:19","guid":{"rendered":"https:\/\/www.spaness.de\/blog\/?p=20275"},"modified":"2019-02-14T19:03:50","modified_gmt":"2019-02-14T18:03:50","slug":"therme-erding-wellness-statt-wiesn","status":"publish","type":"post","link":"https:\/\/www.spaness.de\/blog\/therme-erding-wellness-statt-wiesn\/","title":{"rendered":"Aktion &#038; Verlosung: Wellness statt Wiesn"},"content":{"rendered":"<p><strong>Der Countdown l\u00e4uft f\u00fcr die Wiesn 2017. Einmal im Jahr herrscht in M\u00fcnchen Ausnahmezustand &#8211; dann wird die Wiesn in M\u00fcnchen gefeiert. &#8222;Wiesn M\u00fcnchen&#8220; &#8211; das Synonym f\u00fcr das &#8222;M\u00fcnchener Oktoberfest&#8220;. Tausende ziehen in Tracht auf das Feiergel\u00e4nde, stemmen Masskr\u00fcge, essen Hendl und schunkeln zur Musik. Doch viele m\u00f6chten diesem Bierzelttrubel lieber entfliehen. F\u00fcr viele kaum zu glauben, doch nicht jeder verf\u00e4llt beim Gedanken an das Oktoberfest in Wiesn-Euphorie, sondern m\u00f6chte dem Spektakel lieber aus dem Weg gehen. \ud83d\ude09 <\/strong><\/p>\n<blockquote><p><strong>Dabei helfe ich euch in diesem Jahr, wir schenken euch n\u00e4mlich eine kleine Wiesn-Auszeit&#8230;<br \/>\n<\/strong><\/p><\/blockquote>\n<h2>Oans, zwoa, gschwitzt! \u2013 Wellness statt Wiesn<\/h2>\n<p>Also warum nicht den M\u00fcnchener Ausnahmezustand nutzen und einfach verschwinden. M\u00f6glichkeiten f\u00fcr eine Wiesn-Wellness-Auszeit gibt es so einige rund um M\u00fcnchen oder auch in weiterer Entfernung, wenn es gar nicht weit genug weg von der Wiesn sein darf.<\/p>\n<p>-&gt;&gt;&gt; In der Vergangenheit hab ich euch <a href=\"https:\/\/www.spaness.de\/blog\/wellnesszauber-statt-wiesenfieber\/\" target=\"_blank\" rel=\"noopener noreferrer\">HIER schon mal total entspannte <strong>Wellness-statt-Wiesn-Reiseziele in Deutschland<\/strong><\/a> vorgestellt.<\/p>\n<p>Doch nicht jeder hat nat\u00fcrlich Zeit, gleich den Koffer f\u00fcr l\u00e4nger zu packen und M\u00fcnchen einfach zu verlassen. Dann kommt vielleicht meine kleine Aktion genau richtig, die ich mir zusammen mit der <a href=\"https:\/\/www.spaness.de\/Victory-Hotel-Therme-Erding\/\" target=\"_blank\" rel=\"noopener noreferrer\">Therme Erding<\/a> f\u00fcr euch ausgedacht habe. Ich war vor ein paar Wochen ja mal dort, um mich vom <strong><a href=\"https:\/\/www.spaness.de\/blog\/therme-erding-hotel-victory\/\" target=\"_blank\" rel=\"noopener noreferrer\">Wellnessfaktor der Therme Erding<\/a><\/strong> (\u00fcbrigens die gr\u00f6\u00dfte Therme der Welt) zu \u00fcberzeugen.<\/p>\n<p>Ich gestehe, ich bin mit einer gewissen Skepsis in die Therme gereist, mu\u00dfte dann durch das wuselige Treiben der Therme mit Rutschen, Wellnessbad und Co. (nicht wirklich mein Fall!) und wurde dann aber doch positiv \u00fcberrascht von der wirklich tollen Wellness- und Saunalandschaft. In der ich mich sehr wohlgef\u00fchlt habe.<\/p>\n<p>Genau diese Saunalandschaft wird jetzt zum Dreh- und Angelpunkt w\u00e4hrend der Wiesn. Dann hei\u00dft es n\u00e4mlich statt \u201eO\u2019zapft is\u201c -&gt; \u201eOans, zwoa, gschwitzt\u201c. \ud83d\ude09<\/p>\n<div id=\"attachment_20286\" class=\"img-container clear-fix imgcenter\"><a href=\"https:\/\/www.spaness.de\/blog\/therme-erding-wellness-statt-wiesn\/kelosauna_dekoriert-1\/\" rel=\"attachment wp-att-20286\"><img loading=\"lazy\" decoding=\"async\" class=\"img-responsive img-responsive img-responsive wp-image-20286\" src=\"https:\/\/www.spaness.de\/blog\/wp-content\/uploads\/Kelosauna_dekoriert-1-1024x679.png\" alt=\"Therme Erding: Kelosauna im Wiesn Style\" width=\"1024\" height=\"679\" srcset=\"https:\/\/www.spaness.de\/blog\/wp-content\/uploads\/Kelosauna_dekoriert-1-1024x679.png 1024w, https:\/\/www.spaness.de\/blog\/wp-content\/uploads\/Kelosauna_dekoriert-1-300x199.png 300w, https:\/\/www.spaness.de\/blog\/wp-content\/uploads\/Kelosauna_dekoriert-1.png 1500w\" sizes=\"auto, (max-width: 1024px) 100vw, 1024px\" \/><\/a><h5 class=\"text-center\">Therme Erding: Kelosauna im Wiesn Style<\/h5><\/div>\n<h3>Wellness statt Wiesn &#8211; was hei\u00dft das denn genau?<\/h3>\n<p>Bevor ich jetzt gleich zur Aktion komme, einmal kurz hier vorgestellt, was euch in der Therme Erding mit der Aktion &#8222;Wellness statt Wiesn&#8220; erwartet. Denn die <strong>Aufgussmeister der Saunen schwingen dann nicht nur im Dirndl und in der Lederhose das Handtuch und die Aufgusskelle<\/strong>&#8230; es passiert noch viel, viel mehr.<\/p>\n<ul>\n<li>Wie w\u00e4re es mit einem Erdinger Bieraufguss im Alpenstadl<\/li>\n<li>&#8230;oder beim z\u00fcnftigen \u201eAngermaier Festaufguss\u201c in der Kelosauna<\/li>\n<li>&#8230;Wiesnhits zum Saunaaufguss<\/li>\n<li>Wiesn-Wellness f\u00fcr echte Kerle mit &#8222;Men only&#8220; in der Zirbelstube &#8211; dazu ein erfrischendes (alkoholfreies) Erdinger Wei\u00dfbier<\/li>\n<li>After Wiesn &#8222;Women&#8217;s only&#8220; in der Zirbelstuben &#8211; f\u00fcr echte M\u00e4dels<\/li>\n<li>Hopfenmaske im Alpenstadl<\/li>\n<\/ul>\n<p>So eine <strong>Wiesn-Auszeit<\/strong> passt nat\u00fcrlich auch mal ganz gut zwischendurch, falls euch dann doch der Wiesn-Kater eingeholt hat&#8230; \ud83d\ude09 So ein Saunagang soll nach einer durchzechten Wiesnnacht ja Wunder wirken, das Immunsystem wieder st\u00e4rken und den K\u00f6rper auch entschlacken. \ud83d\ude09<\/p>\n<p>Eine Massage richtet Verspannungen, die vielleicht beim Schunkeln auf der Bierbank entstanden sind&#8230; und eine Maske im Beauty- und Wellnessbereich der Therme-Erding l\u00e4\u00dft die Haut wieder strahlen.<\/p>\n<blockquote><p>Die 184. M\u00fcnchner Wiesn 2017 &#8211; geht vom 16. September &#8211; 03. Oktober<\/p><\/blockquote>\n<p><strong><em>-&gt; Mehr <a href=\"http:\/\/www.therme-erding.de\/programm\/aktionsprogramm\/tagesprogramm-vitaltherme-saunen\/\" target=\"_blank\" rel=\"noopener noreferrer nofollow\" class=\"external\">Informationen zu den Wellness statt Wiesn Specials in der Therme Erding findet ihr HIER<\/a>.<\/em><\/strong><\/p>\n<p><strong><em>-&gt; <a href=\"https:\/\/www.spaness.de\/blog\/hotel-oktoberfest-special-therme-erding\/\" target=\"_blank\" rel=\"noopener noreferrer\">Mehr Informationen zum Wiesn &amp; Wellness Special (dazu hab ich euch mal einen Extra-Artikel verfasst \ud83d\ude42 ) der Therme Erding &amp; Hotel Victory HIER.<\/a><\/em><\/strong><\/p>\n<div id=\"attachment_20284\" class=\"img-container clear-fix imgcenter\"><a href=\"https:\/\/www.spaness.de\/blog\/therme-erding-wellness-statt-wiesn\/kelosauna_event_bayerischer-aufguss-1\/\" rel=\"attachment wp-att-20284\"><img loading=\"lazy\" decoding=\"async\" class=\"img-responsive img-responsive img-responsive wp-image-20284\" src=\"https:\/\/www.spaness.de\/blog\/wp-content\/uploads\/Kelosauna_Event_Bayerischer-Aufguss-1-1024x683.png\" alt=\"Therme Erding: Aufguss in Tracht\" width=\"1024\" height=\"683\" srcset=\"https:\/\/www.spaness.de\/blog\/wp-content\/uploads\/Kelosauna_Event_Bayerischer-Aufguss-1-1024x683.png 1024w, https:\/\/www.spaness.de\/blog\/wp-content\/uploads\/Kelosauna_Event_Bayerischer-Aufguss-1-300x200.png 300w, https:\/\/www.spaness.de\/blog\/wp-content\/uploads\/Kelosauna_Event_Bayerischer-Aufguss-1.png 1500w\" sizes=\"auto, (max-width: 1024px) 100vw, 1024px\" \/><\/a><h5 class=\"text-center\">Therme Erding: Aufguss in Tracht<\/h5><\/div>\n<h3>Wellness statt Wiesn &#8211; wir schenken euch eine Wiesn-Auszeit<\/h3>\n<p>Trommelwirbel, jetzt kommt die Aktion. Wir schenken euch n\u00e4mlich eine Wiesn-Auszeit &#8211; zusammen mit der <strong>Therme Erding<\/strong><strong>. <\/strong>Relaxt einen ganzen Tag in der Therme Erding. Damit ihr euch rundum entspannen k\u00f6nnt, bekommt ihr auch eine \u00dcbernachtung dazu. Taucht ab in der Saunalandschaft, st\u00fcrzt euch in die Wellen oder todesmutig die Rutschen hinunter&#8230; Das Gewinnpaket enth\u00e4lt folgende Leistungen:<\/p>\n<ul>\n<li>Eintritt zur gesamten Thermenwelt f\u00fcr 2 Personen<\/li>\n<li>Eine \u00dcbernachtung im Doppelzimmer des G\u00e4stehauses Victory (f\u00fcr 2 Personen) inklusive Fr\u00fchst\u00fcck<\/li>\n<li>Kostenfreier Parkplatz an der Therme Erding<\/li>\n<li>Der Gewinn kann im Wellness statt Wiesn Aktionszreitraum (25.09. bis 3.10.2017) eingel\u00f6st werden.<\/li>\n<\/ul>\n<p>&nbsp;<\/p>\n<blockquote><p><strong><del>Um das Wellness statt Wiesn Arrangement zu gewinnen, m\u00fc\u00dft ihr hier einfach nur einen Kommentar hinterlassen und uns verraten, warum ihr Wellness der Wiesn vorzieht. Oder warum ihr vielleicht einfach mal eine Auszeit von der Wiesn braucht&#8230; \ud83d\ude09<\/del> Aktion beendet!<br \/>\n<\/strong><\/p>\n<p>&nbsp;<\/p><\/blockquote>\n<div id=\"attachment_20288\" class=\"img-container clear-fix imgcenter\"><a href=\"https:\/\/www.spaness.de\/blog\/therme-erding-wellness-statt-wiesn\/te_galaxy-erding_alm-chalet_thermengarten_paar_in-tracht\/\" rel=\"attachment wp-att-20288\"><img loading=\"lazy\" decoding=\"async\" class=\"img-responsive img-responsive img-responsive wp-image-20288\" src=\"https:\/\/www.spaness.de\/blog\/wp-content\/uploads\/TE_GALAXY-ERDING_Alm-Chalet_Thermengarten_Paar_in-Tracht-1024x682.png\" alt=\"Therme Erding: Almengarten\" width=\"1024\" height=\"682\" srcset=\"https:\/\/www.spaness.de\/blog\/wp-content\/uploads\/TE_GALAXY-ERDING_Alm-Chalet_Thermengarten_Paar_in-Tracht-1024x682.png 1024w, https:\/\/www.spaness.de\/blog\/wp-content\/uploads\/TE_GALAXY-ERDING_Alm-Chalet_Thermengarten_Paar_in-Tracht-300x200.png 300w, https:\/\/www.spaness.de\/blog\/wp-content\/uploads\/TE_GALAXY-ERDING_Alm-Chalet_Thermengarten_Paar_in-Tracht.png 2000w\" sizes=\"auto, (max-width: 1024px) 100vw, 1024px\" \/><\/a><h5 class=\"text-center\">Therme Erding: Almengarten<\/h5><\/div>\n<div id=\"attachment_20285\" class=\"img-container clear-fix imgcenter\"><a href=\"https:\/\/www.spaness.de\/blog\/therme-erding-wellness-statt-wiesn\/te_vitaltherme_zirbelstube\/\" rel=\"attachment wp-att-20285\"><img loading=\"lazy\" decoding=\"async\" class=\"img-responsive img-responsive img-responsive wp-image-20285\" src=\"https:\/\/www.spaness.de\/blog\/wp-content\/uploads\/TE_VitalTherme_Zirbelstube-1024x684.png\" alt=\"Therme Erding: Zirbelstube\" width=\"1024\" height=\"684\" srcset=\"https:\/\/www.spaness.de\/blog\/wp-content\/uploads\/TE_VitalTherme_Zirbelstube-1024x684.png 1024w, https:\/\/www.spaness.de\/blog\/wp-content\/uploads\/TE_VitalTherme_Zirbelstube-300x200.png 300w, https:\/\/www.spaness.de\/blog\/wp-content\/uploads\/TE_VitalTherme_Zirbelstube.png 2000w\" sizes=\"auto, (max-width: 1024px) 100vw, 1024px\" \/><\/a><h5 class=\"text-center\">Therme Erding: Zirbelstube<\/h5><\/div>\n<p><em>Feedback von Gewinnerin Sandra nach ihrer Wies&#8217;n Auszeit in der Therme Erding:<\/em><\/p>\n<blockquote><p>Ich wollte mich noch einmal f\u00fcr den Gewinn bedanken! Die Organisation in der Therme hat wunderbar geklappt! Es waren zwei wunderbare Tage die wirklich wie Urlaub waren! Gestern haben wir uns zum Abschluss noch eine Hamam-Massage geg\u00f6nnt! \ud83d\ude42 Jetzt sind wir wirklich tiefenentspannt!<\/p><\/blockquote>\n<p>___<\/p>\n<p><strong>Beachte:<\/strong><\/p>\n<ul>\n<li>*Der Gewinn und die Bilder f\u00fcr diese Aktion wurden uns von der Therme Erding zur Verf\u00fcgung gestellt. Wir durften die Therme Erding selber im Rahmen einer Kooperation pers\u00f6nlich besuchen.<\/li>\n<li><del>Die Aktion l\u00e4uft ab 01.09.2017 bis 08.09.2017 &#8211; 23:59 Uhr.<\/del> Aktion beendet!<\/li>\n<li>Teilnahme erfolgt durch Ver\u00f6ffentlichung eines Kommentars. Bei mehr als einem Kommentar entscheidet das Losverfahren. Bitte denkt daran, auch eine Mailadresse zu hinterlegen unter der wir euch erreichen k\u00f6nnen, falls ihr gewonnen habt. -&gt; Eure Mailadresse wird dabei nat\u00fcrlich nicht ver\u00f6ffentlich, die sehen wir nur im Adminbereich.<\/li>\n<li>Der Rechtsweg ist ausgeschlossen.<\/li>\n<li><a title=\"Datenschutzerkl\u00e4rung SPANESS\" href=\"https:\/\/www.spaness.de\/datenschutz.htm\" target=\"_blank\" rel=\"noopener noreferrer\">Datenschutzerkl\u00e4rung<\/a><\/li>\n<li><a title=\"Nutzungsbedingungen SPANESS\" href=\"https:\/\/www.spaness.de\/nutzungsbestimmungen.htm\" target=\"_blank\" rel=\"noopener noreferrer\">Nutzungsbestimmungen<\/a><\/li>\n<li>Du willst nichts mehr verpassen? <strong><a href=\"https:\/\/www.spaness.de\/newsletter\/\" target=\"_blank\" rel=\"noopener noreferrer\">Dann jetzt HIER eintragen!<\/a><\/strong><\/li>\n<li>Noch mehr Neuigkeiten, Gewinnspiele &amp; Co. gibts im <a href=\"https:\/\/www.spaness.de\/newsletter\/\" target=\"_blank\" rel=\"noopener noreferrer\"><strong>SPANESS-Genussclub<\/strong><\/a> (kostenfrei &amp; unverbindlich)<\/li>\n<li>Kontaktdaten: Therme Erding \u2013 Thermenallee 1a, 85435 Erding<\/li>\n<\/ul>\n<p><div class=\"embed-responsive embed-responsive-16by9\"><iframe loading=\"lazy\" src=\"https:\/\/www.youtube-nocookie.com\/embed\/s48GGfi-RXg?rel=0&amp;controls=0&amp;showinfo=0\" width=\"100%\" height=\"315\" frameborder=\"0\" allowfullscreen=\"allowfullscreen\"><\/iframe><\/div><\/p>\n","protected":false},"excerpt":{"rendered":"<p>Der Countdown l\u00e4uft f\u00fcr die Wiesn 2017. Einmal im Jahr herrscht in M\u00fcnchen Ausnahmezustand &#8211; dann wird die Wiesn in M\u00fcnchen gefeiert. &#8222;Wiesn M\u00fcnchen&#8220; &#8211; das Synonym f\u00fcr das &#8222;M\u00fcnchener Oktoberfest&#8220;. Tausende ziehen in Tracht auf das Feiergel\u00e4nde, stemmen Masskr\u00fcge, essen Hendl und schunkeln zur Musik. Doch viele m\u00f6chten diesem&#8230;<\/p>\n","protected":false},"author":2,"featured_media":20287,"comment_status":"open","ping_status":"open","sticky":false,"template":"","format":"standard","meta":{"footnotes":""},"categories":[223,9,272,15],"tags":[54,74,75,95,96,200,204,118,203,209],"class_list":["post-20275","post","type-post","status-publish","format-standard","has-post-thumbnail","hentry","category-bayern-reisen","category-reise-angebote","category-thermencheck-deutschland","category-wellness","tag-geschenkidee","tag-kurzurlaub","tag-last-minute-reise","tag-reiseblog","tag-reiseblogger","tag-spablog","tag-spablogger","tag-themenurlaub","tag-wellnessblog","tag-wellnessblogger"],"_links":{"self":[{"href":"https:\/\/www.spaness.de\/blog\/wp-json\/wp\/v2\/posts\/20275","targetHints":{"allow":["GET"]}}],"collection":[{"href":"https:\/\/www.spaness.de\/blog\/wp-json\/wp\/v2\/posts"}],"about":[{"href":"https:\/\/www.spaness.de\/blog\/wp-json\/wp\/v2\/types\/post"}],"author":[{"embeddable":true,"href":"https:\/\/www.spaness.de\/blog\/wp-json\/wp\/v2\/users\/2"}],"replies":[{"embeddable":true,"href":"https:\/\/www.spaness.de\/blog\/wp-json\/wp\/v2\/comments?post=20275"}],"version-history":[{"count":26,"href":"https:\/\/www.spaness.de\/blog\/wp-json\/wp\/v2\/posts\/20275\/revisions"}],"predecessor-version":[{"id":24012,"href":"https:\/\/www.spaness.de\/blog\/wp-json\/wp\/v2\/posts\/20275\/revisions\/24012"}],"wp:featuredmedia":[{"embeddable":true,"href":"https:\/\/www.spaness.de\/blog\/wp-json\/wp\/v2\/media\/20287"}],"wp:attachment":[{"href":"https:\/\/www.spaness.de\/blog\/wp-json\/wp\/v2\/media?parent=20275"}],"wp:term":[{"taxonomy":"category","embeddable":true,"href":"https:\/\/www.spaness.de\/blog\/wp-json\/wp\/v2\/categories?post=20275"},{"taxonomy":"post_tag","embeddable":true,"href":"https:\/\/www.spaness.de\/blog\/wp-json\/wp\/v2\/tags?post=20275"}],"curies":[{"name":"wp","href":"https:\/\/api.w.org\/{rel}","templated":true}]}}