{"id":20832,"date":"2017-10-05T10:18:49","date_gmt":"2017-10-05T08:18:49","guid":{"rendered":"https:\/\/www.spaness.de\/blog\/?p=20832"},"modified":"2017-10-05T14:53:11","modified_gmt":"2017-10-05T12:53:11","slug":"rezept-apfelkuchen","status":"publish","type":"post","link":"https:\/\/www.spaness.de\/blog\/rezept-apfelkuchen\/","title":{"rendered":"Eine Ode an den Herbst: Von \u00c4pfeln, Herbst Reisezielen &#038; buntem Herbstlaub"},"content":{"rendered":"<p><strong>Und pl\u00f6tzlich ist er da&#8230; der Herbst. Wann ist denn das eigentlich schon wieder so klammheimlich passiert. Pl\u00f6tzlich sind die Tage schon viel k\u00fcrzer und die N\u00e4chte l\u00e4nger. Die Sonne wirft irgendwie ein anderes Licht auf die Welt und insgesamt f\u00e4rbt sich die Welt bunt. Zugegeben, der Sommer hat uns in diesem Jahr <a href=\"https:\/\/www.spaness.de\/blog\/category\/heimatliebe\/\" target=\"_blank\" rel=\"noopener noreferrer\">in Norddeutschland<\/a> etwas im Stich gelassen. Er hat sich nicht von seiner sch\u00f6nsten Seite gezeigt, doch jetzt hoffen wir auf den &#8222;goldenen&#8220; Herbst.<\/strong><\/p>\n<h2>Herbstzeit ist Wellnesszeit &#8211; und das in vielen Facetten!<\/h2>\n<p>Und wenn ich so aus dem Fenster schaue, dann sieht es vielversprechend aus. Die Temperatur um 10 Uhr liegt schon bei 15\u00b0 Grad &#8211; angesagt ist heute eine Tagestemperatur von 23\u00b0 Grad. Hach&#8230; das l\u00e4dt doch ein zu gem\u00fctlichen <strong>Kaffee und Kuchen<\/strong> Momenten im Garten, zu langen Herbstspazierg\u00e4ngen durch das pr\u00e4chtige Bl\u00e4tterwerk &#8211; was gerade noch an den B\u00e4umen h\u00e4ngt und sich in den buntesten Farben zeigt. Vielleicht stehe ich mit meiner Meinung alleine da&#8230; doch <strong>ich mag den Herbst<\/strong>, der sich mit dem Altweibersommer die Hand gibt. Ich mag das Herbstlicht &#8211; es zaubert wundersch\u00f6ne Farben auf Bilder und ich mag es, wenn sich ein Herbsttag doch noch mal anf\u00fchlt, wie ein lauschiger Sommerabend.<\/p>\n<p>Der Herbst ist auch <strong>Erntezeit<\/strong> und auch das mag ich: \u00c4pfel, Birnen, Pilze, Pflaumen, Zwetschgen, Maiskolben, K\u00fcrbis, Kastanien, R\u00fcben und auch noch ein paar Kr\u00e4uter &#8211; der Geschmack meiner Kindheit (Wellnessfeeling pur!). Ich hole mir den Herbst auch gern ins Haus und statte meine &#8222;vier W\u00e4nde&#8220; herbstlich bunt aus. Und ich liebe es, die herbstlichen Fr\u00fcchte <strong>einzukochen, einzumachen, mit ihnen zu backen<\/strong> oder einfach auch direkt zu futtern und zu naschen.<\/p>\n<p>Mit dem Herbst beginnt nat\u00fcrlich auch die <strong>Wellnesszeit<\/strong>. Ich freue mich auf <strong>Saunaabende<\/strong> und <strong>entspannte Wellnessmomente in der Therme<\/strong>. Auf Rotwein trinken am Kaminofen, Erntefeste, spektakul\u00e4re Sonnenaufg\u00e4nge (ich wander sehr gern zum Sonnenaufgang), frischen Apfelkuchen \ud83d\ude09 und kunterbunte <strong>Herbst Reiseziele<\/strong>.<\/p>\n<p>Eine Reise passend zum Herbst k\u00f6nnte nat\u00fcrlich die <strong>norddeutsche Apfelheimat sein &#8211; <a href=\"https:\/\/www.spaness.de\/blog\/altes-land-urlaubsregion\/\" target=\"_blank\" rel=\"noopener noreferrer\">das Alte Land<\/a><\/strong>. Oder eine Ecke in Deutschland, die sich besonders bunt zeigt, wie das <strong><a href=\"https:\/\/www.spaness.de\/blog\/warum-der-herbst-im-sauerland-einfach-eine-reise-wert-ist\/\" target=\"_blank\" rel=\"noopener noreferrer\">waldreiche Sauerland<\/a><\/strong> oder aber <strong>der Spreewald<\/strong>?! (-&gt; von meinen Herbst Reisezielen in den Herbstferien berichte ich euch demn\u00e4chst nat\u00fcrlich auch mehr).<\/p>\n<div id=\"attachment_7780\" class=\"img-container clear-fix imgcenter\"><a href=\"https:\/\/www.spaness.de\/blog\/wellness-gegen-herbstdepression\/herbst\/\" rel=\"attachment wp-att-7780\"><img loading=\"lazy\" decoding=\"async\" class=\"img-responsive size-full img-responsive wp-image-7780\" src=\"https:\/\/www.spaness.de\/blog\/wp-content\/uploads\/Herbst-1.jpg\" alt=\"Entspannung im Herbst\" width=\"640\" height=\"427\" srcset=\"https:\/\/www.spaness.de\/blog\/wp-content\/uploads\/Herbst-1.jpg 640w, https:\/\/www.spaness.de\/blog\/wp-content\/uploads\/Herbst-1-300x200.jpg 300w\" sizes=\"auto, (max-width: 640px) 100vw, 640px\" \/><\/a><h5 class=\"text-center\">Entspannung im Herbst<\/h5><\/div>\n<p>Du Zeit der Nebel und der reifen Fruchtbarkeit, der sp\u00e4ten Sonne wie ein Herzensfreund verbunden,<\/p>\n<p>die, mit der Zeit dazu verschworen, zu segnen alle Reben, die ums Strohdach ranken, und sie mit Frucht zu f\u00fcllen.<\/p>\n<p>Die B\u00e4ume, moosbedeckt, mit \u00c4pfeln zu beladen und alle Fr\u00fcchte bis zum Kern hinein zu reifen; den K\u00fcrbis aufzuschwellen, und die s\u00fc\u00dfen Haselkerne in ihre pralle Schal\u2019 zu treiben; die sp\u00e4te Pracht.<\/p>\n<p>Der Bl\u00fcten f\u00fcr die Bienen anzusetzen, die glauben, dass die Sonnentage niemals enden, solang der Sommer ihre Waben bis zum Rande f\u00fcllt.<\/p>\n<p style=\"text-align: right;\"><em>Erste Strophe aus dem Gedicht &#8222;An den Herbst&#8220; von John Keats (1795 &#8211; 1821)<\/em><\/p>\n<blockquote><p>Was liebt ihr denn am Herbst?<\/p>\n<p>Oder m\u00f6gt ihr den Herbst vielleicht gar nicht?<\/p><\/blockquote>\n<p>Teilt mir doch mal eure Herbstgedanken mit und verratet mir, was ihr im Herbst macht. Was sind eure <strong>Reiseziele oder Ausflugsziele<\/strong>? Was sind eure typischen Herbstunternehmungen?<\/p>\n<div id=\"attachment_48\" class=\"img-container clear-fix imgcenter\"><a href=\"https:\/\/www.spaness.de\/blog\/kastanienzeit-wellness-mit-dem-venenwunder\/kastanie_1\/\" rel=\"attachment wp-att-48\"><img loading=\"lazy\" decoding=\"async\" class=\"img-responsive size-full img-responsive wp-image-48\" src=\"https:\/\/www.spaness.de\/blog\/wp-content\/uploads\/Kastanie_1-1.jpg\" alt=\"Herbst Kastanien\" width=\"300\" height=\"198\" \/><\/a><h5 class=\"text-center\">Herbst Kastanien<\/h5><\/div>\n<h3>Rezept: K\u00e4se Apfel Kuchen mit Vanille<\/h3>\n<p>Und darauf einen Apfelschnaps&#8230; \u00e4hm Apfelkuchen! Denn mit der <strong>Apfelernte<\/strong> starte ich auch sehr gern Backexperimente. Letztes Jahr hatten wir auch so viel \u00c4pfel, dass ich selber Apfelmuss eingekocht habe. Davon wollte ich eigentlich immer mal berichten&#8230; aber ihr wi\u00dft ja wie das ist. Wenn man es nicht gleich tut&#8230; \ud83d\ude09 Daher gibt es jetzt ein neues Apfelkuchen Rezept von mir &#8211; welches in k\u00fcrzlich ausprobiert habe.<\/p>\n<p><strong>F\u00fcr den Teig<\/strong> braucht ihr rund 200 Gramm Mehl, eine Prise Salz, 1 TL Backpulver, 2 EL Agavendicksaft (wahlweise geht auch Honig oder ganz normaler Zucker oder Zuckerersatz wie z.B. Stevia), 1 Eigelb und 125 Gramm Butter (oder auch Magarine und ich hab es auch schon mal mit Quark ausgetestet.<\/p>\n<blockquote><p>Den Teig vermengen und dann per Hand kneten. In eine Folie einrollen &#8211; und f\u00fcr gut eine Stunde in den K\u00fchlschrank packen. Nach einer Stunde aus dem K\u00fchlschrank holen und in eine Backform f\u00fcllen (als Bodenbelag). Ich hab den Teig in kleine Muffinf\u00f6rmchen gef\u00fcllt (als Bodenbelag) das ging auch sehr gut! Den Teig ein paar Minuten vorbacken (max. 10 Minuten) bei 180\u00b0 Grad (Umluftherd). Der Teig kann sehr kr\u00fcmelig sein, das macht aber nichts. Durchs backen wird die Masse fest.<\/p><\/blockquote>\n<p><strong>Belag:<\/strong> W\u00e4hrend der Wartezeit k\u00f6nnt ihr schon die Masse f\u00fcr den Belag vorbereiten. Ca. <strong>50-60 Gramm Rosinen in 2 EL Rum<\/strong> einweichen.<\/p>\n<p>Dazu braucht ihr <strong>4-5 \u00c4pfel<\/strong> (je nach dem, ob ihr gern viele \u00c4pfel auf dem Kuchen m\u00f6gt oder weniger Frucht). Die \u00c4pfel sch\u00e4len und schneiden &#8211; wie ihr m\u00f6gt in Spalten, oder W\u00fcrfel oder vielleicht sogar nur vierteln. Ganz nach eurem eigenen Geschmack. Die \u00c4pfel mit <strong>Zitronensaft oder Limettensaft<\/strong> (1 Frucht) betreufeln.<\/p>\n<p><strong>Crememasse:<\/strong> 2 Eier trennen &#8211; das Eiwei\u00df zu Eischnee schlagen. Das Eigelb in die R\u00fchrsch\u00fcssel f\u00fcllen und ca. 80 Gramm Agavendicksaft (oder anderes S\u00fc\u00dfungsmittel) dazu geben. Eigelb und Agavendicksaft vermengen und 350 Gramm Magerquark und 125 Gramm Creme fraiche einr\u00fchren. Zum Schluss ein Paket Vanille-Puddingpulver unterr\u00fchren und den Eischnee.<\/p>\n<blockquote><p>Die Crememasse auf den vorgebackenen Teig f\u00fcllen. Auf die Cremmasse folgen dann die Apfelst\u00fccke und die Rosinen in Rum. Alles noch mit Zimt bestreuen (wenn man Zimt mag &#8211; hei\u00dft das nat\u00fcrlich).<\/p><\/blockquote>\n<p>Alles noch mal f\u00fcr 30 Minuten (als Muffin) in den Backofen bei 180\u00b0 Grad. Bei einer klassischen Kuchenbackform verl\u00e4ngert die Backzeit einfach um ein paar Minuten.<\/p>\n<p>Lasst es euch schmecken!<\/p>\n<div id=\"attachment_9981\" class=\"img-container clear-fix imgcenter\"><a href=\"https:\/\/www.spaness.de\/blog\/apfelkekse-apfel-cookies\/img_0826\/\" rel=\"attachment wp-att-9981\"><img loading=\"lazy\" decoding=\"async\" class=\"img-responsive img-responsive img-responsive wp-image-9981\" src=\"https:\/\/www.spaness.de\/blog\/wp-content\/uploads\/IMG_0826-1-1024x682.jpg\" alt=\"Was ist eine gesunde, ausgewogene Ern\u00e4hrung?\" width=\"1024\" height=\"682\" srcset=\"https:\/\/www.spaness.de\/blog\/wp-content\/uploads\/IMG_0826-1-1024x682.jpg 1024w, https:\/\/www.spaness.de\/blog\/wp-content\/uploads\/IMG_0826-1-300x200.jpg 300w, https:\/\/www.spaness.de\/blog\/wp-content\/uploads\/IMG_0826-1.jpg 1280w\" sizes=\"auto, (max-width: 1024px) 100vw, 1024px\" \/><\/a><h5 class=\"text-center\">Rezept Apfelkuchen<\/h5><\/div>\n<p>___<\/p>\n<p><strong>Noch mehr Lust auf Herbst?<\/strong><\/p>\n<ul>\n<li>Meine Herbstreise Ziele &#8211; folgt in K\u00fcrze<\/li>\n<li><a href=\"https:\/\/www.spaness.de\/blog\/reiseziele-deutschland-wellness\/\" target=\"_blank\" rel=\"noopener noreferrer\">10 Top Wellness Kurzurlaubsziele f\u00fcr den Herbst<\/a><\/li>\n<li><a href=\"https:\/\/www.spaness.de\/blog\/wellness-gegen-herbstdepression\/\" target=\"_blank\" rel=\"noopener noreferrer\">Herbstblues &#8211; Was tun?<\/a><\/li>\n<\/ul>\n<p>&nbsp;<\/p>\n<p>&nbsp;<\/p>\n","protected":false},"excerpt":{"rendered":"<p>Und pl\u00f6tzlich ist er da&#8230; der Herbst. Wann ist denn das eigentlich schon wieder so klammheimlich passiert. Pl\u00f6tzlich sind die Tage schon viel k\u00fcrzer und die N\u00e4chte l\u00e4nger. Die Sonne wirft irgendwie ein anderes Licht auf die Welt und insgesamt f\u00e4rbt sich die Welt bunt. Zugegeben, der Sommer hat uns&#8230;<\/p>\n","protected":false},"author":2,"featured_media":20861,"comment_status":"open","ping_status":"open","sticky":false,"template":"","format":"standard","meta":{"footnotes":""},"categories":[4,10],"tags":[255,54,56,203],"class_list":["post-20832","post","type-post","status-publish","format-standard","has-post-thumbnail","hentry","category-gesundheit","category-rezept","tag-genussblog","tag-geschenkidee","tag-gesundheit","tag-wellnessblog"],"_links":{"self":[{"href":"https:\/\/www.spaness.de\/blog\/wp-json\/wp\/v2\/posts\/20832","targetHints":{"allow":["GET"]}}],"collection":[{"href":"https:\/\/www.spaness.de\/blog\/wp-json\/wp\/v2\/posts"}],"about":[{"href":"https:\/\/www.spaness.de\/blog\/wp-json\/wp\/v2\/types\/post"}],"author":[{"embeddable":true,"href":"https:\/\/www.spaness.de\/blog\/wp-json\/wp\/v2\/users\/2"}],"replies":[{"embeddable":true,"href":"https:\/\/www.spaness.de\/blog\/wp-json\/wp\/v2\/comments?post=20832"}],"version-history":[{"count":17,"href":"https:\/\/www.spaness.de\/blog\/wp-json\/wp\/v2\/posts\/20832\/revisions"}],"predecessor-version":[{"id":20904,"href":"https:\/\/www.spaness.de\/blog\/wp-json\/wp\/v2\/posts\/20832\/revisions\/20904"}],"wp:featuredmedia":[{"embeddable":true,"href":"https:\/\/www.spaness.de\/blog\/wp-json\/wp\/v2\/media\/20861"}],"wp:attachment":[{"href":"https:\/\/www.spaness.de\/blog\/wp-json\/wp\/v2\/media?parent=20832"}],"wp:term":[{"taxonomy":"category","embeddable":true,"href":"https:\/\/www.spaness.de\/blog\/wp-json\/wp\/v2\/categories?post=20832"},{"taxonomy":"post_tag","embeddable":true,"href":"https:\/\/www.spaness.de\/blog\/wp-json\/wp\/v2\/tags?post=20832"}],"curies":[{"name":"wp","href":"https:\/\/api.w.org\/{rel}","templated":true}]}}