{"id":22902,"date":"2018-05-14T17:43:05","date_gmt":"2018-05-14T15:43:05","guid":{"rendered":"http:\/\/www.spaness.de\/blog\/?p=22902"},"modified":"2020-02-19T15:01:34","modified_gmt":"2020-02-19T14:01:34","slug":"fehmarn-kurzurlaub-wellness","status":"publish","type":"post","link":"https:\/\/www.spaness.de\/blog\/fehmarn-kurzurlaub-wellness\/","title":{"rendered":"Fehmarn Kurzurlaub &#8211; Wellness im Gep\u00e4ck&#8230;"},"content":{"rendered":"<p><strong>Ganz spontan, f\u00fcr ein besonderes Wellness-Abenteuer, ging es f\u00fcr mich vor ein paar Tagen auf die Insel Fehmarn. Das Thema Wellness sollte dieses Mal eine ganz besondere Rolle spielen, denn wir wollten eine Nacht im Schwimmbad verbringen. Doch das war nat\u00fcrlich nicht der einzige Grund, um auf die Ostseeinsel Fehmarn zu fahren&#8230;<br \/>\n<\/strong><\/p>\n<h2>Wo genau liegt eigentlich Fehmarn?<\/h2>\n<p>Bei strahlendem Sonnenschein d\u00fcsten wir r\u00fcber nach Fehmarn. Von Hamburg aus ist die Insel nur gut 150 Kilometer entfernt. Ein perfektes Ziel f\u00fcr eine <strong>kurze Wellness-Auszeit<\/strong>; nicht nur f\u00fcr norddeutsche Landsleute. Bevor ich jetzt mit euch in unser <strong>Wellness-Abenteuer<\/strong> eintauche, hier einige Zahlen, Daten und Fakten \u00fcber Fehmarn&#8230; f\u00fcr alle die, die gerade noch nicht so viel mit der Insel anfangen k\u00f6nnen.<\/p>\n<blockquote><p>Fehmarn ist die drittgr\u00f6\u00dfte Insel in Deutschland (noch gr\u00f6\u00dfer sind <a href=\"https:\/\/www.spaness.de\/blog\/ruegen-zu-allen-jahreszeiten\/\" target=\"_blank\" rel=\"noopener noreferrer\">R\u00fcgen<\/a> und <a href=\"https:\/\/www.spaness.de\/blog\/kostenfreie-ausflugstipps-usedom\/\" target=\"_blank\" rel=\"noopener noreferrer\">Usedom<\/a> -&gt; Werft dazu auch gern mal einen Blick auf meine komplette <strong>&#8222;<a href=\"https:\/\/www.spaness.de\/blog\/inselhopping-inselurlaub-in-deutschland\/\" target=\"_blank\" rel=\"noopener noreferrer\">Inselhopping Deutschland &#8211; Karte<\/a>&#8222;<\/strong>).<\/p><\/blockquote>\n<p>Fehmarn liegt in der Ostsee. Ihr kommt aber \u00fcber eine Br\u00fccke, von Gro\u00dfenbrode, auf die Insel &#8211; die bekannte <strong>&#8222;Fehmarnsundbr\u00fccke&#8220;<\/strong> &#8211; vielleicht habt ihr schon einmal von ihr geh\u00f6rt. Er\u00f6ffnet wurde die leicht futuristisch aussehende Br\u00fccke bereits 1963. Benannt ist sie nach dem Gew\u00e4sser, welches ihr \u00fcberfahrt, wenn es auf die Insel geht &#8211; n\u00e4mlich den &#8222;Fehmarnsund&#8220;. Die Einheimischen nennen die rund 1,3 Kilometer lange Br\u00fccke auch <strong>&#8222;Kleiderb\u00fcgel&#8220;<\/strong>. Nun k\u00f6nnt ihr auch erahnen, was ich mit leicht futuristischem Design meinte&#8230; \ud83d\ude09<\/p>\n<p>Fehmarn geh\u00f6rt zum Bundesland <a href=\"https:\/\/www.spaness.de\/blog\/category\/schleswig-holstein-reisen\/\" target=\"_blank\" rel=\"noopener noreferrer\"><strong>Schleswig Holstein<\/strong><\/a> und liegt oberhalb von L\u00fcbeck in der Ostsee, n\u00e4mlich zwischen Kieler Bucht und Mecklenburger Bucht.<\/p>\n<div id=\"attachment_22927\" class=\"img-container clear-fix imgcenter\"><a href=\"https:\/\/www.spaness.de\/blog\/fehmarn-kurzurlaub-wellness\/31925161_10157246634214368_1665715349636513792_n\/\" rel=\"attachment wp-att-22927\"><img loading=\"lazy\" decoding=\"async\" class=\"img-responsive size-full img-responsive wp-image-22927\" src=\"https:\/\/www.spaness.de\/blog\/wp-content\/uploads\/31925161_10157246634214368_1665715349636513792_n.jpg\" alt=\"Fehmarn Hafen \" width=\"960\" height=\"720\" srcset=\"https:\/\/www.spaness.de\/blog\/wp-content\/uploads\/31925161_10157246634214368_1665715349636513792_n.jpg 960w, https:\/\/www.spaness.de\/blog\/wp-content\/uploads\/31925161_10157246634214368_1665715349636513792_n-300x225.jpg 300w, https:\/\/www.spaness.de\/blog\/wp-content\/uploads\/31925161_10157246634214368_1665715349636513792_n-400x300.jpg 400w\" sizes=\"auto, (max-width: 960px) 100vw, 960px\" \/><\/a><h5 class=\"text-center\">Fehmarn Hafen<\/h5><\/div>\n<h3>24 Stunden Fehmarn Wellness mal anders&#8230;<\/h3>\n<p>Wir waren f\u00fcr einen besonderen Auftrag auf Fehmarn unterwegs. Denn bei unserer Tour \u00fcber die Insel wurden wir von einem Filmteam begleitet. Es ging darum, zu zeigen, was man alles innerhalb von<strong> 24 Stunden auf der Insel<\/strong> erleben kann. So f\u00fchrte uns der Weg z. B. auf einen Cocktail und zum <strong>Sonnenuntergang an den Strand<\/strong>. Denn jetzt mal Hand aufs Herz&#8230; ohne Meer, Strand und D\u00fcnen geht es nat\u00fcrlich wirklich nicht, wenn man auf eine Insel f\u00e4hrt&#8230; \ud83d\ude09<\/p>\n<p>Eingekehrt sind wir auch in eine Beachbar, wir haben die vorbeiziehenden <strong>Segelboote und Schiffchen<\/strong> bewundert und den frechen M\u00f6wen gelauscht. Selbstverst\u00e4ndlich stand auch der <strong>Besuch eines Leuchtturms<\/strong> auf unserem Programm, solche &#8222;entspannten Riesen&#8220; ziehen mich einfach magisch an. Besonders, wenn sie dann noch von so leuchtend-gelben Rapsfeldern eingerahmt sind&#8230; wie es jetzt im Mai der fr\u00fchlingshafte Fall ist.<\/p>\n<blockquote><p>Der Fr\u00fchling auf Fehmarn ist \u00fcbrigens insgesamt eine tolle Zeit um auf die Insel zu reisen.<\/p><\/blockquote>\n<p>Ihr k\u00f6nnt euch vorstellen, dass man in 24 Stunden wirklich nur einen ganz kleinen Teil <strong>auf der Insel<\/strong> schafft. Doch f\u00fcr ein Fischbr\u00f6tchen, einen Besuch im Yachthafen, eine Runde Adventure Minigolf und nat\u00fcrlich nicht zu vergessen f\u00fcr Wellness hat die Zeit definitiv ausgereicht. \ud83d\ude09<\/p>\n<blockquote class=\"instagram-media\" style=\"background: #FFF; border: 0; border-radius: 3px; box-shadow: 0 0 1px 0 rgba(0,0,0,0.5),0 1px 10px 0 rgba(0,0,0,0.15); margin: 1px; max-width: 658px; padding: 0; width: calc(100% - 2px);\" data-instgrm-captioned=\"\" data-instgrm-permalink=\"https:\/\/www.instagram.com\/p\/BiWznkzgVOw\/\" data-instgrm-version=\"8\">\n<div style=\"padding: 8px;\">\n<div style=\"background: #F8F8F8; line-height: 0; margin-top: 40px; padding: 50.0% 0; text-align: center; width: 100%;\">\n<div style=\"background: url(data:image\/png; base64,ivborw0kggoaaaansuheugaaacwaaaascamaaaapwqozaaaabgdbtueaalgpc\/xhbqaaaafzukdcak7ohokaaaamuexurczmzpf399fx1+bm5mzy9amaaadisurbvdjlvzxbesmgces5\/p8\/t9furvcrmu73jwlzosgsiizurcjo\/ad+eqjjb4hv8bft+idpqocx1wjosbfhh2xssxeiyn3uli\/6mnree07uiwjev8ueowds88ly97kqytlijkktuybbruayvh5wohixmpi5we58ek028czwyuqdlkpg1bkb4nnm+veanfhqn1k4+gpt6ugqcvu2h2ovuif\/gwufyy8owepdyzsa3avcqpvovvzzz2vtnn2wu8qzvjddeto90gsy9mvlqtgysy231mxry6i2ggqjrty0l8fxcxfcbbhwrsyyaaaaaelftksuqmcc); display: block; height: 44px; margin: 0 auto -44px; position: relative; top: -22px; width: 44px;\"><\/div>\n<\/div>\n<p style=\"margin: 8px 0 0 0; padding: 0 4px;\"><a style=\"color: #000; font-family: Arial,sans-serif; font-size: 14px; font-style: normal; font-weight: normal; line-height: 17px; text-decoration: none; word-wrap: break-word;\" href=\"https:\/\/www.instagram.com\/p\/BiWznkzgVOw\/\" target=\"_blank\" rel=\"noopener noreferrer nofollow\" class=\"external\">Hach ja&#8230; Dreharbeiten auf #Fehmarn k\u00f6nnen zwar anstrengend sein&#8230; aber trotzdem auch ganz sch\u00f6n&#8230; denn mal ehrlich, wir k\u00f6nnten es schlechter getroffen haben &#8211; oder?! #strand #drinks #abenteuer nach den #cocktails hie\u00df es die #Insel in der #Ostsee erkunden und in Sachen \u201eungew\u00f6hnlich \u00fcbernachten\u201c einen neuen Spot erkunden&#8230; wir haben n\u00e4mlich im Schwimmbad \u00fcbernachtet&#8230;. aber dazu im #reiseblog sp\u00e4ter mehr&#8230; &#x1f609; . . . . #beach #balticsea #island #ostseeinsel #ostseek\u00fcste #beachbar #fehmarns\u00fcdstrand<\/a><\/p>\n<p style=\"color: #c9c8cd; font-family: Arial,sans-serif; font-size: 14px; line-height: 17px; margin-bottom: 0; margin-top: 8px; overflow: hidden; padding: 8px 0 7px; text-align: center; text-overflow: ellipsis; white-space: nowrap;\">Ein Beitrag geteilt von <a style=\"color: #c9c8cd; font-family: Arial,sans-serif; font-size: 14px; font-style: normal; font-weight: normal; line-height: 17px;\" href=\"https:\/\/www.instagram.com\/spaness_kitchen\/\" target=\"_blank\" rel=\"noopener noreferrer nofollow\" class=\"external\"> Tanja Klindworth<\/a> (@spaness_kitchen) am <time style=\"font-family: Arial,sans-serif; font-size: 14px; line-height: 17px;\" datetime=\"2018-05-04T12:57:59+00:00\">Mai 4, 2018 um 5:57 PDT<\/time><\/p>\n<\/div>\n<\/blockquote>\n<p><script async defer src=\"\/\/www.instagram.com\/embed.js\"><\/script><\/p>\n<h3>Fehmarn Wellness Feeling am Strand<\/h3>\n<p>Als Wellness-Fan wei\u00df ich, es gibt wirklich tolle <strong><a href=\"https:\/\/www.spaness.de\/suche\/\" target=\"_blank\" rel=\"noopener noreferrer\">Wellnesshotels<\/a> und Wellnessoasen<\/strong> (auch in Deutschland). Doch um ein rundum stimmiges Wellnessfeeling zu erleben, braucht es eben mehr als einen durchdesignten Spa- und Wellnessbereich. Das Drumherum ist f\u00fcr das Wellnessfeeling einfach unheimlich wichtig. Die Natur spielt f\u00fcr meine Entspannung beispielsweise eine sehr gro\u00dfe Rolle&#8230; und <strong>Meer und Strand<\/strong> l\u00f6sen einfach ein so entspanntes Gef\u00fchl in mir aus&#8230; mehr Wellness geht schon fast gar nicht. Mal von dem Wellness-Effekt, durch die gute Seeluft, abgesehen. Da ist der Top-Wellnessbereich dann quasi das I-T\u00fcpfelchen.<\/p>\n<p>Mein letzter Besuch auf der <strong>Sonneninsel Fehmarn<\/strong> (wie sie sich selber nennt), ist ehrlich gesagt schon ein paar Jahre her. Daher ist auch der tolle Strand auf der Insel ein wenig in meinen Erinnerungen verblasst. Umso geflashter war ich dann tats\u00e4chlich, als ich meine F\u00fc\u00dfe in den Sand am Fehmarn St\u00fcdstrand steckte. Der feine, wei\u00dfe Sand und das <strong>Spiel aus Farben und Licht zum Sonnenuntergang<\/strong> waren einfach zauberhaft&#8230; und wer nur die Bilder sieht, der k\u00f6nnte auch denken, ich w\u00e4re in der Karibik unterwegs gewesen. \ud83d\ude09<\/p>\n<p>Fehmarn verf\u00fcgt \u00fcber einige Str\u00e4nde &#8211; <strong>der S\u00fcdstrand, mit Strandk\u00f6rben und Beachbar,<\/strong> ist nur einer von vielen. Weitere Str\u00e4nde auf der Ostseeinsel sind beispielsweise Gammendorfer Strand, Bojendorfer Strand, Gold, Meeschendorfer Strand oder auch Marienleuchte, um nur mal ein paar Spots zu nennen. Lohnenswert sind wirklich alle, da auch die Landschaft auf Fehmarn sehr unterschiedlich ist.<\/p>\n<div id=\"attachment_22924\" class=\"img-container clear-fix imgcenter\"><a href=\"https:\/\/www.spaness.de\/blog\/fehmarn-kurzurlaub-wellness\/31531024_10157246629869368_3755322552386322432_n\/\" rel=\"attachment wp-att-22924\"><img loading=\"lazy\" decoding=\"async\" class=\"img-responsive size-full img-responsive wp-image-22924\" src=\"https:\/\/www.spaness.de\/blog\/wp-content\/uploads\/31531024_10157246629869368_3755322552386322432_n.jpg\" alt=\"Fehmarn Strand Sonnenuntergang\" width=\"960\" height=\"720\" srcset=\"https:\/\/www.spaness.de\/blog\/wp-content\/uploads\/31531024_10157246629869368_3755322552386322432_n.jpg 960w, https:\/\/www.spaness.de\/blog\/wp-content\/uploads\/31531024_10157246629869368_3755322552386322432_n-407x305.jpg 407w, https:\/\/www.spaness.de\/blog\/wp-content\/uploads\/31531024_10157246629869368_3755322552386322432_n-300x225.jpg 300w\" sizes=\"auto, (max-width: 960px) 100vw, 960px\" \/><\/a><h5 class=\"text-center\">Nicht die Karibik &#8211; Fehmarn S\u00fcdstrand Sonnenuntergang<\/h5><\/div>\n<h3>Fehmarn Schwimmbad &#8211; Fehmare Erlebnisbad: Sauna, Wellness &amp; Meerwasser<\/h3>\n<p>Ein weiterer <strong>Wellness-Hotspot auf Fehmarn<\/strong> ist das Fehmare S\u00fcdstrand &#8211; genauer gesagt hei\u00dft es hier \u00fcbrigens FehMare &#8211; die Badewelt am S\u00fcdstrand. Hier wollten wir n\u00e4mlich nicht nur ein wenig Wellness machen, sondern auch <em>&#8222;ungew\u00f6hnlich \u00fcbernachten&#8220; im sleeperoo<\/em>.<\/p>\n<blockquote><p>Einige haben vielleicht schon mitbekommen, dass das nicht meine erste Nacht in einem sleeperoo ist. Ich hab Anfang des Jahres im sleeperoo eine Nacht im Museum verbacht (-&gt; <a href=\"https:\/\/www.spaness.de\/blog\/sleeperoo-wismar-reisebericht\/\" target=\"_blank\" rel=\"noopener noreferrer\">Zum Artikel &#8222;Nachts im Museum&#8220;<\/a>)<\/p><\/blockquote>\n<div id=\"attachment_22995\" class=\"img-container clear-fix imgcenter\"><a href=\"https:\/\/www.spaness.de\/blog\/fehmarn-kurzurlaub-wellness\/img_1255\/\" rel=\"attachment wp-att-22995\"><img loading=\"lazy\" decoding=\"async\" class=\"img-responsive img-responsive img-responsive wp-image-22995\" src=\"https:\/\/www.spaness.de\/blog\/wp-content\/uploads\/IMG_1255-1024x768.jpg\" alt=\"Fehmare Fehmarn\" width=\"1024\" height=\"768\" srcset=\"https:\/\/www.spaness.de\/blog\/wp-content\/uploads\/IMG_1255-1024x768.jpg 1024w, https:\/\/www.spaness.de\/blog\/wp-content\/uploads\/IMG_1255-300x225.jpg 300w, https:\/\/www.spaness.de\/blog\/wp-content\/uploads\/IMG_1255-400x300.jpg 400w\" sizes=\"auto, (max-width: 1024px) 100vw, 1024px\" \/><\/a><h5 class=\"text-center\">Herzlich Willkommen im FehMare auf Fehmarn<\/h5><\/div>\n<p>Dazu checkten wir gegen 19 Uhr an der Rezeption des Schwimmbades ein. Nach einer kurzen Einweisung und \u00dcbergabe der sleeperoo-Chillbox, lagerten wir unser Gep\u00e4ck auch schon im Sleep Cube. Danach verschafften wir uns einen \u00dcberblick \u00fcber das <strong>FehMare<\/strong>. Neben unterschiedlichen Schwimmbecken und einem Whirlpool, befinden sich im Obergeschoss eine Saunalandschaft (Finnische Sauna mit Meerblick, Bio-Sauna und Au\u00dfensauna auf dem Schwimmbaddach), verschiedene Anwendungsr\u00e4ume, Ruhebereiche (auch auf dem Dach mit Blick auf das Meer und den Strand) und auch ein kleiner Private Spa.<\/p>\n<p>Bis 20 Uhr darf die <strong>Wasserlandschaft des FehMare<\/strong> t\u00e4glich genutzt werden. Die Saunalandschaft schlie\u00dft erst gegen 22 Uhr. Aufgrund des sonnigen Wetters, war das Fehmare, zu unserem Besuch, relativ leer. Daher hatten wir, trotz offizieller \u00d6ffnungszeit, das Schwimmbad schon vor 22 Uhr fast f\u00fcr uns alleine. Um es aber trotzdem auch zwischendurch verlassen zu k\u00f6nnen, z. B. um noch mal an den Strand zu gehen oder auch ein Restaurant aufzusuchen, bekamen wir einen Schl\u00fcssel f\u00fcr den Gartenausgang &#8211; somit konnten wir uns ganz flexibel bewegen.<\/p>\n<blockquote><p>Auf Schlafg\u00e4ste im Fehmare wartet nicht nur eine Nacht &#8211; ganz privat &#8211; in einem Schwimmbad. Wer hier schl\u00e4ft, tut das in fast tropischen Temperaturen. So haben wir in der Tat in Badeklamotten geschlafen, ohne Decken. \ud83d\ude09<\/p><\/blockquote>\n<p>Gegen 23.30 Uhr fielen wir aber wirklich in das <strong>sleeperoo<\/strong> und unsere Augen einfach zu, so m\u00fcde und geschafft waren wir, von der frischen Seeluft und den sonnigen Eindr\u00fccken auf Fehmarn.<\/p>\n<p>Mit den ersten Sonnenstrahlen erwachten auch wir, in unserem <strong>sleeperoo mit Blick auf das Meer<\/strong>, wieder in den Tag. Gegen 8 Uhr wird das <strong>Meerwasser-Schwimmbad<\/strong> (im alten Geb\u00e4udeteil) ge\u00f6ffnet und wir nutzten die Gelegenheit, um uns im Meerwasserbecken abzuk\u00fchlen und ein paar Bahnen zu schwimmen.<\/p>\n<ul>\n<li><a href=\"https:\/\/www.facebook.com\/FehMare-Badewelt-am-S%C3%BCdstrand-1558979550999448\/\" target=\"_blank\" rel=\"noopener noreferrer nofollow\" class=\"external\">FehMare Erlebnisbad \/\/ fehmare.de<\/a> &#8211; Zur Strandpromenade 6, 23769 Fehmarn \/\/ +49 (0) 4371-88 99 6-0<\/li>\n<\/ul>\n<div id=\"attachment_22998\" class=\"img-container clear-fix imgcenter\"><a href=\"https:\/\/www.spaness.de\/blog\/fehmarn-kurzurlaub-wellness\/img_1284\/\" rel=\"attachment wp-att-22998\"><img loading=\"lazy\" decoding=\"async\" class=\"img-responsive img-responsive img-responsive wp-image-22998\" src=\"https:\/\/www.spaness.de\/blog\/wp-content\/uploads\/IMG_1284-932x1024.jpg\" alt=\"sleeperoo Ausblick - Guten Morgen!\" width=\"932\" height=\"1024\" srcset=\"https:\/\/www.spaness.de\/blog\/wp-content\/uploads\/IMG_1284-932x1024.jpg 932w, https:\/\/www.spaness.de\/blog\/wp-content\/uploads\/IMG_1284-273x300.jpg 273w\" sizes=\"auto, (max-width: 932px) 100vw, 932px\" \/><\/a><h5 class=\"text-center\">sleeperoo Ausblick &#8211; Guten Morgen!<\/h5><\/div>\n<div id=\"attachment_22925\" class=\"img-container clear-fix imgcenter\"><a href=\"https:\/\/www.spaness.de\/blog\/fehmarn-kurzurlaub-wellness\/31947443_10157246630979368_5398106891240865792_n\/\" rel=\"attachment wp-att-22925\"><img loading=\"lazy\" decoding=\"async\" class=\"img-responsive size-full img-responsive wp-image-22925\" src=\"https:\/\/www.spaness.de\/blog\/wp-content\/uploads\/31947443_10157246630979368_5398106891240865792_n.jpg\" alt=\"Fehmare Erlebnisbad\" width=\"960\" height=\"720\" srcset=\"https:\/\/www.spaness.de\/blog\/wp-content\/uploads\/31947443_10157246630979368_5398106891240865792_n.jpg 960w, https:\/\/www.spaness.de\/blog\/wp-content\/uploads\/31947443_10157246630979368_5398106891240865792_n-300x225.jpg 300w, https:\/\/www.spaness.de\/blog\/wp-content\/uploads\/31947443_10157246630979368_5398106891240865792_n-400x300.jpg 400w\" sizes=\"auto, (max-width: 960px) 100vw, 960px\" \/><\/a><h5 class=\"text-center\">Fehmare Erlebnisbad &#8211; Meerwasserschwimmbad<\/h5><\/div>\n<div id=\"attachment_23000\" class=\"img-container clear-fix imgcenter\"><a href=\"https:\/\/www.spaness.de\/blog\/fehmarn-kurzurlaub-wellness\/img_1300\/\" rel=\"attachment wp-att-23000\"><img loading=\"lazy\" decoding=\"async\" class=\"img-responsive img-responsive img-responsive wp-image-23000\" src=\"https:\/\/www.spaness.de\/blog\/wp-content\/uploads\/IMG_1300-1024x768.jpg\" alt=\"Blick vom Dach des FehMare\" width=\"1024\" height=\"768\" srcset=\"https:\/\/www.spaness.de\/blog\/wp-content\/uploads\/IMG_1300-1024x768.jpg 1024w, https:\/\/www.spaness.de\/blog\/wp-content\/uploads\/IMG_1300-300x225.jpg 300w, https:\/\/www.spaness.de\/blog\/wp-content\/uploads\/IMG_1300-400x300.jpg 400w\" sizes=\"auto, (max-width: 1024px) 100vw, 1024px\" \/><\/a><h5 class=\"text-center\">Blick vom Dach des FehMare<\/h5><\/div>\n<div id=\"attachment_22999\" class=\"img-container clear-fix imgcenter\"><a href=\"https:\/\/www.spaness.de\/blog\/fehmarn-kurzurlaub-wellness\/img_1299\/\" rel=\"attachment wp-att-22999\"><img loading=\"lazy\" decoding=\"async\" class=\"img-responsive img-responsive img-responsive wp-image-22999\" src=\"https:\/\/www.spaness.de\/blog\/wp-content\/uploads\/IMG_1299-1024x768.jpg\" alt=\"FehMare Fehmarn Ausblick\" width=\"1024\" height=\"768\" srcset=\"https:\/\/www.spaness.de\/blog\/wp-content\/uploads\/IMG_1299-1024x768.jpg 1024w, https:\/\/www.spaness.de\/blog\/wp-content\/uploads\/IMG_1299-300x225.jpg 300w, https:\/\/www.spaness.de\/blog\/wp-content\/uploads\/IMG_1299-400x300.jpg 400w\" sizes=\"auto, (max-width: 1024px) 100vw, 1024px\" \/><\/a><h5 class=\"text-center\">Das Dach des FehMare wird aus Saunagarten genutzt.<\/h5><\/div>\n<h3>Kurzer Kl\u00f6nschnack mit FehMare Gesch\u00e4ftsf\u00fchrer Stephan Pospischil<\/h3>\n<p>Neugierig wie wir sind, wollten wir auch einmal wissen, wie man denn darauf kommt, so eine <strong>coole Schlafm\u00f6glichkei<\/strong>t bzw. ein so (ent)spannendes Erlebnis anzubieten? Und nat\u00fcrlich wollten wir auch wissen, ob wir vielleicht die einzigen G\u00e4ste waren oder ob die Idee insgesamt gut angenommen wird.<\/p>\n<p>&#8222;Im FehMare sind wir ein junges Team. Uns geht es immer wieder darum, die G\u00e4ste mit neuen und ungew\u00f6hnlichen Ideen positiv zu \u00fcberraschen. Da ist die M\u00f6glichkeit mit sleeperoo <strong>&#8222;Eine Nacht im Erlebnisbad&#8220;<\/strong> anzubieten, eine gute Gelegenheit, zumal sich das Risiko in Grenzen h\u00e4lt. Dazu kommt, dass auch wir, die im FehMare arbeiten, die besondere Atmosph\u00e4re nach Feierabend im Schwimmbad sehr genie\u00dfen. Alles ist ruhig, die Wasserfl\u00e4che ist spiegelglatt und der Panoramablick auf die Ostsee ist wirklich einmalig&#8220;, <em>verr\u00e4t Stefan Pospischil<\/em>.<\/p>\n<p>Auf die Nachfrage, nach der Begeisterung oder auch Belegung des Cubes, <em>fasst Pospischill zusammen<\/em>: &#8222;Bis jetzt waren die \u00dcbernachtungen im sleeperoo immer ausgebucht. Aufgrund der gro\u00dfen Nachfrage haben wir die Aufstellzeit dann auch verl\u00e4ngert.\u00a0Inzwischen ist unser ganzes Team \u00fcberzeugt davon, dass wir auch <strong>langfristig mit sleeperoo<\/strong> kooperieren wollen. Derzeit u\u0308berlegen wir sogar, wie wir die \u00dcbernachtungsg\u00e4ste noch mit zus\u00e4tzlichen kleinen Aktionen begeistern k\u00f6nnen. Wir wissen eben, dass sie ihre positiven Erlebnisse weitererz\u00e4hlen und wir dadurch immer mehr positive Resonanz erhalten. Dabei ist es schon interessant, dass wir \u00dcbernachtungsg\u00e4ste in jeder Altersgruppe haben. Junge Leute unter 20, dann Paare zwischen 30 und 45, oft mit Kind, aber auch Senioren, die zu zweit oder mit ihrem Enkelkind etwas Ungew\u00f6hnliches erleben wollen. Und es gibt auch einzelne G\u00e4ste, wenn auch nicht so h\u00e4ufig.<\/p>\n<p>Besonders interessiert hat uns, als <strong>Wellness- und Spa-Blogger<\/strong>, nat\u00fcrlich auch gerade die Sache mit der Sicherheit und Absicherung. Denn wir wissen, viele Wellnessoasen reagieren hier nat\u00fcrlich sehr sensibel. Doch <em>Pospischill ist auch hier absolut positiv \u00fcberzeugt<\/em> von der Aktion: &#8222;Jeder Gast erh\u00e4lt vorab ein Merkblatt mit dem Hinweis, dass im Schwimmbad nachts das Baden verboten ist, da kein Aufsichtspersonal vor Ort ist. Das m\u00fcssen die G\u00e4ste aus<br \/>\nHaftungsgr\u00fcnden auch immer unterschreiben. Wie sie dann letztlich damit umgehen, k\u00f6nnen wir nat\u00fcrlich nicht wissen und die nassen Badesachen am Morgen sehen wir dann eben nicht (lacht). F\u00fcr den Fall der F\u00e4lle bekommt jeder Gast am Abend eine Liste mit Notrufnummern und eine Telefonnummer unseres Bereitschaftsdienstes. Passiert ist in der ganzen Zeit nichts. Dazu muss ich sagen, dass einige unserer Mitarbeiter im Vorfeld so ihre Bedenken<br \/>\nhatten: Was ist, wenn \u00dcbernachtungsg\u00e4ste u\u0308ber die Str\u00e4nge schlagen oder sogar Vandalismus betreiben? Fakt ist, wir haben bis jetzt kein einziges Mal leere Flaschen oder sonstigen M\u00fcll auflesen m\u00fcssen und kaputt gegangen ist auch nichts. Die G\u00e4ste haben die leeren T\u00fcten und Beh\u00e4lter aus ihren Verpflegungsp\u00e4ckchen immer ordentlich entsorgt. Und abgesehen von ein paar nassen Badesachen lag am Morgen nichts auf dem Boden. Ich denke, das hat auch etwas damit zu tun, dass die G\u00e4ste dieses <strong>\u00dcbernachtungserlebnis im Schwimmbad wirklich wertzusch\u00e4tzen<\/strong> wissen. Und wer einen Ort oder ein Ereignis als besonders empfindet, geht damit auch respektvoll um.&#8220;<\/p>\n<div id=\"attachment_23001\" class=\"img-container clear-fix imgcenter\"><a href=\"https:\/\/www.spaness.de\/blog\/fehmarn-kurzurlaub-wellness\/img_1263-1\/\" rel=\"attachment wp-att-23001\"><img loading=\"lazy\" decoding=\"async\" class=\"img-responsive img-responsive img-responsive wp-image-23001\" src=\"https:\/\/www.spaness.de\/blog\/wp-content\/uploads\/IMG_1263-1-1024x731.jpg\" alt=\"sleeperoo im FehMare\" width=\"1024\" height=\"731\" srcset=\"https:\/\/www.spaness.de\/blog\/wp-content\/uploads\/IMG_1263-1-1024x731.jpg 1024w, https:\/\/www.spaness.de\/blog\/wp-content\/uploads\/IMG_1263-1-300x214.jpg 300w, https:\/\/www.spaness.de\/blog\/wp-content\/uploads\/IMG_1263-1.jpg 2038w\" sizes=\"auto, (max-width: 1024px) 100vw, 1024px\" \/><\/a><h5 class=\"text-center\">sleeperoo im FehMare<\/h5><\/div>\n<div id=\"attachment_22997\" class=\"img-container clear-fix imgcenter\"><a href=\"https:\/\/www.spaness.de\/blog\/fehmarn-kurzurlaub-wellness\/img_1267\/\" rel=\"attachment wp-att-22997\"><img loading=\"lazy\" decoding=\"async\" class=\"img-responsive img-responsive img-responsive wp-image-22997\" src=\"https:\/\/www.spaness.de\/blog\/wp-content\/uploads\/IMG_1267-1024x768.jpg\" alt=\"FehMare - die Sonne geht unter \" width=\"1024\" height=\"768\" srcset=\"https:\/\/www.spaness.de\/blog\/wp-content\/uploads\/IMG_1267-1024x768.jpg 1024w, https:\/\/www.spaness.de\/blog\/wp-content\/uploads\/IMG_1267-300x225.jpg 300w, https:\/\/www.spaness.de\/blog\/wp-content\/uploads\/IMG_1267-400x300.jpg 400w\" sizes=\"auto, (max-width: 1024px) 100vw, 1024px\" \/><\/a><h5 class=\"text-center\">FehMare &#8211; die Sonne geht unter \u00fcber der Ostsee<\/h5><\/div>\n<h3>Kleiner Blick hinter die Kulissen: Dreharbeiten auf Fehmarn<\/h3>\n<p>In diesem Jahr will ich euch auch einfach mal mehr hinter die Kulissen meiner Arbeit schauen lassen. Daher schreibe und poste ich auch vermehrt (meistens am Wochenende) dar\u00fcber, was mein Blogger-Job eigentlich alles beinhaltet. <strong>Was treibt so ein Reiseblogger eigentlich?<\/strong> Reist der einfach etwas durch die Gegend, genie\u00dft das Leben und die tollsten Hotels und schreibt dar\u00fcber? Der Job des Reisebloggers ist auf den ersten Blick sicherlich ein absoluter Traumjob. Doch nat\u00fcrlich ist das nur die halbe Wahrheit. \ud83d\ude09 Denn wie hinter jedem Job steckt auch eine Menge Arbeit dahinter. So auch auf Fehmarn&#8230; Wir wurden w\u00e4hrend unserer Insel-Auszeit, mehr als einen kompletten Arbeitstag, vom (wirklich netten) Filmteam begleitet. \ud83d\ude09 Was auch unwahrscheinlich Spa\u00df gebracht hat. Denn wir haben auch einfach ein paar tiefere Einblicke ins Inselleben bekommen. Sehr cool&#8230; \ud83d\ude42<\/p>\n<p><div class=\"embed-responsive embed-responsive-16by9\"><iframe loading=\"lazy\" src=\"https:\/\/www.youtube-nocookie.com\/embed\/-aHCJjNZoTc?rel=0&amp;controls=0&amp;showinfo=0\" width=\"100%\" height=\"315\" frameborder=\"0\" allowfullscreen=\"allowfullscreen\"><\/iframe><\/div><\/p>\n<p>24 Stunden auf Fehmarn &#8211; begleitet uns auf unsere Reise \u00fcber die Insel &#8211; eingebunden mit Youtube<\/p>\n<p><iframe loading=\"lazy\" src=\"https:\/\/www.youtube-nocookie.com\/embed\/d94FC20z4Js\" width=\"100%\" height=\"315\" frameborder=\"0\" allowfullscreen=\"allowfullscreen\"><\/iframe><\/p>\n<p>Fehmarn Fehmare KurzSpot &#8211; eingebunden mit Youtube<\/p>\n<p>&nbsp;<\/p>\n<p>Durch die Tatsache, dass in mir ein absoluter <strong>Reisefan und Mikroabenteurer<\/strong> steckt und ich nun seit \u00fcber 20 Jahren im Marketing und PR t\u00e4tig bin, gehen mir viele Arbeitsschritte relativ leicht von der Hand. Doch nat\u00fcrlich strengt auch diese Arbeit an und setzt voraus, mit vollem Herzen und voller Aufmerksamkeit dabei zu sein. Denn nur dann wirkt das Ergebnis auch locker, flockig und leicht&#8230; und bringt genau den Spa\u00df r\u00fcber, den wir als Familie oder auch ich alleine pers\u00f6nlich bei unseren\/meinen Reisen erleben (d\u00fcrfen).<\/p>\n<p>Trotzdem berichte ich auf meinem <a href=\"https:\/\/www.spaness.de\/blog\" target=\"_blank\" rel=\"noopener noreferrer\">WellBeing work, life &amp; travelblog<\/a> nat\u00fcrlich nur von meinen pers\u00f6nlichen Eindr\u00fccken und Abenteuern. Ich m\u00f6chte euch einfach an meinem (Reise)Leben teilhaben lassen, ehrliche <strong>Tipps und Infos zu tollen Reisezielen<\/strong> geben (denn ich arbeite auch immer nur mit Kooperationspartnern zusammen, die mich auch selber begeistern und \u00fcberzeugen) und eben auch (im besten Fall) richtig Lust auf bestimmte Reiseziele machen.<\/p>\n<p>\u00dcbrigens war das sicherlich nicht mein letzter Besuch auf Fehmarn&#8230; wir haben grad richtig Lust bekommen, demn\u00e4chst noch mal f\u00fcr ein paar Tage mehr und mit einem ganz individuellen (Wellness)Programm auf die Insel zu d\u00fcsen. \ud83d\ude09<\/p>\n<blockquote class=\"instagram-media\" style=\"background: #FFF; border: 0; border-radius: 3px; box-shadow: 0 0 1px 0 rgba(0,0,0,0.5),0 1px 10px 0 rgba(0,0,0,0.15); margin: 1px; max-width: 658px; padding: 0; width: calc(100% - 2px);\" data-instgrm-captioned=\"\" data-instgrm-permalink=\"https:\/\/www.instagram.com\/p\/BiXp2DKgXhH\/\" data-instgrm-version=\"8\">\n<div style=\"padding: 8px;\">\n<div style=\"background: #F8F8F8; line-height: 0; margin-top: 40px; padding: 50.0% 0; text-align: center; width: 100%;\">\n<div style=\"background: url(data:image\/png; base64,ivborw0kggoaaaansuheugaaacwaaaascamaaaapwqozaaaabgdbtueaalgpc\/xhbqaaaafzukdcak7ohokaaaamuexurczmzpf399fx1+bm5mzy9amaaadisurbvdjlvzxbesmgces5\/p8\/t9furvcrmu73jwlzosgsiizurcjo\/ad+eqjjb4hv8bft+idpqocx1wjosbfhh2xssxeiyn3uli\/6mnree07uiwjev8ueowds88ly97kqytlijkktuybbruayvh5wohixmpi5we58ek028czwyuqdlkpg1bkb4nnm+veanfhqn1k4+gpt6ugqcvu2h2ovuif\/gwufyy8owepdyzsa3avcqpvovvzzz2vtnn2wu8qzvjddeto90gsy9mvlqtgysy231mxry6i2ggqjrty0l8fxcxfcbbhwrsyyaaaaaelftksuqmcc); display: block; height: 44px; margin: 0 auto -44px; position: relative; top: -22px; width: 44px;\"><\/div>\n<\/div>\n<p style=\"margin: 8px 0 0 0; padding: 0 4px;\"><a style=\"color: #000; font-family: Arial,sans-serif; font-size: 14px; font-style: normal; font-weight: normal; line-height: 17px; text-decoration: none; word-wrap: break-word;\" href=\"https:\/\/www.instagram.com\/p\/BiXp2DKgXhH\/\" target=\"_blank\" rel=\"noopener noreferrer nofollow\" class=\"external\">Ich liebe #leuchtt\u00fcrme und ich liebe die leuchtendgelben #rapsfelder &#8211; beides l\u00f6st #gl\u00fccksgef\u00fchle aus. &#x1f609; geht\u2019s euch auch so? Wie auch immer, beides in Kombi ist besonders sch\u00f6n und ich hab es auf #Fehmarn entdeckt&#8230; bei Dreharbeiten. Hach ja&#8230;. #wundersch\u00f6n &#x1f60d;&#x1f60d;&#x1f60d; . . . . #ostsee #balticsea #insel #ostseeinsel #rapsfeld #lighthouse #island #fehmarnmoments #reiseblog #reiseblogger #travelblog #travelblogger #schleswigholstein #sonneninsel #fr\u00fchling #spring #deutschlandreise #travelgermany #mehrmeer<\/a><\/p>\n<p style=\"color: #c9c8cd; font-family: Arial,sans-serif; font-size: 14px; line-height: 17px; margin-bottom: 0; margin-top: 8px; overflow: hidden; padding: 8px 0 7px; text-align: center; text-overflow: ellipsis; white-space: nowrap;\">Ein Beitrag geteilt von <a style=\"color: #c9c8cd; font-family: Arial,sans-serif; font-size: 14px; font-style: normal; font-weight: normal; line-height: 17px;\" href=\"https:\/\/www.instagram.com\/spaness.de\/\" target=\"_blank\" rel=\"noopener noreferrer nofollow\" class=\"external\"> SPANESS<\/a> (@spaness.de) am <time style=\"font-family: Arial,sans-serif; font-size: 14px; line-height: 17px;\" datetime=\"2018-05-04T20:51:49+00:00\">Mai 4, 2018 um 1:51 PDT<\/time><\/p>\n<\/div>\n<\/blockquote>\n<p><script async defer src=\"\/\/www.instagram.com\/embed.js\"><\/script><\/p>\n<p>&nbsp;<\/p>\n<p><em>*Werbung \/ Transparenz: Wir haben Fehmarn und das FehMare, im Rahmen einer Kooperation mit sleeperoo, besucht. Begleitet wurden wir, \u00fcber die Insel, vom Elbgoods Filmteam (Special Greetings to Pascal &amp; Jannik) &#8211; im Auftrag von sleeperoo. \ud83d\ude09 Ich arbeite mit sleeperoo im Rahmen einer dauerhaften Kooperation zusammen &#8211; als Locationscout, unterst\u00fctze in der Redaktion und auch bei Blogger-Kooperationen.<br \/>\n<\/em><\/p>\n<p><em>Lust auch eine Nacht in einem sleeperoo zu verbringen? <strong><a href=\"https:\/\/www.sleeperoo.de\" target=\"_blank\" rel=\"noopener noreferrer nofollow\" class=\"external\">HIER k\u00f6nnt ihr aktuelle sleeperoo Spots- und Standorte<\/a><\/strong> einsehen. Wie w\u00e4re es z. B. mit einer Outdoor-Nacht im sleeperoo an der Seebr\u00fccke in Gro\u00dfenbrode (von da aus gehts \u00fcbrigens auch r\u00fcber nach Fehmarn)?!<\/em><\/p>\n<p>___<\/p>\n<p><strong>Noch mehr \u00fcber meine sleeperoo Erfahrungen:<\/strong><\/p>\n<ul>\n<li><a href=\"https:\/\/www.spaness.de\/blog\/sleeperoo-wismar-reisebericht\/\" target=\"_blank\" rel=\"noopener noreferrer\">sleeperoo Wismar<\/a>: Nachts im Museum<\/li>\n<li><a href=\"https:\/\/www.spaness.de\/blog\/sleeperoo\/\" target=\"_blank\" rel=\"noopener noreferrer\">sleeperoo \u00dcbernachtung &#8211; die Nacht, der Ort und du!<\/a> Das steckt dahinter&#8230;<\/li>\n<li><a href=\"https:\/\/www.spaness.de\/blog\/itb-berlin-2018\/\" target=\"_blank\" rel=\"noopener noreferrer\">Blogger-SleepUp auf der ITB<\/a><\/li>\n<\/ul>\n<p>&nbsp;<\/p>\n","protected":false},"excerpt":{"rendered":"<p>Ganz spontan, f\u00fcr ein besonderes Wellness-Abenteuer, ging es f\u00fcr mich vor ein paar Tagen auf die Insel Fehmarn. Das Thema Wellness sollte dieses Mal eine ganz besondere Rolle spielen, denn wir wollten eine Nacht im Schwimmbad verbringen. Doch das war nat\u00fcrlich nicht der einzige Grund, um auf die Ostseeinsel Fehmarn&#8230;<\/p>\n","protected":false},"author":2,"featured_media":22924,"comment_status":"open","ping_status":"open","sticky":false,"template":"","format":"standard","meta":{"footnotes":""},"categories":[5,264,243,215,290,13,14,15],"tags":[291,74,75,95,96,204,118,170],"class_list":["post-22902","post","type-post","status-publish","format-standard","has-post-thumbnail","hentry","category-heimatliebe","category-nachhaltig-reisen-leben","category-ostsee-reisen","category-schleswig-holstein-reisen","category-ungewoehnlich-uebernachten","category-urlaub","category-urlaub-in-deutschland","category-wellness","tag-aussergewoehnlich-uebernachten","tag-kurzurlaub","tag-last-minute-reise","tag-reiseblog","tag-reiseblogger","tag-spablogger","tag-themenurlaub","tag-wellnessurlaub"],"_links":{"self":[{"href":"https:\/\/www.spaness.de\/blog\/wp-json\/wp\/v2\/posts\/22902","targetHints":{"allow":["GET"]}}],"collection":[{"href":"https:\/\/www.spaness.de\/blog\/wp-json\/wp\/v2\/posts"}],"about":[{"href":"https:\/\/www.spaness.de\/blog\/wp-json\/wp\/v2\/types\/post"}],"author":[{"embeddable":true,"href":"https:\/\/www.spaness.de\/blog\/wp-json\/wp\/v2\/users\/2"}],"replies":[{"embeddable":true,"href":"https:\/\/www.spaness.de\/blog\/wp-json\/wp\/v2\/comments?post=22902"}],"version-history":[{"count":38,"href":"https:\/\/www.spaness.de\/blog\/wp-json\/wp\/v2\/posts\/22902\/revisions"}],"predecessor-version":[{"id":28772,"href":"https:\/\/www.spaness.de\/blog\/wp-json\/wp\/v2\/posts\/22902\/revisions\/28772"}],"wp:featuredmedia":[{"embeddable":true,"href":"https:\/\/www.spaness.de\/blog\/wp-json\/wp\/v2\/media\/22924"}],"wp:attachment":[{"href":"https:\/\/www.spaness.de\/blog\/wp-json\/wp\/v2\/media?parent=22902"}],"wp:term":[{"taxonomy":"category","embeddable":true,"href":"https:\/\/www.spaness.de\/blog\/wp-json\/wp\/v2\/categories?post=22902"},{"taxonomy":"post_tag","embeddable":true,"href":"https:\/\/www.spaness.de\/blog\/wp-json\/wp\/v2\/tags?post=22902"}],"curies":[{"name":"wp","href":"https:\/\/api.w.org\/{rel}","templated":true}]}}