{"id":23067,"date":"2022-01-15T10:00:07","date_gmt":"2022-01-15T09:00:07","guid":{"rendered":"http:\/\/www.spaness.de\/blog\/?p=23067"},"modified":"2025-03-21T15:55:23","modified_gmt":"2025-03-21T14:55:23","slug":"hall-in-tirol-sehenswuerdigkeiten","status":"publish","type":"post","link":"https:\/\/www.spaness.de\/blog\/hall-in-tirol-sehenswuerdigkeiten\/","title":{"rendered":"Hall in Tirol: Sehensw\u00fcrdigkeiten &amp; wunderbare Familien-Momente am Ende einer Reise&#8230;"},"content":{"rendered":"\n<p><strong>Hall in Tirol oder besser gesagt Hall Wattens in Tirol (\u00d6sterreich) war der letzte Stopp nach dem Ende unseres Roadtrips durch Italien. Bevor es dann endg\u00fcltig wieder in die <a href=\"https:\/\/www.spaness.de\/blog\/category\/heimatliebe\/\" target=\"_blank\" rel=\"noopener noreferrer\">Heimat &#8211; nach Norddeutschland<\/a> &#8211; ging. <\/strong><\/p>\n\n\n\n<p>Wer hier regelm\u00e4\u00dfig mitliest, der wei\u00df auch, dass ich sehr gern &#8211; immer wieder &#8211; in \u00d6sterreich unterwegs bin.<\/p>\n\n\n\n<figure class=\"wp-block-image img-responsive\"><img loading=\"lazy\" decoding=\"async\" width=\"1024\" height=\"683\" src=\"https:\/\/www.spaness.de\/blog\/wp-content\/uploads\/DSC00728-1-1024x683.jpg\" alt=\"Hall in Tirol Sehenswuerdigkeiten Hall Wattens\" class=\"img-responsive wp-image-64518\" srcset=\"https:\/\/www.spaness.de\/blog\/wp-content\/uploads\/DSC00728-1-1024x683.jpg 1024w, https:\/\/www.spaness.de\/blog\/wp-content\/uploads\/DSC00728-1-300x200.jpg 300w, https:\/\/www.spaness.de\/blog\/wp-content\/uploads\/DSC00728-1-1536x1024.jpg 1536w, https:\/\/www.spaness.de\/blog\/wp-content\/uploads\/DSC00728-1-2048x1365.jpg 2048w\" sizes=\"auto, (max-width: 1024px) 100vw, 1024px\" \/><\/figure>\n\n\n\n<h2 class=\"wp-block-heading\">Hall in Tirol &#8211; Wattens in Tirol: Wo ist das eigentlich? <\/h2>\n\n\n\n<p><strong>Hall in Tirol<\/strong>, eine bezaubernde Stadt in der Region Hall Wattens, liegt <strong>malerisch im Inntal<\/strong>, nur etwa 10 bis 15 Kilometer \u00f6stlich von Innsbruck. Die Region zeichnet sich durch ihre <strong>reiche Geschichte<\/strong> und ihre <strong>gut erhaltene Altstadt<\/strong> (die wirkt schon fast etwas m\u00e4rchenhaft) aus, die Besucher in vergangene Zeiten entf\u00fchrt. <\/p>\n\n\n\n<p>Der Name <strong>Hall Wattens<\/strong> stammt von der Fusion zweier <strong>ehemals eigenst\u00e4ndiger St\u00e4dte<\/strong> \u2013 <strong>Hall in Tirol <\/strong>und <strong>Wattens<\/strong> \u2013 die ihre jeweiligen Traditionen und Identit\u00e4ten bewahrten. Diese Verbindung spiegelt sich in der <strong>kulturellen Vielfalt<\/strong> und dem <strong>handwerklichen Erbe<\/strong> der Region wider. <\/p>\n\n\n\n<h3 class=\"wp-block-heading\">Eine der \u00e4ltesten St\u00e4dte in \u00d6sterreich: Hall in Tirol<\/h3>\n\n\n\n<p>Hall in Tirol gilt als eine der <strong>\u00e4ltesten St\u00e4dte Tirols <\/strong>und beeindruckt mit <strong>pr\u00e4chtigen historischen Geb\u00e4uden<\/strong> sowie <strong>charmanten Gassen<\/strong>. Die einzigartige Lage inmitten der Alpen bietet zudem eine perfekte Mischung aus <strong>urbanem Flair<\/strong> und <strong>naturnaher Erholung<\/strong>. Die N\u00e4he zu Innsbruck macht die Stadt zu einem <strong>idealen<\/strong> <strong>Ziel <\/strong>f\u00fcr <strong>Tagesausfl\u00fcge<\/strong> und kurze <strong>Urlaube<\/strong>. Weiterhin liegt die Region <em>nur etwa 50 Kilometer von der deutschen Grenze<\/em> entfernt, was sie auch f\u00fcr Reisende aus Deutschland attraktiv macht. Die <strong>vielf\u00e4ltigen kulturellen Angebote<\/strong> und das <strong>authentische Ambiente<\/strong> laden dazu ein, die <strong>Geschichte und Lebensart Tirols<\/strong> hautnah zu erleben. Hall in Tirol ist somit ein Muss f\u00fcr alle, die das <strong>wahre Tirol <\/strong>entdecken und erleben m\u00f6chten.<\/p>\n\n\n<div class=\"wp-block-image\">\n<figure class=\"clear-fix imgcenter\"><img loading=\"lazy\" decoding=\"async\" width=\"1024\" height=\"683\" src=\"https:\/\/www.spaness.de\/blog\/wp-content\/uploads\/DSC00726-1024x683.jpg\" alt=\"Hall in Tirol Sehenswuerdigkeiten\" class=\"img-responsive wp-image-23085\" srcset=\"https:\/\/www.spaness.de\/blog\/wp-content\/uploads\/DSC00726-1024x683.jpg 1024w, https:\/\/www.spaness.de\/blog\/wp-content\/uploads\/DSC00726-300x200.jpg 300w\" sizes=\"auto, (max-width: 1024px) 100vw, 1024px\" \/><\/figure><\/div>\n\n\n<h3 class=\"wp-block-heading\">Hall Wattens in Tirol: Letzte Station unseres Familien-Roadtrips<\/h3>\n\n\n\n<p>Zum <strong>Abschluss unseres Roadtrips<\/strong> wollten wir uns noch einmal etwas <strong>Ruhe, Natur<\/strong> und ein <strong>entspanntes Familienabenteuer<\/strong> g\u00f6nnen. Dazu passte die Einladung nach Hall Wattens &#8211; inklusive Besuch der <strong>Swarovski-Welten<\/strong> sehr gut. Denn gerade Eltern wissen ja, die Kunst bei einem <a href=\"https:\/\/www.spaness.de\/blog\/tag\/roadtrip\/\" target=\"_blank\" rel=\"noreferrer noopener\">Familienroadtrip<\/a> (bzw. im Rahmen des Familienurlaubs) besteht immer darin, interessante Programmpunkte zu planen, die wirklich <strong>alle Familienmitglieder<\/strong> ansprechen.<\/p>\n\n\n\n<p>Mit einem (fast) Teenager ist es eine gro\u00dfe Herausforderung, Begeisterungsst\u00fcrme zu entfachen \u2013 und gerade w\u00e4hrend eines Roadtrips neigen die Kids dazu, die verschiedenen Orte durcheinanderzuwirbeln. <\/p>\n\n\n\n<h4 class=\"wp-block-heading\">Tipp: Wie Kinder &amp; auch Teenager in die Reiseplanung aktiv integrieren?<\/h4>\n\n\n\n<p>Daher haben wir mittlerweile unsere ganz eigene Strategie entwickelt, um den <strong>Nachwuchs<\/strong> in die <strong>Reiseplanung einzubeziehen<\/strong>. Ein ganz wichtiger Punkt dabei ist, dass wir auf der Fahrt zum n\u00e4chsten Zielort schon einmal \u00fcber den <strong>Zielort sprechen<\/strong> und ganz locker mitteilen, was es dort zu sehen gibt, wo der Ort liegt und welche Highlights uns erwarten. Per iPad st\u00f6bert der Nachwuchs dann auch gern mal selbst weiter \u2013 denn so eine Autofahrt sollte ja auch sinnvoll gef\u00fcllt werden.<\/p>\n\n\n\n<figure class=\"wp-block-image img-responsive\"><img loading=\"lazy\" decoding=\"async\" width=\"1024\" height=\"683\" src=\"https:\/\/www.spaness.de\/blog\/wp-content\/uploads\/DSC00735-1024x683.jpg\" alt=\"Hall Wattens in Tirol wandern \" class=\"img-responsive wp-image-64517\" srcset=\"https:\/\/www.spaness.de\/blog\/wp-content\/uploads\/DSC00735-1024x683.jpg 1024w, https:\/\/www.spaness.de\/blog\/wp-content\/uploads\/DSC00735-300x200.jpg 300w, https:\/\/www.spaness.de\/blog\/wp-content\/uploads\/DSC00735-1536x1024.jpg 1536w, https:\/\/www.spaness.de\/blog\/wp-content\/uploads\/DSC00735-2048x1365.jpg 2048w\" sizes=\"auto, (max-width: 1024px) 100vw, 1024px\" \/><\/figure>\n\n\n\n<h3 class=\"wp-block-heading\">Hall in Tirol: Sehensw\u00fcrdigkeiten &amp; Ausflugsziele in der Region Hall Wattens<\/h3>\n\n\n\n<p>Also\u2026 dann halte ich es mal in diesem Artikel, wie auf der Autofahrt zum Zielort.<\/p>\n\n\n\n<p><strong>Watt gibt\u2019s in Wattens? Watt jedenfalls nicht\u2026!<\/strong><\/p>\n\n\n\n<p>Entschuldigt bitte, doch dieses norddeutsche kleine Wortspiel musste jetzt einfach sein. <\/p>\n\n\n\n<h4 class=\"wp-block-heading\">Hall in Tirol Sehensw\u00fcrdigkeiten in der Altstadt: Von M\u00fcnze bis Salz<\/h4>\n\n\n\n<p>Doch zur\u00fcck zu Hall Wattens. Hall in Tirol, wie es h\u00e4ufig genannt wird, verf\u00fcgt \u00fcber eine der <strong>gr\u00f6\u00dften historisch erhaltenen Altst\u00e4dte<\/strong> in ganz \u00d6sterreich. <\/p>\n\n\n\n<p>Die Stadt selbst ist etwa 700 Jahre alt. Im Mittelalter galt Hall in Tirol als die gr\u00f6\u00dfte und bedeutendste Stadt in Nordtirol. Der Stadt ging es gut \u2013 das lag auf jeden Fall auch an dem gro\u00dfen Salzvorkommen in der Region. <\/p>\n\n\n\n<p>Die Bedeutung der Stadt war wohl auch einer der ausschlaggebenden Gr\u00fcnde, dass die M\u00fcnze von Meran nach Hall verlegt wurde. Denn 1486 wurde in Hall in Tirol der erste Taler der Welt gepr\u00e4gt.<\/p>\n\n\n\n<p class=\"has-very-light-gray-to-cyan-bluish-gray-gradient-background has-background\"><strong>Kein Fake!<\/strong> Vom Wort <strong>Taler<\/strong> wurde sp\u00e4ter \u00fcbrigens das Wort <strong>Dollar<\/strong> abgeleitet.<\/p>\n\n\n<div class=\"wp-block-image\">\n<figure class=\"clear-fix imgcenter\"><img loading=\"lazy\" decoding=\"async\" width=\"1024\" height=\"683\" src=\"https:\/\/www.spaness.de\/blog\/wp-content\/uploads\/DSC00724-1024x683.jpg\" alt=\"Hall Wattens - Hall in Tirol Sehenswuerdigkeiten\" class=\"img-responsive wp-image-23084\" srcset=\"https:\/\/www.spaness.de\/blog\/wp-content\/uploads\/DSC00724-1024x683.jpg 1024w, https:\/\/www.spaness.de\/blog\/wp-content\/uploads\/DSC00724-300x200.jpg 300w\" sizes=\"auto, (max-width: 1024px) 100vw, 1024px\" \/><\/figure><\/div>\n\n\n<h5 class=\"wp-block-heading\">#1 Spaziergang durch die Altstadt Hall in Tirol: Sehensw\u00fcrdigkeiten vom Rathaus bis zur Burg Hasegg<\/h5>\n\n\n\n<p>Im Zentrum der Altstadt gibt es einiges zu sehen \u2013 zum Beispiel einen der sch\u00f6nsten Pl\u00e4tze in \u00d6sterreich, den <strong>\u201eOberen Stadtplatz\u201c<\/strong>, einige <strong>wundersch\u00f6ne Kirchen<\/strong> und nicht zu vergessen das <strong>Rathaus<\/strong>, die <strong>Magdalenenkapelle, Burg Hasegg<\/strong> und vieles mehr.<\/p>\n\n\n\n<p>Wir haben uns w\u00e4hrend einer <strong>Stadtf\u00fchrung<\/strong> einen Teil der historischen Innenstadt angeschaut und uns die <strong>Hintergr\u00fcnde der Stadtgeschichte<\/strong> n\u00e4her erkl\u00e4ren lassen.<\/p>\n\n\n\n<p class=\"has-very-light-gray-to-cyan-bluish-gray-gradient-background has-background\"><strong>Gut zu wissen: <\/strong>F\u00fcr die Revitalisierung der Altstadt wurde Hall mit dem Staatspreis f\u00fcr Denkmalschutz ausgezeichnet.<\/p>\n\n\n<div class=\"wp-block-image\">\n<figure class=\"clear-fix imgcenter\"><a href=\"https:\/\/www.spaness.de\/blog\/hall-wattens-urlaub-tirol\/dsc00723\/\" rel=\"attachment wp-att-23083\"><img loading=\"lazy\" decoding=\"async\" width=\"1024\" height=\"683\" src=\"https:\/\/www.spaness.de\/blog\/wp-content\/uploads\/DSC00723-1024x683.jpg\" alt=\"Hall Wattens Burg Hasegg\" class=\"img-responsive wp-image-23083\" srcset=\"https:\/\/www.spaness.de\/blog\/wp-content\/uploads\/DSC00723-1024x683.jpg 1024w, https:\/\/www.spaness.de\/blog\/wp-content\/uploads\/DSC00723-300x200.jpg 300w\" sizes=\"auto, (max-width: 1024px) 100vw, 1024px\" \/><\/a><\/figure><\/div>\n\n\n<h5 class=\"wp-block-heading\">#2 Lust auf das Erleben kultureller Br\u00e4uche in Hall Wattens? <\/h5>\n\n\n\n<p>Die Palmeselprozession in Hall in Tirol, die j\u00e4hrlich am Palmsonntag stattfindet, ist eine einzigartige Tradition, die historische und religi\u00f6se Elemente miteinander vereint. Bei dieser feierlichen Prozession wird ein speziell geschm\u00fcckter Esel \u2013 der \u201ePalmesel\u201c \u2013 von den Teilnehmern durch die Altstadt gef\u00fchrt, w\u00e4hrend sie symbolisch Palmzweige tragen. Dieses Ritual erinnert an den triumphalen Einzug Jesu in Jerusalem und dr\u00fcckt den Wunsch nach Erneuerung und Segen aus. Anschlie\u00dfend versammeln sich die Gl\u00e4ubigen in der Kirche, wo im Rahmen einer besonderen Messe die spirituelle Bedeutung dieses Ereignisses vertieft wird. Mehr dazu <a href=\"https:\/\/www.hall-wattens.at\/de\/palmeselprozession.html\" target=\"_blank\" rel=\"noreferrer noopener nofollow\" class=\"external\">HIER<\/a>.<\/p>\n\n\n<div class=\"wp-block-image\">\n<figure class=\"clear-fix imgcenter\"><a href=\"https:\/\/www.spaness.de\/blog\/hall-wattens-urlaub-tirol\/dsc00732\/\" rel=\"attachment wp-att-23087\"><img loading=\"lazy\" decoding=\"async\" width=\"1024\" height=\"683\" src=\"https:\/\/www.spaness.de\/blog\/wp-content\/uploads\/DSC00732-1024x683.jpg\" alt=\"Hall Wattens Pfarrkirche St. Nikolaus\" class=\"img-responsive wp-image-23087\" srcset=\"https:\/\/www.spaness.de\/blog\/wp-content\/uploads\/DSC00732-1024x683.jpg 1024w, https:\/\/www.spaness.de\/blog\/wp-content\/uploads\/DSC00732-300x200.jpg 300w\" sizes=\"auto, (max-width: 1024px) 100vw, 1024px\" \/><\/a><\/figure><\/div>\n\n\n<h5 class=\"wp-block-heading\">#3 Hall in Tirol Sehensw\u00fcrdigkeiten: Auf den Spuren des Bergbaus in Hall Wattens<\/h5>\n\n\n\n<p>Ein weiterer toller Tipp f\u00fcr die ganze Familie ist ein <strong>Besuch im Bergbaumuseum<\/strong>. Dort wird die <strong>Geschichte der Salzgewinnung<\/strong> in der Region Hall Wattens anschaulich vermittelt.<\/p>\n\n\n\n<p>Die Besucher begeben sich in eine <strong>Nachbildung eines Stollens<\/strong> des <strong>1967 stillgelegten Bergwerks<\/strong> im Halltal. Sch\u00e4chte, Werkzeuge, Mineralien, eine geringe Deckenh\u00f6he, eine Holzrutschbahn und vieles mehr lassen dich hautnah erleben, wie es sich anf\u00fchlte, &#8222;unter Tage&#8220; zu arbeiten.<\/p>\n\n\n\n<p class=\"has-very-light-gray-to-cyan-bluish-gray-gradient-background has-background\"><strong>Gut zu wissen: <\/strong>Es werden regelm\u00e4\u00dfige F\u00fchrungen im Bergbaumuseum in Hall in Tirol angeboten (Dauer: 1 Stunde) &#8211; f\u00fcr rund 5 Euro pro Person; Kinder zahlen weniger.<\/p>\n\n\n\n<figure class=\"wp-block-gallery clear-fix imgcenter has-nested-images columns-default is-cropped wp-block-gallery-1 is-layout-flex wp-block-gallery-is-layout-flex\">\n<figure class=\"wp-block-image img-responsive\"><img loading=\"lazy\" decoding=\"async\" width=\"768\" height=\"1024\" data-id=\"23112\" src=\"https:\/\/www.spaness.de\/blog\/wp-content\/uploads\/IMG_0548-768x1024.jpg\" alt=\"Hall Wattens Bergbau Museum\" class=\"img-responsive wp-image-23112\" srcset=\"https:\/\/www.spaness.de\/blog\/wp-content\/uploads\/IMG_0548-768x1024.jpg 768w, https:\/\/www.spaness.de\/blog\/wp-content\/uploads\/IMG_0548-225x300.jpg 225w\" sizes=\"auto, (max-width: 768px) 100vw, 768px\" \/><\/figure>\n\n\n\n<figure class=\"wp-block-image img-responsive\"><img loading=\"lazy\" decoding=\"async\" width=\"768\" height=\"1024\" data-id=\"23111\" src=\"https:\/\/www.spaness.de\/blog\/wp-content\/uploads\/IMG_0546-768x1024.jpg\" alt=\"Hall Wattens Bergbau Museum\" class=\"img-responsive wp-image-23111\" srcset=\"https:\/\/www.spaness.de\/blog\/wp-content\/uploads\/IMG_0546-768x1024.jpg 768w, https:\/\/www.spaness.de\/blog\/wp-content\/uploads\/IMG_0546-225x300.jpg 225w\" sizes=\"auto, (max-width: 768px) 100vw, 768px\" \/><figcaption class=\"wp-element-caption\">Hall Wattens Bergbau Museum<\/figcaption><\/figure>\n\n\n\n<figure class=\"wp-block-image img-responsive\"><img loading=\"lazy\" decoding=\"async\" width=\"768\" height=\"1024\" data-id=\"42864\" src=\"https:\/\/www.spaness.de\/blog\/wp-content\/uploads\/IMG_0532-1-768x1024.jpg\" alt=\"\" class=\"img-responsive wp-image-42864\" srcset=\"https:\/\/www.spaness.de\/blog\/wp-content\/uploads\/IMG_0532-1-768x1024.jpg 768w, https:\/\/www.spaness.de\/blog\/wp-content\/uploads\/IMG_0532-1-225x300.jpg 225w, https:\/\/www.spaness.de\/blog\/wp-content\/uploads\/IMG_0532-1-1152x1536.jpg 1152w, https:\/\/www.spaness.de\/blog\/wp-content\/uploads\/IMG_0532-1-1536x2048.jpg 1536w, https:\/\/www.spaness.de\/blog\/wp-content\/uploads\/IMG_0532-1-scaled.jpg 1920w\" sizes=\"auto, (max-width: 768px) 100vw, 768px\" \/><\/figure>\n<\/figure>\n\n\n\n<h3 class=\"wp-block-heading\">Hall in Tirol Sehensw\u00fcrdigkeiten &amp; Highlights: Von der Altstadt in die Kristallwelten <\/h3>\n\n\n\n<p>\u00dcber die Grenzen \u00d6sterreichs hinaus ist Hall Wattens jedoch vor allem als <strong>Ausflugsziel f\u00fcr die Swarovski Kristallwelten<\/strong> bekannt \u2013 die wir uns nat\u00fcrlich auch n\u00e4her angeschaut haben. <\/p>\n\n\n\n<p>Da uns der <strong>Rundgang und das Areal<\/strong> wirklich beeindruckt hat, geh\u00f6ren die Kristallwelten auf alle F\u00e4lle zu meinen <strong>Top-Tipps der Sehensw\u00fcrdigkeiten in Hall Wattens<\/strong>, die ich dir im n\u00e4chsten Abschnitt etwas n\u00e4her vorstellen werde. <\/p>\n\n\n\n<h4 class=\"wp-block-heading\">#4 Willkommen in den Swarovski Kristallwelten<\/h4>\n\n\n\n<p>Dem Thema <strong>Kristalle<\/strong> und den <strong>Swarovski Kristallwelten<\/strong>, einem absoluten <strong>Highlight<\/strong> unter den Hall in Tirol Sehensw\u00fcrdigkeiten, m\u00f6chte ich hier gleich ein paar Zeilen mehr widmen. <\/p>\n\n\n\n<p>Der Besuch der <strong>Swarovski Kristallwelten<\/strong> lohnt sich auf jeden Fall \u2013 und zwar f\u00fcr alle Familienmitglieder. Schon der <strong>Eingangsbereich am \u201eRiesen\u201c<\/strong> l\u00f6ste bei den Kids echte Begeisterung aus und entwickelte sich rasch zu einem wahren <strong>Selfie-Hotspot <\/strong>f\u00fcr G\u00e4ste aus aller Welt. <\/p>\n\n\n\n<p>Durch den <strong>Kopf des Riesen<\/strong> betreten wir schlie\u00dflich auch die Swarovski Kristallwelten, wo wir in die unterschiedlichen <strong>Wunderkammern<\/strong> gelangen. Jede einzelne Wunderkammer ist ein faszinierendes Erlebnis, das mit einem eigenen Thema \u00fcberzeugt und regelm\u00e4\u00dfig von namhaften Designern neu interpretiert wird. Diese <strong>spektakul\u00e4ren Attraktionen<\/strong> geh\u00f6ren zu den unvergesslichen Hall in Tirol Sehensw\u00fcrdigkeiten, die G\u00e4ste aus aller Welt (uns eingeschlossen) in Staunen versetzen und nachhaltig beeindrucken.<\/p>\n\n\n\n<blockquote class=\"instagram-media\" data-instgrm-captioned=\"\" data-instgrm-permalink=\"https:\/\/www.instagram.com\/p\/BhD9kf5FZmu\/?utm_source=ig_embed&amp;utm_campaign=loading\" data-instgrm-version=\"14\" style=\" background:#FFF; border:0; border-radius:3px; box-shadow:0 0 1px 0 rgba(0,0,0,0.5),0 1px 10px 0 rgba(0,0,0,0.15); margin: 1px; max-width:540px; min-width:326px; padding:0; width:99.375%; width:-webkit-calc(100% - 2px); width:calc(100% - 2px);\"><div style=\"padding:16px;\"> <a href=\"https:\/\/www.instagram.com\/p\/BhD9kf5FZmu\/?utm_source=ig_embed&amp;utm_campaign=loading\" style=\" background:#FFFFFF; line-height:0; padding:0 0; text-align:center; text-decoration:none; width:100%;\" target=\"_blank\" rel=\"noopener nofollow\" class=\"external\"> <div style=\" display: flex; flex-direction: row; align-items: center;\"> <div style=\"background-color: #F4F4F4; border-radius: 50%; flex-grow: 0; height: 40px; margin-right: 14px; width: 40px;\"><\/div> <div style=\"display: flex; flex-direction: column; flex-grow: 1; justify-content: center;\"> <div style=\" background-color: #F4F4F4; border-radius: 4px; flex-grow: 0; height: 14px; margin-bottom: 6px; width: 100px;\"><\/div> <div style=\" background-color: #F4F4F4; border-radius: 4px; flex-grow: 0; height: 14px; width: 60px;\"><\/div><\/div><\/div><div style=\"padding: 19% 0;\"><\/div> <div style=\"display:block; height:50px; margin:0 auto 12px; width:50px;\"><svg width=\"50px\" height=\"50px\" viewBox=\"0 0 60 60\" version=\"1.1\" xmlns=\"https:\/\/www.w3.org\/2000\/svg\" xmlns:xlink=\"https:\/\/www.w3.org\/1999\/xlink\"><g stroke=\"none\" stroke-width=\"1\" fill=\"none\" fill-rule=\"evenodd\"><g transform=\"translate(-511.000000, -20.000000)\" fill=\"#000000\"><g><path d=\"M556.869,30.41 C554.814,30.41 553.148,32.076 553.148,34.131 C553.148,36.186 554.814,37.852 556.869,37.852 C558.924,37.852 560.59,36.186 560.59,34.131 C560.59,32.076 558.924,30.41 556.869,30.41 M541,60.657 C535.114,60.657 530.342,55.887 530.342,50 C530.342,44.114 535.114,39.342 541,39.342 C546.887,39.342 551.658,44.114 551.658,50 C551.658,55.887 546.887,60.657 541,60.657 M541,33.886 C532.1,33.886 524.886,41.1 524.886,50 C524.886,58.899 532.1,66.113 541,66.113 C549.9,66.113 557.115,58.899 557.115,50 C557.115,41.1 549.9,33.886 541,33.886 M565.378,62.101 C565.244,65.022 564.756,66.606 564.346,67.663 C563.803,69.06 563.154,70.057 562.106,71.106 C561.058,72.155 560.06,72.803 558.662,73.347 C557.607,73.757 556.021,74.244 553.102,74.378 C549.944,74.521 548.997,74.552 541,74.552 C533.003,74.552 532.056,74.521 528.898,74.378 C525.979,74.244 524.393,73.757 523.338,73.347 C521.94,72.803 520.942,72.155 519.894,71.106 C518.846,70.057 518.197,69.06 517.654,67.663 C517.244,66.606 516.755,65.022 516.623,62.101 C516.479,58.943 516.448,57.996 516.448,50 C516.448,42.003 516.479,41.056 516.623,37.899 C516.755,34.978 517.244,33.391 517.654,32.338 C518.197,30.938 518.846,29.942 519.894,28.894 C520.942,27.846 521.94,27.196 523.338,26.654 C524.393,26.244 525.979,25.756 528.898,25.623 C532.057,25.479 533.004,25.448 541,25.448 C548.997,25.448 549.943,25.479 553.102,25.623 C556.021,25.756 557.607,26.244 558.662,26.654 C560.06,27.196 561.058,27.846 562.106,28.894 C563.154,29.942 563.803,30.938 564.346,32.338 C564.756,33.391 565.244,34.978 565.378,37.899 C565.522,41.056 565.552,42.003 565.552,50 C565.552,57.996 565.522,58.943 565.378,62.101 M570.82,37.631 C570.674,34.438 570.167,32.258 569.425,30.349 C568.659,28.377 567.633,26.702 565.965,25.035 C564.297,23.368 562.623,22.342 560.652,21.575 C558.743,20.834 556.562,20.326 553.369,20.18 C550.169,20.033 549.148,20 541,20 C532.853,20 531.831,20.033 528.631,20.18 C525.438,20.326 523.257,20.834 521.349,21.575 C519.376,22.342 517.703,23.368 516.035,25.035 C514.368,26.702 513.342,28.377 512.574,30.349 C511.834,32.258 511.326,34.438 511.181,37.631 C511.035,40.831 511,41.851 511,50 C511,58.147 511.035,59.17 511.181,62.369 C511.326,65.562 511.834,67.743 512.574,69.651 C513.342,71.625 514.368,73.296 516.035,74.965 C517.703,76.634 519.376,77.658 521.349,78.425 C523.257,79.167 525.438,79.673 528.631,79.82 C531.831,79.965 532.853,80.001 541,80.001 C549.148,80.001 550.169,79.965 553.369,79.82 C556.562,79.673 558.743,79.167 560.652,78.425 C562.623,77.658 564.297,76.634 565.965,74.965 C567.633,73.296 568.659,71.625 569.425,69.651 C570.167,67.743 570.674,65.562 570.82,62.369 C570.966,59.17 571,58.147 571,50 C571,41.851 570.966,40.831 570.82,37.631\"><\/path><\/g><\/g><\/g><\/svg><\/div><div style=\"padding-top: 8px;\"> <div style=\" color:#3897f0; font-family:Arial,sans-serif; font-size:14px; font-style:normal; font-weight:550; line-height:18px;\">Sieh dir diesen Beitrag auf Instagram an<\/div><\/div><div style=\"padding: 12.5% 0;\"><\/div> <div style=\"display: flex; flex-direction: row; margin-bottom: 14px; align-items: center;\"><div> <div style=\"background-color: #F4F4F4; border-radius: 50%; height: 12.5px; width: 12.5px; transform: translateX(0px) translateY(7px);\"><\/div> <div style=\"background-color: #F4F4F4; height: 12.5px; transform: rotate(-45deg) translateX(3px) translateY(1px); width: 12.5px; flex-grow: 0; margin-right: 14px; margin-left: 2px;\"><\/div> <div style=\"background-color: #F4F4F4; border-radius: 50%; height: 12.5px; width: 12.5px; transform: translateX(9px) translateY(-18px);\"><\/div><\/div><div style=\"margin-left: 8px;\"> <div style=\" background-color: #F4F4F4; border-radius: 50%; flex-grow: 0; height: 20px; width: 20px;\"><\/div> <div style=\" width: 0; height: 0; border-top: 2px solid transparent; border-left: 6px solid #f4f4f4; border-bottom: 2px solid transparent; transform: translateX(16px) translateY(-4px) rotate(30deg)\"><\/div><\/div><div style=\"margin-left: auto;\"> <div style=\" width: 0px; border-top: 8px solid #F4F4F4; border-right: 8px solid transparent; transform: translateY(16px);\"><\/div> <div style=\" background-color: #F4F4F4; flex-grow: 0; height: 12px; width: 16px; transform: translateY(-4px);\"><\/div> <div style=\" width: 0; height: 0; border-top: 8px solid #F4F4F4; border-left: 8px solid transparent; transform: translateY(-4px) translateX(8px);\"><\/div><\/div><\/div> <div style=\"display: flex; flex-direction: column; flex-grow: 1; justify-content: center; margin-bottom: 24px;\"> <div style=\" background-color: #F4F4F4; border-radius: 4px; flex-grow: 0; height: 14px; margin-bottom: 6px; width: 224px;\"><\/div> <div style=\" background-color: #F4F4F4; border-radius: 4px; flex-grow: 0; height: 14px; width: 144px;\"><\/div><\/div><\/a><p style=\" color:#c9c8cd; font-family:Arial,sans-serif; font-size:14px; line-height:17px; margin-bottom:0; margin-top:8px; overflow:hidden; padding:8px 0 7px; text-align:center; text-overflow:ellipsis; white-space:nowrap;\"><a href=\"https:\/\/www.instagram.com\/p\/BhD9kf5FZmu\/?utm_source=ig_embed&amp;utm_campaign=loading\" style=\" color:#c9c8cd; font-family:Arial,sans-serif; font-size:14px; font-style:normal; font-weight:normal; line-height:17px; text-decoration:none;\" target=\"_blank\" rel=\"noopener nofollow\" class=\"external\">Ein Beitrag geteilt von SPANESS (@spaness.de)<\/a><\/p><\/div><\/blockquote> <script async=\"\" src=\"\/\/www.instagram.com\/embed.js\"><\/script>\n\n\n\n<h5 class=\"wp-block-heading\">30 Jahre Swarowski Kristallwelten <\/h5>\n\n\n\n<p>1995 feierte Swarovski sein <strong>hundertj\u00e4hriges Jubil\u00e4um<\/strong>. Zu diesem Anlass entstanden in Zusammenarbeit mit dem <strong>Multimediak\u00fcnstler Andr\u00e9 Heller<\/strong> die Swarovski Kristallwelten. Dargestellt werden sollte die<strong> Geschichte des Riesen<\/strong>, der urspr\u00fcnglich auszog, um die <strong>Wunder und Sch\u00e4tze der Welt <\/strong>zu erleben. In den Hall Wattens Kristallwelten hat sich der Riese nun zur Ruhe gesetzt, um \u00fcber seine Wunderkammern zu wachen.<\/p>\n\n\n<div class=\"wp-block-image\">\n<figure class=\"clear-fix imgcenter\"><img loading=\"lazy\" decoding=\"async\" width=\"1024\" height=\"683\" src=\"https:\/\/www.spaness.de\/blog\/wp-content\/uploads\/DSC00747-1024x683.jpg\" alt=\"Hall in Tirol Swarovski Wunderkammern into lattice sun\" class=\"img-responsive wp-image-23090\" srcset=\"https:\/\/www.spaness.de\/blog\/wp-content\/uploads\/DSC00747-1024x683.jpg 1024w, https:\/\/www.spaness.de\/blog\/wp-content\/uploads\/DSC00747-300x200.jpg 300w\" sizes=\"auto, (max-width: 1024px) 100vw, 1024px\" \/><\/figure><\/div>\n\n\n<h5 class=\"wp-block-heading\">Entdeckungen in der Swarovski Wunderkammer<\/h5>\n\n\n\n<p>Die <strong>Idee der Wunderkammern<\/strong> ist schon sehr alt, denn sie basiert auf den <strong>Wunderkammern im Schloss Ambras<\/strong>, die im <em>16. Jahrhundert<\/em> als eine Art Zeit- und Wissenskammern angelegt wurden. Aktuell findest du <strong>17 unterschiedliche Wunderkammern<\/strong> in den Swarovski Kristallwelten. <\/p>\n\n\n\n<p>Es ist wirklich schwer zu sagen, welche der Kammern ich pers\u00f6nlich am sch\u00f6nsten fand oder welche mich am meisten beeindruckt hat \u2013 dar\u00fcber musste ich erst einmal eine Weile nachdenken.<\/p>\n\n\n<div class=\"wp-block-image\">\n<figure class=\"clear-fix imgcenter\"><img loading=\"lazy\" decoding=\"async\" width=\"1024\" height=\"683\" src=\"https:\/\/www.spaness.de\/blog\/wp-content\/uploads\/DSC00749-1024x683.jpg\" alt=\"Swarovski Wunderkammern in den Kristallwelten Hall in Tirol \" class=\"img-responsive wp-image-23092\" srcset=\"https:\/\/www.spaness.de\/blog\/wp-content\/uploads\/DSC00749-1024x683.jpg 1024w, https:\/\/www.spaness.de\/blog\/wp-content\/uploads\/DSC00749-300x200.jpg 300w\" sizes=\"auto, (max-width: 1024px) 100vw, 1024px\" \/><\/figure><\/div>\n\n\n<h5 class=\"wp-block-heading\">Welches ist also die sch\u00f6nste Swarovski Wunderkammer?<\/h5>\n\n\n\n<p>Beim Durchgang hat mich am ehesten die <strong>\u201eTransparente Opazit\u00e4t\u201c <\/strong>angesprochen. Der K\u00fcnstler Arik Levy wollte damit die <strong>Vielfalt der unterschiedlichen Kristalle<\/strong> zum Ausdruck bringen. Auf den ersten Blick erscheint die Kammer wei\u00df und aufger\u00e4umt, mit geraden Linien, doch \u00fcberall gibt es etwas Neues zu entdecken, und <strong>unterschiedliche Blickwinkel <\/strong>wollen erforscht werden \u2013 sodass der Besucher Gefahr l\u00e4uft, sich im Raum zu verlieren.<\/p>\n\n\n\n<p>SPANESSi fand wiederum die <strong>Studio-Job-Wunderkammer<\/strong> besonders toll, was sicherlich auch mit der Eisenbahn zusammenhing, die durch die <strong>kunterbunte Welt<\/strong> f\u00e4hrt. Au\u00dferdem hat SPANESSi viele Bauwerke des Modells erkannt. Herr SPANESS fand es besonders entspannend, in der Wunderkammer <strong>\u201eLa Primadonna Assoluta\u201c<\/strong> einfach dem Gesang der <strong>Starsopranistin Jessye Norman<\/strong> zu lauschen.<\/p>\n\n\n<div class=\"wp-block-image\">\n<figure class=\"clear-fix imgcenter\"><img loading=\"lazy\" decoding=\"async\" width=\"1024\" height=\"683\" src=\"https:\/\/www.spaness.de\/blog\/wp-content\/uploads\/DSC00765-1024x683.jpg\" alt=\"Hall in Tirol Swarovski Kristallwelten Studio Job\" class=\"img-responsive wp-image-23097\" srcset=\"https:\/\/www.spaness.de\/blog\/wp-content\/uploads\/DSC00765-1024x683.jpg 1024w, https:\/\/www.spaness.de\/blog\/wp-content\/uploads\/DSC00765-300x200.jpg 300w\" sizes=\"auto, (max-width: 1024px) 100vw, 1024px\" \/><figcaption class=\"wp-element-caption\">Swarovski Kristallwelten Studio Job<\/figcaption><\/figure><\/div>\n\n<div class=\"wp-block-image\">\n<figure class=\"clear-fix imgcenter\"><img loading=\"lazy\" decoding=\"async\" width=\"1024\" height=\"683\" src=\"https:\/\/www.spaness.de\/blog\/wp-content\/uploads\/DSC00766-1024x683.jpg\" alt=\"Hall in Tirol Sehenswuerdigkeiten Swarovski Kristallwelten Studio Job\" class=\"img-responsive wp-image-23098\" srcset=\"https:\/\/www.spaness.de\/blog\/wp-content\/uploads\/DSC00766-1024x683.jpg 1024w, https:\/\/www.spaness.de\/blog\/wp-content\/uploads\/DSC00766-300x200.jpg 300w\" sizes=\"auto, (max-width: 1024px) 100vw, 1024px\" \/><\/figure><\/div>\n\n\n<h5 class=\"wp-block-heading\">Hall in Tirol Sehensw\u00fcrdigkeiten: Spaziergang durch den Swarovski Garten <\/h5>\n\n\n\n<p>Beeindruckt hat uns auch der <strong>Spaziergang durch den Garten<\/strong>. SPANESSi tobte sich nat\u00fcrlich erst einmal auf dem Spielplatz und im Spielturm aus (hier d\u00fcrfen \u00fcbrigens auch Erwachsene mitspielen). W\u00e4hrenddessen faszinierte mich eher die <strong>Kristallwolke<\/strong>, die aus mehr als <strong>800.000 handgesetzten Swarovski-Kristallen<\/strong> besteht und von <em>Andy Cao und Xavier Perrot<\/em> entworfen wurde. Die Kristallwolken scheinen filigran zu schweben, sie gleichen einem <strong>Sternenhimmel \u00fcber dem Wasser<\/strong> des schwarzen <strong>Spiegelsees<\/strong> und f\u00fcgen sich perfekt in die Natur ein \u2013 als <strong>Kontrast <\/strong>zum strahlend blauen Himmel.<\/p>\n\n\n\n<p class=\"has-cyan-bluish-gray-background-color has-background\"><strong>Cool: <\/strong>Im Sommer werden unter der Kristallwolke auch Yin-Yoga-Workshops angeboten.<\/p>\n\n\n<div class=\"wp-block-image\">\n<figure class=\"clear-fix imgcenter\"><img loading=\"lazy\" decoding=\"async\" width=\"1024\" height=\"683\" src=\"https:\/\/www.spaness.de\/blog\/wp-content\/uploads\/DSC00794-1024x683.jpg\" alt=\"Hall in Tirol Swarovski Kristallwelten Kristall Wolken\" class=\"img-responsive wp-image-23100\" srcset=\"https:\/\/www.spaness.de\/blog\/wp-content\/uploads\/DSC00794-1024x683.jpg 1024w, https:\/\/www.spaness.de\/blog\/wp-content\/uploads\/DSC00794-300x200.jpg 300w\" sizes=\"auto, (max-width: 1024px) 100vw, 1024px\" \/><figcaption class=\"wp-element-caption\">Swarovski Kristallwelten Kristall Wolken und Spiegelsee<\/figcaption><\/figure><\/div>\n\n\n<figure class=\"wp-block-gallery clear-fix imgcenter has-nested-images columns-default is-cropped wp-block-gallery-2 is-layout-flex wp-block-gallery-is-layout-flex\">\n<figure class=\"wp-block-image img-responsive\"><img loading=\"lazy\" decoding=\"async\" width=\"1024\" height=\"683\" data-id=\"23102\" src=\"https:\/\/www.spaness.de\/blog\/wp-content\/uploads\/DSC00790-1024x683.jpg\" alt=\"Hall in Tirol Swarovski Kristallwelten Garten\" class=\"img-responsive wp-image-23102\" srcset=\"https:\/\/www.spaness.de\/blog\/wp-content\/uploads\/DSC00790-1024x683.jpg 1024w, https:\/\/www.spaness.de\/blog\/wp-content\/uploads\/DSC00790-300x200.jpg 300w\" sizes=\"auto, (max-width: 1024px) 100vw, 1024px\" \/><\/figure>\n\n\n\n<figure class=\"wp-block-image img-responsive\"><img loading=\"lazy\" decoding=\"async\" width=\"1024\" height=\"683\" data-id=\"23099\" src=\"https:\/\/www.spaness.de\/blog\/wp-content\/uploads\/DSC00776-1024x683.jpg\" alt=\"Hall Wattens Swarovski Kristallwelten im Garten\" class=\"img-responsive wp-image-23099\" srcset=\"https:\/\/www.spaness.de\/blog\/wp-content\/uploads\/DSC00776-1024x683.jpg 1024w, https:\/\/www.spaness.de\/blog\/wp-content\/uploads\/DSC00776-300x200.jpg 300w\" sizes=\"auto, (max-width: 1024px) 100vw, 1024px\" \/><\/figure>\n\n\n\n<figure class=\"wp-block-image img-responsive\"><img loading=\"lazy\" decoding=\"async\" width=\"1024\" height=\"683\" data-id=\"23110\" src=\"https:\/\/www.spaness.de\/blog\/wp-content\/uploads\/DSC00778-1024x683.jpg\" alt=\"Hall in Tirol Swarovski Welten Garten mit Spielturm im Hintergrund\" class=\"img-responsive wp-image-23110\" srcset=\"https:\/\/www.spaness.de\/blog\/wp-content\/uploads\/DSC00778-1024x683.jpg 1024w, https:\/\/www.spaness.de\/blog\/wp-content\/uploads\/DSC00778-300x200.jpg 300w\" sizes=\"auto, (max-width: 1024px) 100vw, 1024px\" \/><\/figure>\n<\/figure>\n\n\n\n<h4 class=\"wp-block-heading\">N\u00fctzliche Infos zum Besuch in den Swarovski Welten in Hall Wattens Tirol<\/h4>\n\n\n\n<p>Selbstverst\u00e4ndlich kannst du in den <strong>Swarovski Welten<\/strong> auch shoppen und es gibt auch eine Gastronomie, die regelm\u00e4\u00dfig besondere Events anbietet.<\/p>\n\n\n\n<ul class=\"wp-block-list\">\n<li><strong>Swarovski Kristallwelten Adresse:<\/strong> Kristallweltenstra\u00dfe, 16112 Wattens (Austria)<\/li>\n\n\n\n<li><strong>\u00d6ffnungszeiten:<\/strong> T\u00e4glich ab 8.30 Uhr im Winter bis 19.30 Uhr im Sommer bis 22 Uhr. An Feiertagen k\u00f6nnen die \u00d6ffnungszeiten auch individuell angepasst werden.<\/li>\n\n\n\n<li><strong>Eintrittspreise:<\/strong> Erwachsene ab 19 Euro (Kinder zahlen weniger \/ Gruppen ab 10 Personen erhalten auch eine Erm\u00e4\u00dfigung)<\/li>\n\n\n\n<li><strong>Parkplatz:<\/strong> Kostenfrei an den Swarovski Kristallwelten, Hall in Tirol<\/li>\n<\/ul>\n\n\n\n<p class=\"has-cyan-bluish-gray-background-color has-background\"><strong>Tipp:<\/strong> Im Sommer werden die Kristallwanderwochen in Tirol angeboten. Wie schon vermutet gehts hier um den Kristall in all seinen Facetten. Beinhaltet ist sowohl der Besuch in den<strong> Swarovski Kristallwelten <\/strong>aber auch <strong>Wanderungen um die Geschichte des Salzkristalls im Karwendelgebirge<\/strong> und zum <strong>Bergkristall in den Tuxer Alpen<\/strong>.<\/p>\n\n\n<div class=\"wp-block-image\">\n<figure class=\"clear-fix imgcenter\"><img loading=\"lazy\" decoding=\"async\" width=\"1024\" height=\"683\" src=\"https:\/\/www.spaness.de\/blog\/wp-content\/uploads\/DSC00746-1024x683.jpg\" alt=\"Hall in Tirol Sehenswuerdigkeiten Swarowski Welten Blaue Halle\" class=\"img-responsive wp-image-23089\" srcset=\"https:\/\/www.spaness.de\/blog\/wp-content\/uploads\/DSC00746-1024x683.jpg 1024w, https:\/\/www.spaness.de\/blog\/wp-content\/uploads\/DSC00746-300x200.jpg 300w\" sizes=\"auto, (max-width: 1024px) 100vw, 1024px\" \/><figcaption class=\"wp-element-caption\">Swarowski Welten Blaue Halle<\/figcaption><\/figure><\/div>\n\n\n<figure class=\"wp-block-gallery clear-fix imgcenter has-nested-images columns-default is-cropped wp-block-gallery-3 is-layout-flex wp-block-gallery-is-layout-flex\">\n<figure class=\"wp-block-image img-responsive\"><img loading=\"lazy\" decoding=\"async\" width=\"1024\" height=\"683\" data-id=\"23096\" src=\"https:\/\/www.spaness.de\/blog\/wp-content\/uploads\/DSC00762-1024x683.jpg\" alt=\"Swarovski Welten Transparente Opazit\u00e4t\" class=\"img-responsive wp-image-23096\" srcset=\"https:\/\/www.spaness.de\/blog\/wp-content\/uploads\/DSC00762-1024x683.jpg 1024w, https:\/\/www.spaness.de\/blog\/wp-content\/uploads\/DSC00762-300x200.jpg 300w\" sizes=\"auto, (max-width: 1024px) 100vw, 1024px\" \/><\/figure>\n\n\n\n<figure class=\"wp-block-image img-responsive\"><img loading=\"lazy\" decoding=\"async\" width=\"1024\" height=\"683\" data-id=\"23093\" src=\"https:\/\/www.spaness.de\/blog\/wp-content\/uploads\/DSC00758-1024x683.jpg\" alt=\"Swarovski Kristallwelten Transparente Opazit\u00e4t\" class=\"img-responsive wp-image-23093\" srcset=\"https:\/\/www.spaness.de\/blog\/wp-content\/uploads\/DSC00758-1024x683.jpg 1024w, https:\/\/www.spaness.de\/blog\/wp-content\/uploads\/DSC00758-300x200.jpg 300w\" sizes=\"auto, (max-width: 1024px) 100vw, 1024px\" \/><figcaption class=\"wp-element-caption\">Swarovski Kristallwelten Transparente Opazit\u00e4t<\/figcaption><\/figure>\n\n\n\n<figure class=\"wp-block-image img-responsive\"><img loading=\"lazy\" decoding=\"async\" width=\"1024\" height=\"683\" data-id=\"23094\" src=\"https:\/\/www.spaness.de\/blog\/wp-content\/uploads\/DSC00759-1024x683.jpg\" alt=\"Swarovski Kristallwelten Transparente Opazit\u00e4t\" class=\"img-responsive wp-image-23094\" srcset=\"https:\/\/www.spaness.de\/blog\/wp-content\/uploads\/DSC00759-1024x683.jpg 1024w, https:\/\/www.spaness.de\/blog\/wp-content\/uploads\/DSC00759-300x200.jpg 300w\" sizes=\"auto, (max-width: 1024px) 100vw, 1024px\" \/><\/figure>\n<\/figure>\n\n\n<div class=\"wp-block-image\">\n<figure class=\"clear-fix imgcenter\"><img loading=\"lazy\" decoding=\"async\" width=\"1024\" height=\"683\" src=\"https:\/\/www.spaness.de\/blog\/wp-content\/uploads\/DSC00754-1024x683.jpg\" alt=\"Hall in Tirol Sehenswuerdigkeiten Swarovski Welten Ready to Love\" class=\"img-responsive wp-image-23095\" srcset=\"https:\/\/www.spaness.de\/blog\/wp-content\/uploads\/DSC00754-1024x683.jpg 1024w, https:\/\/www.spaness.de\/blog\/wp-content\/uploads\/DSC00754-300x200.jpg 300w\" sizes=\"auto, (max-width: 1024px) 100vw, 1024px\" \/><\/figure><\/div>\n\n\n<h4 class=\"wp-block-heading\">Wandern in Hall in Tirol: Tipps &amp; Ideen<\/h4>\n\n\n\n<p>Die Kristallwanderwochen bieten einen perfekten \u00dcbergang zu meinem n\u00e4chsten Top-Tipp in und um Hall Wattens. Wie bekannt, ist \u00d6sterreich ohnehin schon ein<strong> Eldorado f\u00fcr Wander- und Naturfans<\/strong>. Doch Hall in Tirol und die ganze Region Hall Wattens bieten eine <strong>Vielzahl von wunderbaren Wanderrouten<\/strong> \u2013 von einfach bis anspruchsvoll \u2013 und ganz <strong>unterschiedliche Strecken<\/strong> f\u00fcr die ganze Familie.<\/p>\n\n\n\n<p>Stellvertretend f\u00fcr alle <strong>tollen Wanderwege <\/strong>waren wir mit einer <strong>Wanderf\u00fchrerin im Halltal <\/strong>unterwegs, wo fr\u00fcher schon die <strong>Salzbauern <\/strong>durch das Tal zogen.<\/p>\n\n\n\n<h5 class=\"wp-block-heading\">#5 Hall in Tirol Sehensw\u00fcrdigkeiten &amp; Ausflugsziele: Wandern im Halltal<\/h5>\n\n\n\n<p>An einem durchwachsenen Fr\u00fchlingsnachmittag zogen wir gemeinsam los \u2013 erst ein St\u00fcck durch den Wald und dann \u00fcber <strong>schmale Pfade hinauf in die Berge<\/strong>. Das Halltal, ein kleines <strong>Seitental des Inntals im Karwendel<\/strong>, eignet sich hervorragend f\u00fcr eine Familienwanderung. Es bietet ein abwechslungsreiches Landschaftsbild, tolle <strong>Ausblicke \u00fcber die Berge<\/strong>, und wir konnten sogar ein paar <strong>Steinb\u00f6cke erblicken<\/strong>.<\/p>\n\n\n\n<p>Leider waren einige <strong>Seitenwege noch nicht ge\u00f6ffnet<\/strong>, da wir recht fr\u00fch im Fr\u00fchling unterwegs waren. In den etwas h\u00f6heren Ebenen lag sogar noch Schnee, sodass die Lawinengefahr noch nicht ganz gebannt war \u2013 daher blieben wir nat\u00fcrlich auf den Hauptwegen.<\/p>\n\n\n<div class=\"wp-block-image\">\n<figure class=\"clear-fix imgcenter\"><a href=\"https:\/\/www.spaness.de\/blog\/hall-wattens-urlaub-tirol\/dsc00743\/\" rel=\"attachment wp-att-23109\"><img loading=\"lazy\" decoding=\"async\" width=\"1024\" height=\"768\" src=\"https:\/\/www.spaness.de\/blog\/wp-content\/uploads\/DSC00743-1024x768.jpg\" alt=\"Hall Wattens Wandern Entdeckungen\" class=\"img-responsive wp-image-23109\" srcset=\"https:\/\/www.spaness.de\/blog\/wp-content\/uploads\/DSC00743-1024x768.jpg 1024w, https:\/\/www.spaness.de\/blog\/wp-content\/uploads\/DSC00743-300x225.jpg 300w, https:\/\/www.spaness.de\/blog\/wp-content\/uploads\/DSC00743-400x300.jpg 400w\" sizes=\"auto, (max-width: 1024px) 100vw, 1024px\" \/><\/a><\/figure><\/div>\n\n\n<h5 class=\"wp-block-heading\">Hall Wattens Ausflugsziele: Wenn der Fr\u00fchling im Halltal erwacht<\/h5>\n\n\n\n<p>Der Fr\u00fchling erwachte gerade zu unserer Tour, und so konnten wir tats\u00e4chlich einige tr\u00e4chtige Tiere beobachten. Hier und da kreuzten auch kleine Fr\u00f6sche unseren Weg \u2013 sehr zur Freude von SPANESSi, der einfach alle Tiere liebt.<\/p>\n\n\n\n<p>Als sich der Himmel bew\u00f6lkte, machten wir uns langsam wieder auf den R\u00fcckweg. Am Ende hatten wir eine <strong>entspannte Wanderung von rund acht Kilometern<\/strong> hinter uns.<\/p>\n\n\n\n<p>Am Parkplatz des Wanderwegs entdeckten wir zudem einen <strong>idyllischen kleinen Spielplatz<\/strong>, den SPANESSi trotz der vorherigen Tour noch ausgiebig erkundete.<\/p>\n\n\n\n<p>Im Sommer findest du im Tal \u2013 und nat\u00fcrlich in den <strong>Bergen oberhalb des Tals<\/strong> \u2013 einige gem\u00fctliche H\u00fctten. \u00dcbrigens f\u00fchrt auch der <a href=\"https:\/\/www.spaness.de\/blog\/jakobsweg-deutschland\/\" target=\"_blank\" rel=\"noreferrer noopener\">Jakobsweg<\/a> direkt an Hall in Tirol vorbei bzw. mitten hindurch.<\/p>\n\n\n<div class=\"wp-block-image\">\n<figure class=\"clear-fix imgcenter\"><img loading=\"lazy\" decoding=\"async\" width=\"1024\" height=\"768\" src=\"https:\/\/www.spaness.de\/blog\/wp-content\/uploads\/IMG_0598-1024x768.jpg\" alt=\"Ausflugsziele Hall in Tirol Hall Wattens Wandern\" class=\"img-responsive wp-image-23108\" srcset=\"https:\/\/www.spaness.de\/blog\/wp-content\/uploads\/IMG_0598-1024x768.jpg 1024w, https:\/\/www.spaness.de\/blog\/wp-content\/uploads\/IMG_0598-300x225.jpg 300w, https:\/\/www.spaness.de\/blog\/wp-content\/uploads\/IMG_0598-400x300.jpg 400w\" sizes=\"auto, (max-width: 1024px) 100vw, 1024px\" \/><\/figure><\/div>\n\n\n<h3 class=\"wp-block-heading\">Rund um Hall in Tirol: Sehensw\u00fcrdigkeiten &amp; Ausflugsziele <\/h3>\n\n\n\n<p>Im Umkreis von Hall Wattens gibt es <strong>zahlreiche sehenswerte Ausflugsziele<\/strong> \u2013 von beeindruckenden St\u00e4dten bis hin zu malerischen Ortschaften.<\/p>\n\n\n\n<p>Besonders erw\u00e4hnenswert sind die vielen <strong>Burgen und Schl\u00f6sser<\/strong> der Region: <strong>Burg Hasegg, Schloss Friedberg, Thierburg, Schneeburg, Schloss Aschach, Schloss Wohlgemutsheim, Schloss Melans, <\/strong>die<strong> Schlossruine Thaur<\/strong> sowie das<strong> ehemalige Sommerhaus des K\u00f6niglichen Haller Damenstifts<\/strong>.<\/p>\n\n\n\n<h4 class=\"wp-block-heading\">#6 Tagesausflug von Hall in Tirol: Sehensw\u00fcrdigkeiten &amp; Lieblingspl\u00e4tze in Innsbruck<\/h4>\n\n\n\n<p>Innsbruck ist nicht nur die <strong>Hauptstadt von Tirol<\/strong>, sondern z\u00e4hlt auch zu den <strong>sch\u00f6nsten St\u00e4dten \u00d6sterreichs<\/strong>. Sie liegt nur rund zehn Kilometer von Hall Wattens entfernt und bietet <strong>zahlreiche Sehensw\u00fcrdigkeiten<\/strong>.<\/p>\n\n\n\n<p>Eines der bekanntesten Wahrzeichen der Stadt ist das markante <strong>Goldene Dachl<\/strong>, das sich am Neuen Hof in der Herzog-Friedrich-Stra\u00dfe in der <strong>Innsbrucker Altstadt<\/strong> befindet. Obwohl es oft f\u00fcr echtes Gold gehalten wird, besteht das Dach in Wirklichkeit aus \u00fcber <strong>2.500 vergoldeten Kupferschindeln<\/strong>. Auf ein <em>Wiedersehen mit dem &#8222;Dachl&#8220;<\/em> habe ich mich bei unserem Besuch besonders gefreut, denn zum letzten Mal stand ich mit zarten elf Jahren, im Rahmen einer Jugendreise, staunend vor dem Dach. <\/p>\n\n\n\n<figure class=\"wp-block-image img-responsive\"><img loading=\"lazy\" decoding=\"async\" width=\"1024\" height=\"768\" src=\"https:\/\/www.spaness.de\/blog\/wp-content\/uploads\/IMG_0686-1024x768.jpg\" alt=\"Abstecher von Hall in Tirol nach Innsbruck\" class=\"img-responsive wp-image-23107\" srcset=\"https:\/\/www.spaness.de\/blog\/wp-content\/uploads\/IMG_0686-1024x768.jpg 1024w, https:\/\/www.spaness.de\/blog\/wp-content\/uploads\/IMG_0686-300x225.jpg 300w, https:\/\/www.spaness.de\/blog\/wp-content\/uploads\/IMG_0686-400x300.jpg 400w\" sizes=\"auto, (max-width: 1024px) 100vw, 1024px\" \/><\/figure>\n\n\n\n<h5 class=\"wp-block-heading\">Rund um Hall in Tiroll: Sehensw\u00fcrdigkeiten &amp; Highlights in der Innsbruck Altstadt<\/h5>\n\n\n\n<p>Bei einem Spaziergang durch die <strong>Altstadt von Innsbruck<\/strong> kommst du auch am <strong>Stadtturm<\/strong> vorbei. Der <strong>Rathausturm<\/strong> ist \u00fcber 50 Meter hoch, und auf einer H\u00f6he von rund 30 Metern l\u00e4dt eine <strong>Aussichtsplattform<\/strong> zu einem <strong>beeindruckenden Blick \u00fcber die Stadt<\/strong> ein.<\/p>\n\n\n\n<p>Ebenfalls einen Besuch wert sind die <strong>Hofburg und die Hofkirche<\/strong>, die sich am Rande der Altstadt befinden. Die <strong>Hofkirche<\/strong>, erbaut um <em>1550<\/em>, ist heute mit dem <strong>Tiroler Volkskunstmuseum<\/strong> verbunden. Nutz die Gelegenheit unbedingt f\u00fcr einen Spaziergang durch den <strong>Hofgarten<\/strong>, der direkt an die <strong>Kaiserliche Hofburg<\/strong> grenzt.<\/p>\n\n\n\n<p>Nur ein paar Schritte au\u00dferhalb der Altstadt von Innsbruck liegt der sehenswerte Stadtteil <strong>Anpruggen<\/strong> \u2013 der <strong>\u00e4lteste Stadtteil der Stadt<\/strong>. Die farbenfrohen, h\u00fcbschen H\u00e4userfassaden stammen \u00fcberwiegend aus dem <em>15. Jahrhundert<\/em> und sind ein <strong>beliebtes Fotomotiv<\/strong>.<\/p>\n\n\n\n<figure class=\"wp-block-image img-responsive\"><img loading=\"lazy\" decoding=\"async\" width=\"1024\" height=\"768\" src=\"https:\/\/www.spaness.de\/blog\/wp-content\/uploads\/IMG_0691-1024x768.jpg\" alt=\"Rund um Hall in Tirol Sehenswuerdigkeiten in Innsbruck\" class=\"img-responsive wp-image-42899\" srcset=\"https:\/\/www.spaness.de\/blog\/wp-content\/uploads\/IMG_0691-1024x768.jpg 1024w, https:\/\/www.spaness.de\/blog\/wp-content\/uploads\/IMG_0691-300x225.jpg 300w, https:\/\/www.spaness.de\/blog\/wp-content\/uploads\/IMG_0691-1536x1152.jpg 1536w, https:\/\/www.spaness.de\/blog\/wp-content\/uploads\/IMG_0691-2048x1536.jpg 2048w, https:\/\/www.spaness.de\/blog\/wp-content\/uploads\/IMG_0691-407x305.jpg 407w\" sizes=\"auto, (max-width: 1024px) 100vw, 1024px\" \/><\/figure>\n\n\n\n<h4 class=\"wp-block-heading\">#7 Wellnessfeeling: Die sch\u00f6nsten Badeseen rund um Hall Wattens<\/h4>\n\n\n\n<p>Wo Wasser ist, f\u00fchlen wir uns als Familie wohl. Besonders im Sommer zieht es uns an die <strong>Badeseen und Naturschwimmb\u00e4der<\/strong> einer Region. <strong>Hall Wattens in Tirol<\/strong> ist ein Paradies f\u00fcr Badefans, denn es gibt einige wundersch\u00f6ne Seen in der Umgebung.<\/p>\n\n\n\n<p>Mit atemberaubendem <strong>Bergpanorama<\/strong> im Hintergrund liegt der idyllische <strong>Badesee Wei\u00dflahn<\/strong>, rund 15 Kilometer von Hall Wattens entfernt. Der <strong>Lanser See<\/strong>, ein <strong>Moorsee<\/strong> im <strong>s\u00fcd\u00f6stlichen Mittelgebirge<\/strong>, befindet sich in etwa <em>13 Kilometern <\/em>Entfernung und bietet neben <strong>Badevergn\u00fcgen<\/strong> auch einen <strong>gesundheitlichen Mehrwert<\/strong>.<\/p>\n\n\n\n<p>Direkt in <strong>Hall Wattens<\/strong> l\u00e4dt das <strong>Alpenschwimmbad Wattens<\/strong> zum entspannten Planschen ein. Es bietet drei Schwimmer- und drei Nichtschwimmerbecken, eine weitl\u00e4ufige Liegewiese sowie eine gro\u00dfe Wasserrutsche. <strong>Tageskarten gibt es bereits ab 5 Euro pro Person.<\/strong><\/p>\n\n\n<div class=\"wp-block-image\">\n<figure class=\"clear-fix imgcenter\"><img loading=\"lazy\" decoding=\"async\" width=\"1024\" height=\"683\" src=\"https:\/\/www.spaness.de\/blog\/wp-content\/uploads\/DSC00798-1024x683.jpg\" alt=\"Hall in Tirol Sehenswuerdigkeiten und Ausflugsziele Hall Wattens Tirol\" class=\"img-responsive wp-image-23101\" srcset=\"https:\/\/www.spaness.de\/blog\/wp-content\/uploads\/DSC00798-1024x683.jpg 1024w, https:\/\/www.spaness.de\/blog\/wp-content\/uploads\/DSC00798-300x200.jpg 300w\" sizes=\"auto, (max-width: 1024px) 100vw, 1024px\" \/><\/figure><\/div>\n\n\n<h3 class=\"wp-block-heading\">Hall in Tirol: Diese Hotel &amp; Genuss-(Geheim)Tipps setzen auf Regionalit\u00e4t<\/h3>\n\n\n\n<p>Die <strong>Tiroler K\u00fcche<\/strong> vereint alpine Bodenst\u00e4ndigkeit mit herzhaften Aromen und regionalen Zutaten. Ob deftige <strong>Kaspresskn\u00f6del<\/strong>, knuspriges <strong>Tiroler Gr\u00f6stl<\/strong> oder s\u00fc\u00dfer <strong>Kaiserschmarrn<\/strong> \u2013 die Gerichte sind oft einfach, aber voller Geschmack und spiegeln die traditionsreiche Bergregion wider. Wer gutes Essen liebt, findet auch in <strong>Hall Wattens<\/strong> zahlreiche empfehlenswerte Restaurants und Gastronomiebetriebe. <\/p>\n\n\n\n<h4 class=\"wp-block-heading\">#8 Restaurant zum Goldenen L\u00f6wen<\/h4>\n\n\n\n<p>Ein ganz besonderer Tipp ist das <strong>Restaurant Zum Goldenen L\u00f6wen<\/strong> \u2013 nicht nur wegen der <strong>gem\u00fctlichen Atmosph\u00e4re<\/strong>, sondern auch, weil es sich in einem der <strong>\u00e4ltesten Geb\u00e4ude<\/strong> der Stadt befindet.<\/p>\n\n\n\n<p>Das Restaurant ist kein Museum, doch die figuralen <strong>Hammerarbeiten aus Kupfer- und Messingblech<\/strong> von Professor <strong>Rudolf Reinhart<\/strong> zieren die R\u00e4ume und k\u00f6nnten tats\u00e4chlich in einem Museum stehen.<\/p>\n\n\n\n<p>Auf der Speisekarte stehen <strong>regionale Spezialit\u00e4ten<\/strong> und <strong>traditionelle Tiroler Gerichte<\/strong> \u2013 und das Beste: <strong>Sie schmecken hervorragend!<\/strong><\/p>\n\n\n\n<p class=\"has-very-light-gray-to-cyan-bluish-gray-gradient-background has-background\">Goldener L\u00f6we &#8211; Das Restaurant: Oberer Stadtplatz, 6060 Hall in Tirol (\u00d6sterreich) \/\/ \u00d6ffnungszeiten: Dienstag bis Samstag &#8211; 11 Uhr bis 14.30 Uhr \/ 17.30 Uhr bis 0 Uhr<\/p>\n\n\n\n<figure class=\"wp-block-image img-responsive\"><img loading=\"lazy\" decoding=\"async\" width=\"1024\" height=\"683\" src=\"https:\/\/www.spaness.de\/blog\/wp-content\/uploads\/DSC00730-1024x683.jpg\" alt=\"Hall in Tirol Sehenswuerdigkeiten Hall Wattens\" class=\"img-responsive wp-image-42860\" srcset=\"https:\/\/www.spaness.de\/blog\/wp-content\/uploads\/DSC00730-1024x683.jpg 1024w, https:\/\/www.spaness.de\/blog\/wp-content\/uploads\/DSC00730-300x200.jpg 300w, https:\/\/www.spaness.de\/blog\/wp-content\/uploads\/DSC00730-1536x1024.jpg 1536w, https:\/\/www.spaness.de\/blog\/wp-content\/uploads\/DSC00730-2048x1365.jpg 2048w\" sizes=\"auto, (max-width: 1024px) 100vw, 1024px\" \/><\/figure>\n\n\n\n<h4 class=\"wp-block-heading\">#9 Hall in Tirol w\u00fcnscht s\u00fc\u00dfe Tr\u00e4ume: Gartenhotel Maria Theresia in Hall Wattens<\/h4>\n\n\n\n<p>Einen <strong>Hoteltipp<\/strong> habe ich zum Abschluss nat\u00fcrlich auch noch f\u00fcr dich: Wir haben im <strong>Gartenhotel Maria Theresia<\/strong> \u00fcbernachtet \u2013 ein sehr gem\u00fctliches Hotel, etwa <strong>1,5 Kilometer vom Stadtzentrum<\/strong> entfernt.<\/p>\n\n\n\n<p>Zum Hotel geh\u00f6rt ein wundersch\u00f6ner <strong>Garten<\/strong> sowie ein kleines <strong>Nutztiergehege<\/strong>, was besonders <strong>SPANESSi<\/strong> begeistert hat \u2013 schlie\u00dflich liebt er, wie bereits erw\u00e4hnt, alle Tiere.<\/p>\n\n\n\n<p>Regionalit\u00e4t spielt in diesem Hotel in <strong>Hall Wattens<\/strong> eine gro\u00dfe Rolle. Wir haben in einem <strong>ger\u00e4umigen Familienzimmer<\/strong> gewohnt, sodass <strong>SPANESSi sogar ein eigenes kleines Zimmer hatte<\/strong>, was er nat\u00fcrlich gro\u00dfartig fand.<\/p>\n\n\n\n<p>Wir haben uns im <strong>Gartenhotel in Hall in Tirol<\/strong>, sehr wohlgef\u00fchlt \u2013 auch wenn es leider keinen Wellness-Bereich gibt. Im Sommer bietet sich jedoch das <strong>Alpenschwimmbad Wattens<\/strong> (ich erw\u00e4hnte es schon unter #7), das sich direkt nebenan befindet, als perfekte Alternative an. <\/p>\n\n\n\n<p>Die idyllische Lage mit <strong>Blick auf die Berge<\/strong>, gleich neben einer kleinen Kirche, ist ein weiteres Highlight. Direkt am Hotel f\u00fchrt sogar der <a href=\"https:\/\/www.spaness.de\/blog\/jakobsweg-deutschland\/\" target=\"_blank\" rel=\"noreferrer noopener\">Jakobsweg<\/a> vorbei.<\/p>\n\n\n\n<p class=\"has-very-light-gray-to-cyan-bluish-gray-gradient-background has-background\">Gartenhotel Maria Theresia, Reimmichlstra\u00dfe 25, 6060 Hall in Tirol (\u00d6sterreich) \/\/ Zimmer ab 160.- Euro (inklusive Fr\u00fchst\u00fcck). <\/p>\n\n\n<div class=\"wp-block-image\">\n<figure class=\"clear-fix imgcenter\"><img loading=\"lazy\" decoding=\"async\" width=\"1024\" height=\"683\" src=\"https:\/\/www.spaness.de\/blog\/wp-content\/uploads\/DSC00799-1024x683.jpg\" alt=\"Gartenhotel Maria Theresia Hall in Tirol\" class=\"img-responsive wp-image-23104\" srcset=\"https:\/\/www.spaness.de\/blog\/wp-content\/uploads\/DSC00799-1024x683.jpg 1024w, https:\/\/www.spaness.de\/blog\/wp-content\/uploads\/DSC00799-300x200.jpg 300w\" sizes=\"auto, (max-width: 1024px) 100vw, 1024px\" \/><\/figure><\/div>\n\n\n<figure class=\"wp-block-gallery clear-fix imgcenter has-nested-images columns-default is-cropped wp-block-gallery-4 is-layout-flex wp-block-gallery-is-layout-flex\">\n<figure class=\"wp-block-image img-responsive\"><img loading=\"lazy\" decoding=\"async\" width=\"1024\" height=\"683\" data-id=\"23103\" src=\"https:\/\/www.spaness.de\/blog\/wp-content\/uploads\/DSC00722-1024x683.jpg\" alt=\"Maria Theresia Garten Hotel Hall Wattens Zimmerbeispiel\" class=\"img-responsive wp-image-23103\" srcset=\"https:\/\/www.spaness.de\/blog\/wp-content\/uploads\/DSC00722-1024x683.jpg 1024w, https:\/\/www.spaness.de\/blog\/wp-content\/uploads\/DSC00722-300x200.jpg 300w\" sizes=\"auto, (max-width: 1024px) 100vw, 1024px\" \/><\/figure>\n<\/figure>\n\n\n\n<p><strong>Auch Bloggerkollegen waren schon in Hall Wattens unterwegs:<\/strong><\/p>\n\n\n\n<ul class=\"wp-block-list\">\n<li><a href=\"http:\/\/www.jo-igele.de\/hall-wattens-mit-kindern\/\" target=\"_blank\" rel=\"follow noopener noreferrer\" class=\"external\">Begleitet die Igelbande von Jo Igele durch die Stadt und auf den Piepmatzweg<\/a><\/li>\n\n\n\n<li><a href=\"https:\/\/www.reisebloggerin.at\/2015\/12\/hall-wattens-tirol\/\" target=\"_blank\" rel=\"follow noopener noreferrer\" class=\"external\">Die Reisebloggerin war w\u00e4hrend der Adventszeit in Hall Wattens unterwegs<\/a><\/li>\n\n\n\n<li><a href=\"https:\/\/www.patotra.com\/familienreise-nach-hall-wattens-tirol-maerchenhaft\/\" target=\"_blank\" rel=\"follow noopener noreferrer\" class=\"external\">Patotra vergleicht Hall Wattens mit einer Stadt aus dem M\u00e4rchenbuch<\/a><\/li>\n<\/ul>\n\n\n\n<p><em>*Wir bedanken uns f\u00fcr die Einladung nach Hall Wattens und die tolle entspannte Zeit die wir vor Ort hatten.&nbsp;Dieser Artikel ist anhand einer Recherche bereits 2016 entstanden und wurde Anfang 2022 umfangreich \u00fcberarbeitet und aktualisiert. <\/em><\/p>\n\n\n\n<p><em> <a href=\"https:\/\/www.hall-wattens.at\/de\" target=\"_blank\" rel=\"noopener noreferrer nofollow\" class=\"external\">-&gt; Mehr Informationen zu HALL WATTENS hier<\/a>.<\/em><\/p>\n","protected":false},"excerpt":{"rendered":"<p>Kennst du Hall Wattens in Tirol? Wir zeigen dir die sch\u00f6nsten Sehensw\u00fcrdigkeiten in Hall Wattens und drumherum. Neugierig?<\/p>\n","protected":false},"author":2,"featured_media":23106,"comment_status":"open","ping_status":"open","sticky":false,"template":"","format":"standard","meta":{"footnotes":""},"categories":[230,269,263,295,13],"tags":[74,75,95,96,245,118],"class_list":["post-23067","post","type-post","status-publish","format-standard","has-post-thumbnail","hentry","category-10-reisetipps-fuer","category-oesterreich-urlaub","category-slow-travel","category-staedtetrips","category-urlaub","tag-kurzurlaub","tag-last-minute-reise","tag-reiseblog","tag-reiseblogger","tag-roadtrip","tag-themenurlaub"],"_links":{"self":[{"href":"https:\/\/www.spaness.de\/blog\/wp-json\/wp\/v2\/posts\/23067","targetHints":{"allow":["GET"]}}],"collection":[{"href":"https:\/\/www.spaness.de\/blog\/wp-json\/wp\/v2\/posts"}],"about":[{"href":"https:\/\/www.spaness.de\/blog\/wp-json\/wp\/v2\/types\/post"}],"author":[{"embeddable":true,"href":"https:\/\/www.spaness.de\/blog\/wp-json\/wp\/v2\/users\/2"}],"replies":[{"embeddable":true,"href":"https:\/\/www.spaness.de\/blog\/wp-json\/wp\/v2\/comments?post=23067"}],"version-history":[{"count":217,"href":"https:\/\/www.spaness.de\/blog\/wp-json\/wp\/v2\/posts\/23067\/revisions"}],"predecessor-version":[{"id":64595,"href":"https:\/\/www.spaness.de\/blog\/wp-json\/wp\/v2\/posts\/23067\/revisions\/64595"}],"wp:featuredmedia":[{"embeddable":true,"href":"https:\/\/www.spaness.de\/blog\/wp-json\/wp\/v2\/media\/23106"}],"wp:attachment":[{"href":"https:\/\/www.spaness.de\/blog\/wp-json\/wp\/v2\/media?parent=23067"}],"wp:term":[{"taxonomy":"category","embeddable":true,"href":"https:\/\/www.spaness.de\/blog\/wp-json\/wp\/v2\/categories?post=23067"},{"taxonomy":"post_tag","embeddable":true,"href":"https:\/\/www.spaness.de\/blog\/wp-json\/wp\/v2\/tags?post=23067"}],"curies":[{"name":"wp","href":"https:\/\/api.w.org\/{rel}","templated":true}]}}