{"id":25414,"date":"2025-04-17T10:00:00","date_gmt":"2025-04-17T08:00:00","guid":{"rendered":"https:\/\/www.spaness.de\/blog\/?p=25414"},"modified":"2025-04-17T15:31:10","modified_gmt":"2025-04-17T13:31:10","slug":"faro-sehenswuerdigkeiten","status":"publish","type":"post","link":"https:\/\/www.spaness.de\/blog\/faro-sehenswuerdigkeiten\/","title":{"rendered":"Portugal Roadtrip &#8211; 1 Tag in Faro:  Sehensw\u00fcrdigkeiten &amp; Geheimtipps"},"content":{"rendered":"\n<p><strong>Auf der Suche nach einem sonnigen Winterreiseziel? F\u00fcr uns ging es in den Weihnachtsferien nach <a aria-label=\"nach Portugal (opens in a new tab)\" href=\"https:\/\/www.spaness.de\/blog\/category\/urlaub\/portugal\/\" target=\"_blank\" rel=\"noreferrer noopener\">Portugal<\/a> &#8211; an die Algarve. Entlang der Atlantikk\u00fcste erlebten wir einen kleinen Algarve-Roadtrip. Insgesamt legten wir rund 1.200 Kilometer zur\u00fcck. <\/strong><\/p>\n\n\n\n<p><strong>Selbstverst\u00e4ndlich stand auch die Altstadt von Faro, Faro ist die Hauptstadt der Algarve, auf unserer Reiseliste. <\/strong><\/p>\n\n\n\n<p class=\"has-very-light-gray-to-cyan-bluish-gray-gradient-background has-background\"><strong>Unsere Empfehlung: <\/strong>Suche dir f\u00fcr deine Entdeckertour bereits im Reisef\u00fchrer (oder eben in spannenden Reiseberichten) einige Sehensw\u00fcrdigkeiten in Faro heraus, bevor du dich mit ein wenig Plan einfach durch die Stadt treiben l\u00e4sst.<\/p>\n\n\n\n<figure class=\"wp-block-image\"><img loading=\"lazy\" decoding=\"async\" width=\"1024\" height=\"683\" src=\"https:\/\/www.spaness.de\/blog\/wp-content\/uploads\/DSC02269-1024x683.jpg\" alt=\"Blick ueber Faro Altstadt\" class=\"img-responsive wp-image-25436\" srcset=\"https:\/\/www.spaness.de\/blog\/wp-content\/uploads\/DSC02269-1024x683.jpg 1024w, https:\/\/www.spaness.de\/blog\/wp-content\/uploads\/DSC02269-300x200.jpg 300w, https:\/\/www.spaness.de\/blog\/wp-content\/uploads\/DSC02269.jpg 1280w\" sizes=\"auto, (max-width: 1024px) 100vw, 1024px\" \/><\/figure>\n\n\n\n<h2 class=\"wp-block-heading\">Faro (Geheim)Tipps aus dem Reisef\u00fchrer&#8230;<\/h2>\n\n\n\n<p>Bevor ich dich mit in die <strong>Faro Altstadt <\/strong>nehme, hier ein paar Infos zur Stadt. In der Hafenstadt leben <em>knapp 40.000 Menschen<\/em> im eigentlichen Stadtgebiet und insgesamt etwas mehr als 67.000 im gesamten Bezirk. Mit einer Fl\u00e4che von <strong>\u00fcber 200 Quadratkilometern<\/strong> ist Faro <strong>die gr\u00f6\u00dfte Stadt<\/strong> der Algarve und ihr kulturelles wie administratives Zentrum. <\/p>\n\n\n\n<p>Die Hafenstadt blickt auf eine <strong>\u00fcber 2.500 Jahre alte Geschichte<\/strong> zur\u00fcck: Gegr\u00fcndet von den Ph\u00f6niziern als Ossonoba, erlebte sie eine Bl\u00fcte unter den R\u00f6mern, wurde im 8. Jahrhundert von den Mauren gepr\u00e4gt und 1249 im Zuge der Reconquista an Portugal angegliedert. Bereits seit Mitte des 18. Jahrhunderts ist Faro <strong>offizielle Hauptstadt der Algarve<\/strong> und verdankt seine Bedeutung nicht nur historischen Bauten, sondern auch seiner Rolle als <strong>moderner Verkehrsknoten\u00adpunkt<\/strong> mit internationalem Flughafen, Bahnanschluss und F\u00e4hrverbindungen in die vorgelagerte Ria Formosa. <\/p>\n\n\n\n<p>All das macht Faro zum <strong>perfekten Startpunkt f\u00fcr deinen Algarve-Roadtrip<\/strong> entlang der <strong>atemberaubenden Atlantikk\u00fcste<\/strong>. Daher sind wir auch auf dem Flughafen von Faro gelandet und haben von dort aus unsere Tour durch den S\u00fcden von Portugal gestartet. <\/p>\n\n\n\n<p class=\"has-very-light-gray-to-cyan-bluish-gray-gradient-background has-background\"><strong>Gut zu wissen: <\/strong>Aktuell werden g\u00fcnstige Fl\u00fcge an die Algarve z.B. vom Flughafen aus D\u00fcsseldorf angeboten. <\/p>\n\n\n\n<h3 class=\"wp-block-heading\">Die beste Reisezeit f\u00fcr die Algarve &amp; Urlaub in Faro<\/h3>\n\n\n\n<p>Unsere Reise fand in den <strong>Wintermonaten Dezember und Januar<\/strong> statt. Selbst dann sind es in Faro \u00fcbrigens angenehme 17 \u00b0C, sodass du entspannt im T\u2011Shirt durch die Stra\u00dfen schlendern kannst. Da <strong>Faro in einer Lagune<\/strong> liegt, weht kaum ein L\u00fcftchen durch die engen Gassen. Selbst im Winter wirkt die Stadt daher bereits sehr fr\u00fchlingshaft.<\/p>\n\n\n\n<figure class=\"wp-block-image\"><img loading=\"lazy\" decoding=\"async\" width=\"1024\" height=\"768\" src=\"https:\/\/www.spaness.de\/blog\/wp-content\/uploads\/IMG_6791-1024x768.jpg\" alt=\"Faro Sehenswuerdigkeiten: Hauserzeile in der Faro Altstadt\" class=\"img-responsive wp-image-25177\" srcset=\"https:\/\/www.spaness.de\/blog\/wp-content\/uploads\/IMG_6791-1024x768.jpg 1024w, https:\/\/www.spaness.de\/blog\/wp-content\/uploads\/IMG_6791-300x225.jpg 300w, https:\/\/www.spaness.de\/blog\/wp-content\/uploads\/IMG_6791-400x300.jpg 400w, https:\/\/www.spaness.de\/blog\/wp-content\/uploads\/IMG_6791.jpg 1280w\" sizes=\"auto, (max-width: 1024px) 100vw, 1024px\" \/><\/figure>\n\n\n\n<h3 class=\"wp-block-heading\">Faro: Sehensw\u00fcrdigkeiten &amp; Highlights<\/h3>\n\n\n\n<p>Am letzten Tag unserer <strong>Algarve-Reise<\/strong> stand die <strong>Altstadt von Faro <\/strong>ganz oben auf dem Plan. Unser Flieger sollte erst abends gegen 20&nbsp;Uhr abheben. Gegen 10&nbsp;Uhr parkten wir also unseren Leihwagen direkt vor der Faro-Altstadt und machten uns auf zu einem pers\u00f6nlichen Streifzug.<\/p>\n\n\n\n<p class=\"has-cyan-bluish-gray-background-color has-background\">F\u00fcr das Park-Tages\u00adticket haben wir rund 5&nbsp;Euro gezahlt, was f\u00fcr die zentrale Lage absolut fair ist. Parkpl\u00e4tze in Faro haben wir dir in unserer Faro Karte mit allen Sehensw\u00fcrdigkeiten, Highlights &amp; Geheimtipps in Faro markiert. <\/p>\n\n\n\n<figure class=\"wp-block-image\"><img loading=\"lazy\" decoding=\"async\" width=\"1024\" height=\"683\" src=\"https:\/\/www.spaness.de\/blog\/wp-content\/uploads\/DSC02268-1024x683.jpg\" alt=\"Faro Sehenswuerdigkeiten: Barockkarmeliterkirche Nossa Senhora do Carmo\" class=\"img-responsive wp-image-25424\" srcset=\"https:\/\/www.spaness.de\/blog\/wp-content\/uploads\/DSC02268-1024x683.jpg 1024w, https:\/\/www.spaness.de\/blog\/wp-content\/uploads\/DSC02268-300x200.jpg 300w, https:\/\/www.spaness.de\/blog\/wp-content\/uploads\/DSC02268.jpg 1280w\" sizes=\"auto, (max-width: 1024px) 100vw, 1024px\" \/><\/figure>\n\n\n\n<h4 class=\"wp-block-heading\">#1 Faro Sehensw\u00fcrdigkeiten: Highlight &#8222;Knochenkapelle&#8220; (Capela dos Ossos)<\/h4>\n\n\n\n<p>Bevor du in die <strong>engen Gassen der Altstadt<\/strong> in Faro abbiegst, entdeckst du links schon die ber\u00fchmte <strong>Knochenkapelle<\/strong>. Von unserem Parkplatz waren es gerade mal 50&nbsp;Meter. Nutze den Seiteneingang der Kirche &#8211; Eintritt liegt bei ca. 3 Euro &#8211; und schlendere durch das Kirchenschiff \u2013 unbedingt einen Blick wert! <\/p>\n\n\n\n<p>Hinten im kleinen Garten wartet die <strong>Kapelle, erbaut 1816,<\/strong> mit den <strong>Gebeinen von \u00fcber 1.000&nbsp;M\u00f6nchen<\/strong>, darunter 1.245&nbsp;Sch\u00e4deln, auf dich.<\/p>\n\n\n\n<p>SPANESSi war von der kuriosen Stimmung hier v\u00f6llig begeistert \u2013 vielleicht, weil Teenager gern ein bisschen Grusel m\u00f6gen. <\/p>\n\n\n\n<figure class=\"wp-block-gallery has-nested-images columns-2 is-cropped wp-block-gallery-1 is-layout-flex wp-block-gallery-is-layout-flex\">\n<figure class=\"wp-block-image img-responsive\"><img loading=\"lazy\" decoding=\"async\" width=\"1024\" height=\"683\" data-id=\"25419\" src=\"https:\/\/www.spaness.de\/blog\/wp-content\/uploads\/DSC02254-1024x683.jpg\" alt=\"Faro Knochenkapelle\" class=\"img-responsive wp-image-25419\" srcset=\"https:\/\/www.spaness.de\/blog\/wp-content\/uploads\/DSC02254-1024x683.jpg 1024w, https:\/\/www.spaness.de\/blog\/wp-content\/uploads\/DSC02254-300x200.jpg 300w, https:\/\/www.spaness.de\/blog\/wp-content\/uploads\/DSC02254.jpg 1280w\" sizes=\"auto, (max-width: 1024px) 100vw, 1024px\" \/><\/figure>\n\n\n\n<figure class=\"wp-block-image img-responsive\"><img loading=\"lazy\" decoding=\"async\" width=\"1024\" height=\"683\" data-id=\"25420\" src=\"https:\/\/www.spaness.de\/blog\/wp-content\/uploads\/DSC02253-1024x683.jpg\" alt=\"Faro Knochenkapelle\" class=\"img-responsive wp-image-25420\" srcset=\"https:\/\/www.spaness.de\/blog\/wp-content\/uploads\/DSC02253-1024x683.jpg 1024w, https:\/\/www.spaness.de\/blog\/wp-content\/uploads\/DSC02253-300x200.jpg 300w, https:\/\/www.spaness.de\/blog\/wp-content\/uploads\/DSC02253.jpg 1280w\" sizes=\"auto, (max-width: 1024px) 100vw, 1024px\" \/><\/figure>\n\n\n\n<figure class=\"wp-block-image img-responsive\"><img loading=\"lazy\" decoding=\"async\" width=\"1024\" height=\"683\" data-id=\"25421\" src=\"https:\/\/www.spaness.de\/blog\/wp-content\/uploads\/DSC02260-1024x683.jpg\" alt=\"Faro Knochenkapelle Klostergarten\" class=\"img-responsive wp-image-25421\" srcset=\"https:\/\/www.spaness.de\/blog\/wp-content\/uploads\/DSC02260-1024x683.jpg 1024w, https:\/\/www.spaness.de\/blog\/wp-content\/uploads\/DSC02260-300x200.jpg 300w, https:\/\/www.spaness.de\/blog\/wp-content\/uploads\/DSC02260.jpg 1280w\" sizes=\"auto, (max-width: 1024px) 100vw, 1024px\" \/><\/figure>\n\n\n\n<figure class=\"wp-block-image img-responsive\"><img loading=\"lazy\" decoding=\"async\" width=\"1024\" height=\"683\" data-id=\"25422\" src=\"https:\/\/www.spaness.de\/blog\/wp-content\/uploads\/DSC02261-1024x683.jpg\" alt=\"Faro Knochenkapelle\" class=\"img-responsive wp-image-25422\" srcset=\"https:\/\/www.spaness.de\/blog\/wp-content\/uploads\/DSC02261-1024x683.jpg 1024w, https:\/\/www.spaness.de\/blog\/wp-content\/uploads\/DSC02261-300x200.jpg 300w, https:\/\/www.spaness.de\/blog\/wp-content\/uploads\/DSC02261.jpg 1280w\" sizes=\"auto, (max-width: 1024px) 100vw, 1024px\" \/><\/figure>\n<\/figure>\n\n\n\n<h4 class=\"wp-block-heading\">#2 Urlaub in Faro: Sehensw\u00fcrdigkeiten rund um die Einkaufsmeile<\/h4>\n\n\n\n<p>Von der Knochenkapelle bis in den <strong>Kern der Altstadt von Faro <\/strong>ist es nicht weit. Auf deinem Weg durchquerst du einen Teil der <strong>Einkaufsstra\u00dfen von Faro<\/strong> \u2013 perfekt, wenn du noch ein wenig shoppen m\u00f6chtest &#8211; z.B. auch typisch regionale Souvenirs f\u00fcr die Daheimgebliebenen (wie z.B. Tont\u00f6pfe, bunte Teller, Sardinen-B\u00fcchsen etc.). Die kleinen Gesch\u00e4fte und die mit <strong>kleinen Steinen zu einem schmucken Mosaik<\/strong> verzierte Stra\u00dfe laden zum Bummeln ein. <\/p>\n\n\n\n<p>Uns zieht es jedoch weiter: Wir sind neugierig auf die Altstadt und den Hafen.<\/p>\n\n\n\n<figure class=\"wp-block-image\"><img loading=\"lazy\" decoding=\"async\" width=\"1024\" height=\"768\" src=\"https:\/\/www.spaness.de\/blog\/wp-content\/uploads\/IMG_6847-1024x768.jpg\" alt=\"Faro Sehenswuerdigkeiten: Unterwegs in der Einkaufsstrasse \" class=\"img-responsive wp-image-25175\" srcset=\"https:\/\/www.spaness.de\/blog\/wp-content\/uploads\/IMG_6847-1024x768.jpg 1024w, https:\/\/www.spaness.de\/blog\/wp-content\/uploads\/IMG_6847-300x225.jpg 300w, https:\/\/www.spaness.de\/blog\/wp-content\/uploads\/IMG_6847-400x300.jpg 400w, https:\/\/www.spaness.de\/blog\/wp-content\/uploads\/IMG_6847.jpg 1280w\" sizes=\"auto, (max-width: 1024px) 100vw, 1024px\" \/><\/figure>\n\n\n\n<h4 class=\"wp-block-heading\">#3 Urlaub in Faro: Sehensw\u00fcrdigkeiten in der Faro Altstadt <\/h4>\n\n\n\n<p>Weil in Faro ein wichtiger Flughafen liegt, wird die Stadt oft nur als Start\u2011 oder Zielort genutzt und das eigentliche Reiseziel \u00fcbersehen. Leider muss ich sagen, denn die kleine Altstadt ist definitiv einen Besuch wert.<\/p>\n\n\n\n<p>Durch ein <strong>schmales Stadttor<\/strong> gelangst du in <strong>verwinkelte Gassen<\/strong>, ges\u00e4umt von H\u00e4usern aus dem 17. und 18.&nbsp;Jahrhundert. Innerhalb der <strong>ehemaligen Stadtmauern<\/strong> erwarten dich <strong>beeindruckende Bauwerke<\/strong> wie das <strong>ehemalige Kloster \u201eNossa Senhora da Assun\u00e7\u00e3o\u201c<\/strong> mit seinem Kreuzgang aus dem 16.&nbsp;Jahrhundert (heute Sitz des Arch\u00e4ologischen Museums), das Rathaus, weitere Kirchen und ein ganz entspanntes Flair, das zum Verweilen einl\u00e4dt.<\/p>\n\n\n\n<figure class=\"wp-block-image\"><img loading=\"lazy\" decoding=\"async\" width=\"1024\" height=\"683\" src=\"https:\/\/www.spaness.de\/blog\/wp-content\/uploads\/DSC02276-1024x683.jpg\" alt=\"Bogengaenge auf dem Weg in die Faro Altstadt\" class=\"img-responsive wp-image-25426\" srcset=\"https:\/\/www.spaness.de\/blog\/wp-content\/uploads\/DSC02276-1024x683.jpg 1024w, https:\/\/www.spaness.de\/blog\/wp-content\/uploads\/DSC02276-300x200.jpg 300w, https:\/\/www.spaness.de\/blog\/wp-content\/uploads\/DSC02276.jpg 1280w\" sizes=\"auto, (max-width: 1024px) 100vw, 1024px\" \/><\/figure>\n\n\n\n<h4 class=\"wp-block-heading\">#4 Faro-Geheimtipp: Panoramablick von der Kathedrale<\/h4>\n\n\n\n<p>In <strong>Hafenn\u00e4he<\/strong> steht die <strong>Kathedrale von Faro<\/strong>, die <strong>Igreja da S\u00e9<\/strong> aus dem <em>13.&nbsp;Jahrhundert<\/em>. Innen erwartet dich eine kleine Ausstellung, und du kannst den Turm erklimmen. Von dort oben genie\u00dft du einen grandiosen Blick \u00fcber die Altstadt, den Hafen, das Naturschutzgebiet Ria&nbsp;Formosa und sogar bis zum Flughafen. <\/p>\n\n\n\n<p class=\"has-cyan-bluish-gray-background-color has-background\"><strong>Faro Tipps EXTRA:<\/strong> Im Garten der Kathedrale entdeckst du einen versteckten Knochenaltar \u2013 ein \u00fcberraschendes Detail, das kaum jemand auf dem Schirm hat. <\/p>\n\n\n\n<figure class=\"wp-block-gallery has-nested-images columns-2 is-cropped wp-block-gallery-2 is-layout-flex wp-block-gallery-is-layout-flex\">\n<figure class=\"wp-block-image img-responsive\"><img loading=\"lazy\" decoding=\"async\" width=\"1024\" height=\"768\" data-id=\"25431\" src=\"https:\/\/www.spaness.de\/blog\/wp-content\/uploads\/IMG_6797-1-1024x768.jpg\" alt=\"Faro Blick von der Kathedrale ueber die Faro Altstadt\" class=\"img-responsive wp-image-25431\" srcset=\"https:\/\/www.spaness.de\/blog\/wp-content\/uploads\/IMG_6797-1-1024x768.jpg 1024w, https:\/\/www.spaness.de\/blog\/wp-content\/uploads\/IMG_6797-1-300x225.jpg 300w, https:\/\/www.spaness.de\/blog\/wp-content\/uploads\/IMG_6797-1-407x305.jpg 407w, https:\/\/www.spaness.de\/blog\/wp-content\/uploads\/IMG_6797-1.jpg 1280w\" sizes=\"auto, (max-width: 1024px) 100vw, 1024px\" \/><\/figure>\n\n\n\n<figure class=\"wp-block-image img-responsive\"><img loading=\"lazy\" decoding=\"async\" width=\"1024\" height=\"768\" data-id=\"25432\" src=\"https:\/\/www.spaness.de\/blog\/wp-content\/uploads\/IMG_6803-1-1024x768.jpg\" alt=\"Faro Kathedrale Blick ueber die Glocke, Faro Altstadt im Hintergrund\" class=\"img-responsive wp-image-25432\" srcset=\"https:\/\/www.spaness.de\/blog\/wp-content\/uploads\/IMG_6803-1-1024x768.jpg 1024w, https:\/\/www.spaness.de\/blog\/wp-content\/uploads\/IMG_6803-1-300x225.jpg 300w, https:\/\/www.spaness.de\/blog\/wp-content\/uploads\/IMG_6803-1-407x305.jpg 407w, https:\/\/www.spaness.de\/blog\/wp-content\/uploads\/IMG_6803-1.jpg 1280w\" sizes=\"auto, (max-width: 1024px) 100vw, 1024px\" \/><\/figure>\n\n\n\n<figure class=\"wp-block-image img-responsive\"><img loading=\"lazy\" decoding=\"async\" width=\"1024\" height=\"768\" data-id=\"25433\" src=\"https:\/\/www.spaness.de\/blog\/wp-content\/uploads\/IMG_6810-1024x768.jpg\" alt=\"Sehenswuerdigkeiten in Faro: Kathedrale Glockenturm\" class=\"img-responsive wp-image-25433\" srcset=\"https:\/\/www.spaness.de\/blog\/wp-content\/uploads\/IMG_6810-1024x768.jpg 1024w, https:\/\/www.spaness.de\/blog\/wp-content\/uploads\/IMG_6810-300x225.jpg 300w, https:\/\/www.spaness.de\/blog\/wp-content\/uploads\/IMG_6810-407x305.jpg 407w, https:\/\/www.spaness.de\/blog\/wp-content\/uploads\/IMG_6810.jpg 1280w\" sizes=\"auto, (max-width: 1024px) 100vw, 1024px\" \/><\/figure>\n\n\n\n<figure class=\"wp-block-image img-responsive\"><img loading=\"lazy\" decoding=\"async\" width=\"1024\" height=\"768\" data-id=\"25434\" src=\"https:\/\/www.spaness.de\/blog\/wp-content\/uploads\/IMG_6814-1024x768.jpg\" alt=\"Faro Sehenswuerdigkeiten: altes Notenbuch aufgeklappt an der Orgel in der Kathedrale\" class=\"img-responsive wp-image-25434\" srcset=\"https:\/\/www.spaness.de\/blog\/wp-content\/uploads\/IMG_6814-1024x768.jpg 1024w, https:\/\/www.spaness.de\/blog\/wp-content\/uploads\/IMG_6814-300x225.jpg 300w, https:\/\/www.spaness.de\/blog\/wp-content\/uploads\/IMG_6814-407x305.jpg 407w, https:\/\/www.spaness.de\/blog\/wp-content\/uploads\/IMG_6814.jpg 1280w\" sizes=\"auto, (max-width: 1024px) 100vw, 1024px\" \/><\/figure>\n<\/figure>\n\n\n\n<figure class=\"wp-block-image\"><img loading=\"lazy\" decoding=\"async\" width=\"1024\" height=\"768\" src=\"https:\/\/www.spaness.de\/blog\/wp-content\/uploads\/IMG_6821-1024x768.jpg\" alt=\"Faro Sehenswuerdigkeiten: Kathedrale Blick auf die Knochenkapelle\" class=\"img-responsive wp-image-25440\" srcset=\"https:\/\/www.spaness.de\/blog\/wp-content\/uploads\/IMG_6821-1024x768.jpg 1024w, https:\/\/www.spaness.de\/blog\/wp-content\/uploads\/IMG_6821-300x225.jpg 300w, https:\/\/www.spaness.de\/blog\/wp-content\/uploads\/IMG_6821-407x305.jpg 407w, https:\/\/www.spaness.de\/blog\/wp-content\/uploads\/IMG_6821.jpg 1280w\" sizes=\"auto, (max-width: 1024px) 100vw, 1024px\" \/><figcaption class=\"wp-element-caption\">Faro Knochenkapelle<\/figcaption><\/figure>\n\n\n\n<figure class=\"wp-block-gallery has-nested-images columns-3 is-cropped wp-block-gallery-3 is-layout-flex wp-block-gallery-is-layout-flex\">\n<figure class=\"wp-block-image img-responsive\"><img loading=\"lazy\" decoding=\"async\" width=\"768\" height=\"1024\" data-id=\"25438\" src=\"https:\/\/www.spaness.de\/blog\/wp-content\/uploads\/IMG_6816-768x1024.jpg\" alt=\"Kathedrale Faro Aufgang ins oberste Stockwerk\" class=\"img-responsive wp-image-25438\" srcset=\"https:\/\/www.spaness.de\/blog\/wp-content\/uploads\/IMG_6816-768x1024.jpg 768w, https:\/\/www.spaness.de\/blog\/wp-content\/uploads\/IMG_6816-225x300.jpg 225w, https:\/\/www.spaness.de\/blog\/wp-content\/uploads\/IMG_6816.jpg 960w\" sizes=\"auto, (max-width: 768px) 100vw, 768px\" \/><\/figure>\n\n\n\n<figure class=\"wp-block-image img-responsive\"><img loading=\"lazy\" decoding=\"async\" width=\"768\" height=\"1024\" data-id=\"25437\" src=\"https:\/\/www.spaness.de\/blog\/wp-content\/uploads\/IMG_6808-768x1024.jpg\" alt=\"Sehenswuerdigkeiten: Faro Glockenturm in der Katehedrale, SPANESSi hat den Kopf in der Glocke; es ist nur sein Unterkoerper zu sehen\" class=\"img-responsive wp-image-25437\" srcset=\"https:\/\/www.spaness.de\/blog\/wp-content\/uploads\/IMG_6808-768x1024.jpg 768w, https:\/\/www.spaness.de\/blog\/wp-content\/uploads\/IMG_6808-225x300.jpg 225w, https:\/\/www.spaness.de\/blog\/wp-content\/uploads\/IMG_6808.jpg 960w\" sizes=\"auto, (max-width: 768px) 100vw, 768px\" \/><\/figure>\n\n\n\n<figure class=\"wp-block-image img-responsive\"><img loading=\"lazy\" decoding=\"async\" width=\"768\" height=\"1024\" data-id=\"25439\" src=\"https:\/\/www.spaness.de\/blog\/wp-content\/uploads\/IMG_6811-768x1024.jpg\" alt=\"Kathedrale Treppe zum Turm von Aussen\" class=\"img-responsive wp-image-25439\" srcset=\"https:\/\/www.spaness.de\/blog\/wp-content\/uploads\/IMG_6811-768x1024.jpg 768w, https:\/\/www.spaness.de\/blog\/wp-content\/uploads\/IMG_6811-225x300.jpg 225w, https:\/\/www.spaness.de\/blog\/wp-content\/uploads\/IMG_6811.jpg 960w\" sizes=\"auto, (max-width: 768px) 100vw, 768px\" \/><\/figure>\n<\/figure>\n\n\n\n<h4 class=\"wp-block-heading\">#5 Tapas-Pause in der Faro Altstadt<\/h4>\n\n\n\n<p>F\u00fcr <strong>Tapas und ein Glas guten Rotwein<\/strong> ist immer Zeit. In den <strong>verwinkelten Gassen der Altstadt <\/strong>findest du zahlreiche <strong>gem\u00fctliche Lokale<\/strong>, in denen du ganz entspannt schlemmen kannst. Gerade wenn daheim in Deutschland Winter herrscht, f\u00fchlt sich eine kleine Genuss-Auszeit in der Sonne Portugals ganz besonders &#8222;wohltuend&#8220; an. <\/p>\n\n\n\n<p>Nimm einfach Platz, lass die Eindr\u00fccke auf dich wirken und probiere unbedingt <strong>lokale Spezialit\u00e4ten <\/strong>wie <em>gebratene Sardinen<\/em>, <em>Cataplana<\/em> oder <em>Piri-Piri-H\u00e4hnchen<\/em>.<\/p>\n\n\n\n<figure class=\"wp-block-image\"><img loading=\"lazy\" decoding=\"async\" width=\"1024\" height=\"768\" src=\"https:\/\/www.spaness.de\/blog\/wp-content\/uploads\/IMG_6838-e1552385626469-1024x768.jpg\" alt=\"Faro Tapasbar, Tapas von oben fotografiert auf karierter Tischdecke\" class=\"img-responsive wp-image-25467\" srcset=\"https:\/\/www.spaness.de\/blog\/wp-content\/uploads\/IMG_6838-e1552385626469-1024x768.jpg 1024w, https:\/\/www.spaness.de\/blog\/wp-content\/uploads\/IMG_6838-e1552385626469-300x225.jpg 300w, https:\/\/www.spaness.de\/blog\/wp-content\/uploads\/IMG_6838-e1552385626469-407x305.jpg 407w, https:\/\/www.spaness.de\/blog\/wp-content\/uploads\/IMG_6838-e1552385626469.jpg 1280w\" sizes=\"auto, (max-width: 1024px) 100vw, 1024px\" \/><figcaption class=\"wp-element-caption\">Faro Tapas<\/figcaption><\/figure>\n\n\n\n<figure class=\"wp-block-gallery has-nested-images columns-default is-cropped wp-block-gallery-4 is-layout-flex wp-block-gallery-is-layout-flex\">\n<figure class=\"wp-block-image img-responsive\"><img loading=\"lazy\" decoding=\"async\" width=\"1024\" height=\"768\" data-id=\"25466\" src=\"https:\/\/www.spaness.de\/blog\/wp-content\/uploads\/IMG_6837-1024x768.jpg\" alt=\"Tapas Bar Faro, Weinglas auf Tisch mit karierter Tischdecke, im Hintergrund alte Haeuser\" class=\"img-responsive wp-image-25466\" srcset=\"https:\/\/www.spaness.de\/blog\/wp-content\/uploads\/IMG_6837-1024x768.jpg 1024w, https:\/\/www.spaness.de\/blog\/wp-content\/uploads\/IMG_6837-300x225.jpg 300w, https:\/\/www.spaness.de\/blog\/wp-content\/uploads\/IMG_6837-407x305.jpg 407w, https:\/\/www.spaness.de\/blog\/wp-content\/uploads\/IMG_6837.jpg 1280w\" sizes=\"auto, (max-width: 1024px) 100vw, 1024px\" \/><\/figure>\n\n\n\n<figure class=\"wp-block-image img-responsive\"><img loading=\"lazy\" decoding=\"async\" width=\"1024\" height=\"768\" data-id=\"25465\" src=\"https:\/\/www.spaness.de\/blog\/wp-content\/uploads\/IMG_6832-2-1024x768.jpg\" alt=\"Tapas Restaurant Faro, Tische und Stuehle outdoor auf einem huebschen Platz in der Altstadt, eingerahmt von alten Haeusern\" class=\"img-responsive wp-image-25465\" srcset=\"https:\/\/www.spaness.de\/blog\/wp-content\/uploads\/IMG_6832-2-1024x768.jpg 1024w, https:\/\/www.spaness.de\/blog\/wp-content\/uploads\/IMG_6832-2-300x225.jpg 300w, https:\/\/www.spaness.de\/blog\/wp-content\/uploads\/IMG_6832-2-407x305.jpg 407w, https:\/\/www.spaness.de\/blog\/wp-content\/uploads\/IMG_6832-2.jpg 1280w\" sizes=\"auto, (max-width: 1024px) 100vw, 1024px\" \/><\/figure>\n<\/figure>\n\n\n\n<h4 class=\"wp-block-heading\">#6 Strand &amp; Hafen<\/h4>\n\n\n\n<p>Faro hat zwar <strong>keinen klassischen Sandstrand <\/strong>direkt in der Stadt, wohl aber einen <strong>malerischen Hafen <\/strong>entlang der <strong>alten Stadtmauer<\/strong>. Ein <strong>Spaziergang auf dem Kai<\/strong> ist herrlich idyllisch und vermittelt echtes <strong>K\u00fcstenflair<\/strong>. <\/p>\n\n\n\n<p>Hier findest du auch <strong>Anbieter f\u00fcr Schiffstouren zu Delfinsichtungen<\/strong>, geheimen <strong>Grotten<\/strong> oder entlang der <strong>Ria&nbsp;Formosa<\/strong> \u2013 je nach Tour zwischen 1 und 5&nbsp;Stunden. Wenn du Zeit hast, solltest du das Meer von seiner sch\u00f6nsten Seite erleben. <\/p>\n\n\n\n<p>\u00dcbrigens f\u00fchrt direkt am Wasser eine <strong>Bahnlinie<\/strong> vorbei \u2013 ein ungew\u00f6hnliches Bild, das du dir nicht entgehen lassen solltest. Vielleicht hast du ja sogar Zeit, direkt in die Bahn einzusteigen und die K\u00fcste von der Schiene aus zu entdecken. <\/p>\n\n\n\n<figure class=\"wp-block-image\"><img loading=\"lazy\" decoding=\"async\" width=\"1024\" height=\"683\" src=\"https:\/\/www.spaness.de\/blog\/wp-content\/uploads\/DSC02271-1024x683.jpg\" alt=\"Blick auf den Hafen von Faro\" class=\"img-responsive wp-image-25458\" srcset=\"https:\/\/www.spaness.de\/blog\/wp-content\/uploads\/DSC02271-1024x683.jpg 1024w, https:\/\/www.spaness.de\/blog\/wp-content\/uploads\/DSC02271-300x200.jpg 300w, https:\/\/www.spaness.de\/blog\/wp-content\/uploads\/DSC02271.jpg 1280w\" sizes=\"auto, (max-width: 1024px) 100vw, 1024px\" \/><figcaption class=\"wp-element-caption\">Faro Hafen<\/figcaption><\/figure>\n\n\n\n<figure class=\"wp-block-image\"><img loading=\"lazy\" decoding=\"async\" width=\"1024\" height=\"768\" src=\"https:\/\/www.spaness.de\/blog\/wp-content\/uploads\/IMG_6827-1-1024x768.jpg\" alt=\"Spaziergan am Kai im Faro Hafen mit Bahnlinie zwischen Kai und Wasserkante\" class=\"img-responsive wp-image-25459\" srcset=\"https:\/\/www.spaness.de\/blog\/wp-content\/uploads\/IMG_6827-1-1024x768.jpg 1024w, https:\/\/www.spaness.de\/blog\/wp-content\/uploads\/IMG_6827-1-300x225.jpg 300w, https:\/\/www.spaness.de\/blog\/wp-content\/uploads\/IMG_6827-1-407x305.jpg 407w, https:\/\/www.spaness.de\/blog\/wp-content\/uploads\/IMG_6827-1.jpg 1280w\" sizes=\"auto, (max-width: 1024px) 100vw, 1024px\" \/><\/figure>\n\n\n\n<h4 class=\"wp-block-heading\">#7 Faro-(Geheim)Tipp: Ausfl\u00fcge in die Umgebung<\/h4>\n\n\n\n<p>F\u00fcr mich war Faro &#8211; das<strong> Tor zur Algarve<\/strong> \u2013 schon allein, weil hier mein <strong>Algarve-Roadtrip<\/strong> begann und endete. Von Faro aus erreichst du zahlreiche wundersch\u00f6ne Ziele entlang der K\u00fcste, aber auch im Hinterland \u2013 zum Beispiel einen traditionellen Kurort, den <a href=\"https:\/\/www.spaness.de\/blog\/urlaub-portugal-algarve-reisetipps\/#2-der-hochste-berg-der-algarve-monte-foia\" target=\"_blank\" rel=\"noreferrer noopener\">h\u00f6chsten Berg der Algarve<\/a>, den ber\u00fchmten \u201e<a href=\"https:\/\/www.spaness.de\/blog\/urlaub-portugal-algarve-reisetipps\/#7-ein-besuch-am-ende-der-welt-das-findet-ihr-kostenlos-an-der-algarve\" target=\"_blank\" rel=\"noreferrer noopener\">Ende\u2011der\u2011Welt\u201c-Punkt<\/a> und vieles mehr.<\/p>\n\n\n\n<p class=\"has-cyan-bluish-gray-background-color has-background\">Unseren kompletten <a href=\"https:\/\/www.spaness.de\/blog\/tag\/algarve-roadtrip\/\" target=\"_blank\" rel=\"noreferrer noopener\">Roadtrip an der Algarve von Faro bis Lissabon<\/a> findest du nat\u00fcrlich auch hier in unserem kostenfreien Reisemagazin. <\/p>\n\n\n\n<figure class=\"wp-block-image\"><img loading=\"lazy\" decoding=\"async\" width=\"1024\" height=\"768\" src=\"https:\/\/www.spaness.de\/blog\/wp-content\/uploads\/IMG_6830-1024x768.jpg\" alt=\"Faro Sehenswuerdigkeiten: Hauswand mit aufgemalten Flamingos \" class=\"img-responsive wp-image-25451\" srcset=\"https:\/\/www.spaness.de\/blog\/wp-content\/uploads\/IMG_6830-1024x768.jpg 1024w, https:\/\/www.spaness.de\/blog\/wp-content\/uploads\/IMG_6830-300x225.jpg 300w, https:\/\/www.spaness.de\/blog\/wp-content\/uploads\/IMG_6830-407x305.jpg 407w, https:\/\/www.spaness.de\/blog\/wp-content\/uploads\/IMG_6830.jpg 1280w\" sizes=\"auto, (max-width: 1024px) 100vw, 1024px\" \/><\/figure>\n\n\n\n<h3 class=\"wp-block-heading\">Faro Urlaub Tipps: Erfahrungsberichte &amp; Eindr\u00fccke<\/h3>\n\n\n\n<p>Ich hoffe, unser kleiner Reisebericht zu Faro konnte dir einige Einblicke in die Stadt geben und dich \u00fcberzeugen, bei deiner <strong><a aria-label=\"Reise nach Portugal (opens in a new tab)\" href=\"https:\/\/www.spaness.de\/blog\/category\/urlaub\/Portugal\/\" target=\"_blank\" rel=\"noreferrer noopener\">Reise nach Portugal<\/a><\/strong> Faro etwas genauer unter die Lupe zu nehmen \u2013 nicht nur den Flughafen.<\/p>\n\n\n\n<p>F\u00fcr einen entspannten Tagesausflug eignet sich Faro auf jeden Fall: Ich habe die Stadt als nicht \u00fcberlaufen empfunden, was f\u00fcr eine angenehm entspannte Atmosph\u00e4re gesorgt hat.<\/p>\n\n\n\n<figure class=\"wp-block-image\"><img loading=\"lazy\" decoding=\"async\" width=\"1024\" height=\"768\" src=\"https:\/\/www.spaness.de\/blog\/wp-content\/uploads\/IMG_6849-2-1024x768.jpg\" alt=\"Hochhaeuser in der Faro Neustadt\" class=\"img-responsive wp-image-25173\" srcset=\"https:\/\/www.spaness.de\/blog\/wp-content\/uploads\/IMG_6849-2-1024x768.jpg 1024w, https:\/\/www.spaness.de\/blog\/wp-content\/uploads\/IMG_6849-2-300x225.jpg 300w, https:\/\/www.spaness.de\/blog\/wp-content\/uploads\/IMG_6849-2-400x300.jpg 400w, https:\/\/www.spaness.de\/blog\/wp-content\/uploads\/IMG_6849-2.jpg 1280w\" sizes=\"auto, (max-width: 1024px) 100vw, 1024px\" \/><\/figure>\n\n\n\n<h4 class=\"wp-block-heading\">Faro Sehensw\u00fcrdigkeiten: Weitere Erfahrungsberichte, Lese &amp; Shoppingtipps<\/h4>\n\n\n\n<p>Du willst mehr \u00fcber Faro wissen? Ich habe auch bei anderen Reisebloggern nach Tipps zu einem Urlaub in Faro bzw. zu einem Ausflugs nach Faro gesucht und wurde f\u00fcndig:<\/p>\n\n\n\n<ul class=\"wp-block-list\">\n<li>Vielweib on Tour war ebenfalls in <a href=\"https:\/\/www.vielweib.de\/faro\/\" target=\"_blank\" rel=\"follow noreferrer noopener\" class=\"external\">Faro im Winter<\/a> unterwegs. In ihrem Reisebericht findet ihr auch tolle Restaurant-Tipps! <\/li>\n\n\n\n<li>Schau dir auch meine <a aria-label=\"Werft auch einen Blick auf meine Portugal-Pinnwand auf Pinterest.  (opens in a new tab)\" href=\"https:\/\/www.pinterest.de\/spanessa\/portugal-reisen\/\" target=\"_blank\" rel=\"noreferrer noopener nofollow\" class=\"external\">Portugal-Pinnwand<\/a> auf Pinterest an.<\/li>\n\n\n\n<li>Reisef\u00fchrer <a href=\"https:\/\/amzn.to\/42EYA3v\" target=\"_blank\" rel=\"noreferrer noopener sponsored nofollow\" class=\"external\">Algarve &#8222;fahr hin und werde gl\u00fccklich&#8220;<\/a> von Nicole Biarn\u00e9s* <\/li>\n<\/ul>\n\n\n\n<p><\/p>\n\n\n\n<figure class=\"wp-block-image img-responsive\"><img loading=\"lazy\" decoding=\"async\" width=\"1024\" height=\"683\" src=\"https:\/\/www.spaness.de\/blog\/wp-content\/uploads\/faro_winter_algarve_tanja_neumann_vielweib-09962-1024x683.jpg\" alt=\"Reisefuehrer Gluecksorte an der Algarve \" class=\"img-responsive wp-image-65465\" srcset=\"https:\/\/www.spaness.de\/blog\/wp-content\/uploads\/faro_winter_algarve_tanja_neumann_vielweib-09962-1024x683.jpg 1024w, https:\/\/www.spaness.de\/blog\/wp-content\/uploads\/faro_winter_algarve_tanja_neumann_vielweib-09962-300x200.jpg 300w, https:\/\/www.spaness.de\/blog\/wp-content\/uploads\/faro_winter_algarve_tanja_neumann_vielweib-09962-1536x1024.jpg 1536w, https:\/\/www.spaness.de\/blog\/wp-content\/uploads\/faro_winter_algarve_tanja_neumann_vielweib-09962.jpg 1600w\" sizes=\"auto, (max-width: 1024px) 100vw, 1024px\" \/><\/figure>\n\n\n\n<p><\/p>\n\n\n\n<ul class=\"wp-block-list\">\n<li>Stilvoll speisen von <a href=\"https:\/\/amzn.to\/4lOR1Qu\" target=\"_blank\" rel=\"noreferrer noopener sponsored nofollow\" class=\"external\">h\u00fcbsch verzierten Tellern im Algarve-Design<\/a>*<\/li>\n\n\n\n<li><a href=\"https:\/\/amzn.to\/42xmJbZ\" target=\"_blank\" rel=\"noreferrer noopener sponsored nofollow\" class=\"external\">Weinprobier-Paket &#8222;quer durch Portugal&#8220;<\/a>*<\/li>\n\n\n\n<li><a href=\"https:\/\/amzn.to\/43YtXZ8\" target=\"_blank\" rel=\"noreferrer noopener sponsored nofollow\" class=\"external\">Portugiesische Sardinen in Oliven\u00f6l<\/a> (lecker)*<\/li>\n<\/ul>\n\n\n\n<p><\/p>\n\n\n\n<figure class=\"wp-block-image\"><img loading=\"lazy\" decoding=\"async\" width=\"768\" height=\"1024\" src=\"https:\/\/www.spaness.de\/blog\/wp-content\/uploads\/IMG_6843-768x1024.jpg\" alt=\"In den Strassen von Faro an der Algarve, Lampion Deko in den Strassen der Altstadt von Faro\" class=\"img-responsive wp-image-25476\" srcset=\"https:\/\/www.spaness.de\/blog\/wp-content\/uploads\/IMG_6843-768x1024.jpg 768w, https:\/\/www.spaness.de\/blog\/wp-content\/uploads\/IMG_6843-225x300.jpg 225w, https:\/\/www.spaness.de\/blog\/wp-content\/uploads\/IMG_6843.jpg 960w\" sizes=\"auto, (max-width: 768px) 100vw, 768px\" \/><\/figure>\n\n\n\n<iframe loading=\"lazy\" src=\"https:\/\/www.google.com\/maps\/d\/embed?mid=1KIcCp3nxIgpyGSl48pq_0k600qFc8js&#038;ehbc=2E312F\" width=\"100%\" height=\"480\"><\/iframe>\n\n\n\n<p>*<em>Unseren Ausflug nach Faro (und auch unseren Urlaub nach  Portugal) haben wir privat unternommen. Es gab f\u00fcr diese Reise keine Kopperationen und Verg\u00fcnstigungen. Trotzdem bin ich verpflichtet, meine  Artikel mit Werbung zu kennzeichnen, wenn ich Orte und Aktivit\u00e4ten vorstelle oder gar empfehle<\/em>. <em>Unter den Lesetipps findet ihr auch Tipps mit einem * Dabei handelt es sich um einen Affiliate-Link zu amazon. Wenn du dar\u00fcber etwas bestellst, kostet es dich nicht mehr, doch ich erhalte eine kleine Provision. Dieser Reisebericht wurde erstmalig 2019 ver\u00f6ffentlicht. Im Fr\u00fchling 2025 wurde er umfangreich aktualisiert. <\/em><\/p>\n","protected":false},"excerpt":{"rendered":"<p>Roadtrip durch Portugal. Roadtrip entlang der Algarve. Dabei haben wir auch einen &#8218;entspannten&#8216; Stopp in Faro eingelegt. Wir zeigen dir die besten Sehensw\u00fcrdigkeiten &#038; Geheimtipps<\/p>\n","protected":false},"author":2,"featured_media":25421,"comment_status":"open","ping_status":"open","sticky":false,"template":"","format":"standard","meta":{"footnotes":""},"categories":[230,238,263,295,13],"tags":[277,43,274,245,181],"class_list":["post-25414","post","type-post","status-publish","format-standard","has-post-thumbnail","hentry","category-10-reisetipps-fuer","category-portugal","category-slow-travel","category-staedtetrips","category-urlaub","tag-algarve-roadtrip","tag-familienurlaub","tag-portugal-roadtrip","tag-roadtrip","tag-staedtetrip"],"_links":{"self":[{"href":"https:\/\/www.spaness.de\/blog\/wp-json\/wp\/v2\/posts\/25414","targetHints":{"allow":["GET"]}}],"collection":[{"href":"https:\/\/www.spaness.de\/blog\/wp-json\/wp\/v2\/posts"}],"about":[{"href":"https:\/\/www.spaness.de\/blog\/wp-json\/wp\/v2\/types\/post"}],"author":[{"embeddable":true,"href":"https:\/\/www.spaness.de\/blog\/wp-json\/wp\/v2\/users\/2"}],"replies":[{"embeddable":true,"href":"https:\/\/www.spaness.de\/blog\/wp-json\/wp\/v2\/comments?post=25414"}],"version-history":[{"count":149,"href":"https:\/\/www.spaness.de\/blog\/wp-json\/wp\/v2\/posts\/25414\/revisions"}],"predecessor-version":[{"id":65474,"href":"https:\/\/www.spaness.de\/blog\/wp-json\/wp\/v2\/posts\/25414\/revisions\/65474"}],"wp:featuredmedia":[{"embeddable":true,"href":"https:\/\/www.spaness.de\/blog\/wp-json\/wp\/v2\/media\/25421"}],"wp:attachment":[{"href":"https:\/\/www.spaness.de\/blog\/wp-json\/wp\/v2\/media?parent=25414"}],"wp:term":[{"taxonomy":"category","embeddable":true,"href":"https:\/\/www.spaness.de\/blog\/wp-json\/wp\/v2\/categories?post=25414"},{"taxonomy":"post_tag","embeddable":true,"href":"https:\/\/www.spaness.de\/blog\/wp-json\/wp\/v2\/tags?post=25414"}],"curies":[{"name":"wp","href":"https:\/\/api.w.org\/{rel}","templated":true}]}}