{"id":29827,"date":"2020-04-15T18:29:31","date_gmt":"2020-04-15T16:29:31","guid":{"rendered":"https:\/\/www.spaness.de\/blog\/?p=29827"},"modified":"2021-02-08T18:19:16","modified_gmt":"2021-02-08T17:19:16","slug":"warwer-sand","status":"publish","type":"post","link":"https:\/\/www.spaness.de\/blog\/warwer-sand\/","title":{"rendered":"Bremen Ausflugsziele: D\u00fcnen im Warwer Sand"},"content":{"rendered":"\n<p><strong>Wir sind gern in der Natur unterwegs. W\u00e4lder, Wiesen, Moore und Weiden. Natur pur entspannt und beruhigt. Wir k\u00f6nnen davon gar nicht genug bekommen. Aus diesem Grund zieht es uns, wenn wir nicht gerade auf Reisen sind, auch fast jedes Wochenende zu verschiedenen &#8222;nat\u00fcrlichen&#8220; Ausflugszielen in unserer <a rel=\"noreferrer noopener\" aria-label=\"Heimat Norddeutschland (opens in a new tab)\" href=\"https:\/\/www.spaness.de\/blog\/category\/urlaub\/heimatliebe\/\" target=\"_blank\">Heimat Norddeutschland<\/a>. <\/strong><\/p>\n\n\n\n<p>Heute hei\u00dft es <strong>wandern in Bremen und Umzu<\/strong> &#8211; ich nehme euch mit in den Warwer Sand.<\/p>\n\n\n\n<figure class=\"wp-block-image\"><img loading=\"lazy\" decoding=\"async\" width=\"1024\" height=\"768\" src=\"https:\/\/www.spaness.de\/blog\/wp-content\/uploads\/IMG_4989-2-1024x768.jpg\" alt=\"Warwer Sand \" class=\"img-responsive wp-image-29849\" srcset=\"https:\/\/www.spaness.de\/blog\/wp-content\/uploads\/IMG_4989-2-1024x768.jpg 1024w, https:\/\/www.spaness.de\/blog\/wp-content\/uploads\/IMG_4989-2-300x225.jpg 300w, https:\/\/www.spaness.de\/blog\/wp-content\/uploads\/IMG_4989-2-407x305.jpg 407w, https:\/\/www.spaness.de\/blog\/wp-content\/uploads\/IMG_4989-2.jpg 1280w\" sizes=\"auto, (max-width: 1024px) 100vw, 1024px\" \/><figcaption>Warwer Sand <\/figcaption><\/figure>\n\n\n\n<h2 class=\"wp-block-heading\">Warwer Sand: Sandd\u00fcnen, Geest &amp; Wald<\/h2>\n\n\n\n<h5 class=\"wp-block-heading\">D\u00fcnenlandschaft mit Wald um Bremen<\/h5>\n\n\n\n<p>Bevor es jetzt aber in vielen Bildern durch das <strong>Naherholungsgebiet und den Wald bei Bremen <\/strong>geht, ein paar wissenswerte S\u00e4tze zum Warwer Sand. <\/p>\n\n\n\n<p>Der Warwer Sand ist ein Teil des <strong>Naturparks Wildeshauser Geest<\/strong>. am Rande <strong>zwischen <a rel=\"noreferrer noopener\" aria-label=\"Niedersachsen (opens in a new tab)\" href=\"https:\/\/www.spaness.de\/blog\/category\/urlaub\/niedersachsen-reisen-fuer-alle\/\" target=\"_blank\">Niedersachsen<\/a> und <a href=\"https:\/\/www.spaness.de\/blog\/category\/urlaub\/bremen-urlaub-tipps\/\" target=\"_blank\" rel=\"noreferrer noopener\" aria-label=\"Bremen (opens in a new tab)\">Bremen<\/a><\/strong>. Er liegt, rund 30 Minuten von der Innenstadt entfern, in <strong>Stuhr<\/strong>. <\/p>\n\n\n\n<blockquote class=\"wp-block-quote is-layout-flow wp-block-quote-is-layout-flow\"><p>Die Namensgebung &#8222;Warwer Sand&#8220; ist eine Ableitung von der uspr\u00fcnglichen Landschaft, die n\u00e4mlich aus einer Wanderd\u00fcne bestand. Eine der letzten Binnenlandd\u00fcnen, die urspr\u00fcnglich durch die Eiszeit entstanden sind. <\/p><\/blockquote>\n\n\n\n<p>Die <strong>urspr\u00fcngliche D\u00fcnenlandschaft<\/strong> wurde sp\u00e4ter (vor rund 100 Jahren) abgebaut und rekultiviert. Doch an vielen Ecken hat sich die Naturlandschaft aber die <strong>D\u00fcnenlandschaft bewahrt<\/strong>.  <\/p>\n\n\n\n<figure class=\"wp-block-image\"><img loading=\"lazy\" decoding=\"async\" width=\"1024\" height=\"768\" src=\"https:\/\/www.spaness.de\/blog\/wp-content\/uploads\/IMG_4982-1024x768.jpg\" alt=\"Warwer Sand\" class=\"img-responsive wp-image-29850\" srcset=\"https:\/\/www.spaness.de\/blog\/wp-content\/uploads\/IMG_4982-1024x768.jpg 1024w, https:\/\/www.spaness.de\/blog\/wp-content\/uploads\/IMG_4982-300x225.jpg 300w, https:\/\/www.spaness.de\/blog\/wp-content\/uploads\/IMG_4982-407x305.jpg 407w, https:\/\/www.spaness.de\/blog\/wp-content\/uploads\/IMG_4982.jpg 1280w\" sizes=\"auto, (max-width: 1024px) 100vw, 1024px\" \/><figcaption>Warwer Sand<\/figcaption><\/figure>\n\n\n\n<h3 class=\"wp-block-heading\">Im Bremen Wald: Wo es summt &amp; brummt<\/h3>\n\n\n\n<h5 class=\"wp-block-heading\">Top Bremen Ausflug mit Kindern<\/h5>\n\n\n\n<p>Die <strong>aussergew\u00f6hnliche Sand-Landschaft, <\/strong>mit dem angeschlossenen <strong>Waldgebiet &#8222;Bradenholz&#8220;<\/strong>, bietet eine Heimat f\u00fcr zahlreiche Tiere (sogar ein Wolf soll hier gesichtet worden sein), Pflanzenarten und besonders Insekten f\u00fchlen sich sehr wohl. Schmetterlinge, K\u00e4fer, Sandl\u00e4ufer, Spinnen, Wespen, Sandbienen und Ameisen &#8211; es summt und brummt eben an allen Ecken. <\/p>\n\n\n\n<p>Der Warwer Sand, mit seiner D\u00fcnenlandschaft, die auf Kinder wie eine <strong>gro\u00dfe Sandkiste<\/strong> wirkt, ist damit ganz bestimmt ein sehr lohnenswertes <strong>Ausflugsziel f\u00fcr die ganze Familie<\/strong>. <\/p>\n\n\n\n<figure class=\"wp-block-image\"><img loading=\"lazy\" decoding=\"async\" width=\"1024\" height=\"768\" src=\"https:\/\/www.spaness.de\/blog\/wp-content\/uploads\/IMG_5001-2-1024x768.jpg\" alt=\"Bremen Wandern Warwer Sand\" class=\"img-responsive wp-image-29852\" srcset=\"https:\/\/www.spaness.de\/blog\/wp-content\/uploads\/IMG_5001-2-1024x768.jpg 1024w, https:\/\/www.spaness.de\/blog\/wp-content\/uploads\/IMG_5001-2-300x225.jpg 300w, https:\/\/www.spaness.de\/blog\/wp-content\/uploads\/IMG_5001-2-407x305.jpg 407w, https:\/\/www.spaness.de\/blog\/wp-content\/uploads\/IMG_5001-2.jpg 1280w\" sizes=\"auto, (max-width: 1024px) 100vw, 1024px\" \/><figcaption>Bradenholz<\/figcaption><\/figure>\n\n\n\n<figure class=\"wp-block-image\"><img loading=\"lazy\" decoding=\"async\" width=\"1024\" height=\"768\" src=\"https:\/\/www.spaness.de\/blog\/wp-content\/uploads\/IMG_4972-1024x768.jpg\" alt=\"Wandern Bremen Warwer Sand\" class=\"img-responsive wp-image-29857\" srcset=\"https:\/\/www.spaness.de\/blog\/wp-content\/uploads\/IMG_4972-1024x768.jpg 1024w, https:\/\/www.spaness.de\/blog\/wp-content\/uploads\/IMG_4972-300x225.jpg 300w, https:\/\/www.spaness.de\/blog\/wp-content\/uploads\/IMG_4972-407x305.jpg 407w, https:\/\/www.spaness.de\/blog\/wp-content\/uploads\/IMG_4972.jpg 1280w\" sizes=\"auto, (max-width: 1024px) 100vw, 1024px\" \/><figcaption>Warwer Sand<\/figcaption><\/figure>\n\n\n\n<h3 class=\"wp-block-heading\">Wandern in Bremen<\/h3>\n\n\n\n<h5 class=\"wp-block-heading\">Eignet sich der Warwer Sand f\u00fcr Wanderungen?<\/h5>\n\n\n\n<p>Die beeindruckende Wald- und D\u00fcnenlandschaft verzaubert. Sie bietet <strong>breite Wege<\/strong> aber auch <strong>schmale, verwinkelte Pfade<\/strong> und vor allen Dingen ein sehr abwechselungsreiches Bild, durch die <strong>Sand- und Waldfl\u00e4chen<\/strong>. Im Warwer Sand und dem angrenzenden Bradenholz gibt es wirklichen einen bunten Vegetaturmix: unterschiedliche Laubb\u00e4ume, B\u00fcsche, Str\u00e4ucher, Nadelgeh\u00f6lz, Gr\u00e4ser, Pilze, Moose, bl\u00fchende Blumen und andere Pfl\u00e4nzchen. <\/p>\n\n\n\n<p>Die vielfl\u00e4ltige Landschaft l\u00e4dt f\u00f6rmlich ein zu <strong>kleinen Wanderungen<\/strong>. Durch die zahlreichen Wege bietet sich auch gut die M\u00f6glichkeit zu erlebnisreichen <strong>Rundwandertouren<\/strong>. Zwischen 4 Kilometern bis 15 Kilometer. <\/p>\n\n\n\n<p>Wir waren schon mehrfach im Warwer Sand, f\u00fcr einen <strong>Tagesausflug<\/strong>. Wir <strong>packen unseren Rucksack<\/strong>, samt Kamera und ziehen durch Wald und Wiesen und suchen uns zwischendurch ein nettes Pl\u00e4tzchen f\u00fcr ein Picknick. <\/p>\n\n\n\n<figure class=\"wp-block-image\"><img loading=\"lazy\" decoding=\"async\" width=\"1024\" height=\"768\" src=\"https:\/\/www.spaness.de\/blog\/wp-content\/uploads\/IMG_4978-1024x768.jpg\" alt=\"\" class=\"img-responsive wp-image-29858\" srcset=\"https:\/\/www.spaness.de\/blog\/wp-content\/uploads\/IMG_4978-1024x768.jpg 1024w, https:\/\/www.spaness.de\/blog\/wp-content\/uploads\/IMG_4978-300x225.jpg 300w, https:\/\/www.spaness.de\/blog\/wp-content\/uploads\/IMG_4978-407x305.jpg 407w, https:\/\/www.spaness.de\/blog\/wp-content\/uploads\/IMG_4978.jpg 1280w\" sizes=\"auto, (max-width: 1024px) 100vw, 1024px\" \/><\/figure>\n\n\n\n<figure class=\"wp-block-image\"><img loading=\"lazy\" decoding=\"async\" width=\"1024\" height=\"768\" src=\"https:\/\/www.spaness.de\/blog\/wp-content\/uploads\/IMG_4985-2-1024x768.jpg\" alt=\"Warwer Sand\" class=\"img-responsive wp-image-29861\" srcset=\"https:\/\/www.spaness.de\/blog\/wp-content\/uploads\/IMG_4985-2-1024x768.jpg 1024w, https:\/\/www.spaness.de\/blog\/wp-content\/uploads\/IMG_4985-2-300x225.jpg 300w, https:\/\/www.spaness.de\/blog\/wp-content\/uploads\/IMG_4985-2-407x305.jpg 407w, https:\/\/www.spaness.de\/blog\/wp-content\/uploads\/IMG_4985-2.jpg 1280w\" sizes=\"auto, (max-width: 1024px) 100vw, 1024px\" \/><figcaption>Warwer Sand<\/figcaption><\/figure>\n\n\n\n<h3 class=\"wp-block-heading\">Bremen Ausflugsm\u00f6glichkeiten: Per Rad &amp; Pferd<\/h3>\n\n\n\n<p>Das Waldgebiet Bradenholz und Warwer Sand sind nicht nur ein <strong>beliebtes Naherholungsziel<\/strong> f\u00fcr Naturfreunde, Fotosfans und Wanderer aus der Region. <\/p>\n\n\n\n<p>Im Warwer Sand k\u00f6nnen sich auch <strong>Radfahrer und Mountainbiker<\/strong> richtig austoben. Das liegt nat\u00fcrilch auch an der h\u00fcgeligen Landschaft, im Wechsel mit den Sandfl\u00e4chen und dem interessanten Wegeverlauf.<\/p>\n\n\n\n<p>Die Sandwege laden nat\u00fcrlich auch Reiter ein, die <strong>Landschaft zu genie\u00dfen<\/strong>. Ingesamt bietet das Gebiet aber wirklich ausreichend Raum und Platz f\u00fcr kleine und gro\u00dfe Entdecker. <\/p>\n\n\n\n<figure class=\"wp-block-image\"><img loading=\"lazy\" decoding=\"async\" width=\"1024\" height=\"768\" src=\"https:\/\/www.spaness.de\/blog\/wp-content\/uploads\/IMG_5003-1024x768.jpg\" alt=\"Bradenholz\" class=\"img-responsive wp-image-29866\" srcset=\"https:\/\/www.spaness.de\/blog\/wp-content\/uploads\/IMG_5003-1024x768.jpg 1024w, https:\/\/www.spaness.de\/blog\/wp-content\/uploads\/IMG_5003-300x225.jpg 300w, https:\/\/www.spaness.de\/blog\/wp-content\/uploads\/IMG_5003-407x305.jpg 407w, https:\/\/www.spaness.de\/blog\/wp-content\/uploads\/IMG_5003.jpg 1280w\" sizes=\"auto, (max-width: 1024px) 100vw, 1024px\" \/><figcaption>Bradenholz<\/figcaption><\/figure>\n\n\n\n<figure class=\"wp-block-image\"><img loading=\"lazy\" decoding=\"async\" width=\"768\" height=\"1024\" src=\"https:\/\/www.spaness.de\/blog\/wp-content\/uploads\/IMG_5004-768x1024.jpg\" alt=\"Wald Bremen\" class=\"img-responsive wp-image-29862\" srcset=\"https:\/\/www.spaness.de\/blog\/wp-content\/uploads\/IMG_5004-768x1024.jpg 768w, https:\/\/www.spaness.de\/blog\/wp-content\/uploads\/IMG_5004-225x300.jpg 225w, https:\/\/www.spaness.de\/blog\/wp-content\/uploads\/IMG_5004.jpg 960w\" sizes=\"auto, (max-width: 768px) 100vw, 768px\" \/><figcaption>Wald Bremen<\/figcaption><\/figure>\n\n\n\n<h4 class=\"wp-block-heading\">Ausflug Bremen: Wie komme ich in den Warwer Sand?<\/h4>\n\n\n\n<p>Rund um die <strong>D\u00fcnenlandschaft <\/strong>und das Bradenholz liegen verschiedene Wanderparkpl\u00e4tze. Da wir mit dem Auto aus Richtung Hamburg kommen, nehmen wir die Abfahrt Bremen-Brinkum, von dort geht es weiter in Richtung Syke. Der Parkplatz liegt in der Warwer Stra\u00dfe. <\/p>\n\n\n\n<p>Wanderfreunde und Naturfans, die mit \u00f6ffentlichen Verkehrsmitteln anreisen (z.B. ab Bremen), fahren bis Ristedt Hauptstra\u00dfe oder aber sie starten \/ enden ab Warwe Siedlung. <\/p>\n\n\n\n<figure class=\"wp-block-image\"><img loading=\"lazy\" decoding=\"async\" width=\"768\" height=\"1024\" src=\"https:\/\/www.spaness.de\/blog\/wp-content\/uploads\/IMG_4998-768x1024.jpg\" alt=\"Wandern Bremen Warwer Sand\" class=\"img-responsive wp-image-29892\" srcset=\"https:\/\/www.spaness.de\/blog\/wp-content\/uploads\/IMG_4998-768x1024.jpg 768w, https:\/\/www.spaness.de\/blog\/wp-content\/uploads\/IMG_4998-225x300.jpg 225w, https:\/\/www.spaness.de\/blog\/wp-content\/uploads\/IMG_4998.jpg 960w\" sizes=\"auto, (max-width: 768px) 100vw, 768px\" \/><figcaption>Warwer Sand<\/figcaption><\/figure>\n\n\n\n<h5 class=\"wp-block-heading\">Wandern Bremen Umgebung &#8211; mehr Vorschl\u00e4ge &amp; Ideen:<\/h5>\n\n\n\n<p>Habt ihr jetzt richtig Lust auf Entdeckertouren durch Bremen bekommen? Wir haben noch weitere Ideen f\u00fcr euch gesammelt f\u00fcr Ausfl\u00fcge in die Natur rund um Bremen:<\/p>\n\n\n\n<ul class=\"wp-block-list\"><li>Wald Bremen Umgebung: <a rel=\"noreferrer noopener\" aria-label=\"Ausflug ins Tister Bauernmoor (opens in a new tab)\" href=\"https:\/\/www.spaness.de\/blog\/tister-bauernmoor-hamburg-metropolregion\/\" target=\"_blank\">Ausflug ins Tister Bauernmoor<\/a><\/li><li>Bremen Aktivit\u00e4ten &#8211; Raus aus der Stadt: <a rel=\"noreferrer noopener\" aria-label=\"Mit dem Fahrrad auf dem Osteradweg (opens in a new tab)\" href=\"https:\/\/www.spaness.de\/blog\/osteradweg\/\" target=\"_blank\">Mit dem Fahrrad auf dem Osteradweg<\/a><\/li><li>Wandern Bremen &#8211; raus aufs Land: <a rel=\"noreferrer noopener\" aria-label=\"Sonnenaufgang in der L\u00fcneburger Heide (opens in a new tab)\" href=\"https:\/\/www.spaness.de\/blog\/europaeischer-fernwanderweg-nordheide\/\" target=\"_blank\">Sonnenaufgang in der L\u00fcneburger Heide<\/a><\/li><\/ul>\n","protected":false},"excerpt":{"rendered":"<p>Lust auf einen Bremen Wandertipp der ganz besonderen Art? Kennt ihr Warwer Sand? Eine beeindr\u00fcckende D\u00fcnenlandschaft am Rande von Bremen! <\/p>\n","protected":false},"author":2,"featured_media":29850,"comment_status":"open","ping_status":"open","sticky":false,"template":"","format":"standard","meta":{"footnotes":""},"categories":[218,5,264,216,263,13,14],"tags":[87,95,96,183,184,135,136,137],"class_list":["post-29827","post","type-post","status-publish","format-standard","has-post-thumbnail","hentry","category-bremen-urlaub-tipps","category-heimatliebe","category-nachhaltig-reisen-leben","category-niedersachsen-reisen-fuer-alle","category-slow-travel","category-urlaub","category-urlaub-in-deutschland","tag-naturtourismus","tag-reiseblog","tag-reiseblogger","tag-slow-tourism","tag-slow-travel","tag-wandern","tag-wanderregion","tag-wanderrouten"],"_links":{"self":[{"href":"https:\/\/www.spaness.de\/blog\/wp-json\/wp\/v2\/posts\/29827","targetHints":{"allow":["GET"]}}],"collection":[{"href":"https:\/\/www.spaness.de\/blog\/wp-json\/wp\/v2\/posts"}],"about":[{"href":"https:\/\/www.spaness.de\/blog\/wp-json\/wp\/v2\/types\/post"}],"author":[{"embeddable":true,"href":"https:\/\/www.spaness.de\/blog\/wp-json\/wp\/v2\/users\/2"}],"replies":[{"embeddable":true,"href":"https:\/\/www.spaness.de\/blog\/wp-json\/wp\/v2\/comments?post=29827"}],"version-history":[{"count":62,"href":"https:\/\/www.spaness.de\/blog\/wp-json\/wp\/v2\/posts\/29827\/revisions"}],"predecessor-version":[{"id":30024,"href":"https:\/\/www.spaness.de\/blog\/wp-json\/wp\/v2\/posts\/29827\/revisions\/30024"}],"wp:featuredmedia":[{"embeddable":true,"href":"https:\/\/www.spaness.de\/blog\/wp-json\/wp\/v2\/media\/29850"}],"wp:attachment":[{"href":"https:\/\/www.spaness.de\/blog\/wp-json\/wp\/v2\/media?parent=29827"}],"wp:term":[{"taxonomy":"category","embeddable":true,"href":"https:\/\/www.spaness.de\/blog\/wp-json\/wp\/v2\/categories?post=29827"},{"taxonomy":"post_tag","embeddable":true,"href":"https:\/\/www.spaness.de\/blog\/wp-json\/wp\/v2\/tags?post=29827"}],"curies":[{"name":"wp","href":"https:\/\/api.w.org\/{rel}","templated":true}]}}