{"id":30648,"date":"2020-05-04T13:36:27","date_gmt":"2020-05-04T11:36:27","guid":{"rendered":"https:\/\/www.spaness.de\/blog\/?p=30648"},"modified":"2020-05-05T20:44:53","modified_gmt":"2020-05-05T18:44:53","slug":"vipassana-meditation","status":"publish","type":"post","link":"https:\/\/www.spaness.de\/blog\/vipassana-meditation\/","title":{"rendered":"Vipassana Meditation: Schweige-Auszeit am Ende der Welt"},"content":{"rendered":"\n<p><strong>Woran denkt ihr, wenn ihr Vipassana h\u00f6rt? Kennt ihr den Begriff? Vipassana bezeichnet eine meditative Schweige-Auszeit. Zugegeben, auch Kl\u00f6ster und Meditionsh\u00e4user hierzulande bieten solche Schweige-Auszeiten oder auch &#8222;fancy&#8220; ein &#8222;Vipassana Meditation Retreat&#8220; an.<\/strong><\/p>\n\n\n\n<p><strong>Doch wie l\u00e4uft so eine Vipassana Erfahrung am anderen Ende der Welt ab? <\/strong><\/p>\n\n\n\n<p>&#8230;und wacht man einfach morgens auf und denkt sich, ich mache jetzt ein Vipassana? <\/p>\n\n\n\n<p>Wir haben <a href=\"http:\/\/www.michiumdiewelt.com\" target=\"_blank\" rel=\"follow noreferrer noopener\" aria-label=\"Reisebloggerin Michaela (opens in a new tab)\" class=\"external\">Reisebloggerin Michaela<\/a> genau dazu befragt. Denn sie hat so eine <strong>Schweige-Meditation in Kathmandu in Nepal<\/strong> tats\u00e4chlich schon erlebt.<\/p>\n\n\n\n<figure class=\"wp-block-image\"><img loading=\"lazy\" decoding=\"async\" width=\"768\" height=\"1024\" src=\"https:\/\/www.spaness.de\/blog\/wp-content\/uploads\/IMG_20191104_165219-01-768x1024.jpeg\" alt=\"Affentempel in Kathmandu\" class=\"img-responsive wp-image-30725\" srcset=\"https:\/\/www.spaness.de\/blog\/wp-content\/uploads\/IMG_20191104_165219-01-768x1024.jpeg 768w, https:\/\/www.spaness.de\/blog\/wp-content\/uploads\/IMG_20191104_165219-01-225x300.jpeg 225w\" sizes=\"auto, (max-width: 768px) 100vw, 768px\" \/><figcaption>Affentempel in Kathmandu<\/figcaption><\/figure>\n\n\n\n<h3 class=\"wp-block-heading\">Was ist eigentlich ein Vipassana? <\/h3>\n\n\n\n<p>Bevor wir jetzt in unseren zahlreichen neugierigen Fragen abtauchen, kurz vorab eine kleine Erkl\u00e4rung, <strong>was genau \u00fcberhaupt ein Vipassana ist?<\/strong><\/p>\n\n\n\n<p>Hinter Vipassana verbirgt sich <strong>eine der \u00e4ltesten Meditationsformen<\/strong>. Ihren <strong>Ursprung hat Vipassana-Meditation in Indien<\/strong>. Sie wurde dort vor \u00fcber 2.500 Jahren, als ein Heilmittel und Lebenskunst, gelehrt. <\/p>\n\n\n\n<p class=\"has-background has-very-light-gray-background-color\">Gr\u00fcnder der Vipassana International Academy in Igatpuri, Indien ist S.N. Goenka.  <\/p>\n\n\n\n<p>Vipassana bedeutet, die <strong>Dinge zu sehen<\/strong>, wie sie wirklich sind. H\u00f6rt sich tats\u00e4chlich leichter an, als es zu sein scheint. <\/p>\n\n\n\n<p>Denn&#8230;<\/p>\n\n\n\n<p>&#8230;wer sagt uns eigentlich, wie was wirklich ist?!<\/p>\n\n\n\n<figure class=\"wp-block-image\"><img loading=\"lazy\" decoding=\"async\" width=\"1024\" height=\"869\" src=\"https:\/\/www.spaness.de\/blog\/wp-content\/uploads\/IMG_20191118_151232-01-1024x869.jpeg\" alt=\"Vipassana Meditation in Nepal\" class=\"img-responsive wp-image-30723\" srcset=\"https:\/\/www.spaness.de\/blog\/wp-content\/uploads\/IMG_20191118_151232-01-1024x869.jpeg 1024w, https:\/\/www.spaness.de\/blog\/wp-content\/uploads\/IMG_20191118_151232-01-300x255.jpeg 300w\" sizes=\"auto, (max-width: 1024px) 100vw, 1024px\" \/><figcaption>Michaela meditiert im Base Camp<\/figcaption><\/figure>\n\n\n\n<h4 class=\"wp-block-heading\">Wie kommt man auf die Idee eine solche Vipassana Schweige-Meditation zu machen?<\/h4>\n\n\n\n<p>Da ich mich in letzter Zeit etwas mehr mit <strong>Spiritualit\u00e4t und auch Meditation<\/strong> besch\u00e4ftigt habe, bin ich irgendwann auf den Begriff <strong>&#8222;Vipassana&#8220;<\/strong> gesto\u00dfen. <\/p>\n\n\n\n<p>Ich habe danach auch ein, zwei <strong>Erfahrungsberichte \u00fcberflogen<\/strong>, die ich im Internet fand. Aber eben wirklich nur \u00fcberflogen. <\/p>\n\n\n\n<blockquote class=\"wp-block-quote is-layout-flow wp-block-quote-is-layout-flow\"><p>Ich wusste eigentlich nur, dass man <strong>zehn Tag in einem buddhistischen Kloster <\/strong>oder einem <strong>Meditationszentrum<\/strong> untergebracht ist, nicht sprechen darf und es nicht erlaubt ist ein Handy oder sonstige technische Ger\u00e4te mitzunehmen. <\/p><\/blockquote>\n\n\n\n<h5 class=\"wp-block-heading\">Warum ist die Entscheidung auf ein Vipassana in Nepal gefallen?<\/h5>\n\n\n\n<p>Das klang erstmals recht spannend. Als mir eine Bekannte erz\u00e4hlte, dass sie eine solche <strong>Vipassana-Meditation in Kathmandu<\/strong> &#8211; der Hauptstadt Nepals &#8211; gemacht hatte, war f\u00fcr mich klar, dass ich das auch machen m\u00f6chte. <\/p>\n\n\n\n<p>Wer mich kennt wei\u00df, wie sehr ich es liebe <strong>Neues auszuprobieren<\/strong> und mich <strong>neuen Herausforderungen<\/strong> zu stellen. Da mir sechs Monate Auszeit zum Reisen bevorstanden und Nepal sowie Indien auf meinem Plan standen, passte das perfekt hinein.<\/p>\n\n\n\n<p>Ich bin also nicht extra daf\u00fcr nach Nepal gereist. Es war aber der Einstieg in meine Reise. Ich bin von dort weitergereist. Von Nepal ging es nach Indien. <\/p>\n\n\n\n<figure class=\"wp-block-image\"><img loading=\"lazy\" decoding=\"async\" width=\"1024\" height=\"766\" src=\"https:\/\/www.spaness.de\/blog\/wp-content\/uploads\/IMG_20191228_201418-1024x766.jpg\" alt=\"In der N\u00e4he des Pashupatinath Tempels, Kathmandu \" class=\"img-responsive wp-image-30726\" srcset=\"https:\/\/www.spaness.de\/blog\/wp-content\/uploads\/IMG_20191228_201418-1024x766.jpg 1024w, https:\/\/www.spaness.de\/blog\/wp-content\/uploads\/IMG_20191228_201418-300x224.jpg 300w, https:\/\/www.spaness.de\/blog\/wp-content\/uploads\/IMG_20191228_201418-407x305.jpg 407w\" sizes=\"auto, (max-width: 1024px) 100vw, 1024px\" \/><figcaption>In der N\u00e4he des Pashupatinath Tempels, Kathmandu <\/figcaption><\/figure>\n\n\n\n<h4 class=\"wp-block-heading\">Hattest du bestimmte Erwartungen an die Vipassana Schweige-Meditation? <\/h4>\n\n\n\n<p>Meine gr\u00f6\u00dfte Erwartung war es wohl, <strong>vom Alltagsstress herunterzukommen<\/strong> und <strong>mehr in mich zu kehren<\/strong>. Ich wollte <strong>Abstand nehmen von Social Media<\/strong> und generell vom <strong>Medienwahn<\/strong>, dem wir tagt\u00e4glich ausgesetzt sind. <\/p>\n\n\n\n<p class=\"has-background has-very-light-gray-background-color\">Diese beiden Erwartungen hatten sich auch voll und ganz erf\u00fcllt und es tat wahnsinnig gut. <\/p>\n\n\n\n<p>Bereits am ersten Tag mu\u00dften wir <strong>alle elektronischen Ger\u00e4te<\/strong>, aber auch <strong>B\u00fccher, Schreibutensilien<\/strong> usw.<strong> abgeben<\/strong>. So kamen wir nicht in die Versuchung, vielleicht doch einmal aufs Handy zu schauen. <\/p>\n\n\n\n<blockquote class=\"wp-block-quote is-layout-flow wp-block-quote-is-layout-flow\"><p>Wir konnten also mit der Au\u00dfenwelt nicht in Kontakt treten. <\/p><\/blockquote>\n\n\n\n<h5 class=\"wp-block-heading\">Geist und Seele entspannen sich!<\/h5>\n\n\n\n<p>Klar kann man jetzt behaupten, dass man so etwas auch <strong>einfach mal im Alltag<\/strong> machen k\u00f6nnte, aber ich bin mir ziemlich sicher, dass es die Mehrheit nicht so durchziehen w\u00fcrde. <\/p>\n\n\n\n<p>Bereits nach wenigen Tagen im <strong>Vipassana-Meditationszentrum<\/strong> merkte ich, wie ich sch\u00f6n langsam <strong>immer mehr zur Ruhe<\/strong> kam. Vor allem der Geist und die Seele k\u00f6nnen sich richtig entspannen. <\/p>\n\n\n\n<p class=\"has-background has-very-light-gray-background-color\">Dass man mit den anderen Teilnehmern nicht sprechen darf \u2013 es ist nicht einmal Blickkontakt erlaubt \u2013 macht das Ganze noch stressfreier. <\/p>\n\n\n\n<p>Man muss nicht versuchen sich beim Mittagessen in irgendwelche Gespr\u00e4che zu integrieren oder dergleichen, sondern <strong>man konzentriert sich v\u00f6llig auf sich selbst<\/strong>. <\/p>\n\n\n\n<h5 class=\"wp-block-heading\">Eine Erwartung wurde nicht erf\u00fcllt!<\/h5>\n\n\n\n<p>Die einzige Erwartung, die nicht erf\u00fcllt wurde war, dass ich dachte die Zeit dort w\u00e4re eine Art <strong>Wellness- bzw. Erholungsurlaub<\/strong>. In dieser Hinsicht wurde ich bitter entt\u00e4uscht. <\/p>\n\n\n\n<h5 class=\"wp-block-heading\">Vipassana Meditation Tagesablauf<\/h5>\n\n\n\n<p>Tagwache und somit Start in den Tag ist um <strong>vier Uhr morgens<\/strong>. Zudem sind <strong>\u00fcber zehn Stunden Meditation<\/strong> am Tag \u2013 im Schneidersitz sitzend sei angemerkt \u2013 kein Kinderspiel. <\/p>\n\n\n\n<p class=\"has-background has-very-light-gray-background-color\">Die Freiwilligenarbeiter und die Lehrer beobachten genau, ob sich wirklich jeder an all die Regeln und den Tagesablauf h\u00e4lt.<\/p>\n\n\n\n<p>Im Endeffekt muss ich sagen, dass mir das <strong>Vipassana Retreat<\/strong> sehr viel gebracht hat. Auch wenn ich dies w\u00e4hrend der Zeit dort nicht immer so gesehen habe. <\/p>\n\n\n\n<h5 class=\"wp-block-heading\">Vipassana Erfahrung: Was ich \u00fcber mich, die Vergangenheit und die Zukunft gelernt habe!<\/h5>\n\n\n\n<p>Ich habe sehr viel <strong>\u00fcber mich<\/strong> selbst gelernt. Vor allem wie <strong>kraftvoll <\/strong>die eigenen Gedanken sind. Und wie oft wir in der Zukunft oder <strong>in der Vergangenheit leben<\/strong> und dabei v\u00f6llig das <strong>Hier und Jetzt vergessen<\/strong>. <\/p>\n\n\n\n<p>Die <strong>Vergangenheit ist vorbei<\/strong>, f\u00fcr immer. Niemand kann sie zur\u00fcckholen und nichts kann r\u00fcckg\u00e4ngig gemacht werden. Wir m\u00fcssen sie also als solche akzeptieren. <\/p>\n\n\n\n<p>Die Zukunft ist noch nicht da!<\/p>\n\n\n\n<p>Das Vipassana hat mir geholfen <strong>meinen Geist frei zu machen<\/strong> und bewusster zu leben. Es war also eine Art &#8222;<strong>Detox-Behandlung<\/strong>&#8220; f\u00fcr den Geist. <\/p>\n\n\n\n<p>Sobald man sich wieder im normalen Alltag befindet, ist es nat\u00fcrlich schwierig das alles so umzusetzen. Aber eines mache ich seitdem regelm\u00e4\u00dfig und ganz bewusst: Ich nehme mir <strong>Zeit f\u00fcr Stille und Ruhe<\/strong>. Allein das bewirkt schon sehr <strong>viel Positives in meinem Leben<\/strong>. <\/p>\n\n\n\n<figure class=\"wp-block-image\"><img loading=\"lazy\" decoding=\"async\" width=\"1024\" height=\"770\" src=\"https:\/\/www.spaness.de\/blog\/wp-content\/uploads\/IMG_20200101_213712-1024x770.jpg\" alt=\"Phewa-Lake, Pokhara \" class=\"img-responsive wp-image-30727\" srcset=\"https:\/\/www.spaness.de\/blog\/wp-content\/uploads\/IMG_20200101_213712-1024x770.jpg 1024w, https:\/\/www.spaness.de\/blog\/wp-content\/uploads\/IMG_20200101_213712-300x226.jpg 300w, https:\/\/www.spaness.de\/blog\/wp-content\/uploads\/IMG_20200101_213712-407x305.jpg 407w\" sizes=\"auto, (max-width: 1024px) 100vw, 1024px\" \/><figcaption>Phewa-Lake, Pokhara <\/figcaption><\/figure>\n\n\n\n<h4 class=\"wp-block-heading\">Was war die gr\u00f6\u00dfte Herausforderung?<\/h4>\n\n\n\n<p>Es gab f\u00fcr mich <strong>viele verschiedene Herausforderungen<\/strong> w\u00e4hrend des Vipassana. <\/p>\n\n\n\n<p>Die Gr\u00f6\u00dfte davon war es wohl \u00fcber zehn Stunden am Tag ruhig dazusitzen \u2013 im Schneidersitz und mit geschlossenen Augen. Dabei sollte man nicht irgendwelchen Gedanken nachh\u00e4ngen. <\/p>\n\n\n\n<h5 class=\"wp-block-heading\">Meine Gedanken spielten verr\u00fcckt<\/h5>\n\n\n\n<p>In den ersten Tagen <strong>spielten meine Gedanken jedoch regelrecht verr\u00fcckt<\/strong> in meinem Kopf. Angefangen von irgendwelchen To-Do Listen, die mir pl\u00f6tzlich keine Ruhe mehr lie\u00dfen, \u00fcber Ereignisse aus der Vergangenheit, die ich eigentlich l\u00e4ngst vergessen hatte, bis hin zu Zukunftspl\u00e4nen, war alles mit dabei. <\/p>\n\n\n\n<p>Nach einigen Tagen wurde es in meinem <strong>Kopf schon langsam ruhiger<\/strong>. Ich schaffte es am Ende tats\u00e4chlich <strong>zwei Stunden durchgehend zu meditieren<\/strong> ohne mich zu bewegen. Darauf war ich ziemlich stolz. <\/p>\n\n\n\n<blockquote class=\"wp-block-quote is-layout-flow wp-block-quote-is-layout-flow\"><p>Ich muss anmerken, dass ich vor dem Vipassana noch nie wirklich meditiert habe. <\/p><\/blockquote>\n\n\n\n<h5 class=\"wp-block-heading\">K\u00f6rperliche Schmerzen machten mir zu schaffen<\/h5>\n\n\n\n<p>Was dazu kommt sind nat\u00fcrlich s\u00e4mtliche Schmerzen, die<strong> durch das lange Sitzen <\/strong>verursacht werden. Mir machten vor allem meine Schulterbl\u00e4tter ziemliche Probleme. <\/p>\n\n\n\n<blockquote class=\"wp-block-quote is-layout-flow wp-block-quote-is-layout-flow\"><p>Man lernt tats\u00e4chlich auf diese Schmerzen nicht weiter einzugehen und sie sozusagen auszublenden. <\/p><\/blockquote>\n\n\n\n<h5 class=\"wp-block-heading\">Es gab gesundes Essen &#8211; aber auch nur kleine Mahlzeiten<\/h5>\n\n\n\n<p>Was mir zus\u00e4tzlich schwer gefallen ist, waren die <strong>sp\u00e4rlichen Mahlzeiten<\/strong>.  Um 6:30 Uhr gab es <strong>Fr\u00fchst\u00fcck<\/strong>, dann um elf Uhr vormittags das <strong>Mittagessen<\/strong>. Das war es dann auch. <\/p>\n\n\n\n<p>Um 17 Uhr bekamen wir lediglich noch <strong>ein St\u00fcck Obst und Tee<\/strong>. Diejenigen, die schon das zweite Mal oder \u00f6fter einen solchen Kurs besuchten, bekamen <strong>nur noch Tee am Abend<\/strong>. <\/p>\n\n\n\n<p>Das Essen war super <strong>gesund und lecker<\/strong>. Da wir nicht sonderlich viel Energie verbrauchten war es <strong>im Prinzip auch ausreichend<\/strong>. Ich bin aber ein sehr sportlicher Mensch und es deshalb auch gewohnt regelm\u00e4\u00dfig ordentliche Portionen zu verdr\u00fccken. <\/p>\n\n\n\n<blockquote class=\"wp-block-quote is-layout-flow wp-block-quote-is-layout-flow\"><p>In der Meditationshalle knurrte mein Magen manchmal ziemlich laut. <br><\/p><\/blockquote>\n\n\n\n<h5 class=\"wp-block-heading\">An weniger Schlaf gew\u00f6hnte ich mich schnell<\/h5>\n\n\n\n<p>Auch der <strong>Schlaf kam etwas kurz<\/strong>. Dadurch, dass wir t\u00e4glich um vier Uhr morgens aufstehen mussten und nicht vor halb zehn am Abend ins Bett kamen, waren es blo\u00df <strong>6 \u2013 6,5 Stunden Schlaf<\/strong> pro Nacht. Gewohnt bin ich jedoch mindestens acht Stunden. Daran gew\u00f6hnte ich mich aber recht schnell<\/p>\n\n\n\n<h5 class=\"wp-block-heading\">Andere Herausforderungen: N\u00e4chtliche K\u00e4lte und einfachste Bedingungen<br><\/h5>\n\n\n\n<p>Ansonsten war die ganze Anlage recht einfach gehalten. Wir <strong>schliefen<\/strong> zu siebt in einem <strong>unbeheizten Raum<\/strong> auf ganz <strong>d\u00fcnnen Matten<\/strong>. Nachts hatte es schon mal <strong>Temperaturen um den Gefrierpunkt<\/strong>. Aber diese einfachen Bedingungen machten mir pers\u00f6nlich weniger Probleme, einige andere hatten aber, gef\u00fchlt meiner Beobachtung, ziemlich M\u00fche damit.<\/p>\n\n\n\n<h5 class=\"wp-block-heading\">Die l\u00e4ngsten und h\u00e4rtesten Tage meines Lebens<\/h5>\n\n\n\n<p>Als die zehn Tage \u2013 eigentlich sind es sogar zw\u00f6lf, da am Tag null gestartet wird und es am Tag elf aufh\u00f6rt \u2013 vor\u00fcber waren, war ich mir erstmals nicht sicher, <strong>ob ich so etwas noch einmal machen w\u00fcrde?<\/strong> <\/p>\n\n\n\n<blockquote class=\"wp-block-quote is-layout-flow wp-block-quote-is-layout-flow\"><p>Die letzten Tage geh\u00f6rten n\u00e4mlich eindeutig zu den <strong>l\u00e4ngsten und h\u00e4rtesten meines ganzen Lebens<\/strong>. <\/p><\/blockquote>\n\n\n\n<p>Mittlerweile bin ich mir aber ganz sicher, <strong>dass es nicht das letzte Mal war<\/strong>. Im Nachhinein merkte ich immer mehr, wie viel ich von dieser <strong>intensiven Zeit <\/strong>profitiert habe. <\/p>\n\n\n\n<p>Ich kann es auch wirklich jedem empfehlen. <\/p>\n\n\n\n<figure class=\"wp-block-image\"><img loading=\"lazy\" decoding=\"async\" width=\"866\" height=\"1024\" src=\"https:\/\/www.spaness.de\/blog\/wp-content\/uploads\/IMG_20191228_171310-01-866x1024.jpeg\" alt=\"Blick auf Kathmandu \" class=\"img-responsive wp-image-30730\" srcset=\"https:\/\/www.spaness.de\/blog\/wp-content\/uploads\/IMG_20191228_171310-01-866x1024.jpeg 866w, https:\/\/www.spaness.de\/blog\/wp-content\/uploads\/IMG_20191228_171310-01-254x300.jpeg 254w\" sizes=\"auto, (max-width: 866px) 100vw, 866px\" \/><figcaption>Blick auf Kathmandu <\/figcaption><\/figure>\n\n\n\n<h4 class=\"wp-block-heading\">Waren auch andere Europ\u00e4er beim Vipassana in Nepal dabei?<\/h4>\n\n\n\n<p>Ja, es waren auch ein paar Europ\u00e4er dort, ich wei\u00df aber nicht wie viele. Insgesamt waren wir etwa <strong>200 Personen<\/strong>. Davon die H\u00e4lfte Frauen und die H\u00e4lfte M\u00e4nner. Wenn ich mich richtig erinnere waren etwa <strong>ein Viertel <\/strong>davon Ausl\u00e4nder. <\/p>\n\n\n\n<p>Im Zentrum herrschte <strong>strikte Trennung nach Geschlechtern<\/strong>. Blo\u00df in der Meditationshalle waren wir gemeinsam mit den M\u00e4nnern \u2013 die Frauen auf der rechten Seite und die M\u00e4nner auf der linken. <\/p>\n\n\n\n<h5 class=\"wp-block-heading\">In welcher Sprache fand das Vipassana Nepal statt?<\/h5>\n\n\n\n<p>Jeden Abend gab es einen einst\u00fcndigen Fernsehvortrag von S.N. Goenka. Man konnte w\u00e4hlen zwischen Englisch und Hindi. Diejenigen, die keines von beidem verstanden, konnten via Headset tats\u00e4chlich jede beliebige Sprache w\u00e4hlen. <\/p>\n\n\n\n<h5 class=\"wp-block-heading\">Darf sich jeder f\u00fcr eine Vipassana-Meditation-Auszeit anmelden?<\/h5>\n\n\n\n<p>Es kann sich jeder anmelden, der sich das k\u00f6rperlich und psychisch zutraut. H\u00f6chstalter gibt es keines. <\/p>\n\n\n\n<p>Ich habe sogar gesehen, dass es bereits spezielle Kurse f\u00fcr Kinder gibt, die aber dann keine zehn Tage dauern. <\/p>\n\n\n\n<h5 class=\"wp-block-heading\">Was kostet ein Vipassana in Nepal?<\/h5>\n\n\n\n<p>Das Vipassana in Nepal, welches ich besucht habe, ist komplett kostenlos. Am Ende kann man eine freiwillige Spende geben. <\/p>\n\n\n\n<h5 class=\"wp-block-heading\">Darf man ein Vipassana abbrechen?<\/h5>\n\n\n\n<p>Eigentlich verpflichtet man sich am Anfang, <strong>nicht abzubrechen<\/strong>. Aber nat\u00fcrlich k\u00f6nnen sie einen ehrlich gesagt nicht festhalten. <\/p>\n\n\n\n<p>Ich sch\u00e4tze, dass etwa zehn Leute meinen Kurs vorzeitig verlassen haben. Bei einer gesamten Teilnehmerzahl von 200 h\u00e4lt sich das nat\u00fcrlich in Grenzen. <\/p>\n\n\n\n<h4 class=\"wp-block-heading\">Wie lautet dein Lebensmotto?&nbsp;<\/h4>\n\n\n\n<p>Tr\u00e4ume nicht dein Leben, lebe deinen Traum!<\/p>\n\n\n\n<p class=\"has-background has-very-light-gray-background-color\">Alle Bilder in diesem Artikel wurden mir von Michaela zur Verf\u00fcgung gestellt. Lest mehr -&gt; Ausf\u00fchrlicher Erlebnisbericht von Michaela zu &#8222;<a rel=\"follow noreferrer noopener\" aria-label=\"10 t\u00e4giges Vipassana in Kathmandu (opens in a new tab)\" href=\"http:\/\/www.michiumdiewelt.com\/2019\/12\/10-tagiges-vipassana-in-kathmandu.html\" target=\"_blank\" class=\"external\">10 t\u00e4giges Vipassana in Kathmandu<\/a>&#8222;. <\/p>\n\n\n\n<figure class=\"wp-block-image\"><img loading=\"lazy\" decoding=\"async\" width=\"768\" height=\"1024\" src=\"https:\/\/www.spaness.de\/blog\/wp-content\/uploads\/IMG_20191122_153128-01-768x1024.jpeg\" alt=\"Everest Region \" class=\"img-responsive wp-image-30729\" srcset=\"https:\/\/www.spaness.de\/blog\/wp-content\/uploads\/IMG_20191122_153128-01-768x1024.jpeg 768w, https:\/\/www.spaness.de\/blog\/wp-content\/uploads\/IMG_20191122_153128-01-225x300.jpeg 225w\" sizes=\"auto, (max-width: 768px) 100vw, 768px\" \/><figcaption>Everest Region <\/figcaption><\/figure>\n\n\n\n<h3 class=\"wp-block-heading\">Vipassana Wissenswertes &amp; Infos<\/h3>\n\n\n\n<p>Abschlie\u00dfend haben wir jetzt noch ein paar <strong>Infos rund ums Vipassana<\/strong> f\u00fcr euch zusammengetragen. Denn um so eine <strong>Vipassana Meditation <\/strong>anzutreten m\u00fc\u00dft ihr nicht gleich in die Ferne reisen. Auch im deutschsprachigen Raum gibt es die M\u00f6glichkeit eine <strong>Vipassana Erfahrung <\/strong>zu machen. <\/p>\n\n\n\n<h5 class=\"wp-block-heading\" id=\"mce_13\">Vipassana Deutschland &#8211; Schweigemeditation Deutschland<\/h5>\n\n\n\n<p>Auch in Deutschland werden solche<strong> Schweigemeditationen <\/strong>angeboten. Wir haben recherchiert, wo ihr ein <strong>Vipassana Meditation Retreat<\/strong> in Deutschland antreten k\u00f6nnt und mit welchen Voraussetzungen das Ganze verbunden ist. <\/p>\n\n\n\n<h5 class=\"wp-block-heading\">Vipassana Retreat Deutschland &#8211; Vipassana Triebel (Sachsen)<\/h5>\n\n\n\n<p>Im s\u00e4chsischen Triebel gibt es ein Vipassana Zentrum. Das <strong>Vipassana Meditationszentrum<\/strong> im Vogtland bietet Kurse, nach den Lehren von S.N. Goenka. <\/p>\n\n\n\n<p>Auch dieser <strong>Vipassana-Kurs in Sachsen<\/strong> dauert 10 Tage und es werden keine Geb\u00fchren erhoben &#8211; auch nicht f\u00fcr die Unterkunft und Verpflegung. Das <strong>Vipassana-Meditationszentrum<\/strong> lebt ausschlie\u00dflich von freiwilligen Spenden. <\/p>\n\n\n\n<p>F\u00fcr ein Vipassana in Triebel m\u00fc\u00dft ihr euch vorher bewerben. <\/p>\n\n\n\n<p class=\"has-background has-very-light-gray-background-color\"><strong>Vipassana-Meditationszentrum<\/strong>, Dhamma Dv\u0101ra, Alte Stra\u00dfe 6, 08606 Triebel &#8211; <a rel=\"noreferrer noopener nofollow\" href=\"http:\/\/www.dvara.dhamma.org\" target=\"_blank\" class=\"external\">www.dvara.dhamma.org<\/a><\/p>\n\n\n\n<h5 class=\"wp-block-heading\">Vipassana Hamburg &#8211; Meditationsgruppe trifft sich w\u00f6chentlich<\/h5>\n\n\n\n<p>Auch in Hamburg gibt es die M\u00f6glichkeit, w\u00f6chentlich an einer Meditation teilzunehmen. Ausserhalb von Hamburg werden auch mehrt\u00e4gige Vipassana Meditationen angeboten &#8211; z.B. 3 Tage. Auch gem\u00e4\u00df der Lehren erfolgt die Teilnahme kostenfrei. <\/p>\n\n\n\n<p>Vipassana Meditation Hamburg arbeitet auch mit Zentren in anderen St\u00e4dten und L\u00e4ndern zusammen. <\/p>\n\n\n\n<p class=\"has-background has-very-light-gray-background-color\"><strong>InBalance &#8211; YOGA &amp; MORE<\/strong>, Eimsb\u00fctteler Chaussee 37a, Hinterhaus, 1.Etage,  20259 Hamburg &#8211; <a rel=\"noreferrer noopener nofollow\" aria-label=\"www.vipassana-hamburg.de (opens in a new tab)\" href=\"https:\/\/vipassana-hamburg.de\" target=\"_blank\" class=\"external\">www.vipassana-hamburg.de<\/a><\/p>\n\n\n\n<h5 class=\"wp-block-heading\">Vipassana Bayern im Dhammacari Meditationszentrum<\/h5>\n\n\n\n<p>Das <strong>Vipassana Meditationszentrum in Bayern<\/strong> bietet unterschiedliche Kurse. 12 Tage, 15 Tage oder auch sogar \u00fcber mehrere Wochen. <\/p>\n\n\n\n<p>Auch in Bayern gilt, die Teilnahme an den Kursen erfolgt komplett kostenfrei. Wer mag darf aber nat\u00fcrlich auch hier spenden. <\/p>\n\n\n\n<p class=\"has-background has-very-light-gray-background-color\"><strong>Dhammacari Vipassana-Meditationszentrum e.V., <\/strong>Allgramsdorf 8, Sonnenthal, 84056 Rottenburg a.d. Laaber &#8211; <a href=\"http:\/\/vipassana-dhammacari.com\" target=\"_blank\" rel=\"noreferrer noopener nofollow\" aria-label=\"www.vipassana-dhammacari.com (opens in a new tab)\" class=\"external\">www.vipassana-dhammacari.com<\/a><\/p>\n\n\n\n<p><em>Und jetzt zu euch&#8230; W\u00fcrdet ihr euch ein Vipassana zutrauen? K\u00f6nnt ihr euch wirklich vorstellen, fast zwei Wochen zu schweigen und den Kontakt zur Aussenwelt abzubrechen? <\/em><\/p>\n","protected":false},"excerpt":{"rendered":"<p>Was ist ein Vipassana? Wie funktioniert eine Vipassana Meditation? Wie kommt man auf die Idee ein Vipassana zu machen?<\/p>\n","protected":false},"author":2,"featured_media":30723,"comment_status":"open","ping_status":"open","sticky":false,"template":"","format":"standard","meta":{"footnotes":""},"categories":[4,7,264,294,263,13,15],"tags":[81,183,184,150,203,209],"class_list":["post-30648","post","type-post","status-publish","format-standard","has-post-thumbnail","hentry","category-gesundheit","category-interview","category-nachhaltig-reisen-leben","category-nepal","category-slow-travel","category-urlaub","category-wellness","tag-medical-wellness","tag-slow-tourism","tag-slow-travel","tag-wellness-auszeit","tag-wellnessblog","tag-wellnessblogger"],"_links":{"self":[{"href":"https:\/\/www.spaness.de\/blog\/wp-json\/wp\/v2\/posts\/30648","targetHints":{"allow":["GET"]}}],"collection":[{"href":"https:\/\/www.spaness.de\/blog\/wp-json\/wp\/v2\/posts"}],"about":[{"href":"https:\/\/www.spaness.de\/blog\/wp-json\/wp\/v2\/types\/post"}],"author":[{"embeddable":true,"href":"https:\/\/www.spaness.de\/blog\/wp-json\/wp\/v2\/users\/2"}],"replies":[{"embeddable":true,"href":"https:\/\/www.spaness.de\/blog\/wp-json\/wp\/v2\/comments?post=30648"}],"version-history":[{"count":37,"href":"https:\/\/www.spaness.de\/blog\/wp-json\/wp\/v2\/posts\/30648\/revisions"}],"predecessor-version":[{"id":30747,"href":"https:\/\/www.spaness.de\/blog\/wp-json\/wp\/v2\/posts\/30648\/revisions\/30747"}],"wp:featuredmedia":[{"embeddable":true,"href":"https:\/\/www.spaness.de\/blog\/wp-json\/wp\/v2\/media\/30723"}],"wp:attachment":[{"href":"https:\/\/www.spaness.de\/blog\/wp-json\/wp\/v2\/media?parent=30648"}],"wp:term":[{"taxonomy":"category","embeddable":true,"href":"https:\/\/www.spaness.de\/blog\/wp-json\/wp\/v2\/categories?post=30648"},{"taxonomy":"post_tag","embeddable":true,"href":"https:\/\/www.spaness.de\/blog\/wp-json\/wp\/v2\/tags?post=30648"}],"curies":[{"name":"wp","href":"https:\/\/api.w.org\/{rel}","templated":true}]}}