{"id":3181,"date":"2011-08-16T10:26:18","date_gmt":"2011-08-16T09:26:18","guid":{"rendered":"http:\/\/www.spaness.de\/blog\/?p=3181"},"modified":"2011-08-16T10:26:18","modified_gmt":"2011-08-16T09:26:18","slug":"wer-rastet-der-rostet-5-fragen-an-wilfried-schulze-derzeit-auf-der-durchreise","status":"publish","type":"post","link":"https:\/\/www.spaness.de\/blog\/wer-rastet-der-rostet-5-fragen-an-wilfried-schulze-derzeit-auf-der-durchreise\/","title":{"rendered":"Wer rastet der rostet: 5 Fragen an Wilfried Schulze, derzeit auf der Durch-Reise"},"content":{"rendered":"<div id=\"attachment_3187\" class=\"img-container pull-right imgright\"><a data-lightbox=\"lightbox\" data-title=\"Wilfried Schulze (61 Jahre) &#8211; auf der Durchreise\" href=\"https:\/\/www.spaness.de\/blog\/wp-content\/uploads\/wilfried_110816-1.jpg\"><img loading=\"lazy\" decoding=\"async\" class=\"img-responsive img-responsive img-responsive wp-image-3187 size-full\" title=\"wilfried_110816\" src=\"https:\/\/www.spaness.de\/blog\/wp-content\/uploads\/wilfried_110816-1.jpg\" alt=\"Wilfried Schulze (61 Jahre) - auf der Durchreise\" width=\"188\" height=\"250\" \/><\/a><h5 class=\"text-center\">Wilfried Schulze (61 Jahre) &#8211; auf der Durchreise<\/h5><\/div>\n<p><strong>Quasi auf der Durchreise haben wir Wilfried Schulze (61 Jahre alt) getroffen. Er radelt von Pforzheim (Baden W\u00fcrttemberg) nach Norderstedt (Schleswig Holstein). Kurz vor Hamburg hat er mit uns (bei bisher insgesamt 950 km) eine kurze Pause eingelegt.<\/strong><\/p>\n<ul>\n<li><strong>Wie lang ist deine Reise-Tour insgesamt und wie lange hast du f\u00fcr die Strecke gebraucht?<\/strong><\/li>\n<\/ul>\n<p>Ich denke, jetzt kommen noch ca. 100 km Endspurt-Strecke dazu. Also insgesamt bin ich dann etwas \u00fcber 1.000 km geradelt. Ich habe ziemlich genau 2 Wochen f\u00fcr die gesamte Strecke ben\u00f6tigt.<\/p>\n<ul>\n<li><strong>Was war w\u00e4hrend deiner Tour die schwierigste Etappe?<\/strong><\/li>\n<\/ul>\n<p>Ich war bereits etwas \u00fcber eine Woche unterwegs. Ich befand mich auf dem Streckenteil Kassel, wollte nach Hannoversch M\u00fcnden. Am Tag zuvor regnete es bereits sehr stark, das war schon unangenehm, doch dann machte sich auch noch ein starker Wind bemerkbar. Insgesamt war das alles sehr anstrengend. Meine Motivation war wohl an diesem Tag auf dem Tiefpunkt, ich hatte einfach keine Kraft mehr.<\/p>\n<ul>\n<li><strong>Was war auf deiner Reise denn das sch\u00f6nste Erlebnis?<\/strong><\/li>\n<\/ul>\n<p>In Minden habe ich in einer Jugendherberge \u00fcbernachtet. Diese Herberge wurde von einem P\u00e4rchen, den Herbergseltern geleitet. Der Herbergsvater war ein Deutscher und die Herbergsmutter war eine Spanierin. In dieser Jugendherberge sind an diesem Tag nur Radreisende, in allen Altersgruppen, abgesiegen. Das war sofort eine super Stimmung. Die Herbergseltern waren so herzlich, dass sich alle sofort wohl gef\u00fchlt haben. Es haben sich sofort gute Gespr\u00e4che entwickelt und es wurde ein langer und wirklich ganz entspannter und gem\u00fctlicher Abend.<\/p>\n<ul>\n<li><strong>Warum hast du diese Tour \/ Reise gemacht? Was gef\u00e4llt dir am Radeln?<\/strong><\/li>\n<\/ul>\n<p>Ich wollte den Kopf frei bekommen. Ich bin vor Kurzem in meinem Job in die Altersteilzeit gegangen. Mit der Tour will ich vom Gesch\u00e4ft Abstand gewinnen, vielleicht k\u00f6nnte man sagen, den Schalter umlegen. Ich m\u00f6chte mir einfach mal in Ruhe Gedanken machen, was ich mit meinem spannenden dritten Lebensabschnitt starten will. Ich m\u00f6chte ein wenig Ballast abwerfen und im n\u00e4chsten Jahr auf alle F\u00e4lle mit meiner Frau einen vierw\u00f6chigen Urlaub durch Norwegen machen. Das ist schon lange ein Traum. Vier Wochen Urlaub am St\u00fcck waren im Job leider nie m\u00f6glich.<\/p>\n<p>Am Radeln gef\u00e4llt mir, dass ich die Natur bewusst und besonders erleben kann. Ich sehe die Welt mit anderen Augen. Die Bewegung an der frischen Luft pustet den Kopf frei, f\u00f6rdert die Ausgeglichenheit und ist dar\u00fcber hinaus nat\u00fcrlich sehr gesund. Wer rastet der rostet, diesen Spruch sollte man sich nat\u00fcrlich auch zu Herzen nehmen. Ich mu\u00df aber auch dazu sagen, dass ich mich nicht als Radsportler bezeichnen mag. Ich radel gern und ich versuche h\u00e4ufig das Auto einfach mal stehen zu lassen und aufs Rad zu steigen. Vor Antritt meiner Tour bin ich in diesem Jahr wohl aber noch keine 100 km geradelt. Es hat sich in diesem Jahr vorher einfach noch nicht die Zeit gefunden.<\/p>\n<ul>\n<li><strong>Wie lautet dein Lebensmotto?<\/strong><\/li>\n<\/ul>\n<p>Leben hei\u00dft &#8222;Augen auf, vorw\u00e4rts schauen und sich einfach mal freuen&#8220;. Negatives lieber vergessen, denn was passiert ist, das liegt in der Vergangenheit, ist erledigt und somit auch nicht mehr wichtig.<\/p>\n<p>___<\/p>\n<p><strong>Lust auf noch mehr interessante Interviews?<\/strong><\/p>\n<ul>\n<li><a title=\"Nur wenn du etwas versuchst, wei\u00dft du, ob du es schaffst: 5 Fragen an die Pilgerin Oma Toppelreiter \u2013 mit 91 Jahren auf dem Jakobsweg\" href=\"https:\/\/www.spaness.de\/blog\/jakobsweg-oma-toppelreiter\/\" target=\"_blank\">Mit \u00fcber 90 auf dem Jakobsweg &#8222;pilgernd&#8220; unterwegs<\/a><\/li>\n<li><a title=\"Interview mit Tourismusstudentin \u00fcber ihr Jahr im Kloster\" href=\"https:\/\/www.spaness.de\/blog\/ein-jahr-im-buddhistischen-tempel\/\" target=\"_blank\">Ein Jahr im buddhistischen Kloster<\/a><\/li>\n<li><a title=\"Interview mit K\u00fcnstler sha. aus Wien\" href=\"https:\/\/www.spaness.de\/blog\/sha\/\" target=\"_blank\">\u00dcber die Urkraft Islands, Wolke 7 Cloud 9 und ein Lebensmotto<\/a><\/li>\n<\/ul>\n<p>&nbsp;<\/p>\n","protected":false},"excerpt":{"rendered":"<p>Quasi auf der Durchreise haben wir Wilfried Schulze (61 Jahre alt) getroffen. Er radelt von Pforzheim (Baden W\u00fcrttemberg) nach Norderstedt (Schleswig Holstein). Kurz vor Hamburg hat er mit uns (bei bisher insgesamt 950 km) eine kurze Pause eingelegt. Wie lang ist deine Reise-Tour insgesamt und wie lange hast du f\u00fcr&#8230;<\/p>\n","protected":false},"author":2,"featured_media":3187,"comment_status":"open","ping_status":"open","sticky":false,"template":"","format":"standard","meta":{"footnotes":""},"categories":[7],"tags":[87,111],"class_list":["post-3181","post","type-post","status-publish","format-standard","has-post-thumbnail","hentry","category-interview","tag-naturtourismus","tag-sport"],"_links":{"self":[{"href":"https:\/\/www.spaness.de\/blog\/wp-json\/wp\/v2\/posts\/3181","targetHints":{"allow":["GET"]}}],"collection":[{"href":"https:\/\/www.spaness.de\/blog\/wp-json\/wp\/v2\/posts"}],"about":[{"href":"https:\/\/www.spaness.de\/blog\/wp-json\/wp\/v2\/types\/post"}],"author":[{"embeddable":true,"href":"https:\/\/www.spaness.de\/blog\/wp-json\/wp\/v2\/users\/2"}],"replies":[{"embeddable":true,"href":"https:\/\/www.spaness.de\/blog\/wp-json\/wp\/v2\/comments?post=3181"}],"version-history":[{"count":0,"href":"https:\/\/www.spaness.de\/blog\/wp-json\/wp\/v2\/posts\/3181\/revisions"}],"wp:featuredmedia":[{"embeddable":true,"href":"https:\/\/www.spaness.de\/blog\/wp-json\/wp\/v2\/media\/3187"}],"wp:attachment":[{"href":"https:\/\/www.spaness.de\/blog\/wp-json\/wp\/v2\/media?parent=3181"}],"wp:term":[{"taxonomy":"category","embeddable":true,"href":"https:\/\/www.spaness.de\/blog\/wp-json\/wp\/v2\/categories?post=3181"},{"taxonomy":"post_tag","embeddable":true,"href":"https:\/\/www.spaness.de\/blog\/wp-json\/wp\/v2\/tags?post=3181"}],"curies":[{"name":"wp","href":"https:\/\/api.w.org\/{rel}","templated":true}]}}