{"id":3256,"date":"2011-09-08T00:10:53","date_gmt":"2011-09-07T22:10:53","guid":{"rendered":"http:\/\/www.spaness.de\/blog\/?p=3256"},"modified":"2016-10-14T10:08:36","modified_gmt":"2016-10-14T08:08:36","slug":"social-media-rallye-gedicht","status":"publish","type":"post","link":"https:\/\/www.spaness.de\/blog\/social-media-rallye-gedicht\/","title":{"rendered":"Tag 8: Dichter &#038; Denker"},"content":{"rendered":"<p><a data-title=\"\" data-lightbox=\"lightbox\" href=\"https:\/\/www.spaness.de\/blog\/wp-content\/uploads\/Tag_8.jpg\"><img loading=\"lazy\" decoding=\"async\" class=\"img-responsive pull-left imgleft size-full img-responsive wp-image-3261\" title=\"Tag_8\" src=\"https:\/\/www.spaness.de\/blog\/wp-content\/uploads\/Tag_8.jpg\" alt=\"\" width=\"182\" height=\"78\" \/><\/a>Nun ist schon Tag 8 der Rallye erreicht. Heute wirds ein wenig poetisch. Das ist eure Aufgabe des Tages. <span style=\"color: #ff6600;\"><strong>Wir geben euch 5 W\u00f6rter vor und daraus m\u00fc\u00dft ihr ein Gedicht machen bzw. diese W\u00f6rter in ein &#8222;selbsterstelltes&#8220; Gedicht einbringen.<\/strong><\/span><\/p>\n<p>Da es sich heute um eine ganz knifflige Aufgabe handelt, habt ihr auch <span style=\"color: #ff6600;\"><strong>bis zum 10.09.2011<\/strong><\/span> Zeit, eure poetischen Zeilen zu verfassen und uns mitzuteilen. Eure Gedichte und Reime k\u00f6nnt ihr uns auf folgendem Weg \u00fcbermitteln:<\/p>\n<ul>\n<li>hier einfach direkt als <strong><a title=\"Social Media Rallye Tag 8\" href=\"https:\/\/www.spaness.de\/blog\/social-media-rallye-gedicht\/\" target=\"_blank\">Kommentar<\/a> hinterlassen<\/strong><\/li>\n<li>ihr k\u00f6nnt das Ganze nat\u00fcrlich auch auf eurer eigenen <strong>Internetseite hinterlegen<\/strong> und auf diesen Artikel verlinken (zur Info sendet uns einfach eine <strong>Mail an info@spaness.de<\/strong><\/li>\n<li>oder <strong>twittert<\/strong> uns den Link an <strong>@wellness_rallye<\/strong><\/li>\n<li>oder schreibt den Link an unsere <strong><a title=\"Social Media Rallye auf Facebook\" href=\"http:\/\/www.facebook.de\/socialmediarallye\" target=\"_blank\" class=\"external\" rel=\"nofollow\">Rallye-Pinnwand<\/a><\/strong><\/li>\n<li>oder schreibt uns einfach eine <strong>Mail an info@spaness.de<\/strong><\/li>\n<\/ul>\n<p>Diese tolle Idee f\u00fcr einen Boxenstopp haben wir \u00fcbrigens durch das VILA VITA Burghotel in Dinklage erhalten.<\/p>\n<p><strong><span style=\"color: #ff6600;\">Die 5 W\u00f6rter f\u00fcr das Gedicht findet ihr daher auch auf der <a title=\"Facebook-Fanpage Burghotel Vila Vita\" href=\"http:\/\/www.facebook.com\/burghoteldinklage\" target=\"_blank\" class=\"external\" rel=\"nofollow\">Facebook-Seite vom VILA VITA Burghotel<\/a>.<\/span><br \/>\n<\/strong><\/p>\n<p><span style=\"color: #ff6600;\"><strong>Der &#8222;beste Dichter&#8220; erh\u00e4lt als Gewinn sogar einen <span style=\"text-decoration: underline;\">Gutschein f\u00fcr einen Kurzurlaub mit Wellnessfaktor im VILA VITA*<\/span>.<\/strong><\/span> F\u00fcr zwei weitere Gewinner gibt es das Buch &#8222;Hideaways &#8211; Die sch\u00f6nsten Hotels der Welt&#8220; (Wert je 55.- EUR). Die drei Gewinner-Gedichte werden nat\u00fcrlich hier auf den Rallye-Seiten und auf der Facebook-Fanpage des Burghotels zu finden und zu lesen sein.<\/p>\n<div class=\"img-container pull-left imgleft\"><a title=\"Wellnesshotel Vechta, Wellnessurlaub M\u00fcnsterland\" href=\"https:\/\/www.spaness.de\/inserat\/vila-vita-burghotel-dinklage.htm\" target=\"_blank\"><img loading=\"lazy\" decoding=\"async\" title=\"Burghotel Vila Vita mit Wellnessfaktor - f\u00fcr mehr Infos einfach das Bild klicken\" src=\"https:\/\/www.spaness.de\/bilder\/vorschau\/379_6598.jpg\" alt=\"Burghotel Vila Vita mit Wellnessfaktor - f\u00fcr mehr Infos einfach das Bild klicken\" width=\"282\" height=\"210\" \/><\/a><h5 class=\"text-center\">(Quelle\/Bild): Burghotel Vila Vita mit Wellnessfaktor &#8211; f\u00fcr mehr Infos einfach das Bild klicken<\/h5><\/div>\n<p><strong>Das VILA VITA (in Dinklage) liegt in Niedersachsen im Oldenburger M\u00fcnsterland. <\/strong><\/p>\n<p>Mit viel Liebe zum Detail wurde im Burghotel Vila Vita jenes Wohlf\u00fchl-Ambiente geschaffen, das die optimale Voraussetzung f\u00fcr einen erholsamen Aufenthalt bietet.<\/p>\n<p>Das VILA VITA gibt es \u00fcbrigens auch auf <a title=\"Vila Vita auf facebook, Burghotel auf facebook\" href=\"http:\/\/www.facebook.com\/burghoteldinklage\" target=\"_blank\" class=\"external\" rel=\"nofollow\">Facebook<\/a> &#8211; schaut mal direkt vorbei und seid gespannt, was das Vila Vita noch f\u00fcr \u00dcberraschungen bereit h\u00e4lt.<\/p>\n<p>*<strong>Inhalt Gutschein:<\/strong> 1 \u00dcbernachtung im &#8222;Komfort-Doppelzimmer&#8220; f\u00fcr 2 Personen inkl. Teilnahme am Fr\u00fchst\u00fccksbuffet &#8222;Oldenburger M\u00fcnsterland&#8220;, 2 x Eintritt in die 680 m\u00b2 gro\u00dfe Wellness-Oase \u201eBurgtherme\u201c inkl. kostenfreie Vitamins\u00e4fte, Obst, Kaffee, Tee und Mineralwasser, kostenfreier Eintritt in den hoteleigenen Wildpark, kostenfreies Parken, eine gro\u00dfe Flasche Mineralwasser bei Anreise auf dem gem\u00fctlichen Hotelzimmer, Bademantel und Badeschuhe leihweise f\u00fcr die Dauer des Aufenthaltes (Wert des Gutscheins 185.- EUR).<\/p>\n<p>____<\/p>\n<p><strong>Bitte beachten: <\/strong><\/p>\n<p><strong>Bis zum 30.09.2011 gibts hier t\u00e4glich tolle neue Aktionen und Gewinne! Also auch morgen wieder unbedingt vorbeischauen!<br \/>\n<\/strong><\/p>\n<ul>\n<li>An- und Abreise sind im Gewinn nicht enthalten.<\/li>\n<li>Der Gewinn kann nicht in bar ausgezahlt werden.<\/li>\n<li>Der Rechtsweg ist ausgeschlossen.<\/li>\n<li><a title=\"Datenschutzbestimmungen\" href=\"..\/..\/datenschutz.htm\" target=\"_blank\">Datenschutzbestimmung<\/a><\/li>\n<li><a title=\"Nutzungsbedingungen\" href=\"..\/..\/nutzungsbestimmungen.htm\" target=\"_blank\">Nutzungsbedingungen<\/a><\/li>\n<\/ul>\n","protected":false},"excerpt":{"rendered":"<p>Nun ist schon Tag 8 der Rallye erreicht. Heute wirds ein wenig poetisch. Das ist eure Aufgabe des Tages. Wir geben euch 5 W\u00f6rter vor und daraus m\u00fc\u00dft ihr ein Gedicht machen bzw. diese W\u00f6rter in ein &#8222;selbsterstelltes&#8220; Gedicht einbringen. Da es sich heute um eine ganz knifflige Aufgabe handelt,&#8230;<\/p>\n","protected":false},"author":2,"featured_media":3261,"comment_status":"open","ping_status":"open","sticky":false,"template":"","format":"standard","meta":{"footnotes":""},"categories":[206,13,15],"tags":[53,74,87,109,164,166,170],"class_list":["post-3256","post","type-post","status-publish","format-standard","has-post-thumbnail","hentry","category-social-media-rallye","category-urlaub","category-wellness","tag-geschenkgutschein","tag-kurzurlaub","tag-naturtourismus","tag-social-media-rallye","tag-wellnesshotel","tag-wellnessoase","tag-wellnessurlaub"],"_links":{"self":[{"href":"https:\/\/www.spaness.de\/blog\/wp-json\/wp\/v2\/posts\/3256","targetHints":{"allow":["GET"]}}],"collection":[{"href":"https:\/\/www.spaness.de\/blog\/wp-json\/wp\/v2\/posts"}],"about":[{"href":"https:\/\/www.spaness.de\/blog\/wp-json\/wp\/v2\/types\/post"}],"author":[{"embeddable":true,"href":"https:\/\/www.spaness.de\/blog\/wp-json\/wp\/v2\/users\/2"}],"replies":[{"embeddable":true,"href":"https:\/\/www.spaness.de\/blog\/wp-json\/wp\/v2\/comments?post=3256"}],"version-history":[{"count":1,"href":"https:\/\/www.spaness.de\/blog\/wp-json\/wp\/v2\/posts\/3256\/revisions"}],"predecessor-version":[{"id":16032,"href":"https:\/\/www.spaness.de\/blog\/wp-json\/wp\/v2\/posts\/3256\/revisions\/16032"}],"wp:featuredmedia":[{"embeddable":true,"href":"https:\/\/www.spaness.de\/blog\/wp-json\/wp\/v2\/media\/3261"}],"wp:attachment":[{"href":"https:\/\/www.spaness.de\/blog\/wp-json\/wp\/v2\/media?parent=3256"}],"wp:term":[{"taxonomy":"category","embeddable":true,"href":"https:\/\/www.spaness.de\/blog\/wp-json\/wp\/v2\/categories?post=3256"},{"taxonomy":"post_tag","embeddable":true,"href":"https:\/\/www.spaness.de\/blog\/wp-json\/wp\/v2\/tags?post=3256"}],"curies":[{"name":"wp","href":"https:\/\/api.w.org\/{rel}","templated":true}]}}