{"id":3873,"date":"2011-09-28T10:01:57","date_gmt":"2011-09-28T08:01:57","guid":{"rendered":"http:\/\/www.spaness.de\/blog\/?p=3873"},"modified":"2016-10-14T10:07:33","modified_gmt":"2016-10-14T08:07:33","slug":"social-media-rallye-kinder","status":"publish","type":"post","link":"https:\/\/www.spaness.de\/blog\/social-media-rallye-kinder\/","title":{"rendered":"Tag 28: Kinder an die Macht"},"content":{"rendered":"<p><a data-title=\"\" data-lightbox=\"lightbox\" href=\"https:\/\/www.spaness.de\/blog\/wp-content\/uploads\/Tag_28.jpg\"><img loading=\"lazy\" decoding=\"async\" class=\"img-responsive pull-left imgleft size-full img-responsive wp-image-3875\" title=\"Tag_28\" src=\"https:\/\/www.spaness.de\/blog\/wp-content\/uploads\/Tag_28.jpg\" alt=\"\" width=\"182\" height=\"78\" \/><\/a>Die Rallye ist fast zu Ende. Der Internationale Weltkindertag liegt nur einige Tage zur\u00fcck. Diesen 28. Rallye-Tag wollen wir daher mal den Kindern widmen.<\/p>\n<p>Daher lasst heute doch einfach mal die Kinder sprechen und entscheiden&#8230; wie, was und wo zeigen euch heute die Experten vom <a title=\"Sch\u00f6nheit &amp; Beauty Tipps online\" href=\"http:\/\/www.wellspa-portal.de\" target=\"_blank\" class=\"external\" rel=\"nofollow\"><strong>WellSPA-Portal<\/strong><\/a>. Die haben sich heute n\u00e4mlich mit den Wurzelzwergen und Greenfoot zusammengetan und stellen einiges vor, was sicherlich die Kinderherzen h\u00f6her schlagen l\u00e4\u00dft. \ud83d\ude42<br \/>\nTeilnehmen k\u00f6nnt ihr dieses Mal bis Morgen, 29. September 2011 &#8211; 23:59 Uhr (die Uhrzeit kennt ihr ja schon \ud83d\ude09 )<\/p>\n<h2>Einen Tipp des Tages haben wir nat\u00fcrlich auch noch im Gep\u00e4ck. La\u00dft euch hier einfach mal dr\u00fcben im <a title=\"Sch\u00f6nheit und Beauty Magazin online\" href=\"http:\/\/www.wellspa-portal.de\" target=\"_blank\" class=\"external\" rel=\"nofollow\"><strong>WellSPA-Portal<\/strong><\/a> \u00fcberraschen! \ud83d\ude09<\/h2>\n<p><a title=\"Zaubermaus bei Vita-Beauty\" href=\"http:\/\/www.vita-beauty.de\" target=\"_blank\" class=\"external\" rel=\"nofollow\"><img loading=\"lazy\" decoding=\"async\" class=\"pull-left imgleft\" src=\"http:\/\/www.wellness-case.de\/wp-content\/uploads\/Tag-28_Bild.bmp\" alt=\"\" width=\"191\" height=\"240\" \/><\/a>&#8230;.und wer dann noch diese kleine, niedliche, fliegende <strong>Zaubermaus<\/strong> sucht, findet Sie auf  einem T-shirt und mit der passenden <strong>Kindercreme<\/strong> im <strong><a title=\"Vita Beauty Online Kosmetik Shop\" href=\"http:\/\/www.vita-beauty.de\/\" target=\"_blank\" class=\"external\" rel=\"nofollow\">Vita Beauty  Shop<\/a><\/strong>. Hier gibt es bis zum 4. Oktober eine spezielle Sonderaktion f\u00fcr die Social Media Rallye. Wer\u00a0 bis zum 04.  Oktober 2011 eine Kindercreme bestellt, erh\u00e4lt 1 T-shirt und 1 Zaubermaus Tasse  <strong>gratis<\/strong>.<\/p>\n<p>Wir w\u00fcnschen Euch\u00a0wie immer viel Spa\u00df beim Spiel!!<\/p>\n","protected":false},"excerpt":{"rendered":"<p>Die Rallye ist fast zu Ende. Der Internationale Weltkindertag liegt nur einige Tage zur\u00fcck. Diesen 28. Rallye-Tag wollen wir daher mal den Kindern widmen. Daher lasst heute doch einfach mal die Kinder sprechen und entscheiden&#8230; wie, was und wo zeigen euch heute die Experten vom WellSPA-Portal. Die haben sich heute&#8230;<\/p>\n","protected":false},"author":2,"featured_media":0,"comment_status":"open","ping_status":"open","sticky":false,"template":"","format":"standard","meta":{"footnotes":""},"categories":[206,15],"tags":[54,104,109,145,161],"class_list":["post-3873","post","type-post","status-publish","format-standard","hentry","category-social-media-rallye","category-wellness","tag-geschenkidee","tag-schonheit","tag-social-media-rallye","tag-wellness-fur-schwangere","tag-wellnessangebote"],"_links":{"self":[{"href":"https:\/\/www.spaness.de\/blog\/wp-json\/wp\/v2\/posts\/3873","targetHints":{"allow":["GET"]}}],"collection":[{"href":"https:\/\/www.spaness.de\/blog\/wp-json\/wp\/v2\/posts"}],"about":[{"href":"https:\/\/www.spaness.de\/blog\/wp-json\/wp\/v2\/types\/post"}],"author":[{"embeddable":true,"href":"https:\/\/www.spaness.de\/blog\/wp-json\/wp\/v2\/users\/2"}],"replies":[{"embeddable":true,"href":"https:\/\/www.spaness.de\/blog\/wp-json\/wp\/v2\/comments?post=3873"}],"version-history":[{"count":1,"href":"https:\/\/www.spaness.de\/blog\/wp-json\/wp\/v2\/posts\/3873\/revisions"}],"predecessor-version":[{"id":16025,"href":"https:\/\/www.spaness.de\/blog\/wp-json\/wp\/v2\/posts\/3873\/revisions\/16025"}],"wp:attachment":[{"href":"https:\/\/www.spaness.de\/blog\/wp-json\/wp\/v2\/media?parent=3873"}],"wp:term":[{"taxonomy":"category","embeddable":true,"href":"https:\/\/www.spaness.de\/blog\/wp-json\/wp\/v2\/categories?post=3873"},{"taxonomy":"post_tag","embeddable":true,"href":"https:\/\/www.spaness.de\/blog\/wp-json\/wp\/v2\/tags?post=3873"}],"curies":[{"name":"wp","href":"https:\/\/api.w.org\/{rel}","templated":true}]}}