{"id":4217,"date":"2011-11-23T20:10:05","date_gmt":"2011-11-23T19:10:05","guid":{"rendered":"http:\/\/www.spaness.de\/blog\/?p=4217"},"modified":"2011-11-23T20:10:05","modified_gmt":"2011-11-23T19:10:05","slug":"advent-advent","status":"publish","type":"post","link":"https:\/\/www.spaness.de\/blog\/advent-advent\/","title":{"rendered":"Advent, Advent ein Lichtlein brennt&#8230;"},"content":{"rendered":"<div id=\"attachment_4219\" class=\"img-container pull-left imgleft\"><a data-lightbox=\"lightbox\" data-title=\"Unser Hexenhaus aus dem vergangenen Jahr &#8211; nat\u00fcrlich gibt es auch dieses Jahr ein Neues :-)\" href=\"https:\/\/www.spaness.de\/blog\/wp-content\/uploads\/Blog_Hexenhaus_110403-1.jpg\"><img loading=\"lazy\" decoding=\"async\" class=\"img-responsive img-responsive size-full img-responsive wp-image-4219\" title=\"Blog_Hexenhaus_110403\" src=\"https:\/\/www.spaness.de\/blog\/wp-content\/uploads\/Blog_Hexenhaus_110403-1.jpg\" alt=\"Unser Hexenhaus aus dem vergangenen Jahr - nat\u00fcrlich gibt es auch dieses Jahr ein Neues :-)\" width=\"293\" height=\"320\" srcset=\"https:\/\/www.spaness.de\/blog\/wp-content\/uploads\/Blog_Hexenhaus_110403-1.jpg 293w, https:\/\/www.spaness.de\/blog\/wp-content\/uploads\/Blog_Hexenhaus_110403-1-275x300.jpg 275w\" sizes=\"auto, (max-width: 293px) 100vw, 293px\" \/><\/a><h5 class=\"text-center\">Unser Hexenhaus aus dem vergangenen Jahr &#8211; nat\u00fcrlich gibt es auch dieses Jahr ein Neues \ud83d\ude42<\/h5><\/div>\n<p>Der <strong>erste Advent<\/strong> steht in den Startl\u00f6chern. Ich wei\u00df nicht wie es euch geht und wie weit ihr seid, doch in meinen Vier W\u00e4nden steht an allen Ecken und Enden <strong>Weihnachtsdeko<\/strong> &amp; Co. rum. Denn die<strong> Adventszeit <\/strong>steht bei uns ja f\u00fcr Gem\u00fctlichkeit mit Kerzenlicht, Vanilleduft und Pl\u00e4tzchen-Nachmittagen. Eigentlich bin ich schon seit einigen Tagen hier am rumdekorieren, zu den Utensilien aus den letzten Jahren hat mich in diesem Jahr \u00fcbrigens seit langer Zeit mal wieder das Weihnachtsfieber gepackt und ich habe beschlossen ein paar h\u00fcbsche neue Weihnachtsideen zu ershoppen. Ich stehe total auf diese <strong>Glitzerhirsche<\/strong> und Elche&#8230; im Allgemeinen haben es mir in diesem Jahr eher die Deko-Artikel angetan, die nicht nur f\u00fcr Weihnachten stehen. Falls ihr vielleicht auch grad im <strong>Weihnachtsdekofieber <\/strong>seid, ich hab da ein paar h\u00fcbsche Deko-Artikel erst gestern bei Lidl gefunden und auch in <a title=\"Rossmann-Prospekt bei meinprospekt.de\" href=\"http:\/\/www.meinprospekt.de\/rossmann-de\" target=\"_blank\" class=\"external\" rel=\"nofollow\">Prospekte von Rossmann<\/a> ist mir schon das Ein oder Andere ins Auge gesprungen. In meiner neuen <strong>Weihnachtsdeko<\/strong> tummeln sich nun also die Elche, Hirsche und ganz viel in der Trendfarbe lila. Ich bin begeistert und freue mich richtig drauf, diesen Kitsch an die richtige Stelle zu bringen.<\/p>\n<div id=\"attachment_4221\" class=\"img-responsive img-container pull-right imgright\"><a data-lightbox=\"lightbox\" data-title=\"Der Adventsteller mit Mandarinen, Pl\u00e4tzchen &amp; Co. geh\u00f6rt einfach dazu&#8230;\" href=\"https:\/\/www.spaness.de\/blog\/wp-content\/uploads\/Blog_Adventsteller_110403-1.jpg\"><img loading=\"lazy\" decoding=\"async\" class=\"img-responsive img-responsive size-full img-responsive wp-image-4221\" title=\"Blog_Adventsteller_110403\" src=\"https:\/\/www.spaness.de\/blog\/wp-content\/uploads\/Blog_Adventsteller_110403-1.jpg\" alt=\"Der Adventsteller mit Mandarinen, Pl\u00e4tzchen &amp; Co. geh\u00f6rt einfach dazu...\" width=\"300\" height=\"200\" \/><\/a><h5 class=\"text-center\">Der Adventsteller mit Mandarinen, Pl\u00e4tzchen &amp; Co. geh\u00f6rt einfach dazu&#8230;<\/h5><\/div>\n<p>Damit es zum<strong> ersten Advent<\/strong> auch so richtig weihnachtlich wird, gehts am Freitag auch ans <strong>Pl\u00e4tzchen backen<\/strong>. Im letzten Jahr habe ich da ja noch so ein nettes Rezept aus einem unserer Partner-Hotels bekommen. Das Rezept f\u00fcr die <strong>&#8222;Heide-Sand-Kekse&#8220;<\/strong> findet ihr in unserem Beitrag &#8222;<a title=\"Weihnachtsgeschenke NRW\" href=\"https:\/\/www.spaness.de\/blog\/wellnesserlebnisse-fur-nordrhein-westfalen-unter-dem-tannenbaum\/\" target=\"_blank\">Wellnesserlebnisse f\u00fcr Nordrhein-Westfalen unterm Tannenbaum<\/a>&#8222;. Nat\u00fcrlich darf bei dieser Gelegenheit auch das &#8222;erbacken&#8220; des <strong>Knusperh\u00e4uschens<\/strong> nicht fehlen. \ud83d\ude09<\/p>\n<p>Das basteln des <strong>Adventskalenders<\/strong> f\u00fcr unseren Nachwuchs steht nat\u00fcrlich auch noch auf dem Programm. Hier habe ich bereits in den vergangenen Monaten auf <a href=\"http:\/\/www.meinprospekt.de\/\" target=\"_blank\" class=\"external\" rel=\"nofollow\">viele gute Angebote<\/a> in den Gesch\u00e4ften, Superm\u00e4rkten &amp; Co. geachtet. Denn es soll ja nicht so viel S\u00fc\u00dfes in so einen Kalender, doch zu kostspielieg soll das Ganze nat\u00fcrlich auch nicht werden&#8230; denn ein solcher Kalender soll die Wartezeit bis Weihnachten ja nur nett &#8222;erleichtern&#8220;. Mittlerweile habe ich aber alle <strong>kleinen Geschenke<\/strong> zusammen (z.B. Aufkleber, Stempel, Bastelutensilien etc.) und das Ganze mu\u00df nur noch zusammengepackt werden.<\/p>\n<p>Als letztes wichtiges <strong>vorweihnachtliches Ritual<\/strong> steht nat\u00fcrlich auch noch der Besuch mit &#8222;den L\u00fctten&#8220; im <strong>Kindertheater<\/strong> an. In diesem Jahr gibts &#8222;das tapfere Schneiderlein&#8220;&#8230; und eh man sich versieht ist die <strong>Adventszeit<\/strong> auch schon vorbei und auch das Jahr neigt sich dem Ende zu.<\/p>\n<p>In diesem Sinne w\u00fcnschen wir allen Lesern &#8222;<strong>einen frohen ersten Advent<\/strong>&#8222;! \ud83d\ude42<\/p>\n","protected":false},"excerpt":{"rendered":"<p>Der erste Advent steht in den Startl\u00f6chern. Ich wei\u00df nicht wie es euch geht und wie weit ihr seid, doch in meinen Vier W\u00e4nden steht an allen Ecken und Enden Weihnachtsdeko &amp; Co. rum. Denn die Adventszeit steht bei uns ja f\u00fcr Gem\u00fctlichkeit mit Kerzenlicht, Vanilleduft und Pl\u00e4tzchen-Nachmittagen. Eigentlich bin&#8230;<\/p>\n","protected":false},"author":2,"featured_media":4221,"comment_status":"open","ping_status":"open","sticky":false,"template":"","format":"standard","meta":{"footnotes":""},"categories":[15],"tags":[54,101,138],"class_list":["post-4217","post","type-post","status-publish","format-standard","has-post-thumbnail","hentry","category-wellness","tag-geschenkidee","tag-romantisches-geschenk","tag-weihnachtsfeier"],"_links":{"self":[{"href":"https:\/\/www.spaness.de\/blog\/wp-json\/wp\/v2\/posts\/4217","targetHints":{"allow":["GET"]}}],"collection":[{"href":"https:\/\/www.spaness.de\/blog\/wp-json\/wp\/v2\/posts"}],"about":[{"href":"https:\/\/www.spaness.de\/blog\/wp-json\/wp\/v2\/types\/post"}],"author":[{"embeddable":true,"href":"https:\/\/www.spaness.de\/blog\/wp-json\/wp\/v2\/users\/2"}],"replies":[{"embeddable":true,"href":"https:\/\/www.spaness.de\/blog\/wp-json\/wp\/v2\/comments?post=4217"}],"version-history":[{"count":0,"href":"https:\/\/www.spaness.de\/blog\/wp-json\/wp\/v2\/posts\/4217\/revisions"}],"wp:featuredmedia":[{"embeddable":true,"href":"https:\/\/www.spaness.de\/blog\/wp-json\/wp\/v2\/media\/4221"}],"wp:attachment":[{"href":"https:\/\/www.spaness.de\/blog\/wp-json\/wp\/v2\/media?parent=4217"}],"wp:term":[{"taxonomy":"category","embeddable":true,"href":"https:\/\/www.spaness.de\/blog\/wp-json\/wp\/v2\/categories?post=4217"},{"taxonomy":"post_tag","embeddable":true,"href":"https:\/\/www.spaness.de\/blog\/wp-json\/wp\/v2\/tags?post=4217"}],"curies":[{"name":"wp","href":"https:\/\/api.w.org\/{rel}","templated":true}]}}