{"id":4495,"date":"2012-08-17T21:00:08","date_gmt":"2012-08-17T20:00:08","guid":{"rendered":"http:\/\/www.spaness.de\/blog\/?p=4495"},"modified":"2012-08-17T21:00:08","modified_gmt":"2012-08-17T20:00:08","slug":"kopfmassierer-kleines-wellnesserlebnis","status":"publish","type":"post","link":"https:\/\/www.spaness.de\/blog\/kopfmassierer-kleines-wellnesserlebnis\/","title":{"rendered":"Kopfmassierer &#8211; ein kleines Wellness-Erlebnis"},"content":{"rendered":"<div id=\"attachment_5947\" class=\"img-container pull-left imgleft\"><a data-lightbox=\"lightbox\" data-title=\"Interessantes Ger\u00e4t&#8230;\" href=\"https:\/\/www.spaness.de\/blog\/wp-content\/uploads\/Kopfmassage-1.jpg\"><img loading=\"lazy\" decoding=\"async\" class=\"img-responsive img-responsive img-responsive img-responsive wp-image-5947 \" title=\"Kopfmassage\" alt=\"Interessantes Ger\u00e4t...\" src=\"https:\/\/www.spaness.de\/blog\/wp-content\/uploads\/Kopfmassage-174x300.jpg\" width=\"174\" height=\"300\" \/><\/a><h5 class=\"text-center\">Interessantes Ger\u00e4t&#8230;<\/h5><\/div>\n<p>Der ein oder andere von euch kennt dieses tolle Ger\u00e4t vielleicht schon. Einige aber vielleicht auch noch nicht und denen m\u00f6chten wir den <strong>Kopfmassierer<\/strong> mal kurz vorstellen. Ich bin das erste Mal vor ein paar Jahren damit in Ber\u00fchrung gekommen. Eine Freundin von mir hatte sich so etwas zugelegt. Es erinnert eher an einen Schneebesen als an ein <strong>Wellnessger\u00e4t<\/strong>. So wurde es auch damals eher von mir bestaunt als es da so auf dem Tisch lag. Bis der Kopfmassierer an mir ausprobiert wurde. Gerade die erste Massage mit diesem einfachen aber wohl wirkungsvollen Ger\u00e4t war eine echte Wohltat. Alle Sinne auf meiner Kopfhaut wurden, gef\u00fchlt, komplett angesprochen. Ich bekam sogar eine leichte wohlige G\u00e4nsehaut. Danach ist der <strong>Kopfmassierer<\/strong> aber irgendwie in Vergessenheit geraten, bis ich letztes Jahr in meinem Adventskalender an Tag 7 einen als Geschenk verpackt bekam. Seit dem steht es immer bei mir am Schreibtisch und wartet immer mal wieder auf seinen Einsatz&#8230; \ud83d\ude09<\/p>\n<h2><strong>Wohlf\u00fchlprodukt &#8211; Kopfmassierer<\/strong><\/h2>\n<div id=\"attachment_5948\" class=\"img-container pull-right imgright\"><a data-lightbox=\"lightbox\" data-title=\"Immer noch kein Schneebesen&#8230; :-)\" href=\"https:\/\/www.spaness.de\/blog\/wp-content\/uploads\/Kopfmassage_2-1.jpg\"><img loading=\"lazy\" decoding=\"async\" class=\"img-responsive img-responsive img-responsive img-responsive wp-image-5948 \" title=\"Kopfmassage_2\" alt=\"Immer noch kein Schneebesen... :-)\" src=\"https:\/\/www.spaness.de\/blog\/wp-content\/uploads\/Kopfmassage_2-300x192.jpg\" width=\"300\" height=\"192\" \/><\/a><h5 class=\"text-center\">Immer noch kein Schneebesen&#8230; \ud83d\ude42<\/h5><\/div>\n<p>Das <strong>Kopfmassager\u00e4t<\/strong> erfreut sich wohl mittlerweile einer gro\u00dfen Beliebtheit, denn das <strong>kleine Wellnessger\u00e4t<\/strong> hab ich nun schon in einigen L\u00e4ndern entdeckt. Es tr\u00e4gt da so wohlige Namen wie z.B. Masseur de t\u00eate &#8211; h\u00f6rt sich doch gleich viel melodischer an, als die deutschen Begrifflichkeiten. In Deutschland findet man das Ganze mit den Begriffen Kopfmassierer, Head massager, Anti-Stress-Kopfmassierer oder Magic Moment Kopfmassierer etc. Wie bereits erw\u00e4hnt, erinnert das kleine Massageger\u00e4t an <strong>eine Art Schneebesen<\/strong>. Am Griff sind unterschiedlich lange Metallarme befestigt. Wenn man das Ger\u00e4t auf dem Kopf aufsetzt, dann geben die Arme nach. Durch Hin- und Her-Bewegung entsteht dann das Massagegef\u00fchl, welches die meisten Menschen (auch ich) als beruhigend und angenehm empfinden.<\/p>\n<p>Durch die Anwendung sollen <strong>Gl\u00fcckshormone freigesetzt<\/strong> werden. So ein Kopfmassageger\u00e4t hilft einfach dabei sich zu entspannen, so kann es z.B. auch Kopfschmerzen lindern. Mir zaubert es jedenfalls sofort ein <strong>gutes Gef\u00fchl und ein L\u00e4cheln<\/strong> ins Gesicht. \ud83d\ude42 Das Denkverm\u00f6gen und die Konzentration soll durch die Massage verbessert werden &#8211; bei mir hilft es jedenfalls oftmals&#8230; denke ich&#8230; \ud83d\ude42 Auf alle F\u00e4lle wird mal die Durchblutung der Kopfhaut stimuliert. Es handelt sich beim Kopfmassierer aber nat\u00fcrlich um ein reines Wohlf\u00fchlprodukt.<\/p>\n<h2><span style=\"color: #993300;\"><strong>*** Aktion *** Aktion *** Aktion ***<\/strong><\/span><\/h2>\n<p>Wir haben uns von den <strong>entspannenden Kopfmassageger\u00e4ten<\/strong> mal einen kleinen Vorrat zugelegt und uns dazu eine lustige Aktion ausgedacht. Wir wollen Kopfmassageger\u00e4te unters Volk bringen&#8230; \ud83d\ude42 Wir haben jetzt genau <a title=\"Spaness Fanpage auf facebook\" href=\"http:\/\/www.facebook.de\/spaness\" class=\"external\" rel=\"nofollow\">1.201 Fans auf Facebook<\/a>. Immer wenn wir jetzt eine bestimmte Fanzanzahl erreicht haben, dann verschenken wir 1 Kopfmassageger\u00e4t. Dieses wird dann immer unter <a title=\"Spaness auf Facebook\" href=\"http:\/\/www.facebook.de\/spaness\" target=\"_blank\" class=\"external\" rel=\"nofollow\"><span style=\"text-decoration: underline;\"><strong>allen Fans<\/strong><\/span><\/a> ausgelost.<\/p>\n<ul>\n<li><span style=\"text-decoration: line-through;\">Das erste Kopfmassageger\u00e4t verschenken wir bei einer Anzahl von <span style=\"color: #993300;\"><strong>1.234 Fans<\/strong><\/span>&#8230; das sollte ja fix zu schaffen sein&#8230; \ud83d\ude42<\/span> <span style=\"color: #ff6600;\">Verlosung hat bereits statt gefunden&#8230; aber die n\u00e4chste Fananzahl wurde noch nicht erreicht! \ud83d\ude42<\/span><\/li>\n<li><span style=\"text-decoration: line-through;\">Steigt die Fananzahl dann auf <span style=\"color: #993300;\"><strong>1.299 Fans<\/strong><\/span> verschenken wir den n\u00e4chsten Kopfmassierer. <\/span><span style=\"color: #ff6600;\">Verlosung hat bereits statt gefunden&#8230; aber die n\u00e4chste Fananzahl wurde noch nicht erreicht! \ud83d\ude42<\/span><\/li>\n<li>Kopfmassierer Nr. 3 wird dann bei <span style=\"color: #993300;\"><strong>1.444 Fans<\/strong><\/span> verschenkt.<\/li>\n<li>Bei einer Fananzahl von <span style=\"color: #993300;\"><strong>1.555 Fans<\/strong><\/span> verschenken wir den n\u00e4chsten Kopfmassierer.<\/li>\n<li>&#8230;der vorerst letzte Kopfmassierer wird dann bei einer Anzahl von <strong><span style=\"color: #993300;\">1.678 Fans<\/span> <\/strong>verschenkt.<\/li>\n<\/ul>\n<p>Also jetzt hei\u00dft es teilen, liken, posten, einladen&#8230; Wir w\u00fcnschen euch mit unserer neuen Aktion viel Spa\u00df, freuen uns auf viele Kommentare auf unserer Pinnwand oder aber auch hier direkt in unserem Blog und nat\u00fcrlich sind wir schon ganz gespannt, wen wir in Zukunft alles neues auf unserer Fanseite begr\u00fc\u00dfen d\u00fcrfen. \ud83d\ude42<\/p>\n<h2><strong>*** <a title=\"Spaness auf Facebook\" href=\"http:\/\/www.facebook.de\/spaness\" target=\"_blank\" class=\"external\" rel=\"nofollow\">Zur SPANESS-Fanpage auf Facebook<\/a> ***<\/strong><\/h2>\n<p>___<\/p>\n<p><strong>Bitte beachtet: <\/strong><\/p>\n<ul>\n<li>Der Gewinn kann nicht in bar ausgezahlt werden.<\/li>\n<li>Der Rechtsweg ist ausgeschlossen.<\/li>\n<li><a href=\"http:\/\/wellness-bummler.de\/impressum\/datenschutzerklarung\/\" target=\"_blank\" class=\"external\" rel=\"nofollow\">Datenschutzbestimmung<\/a><\/li>\n<li><a href=\"http:\/\/wellness-bummler.de\/impressum\/nutzungsbedingungen\/\" target=\"_blank\" class=\"external\" rel=\"nofollow\">Nutzungsbedingungen<\/a><\/li>\n<\/ul>\n<p>&nbsp;<\/p>\n","protected":false},"excerpt":{"rendered":"<p>Der ein oder andere von euch kennt dieses tolle Ger\u00e4t vielleicht schon. Einige aber vielleicht auch noch nicht und denen m\u00f6chten wir den Kopfmassierer mal kurz vorstellen. Ich bin das erste Mal vor ein paar Jahren damit in Ber\u00fchrung gekommen. Eine Freundin von mir hatte sich so etwas zugelegt. Es&#8230;<\/p>\n","protected":false},"author":2,"featured_media":5948,"comment_status":"open","ping_status":"open","sticky":false,"template":"","format":"standard","meta":{"footnotes":""},"categories":[15],"tags":[56,80,109,161],"class_list":["post-4495","post","type-post","status-publish","format-standard","has-post-thumbnail","hentry","category-wellness","tag-gesundheit","tag-massage","tag-social-media-rallye","tag-wellnessangebote"],"_links":{"self":[{"href":"https:\/\/www.spaness.de\/blog\/wp-json\/wp\/v2\/posts\/4495","targetHints":{"allow":["GET"]}}],"collection":[{"href":"https:\/\/www.spaness.de\/blog\/wp-json\/wp\/v2\/posts"}],"about":[{"href":"https:\/\/www.spaness.de\/blog\/wp-json\/wp\/v2\/types\/post"}],"author":[{"embeddable":true,"href":"https:\/\/www.spaness.de\/blog\/wp-json\/wp\/v2\/users\/2"}],"replies":[{"embeddable":true,"href":"https:\/\/www.spaness.de\/blog\/wp-json\/wp\/v2\/comments?post=4495"}],"version-history":[{"count":1,"href":"https:\/\/www.spaness.de\/blog\/wp-json\/wp\/v2\/posts\/4495\/revisions"}],"predecessor-version":[{"id":18239,"href":"https:\/\/www.spaness.de\/blog\/wp-json\/wp\/v2\/posts\/4495\/revisions\/18239"}],"wp:featuredmedia":[{"embeddable":true,"href":"https:\/\/www.spaness.de\/blog\/wp-json\/wp\/v2\/media\/5948"}],"wp:attachment":[{"href":"https:\/\/www.spaness.de\/blog\/wp-json\/wp\/v2\/media?parent=4495"}],"wp:term":[{"taxonomy":"category","embeddable":true,"href":"https:\/\/www.spaness.de\/blog\/wp-json\/wp\/v2\/categories?post=4495"},{"taxonomy":"post_tag","embeddable":true,"href":"https:\/\/www.spaness.de\/blog\/wp-json\/wp\/v2\/tags?post=4495"}],"curies":[{"name":"wp","href":"https:\/\/api.w.org\/{rel}","templated":true}]}}