{"id":50610,"date":"2023-05-19T15:21:50","date_gmt":"2023-05-19T13:21:50","guid":{"rendered":"https:\/\/www.spaness.de\/blog\/?p=50610"},"modified":"2023-06-12T07:58:07","modified_gmt":"2023-06-12T05:58:07","slug":"bad-nauheim-kur","status":"publish","type":"post","link":"https:\/\/www.spaness.de\/blog\/bad-nauheim-kur\/","title":{"rendered":"Bad Nauheim: Kur, Kneipp &#038; Gl\u00fccksmomente"},"content":{"rendered":"\n<p><strong>Bad Nauheim Heilbad &amp; Kneipp-Kurort &#8211; Ich bin nach Bad Nauheim gereist, um mich auf Gesundheits- und Kneipp-Spurensuche durch den <a href=\"https:\/\/www.spaness.de\/blog\/kurorte-in-deutschland\/\" target=\"_blank\" rel=\"noreferrer noopener\">Kurort in Deutschland<\/a> zu begeben. Doch gefunden habe ich viel mehr. <\/strong><\/p>\n\n\n\n<blockquote class=\"wp-block-quote is-layout-flow wp-block-quote-is-layout-flow\"><p>Bad Nauheim ist ein Gesamtkunstwerk voller Gesundheits-, Gl\u00fccks- und Wohlf\u00fchlorte und es gibt viele gute Gr\u00fcnde und vor allen Dingen auch Sehensw\u00fcrdigkeiten, um den mehrfach ausgezeichneten Kneipp-Kurort zu besuchen.<\/p><cite>Mein Versuch Bad Nauheim in einem Satz zusammenzufassen&#8230;<\/cite><\/blockquote>\n\n\n\n<p class=\"has-cyan-bluish-gray-background-color has-background\"><strong>Bad Nauheim Kur-Stadt zum Wohlf\u00fchlen<\/strong><br>Auf eine 150-j\u00e4hrige Tradition als Heilbad blickt Bad Nauheim. Mit heute 13 modernen Kliniken, erfahrenen \u00c4rzten und wissenschaftlichen Einrichtungen und zahlreichen Gesundheits- und Entspannungsorten. <\/p>\n\n\n\n<figure class=\"wp-block-image img-responsive\"><img loading=\"lazy\" decoding=\"async\" width=\"1024\" height=\"768\" src=\"https:\/\/www.spaness.de\/blog\/wp-content\/uploads\/IMG_0032-1024x768.jpeg\" alt=\"Bad Nauheim Kur\" class=\"img-responsive wp-image-50627\" srcset=\"https:\/\/www.spaness.de\/blog\/wp-content\/uploads\/IMG_0032-1024x768.jpeg 1024w, https:\/\/www.spaness.de\/blog\/wp-content\/uploads\/IMG_0032-300x225.jpeg 300w, https:\/\/www.spaness.de\/blog\/wp-content\/uploads\/IMG_0032-1536x1152.jpeg 1536w, https:\/\/www.spaness.de\/blog\/wp-content\/uploads\/IMG_0032-2048x1536.jpeg 2048w, https:\/\/www.spaness.de\/blog\/wp-content\/uploads\/IMG_0032-407x305.jpeg 407w\" sizes=\"auto, (max-width: 1024px) 100vw, 1024px\" \/><\/figure>\n\n\n\n<h2 class=\"wp-block-heading\">Bad Nauheim: Kurort, Gesundheitsstadt &amp; Heilbad im Kneipp B\u00e4der 3Eck Wetterau<\/h2>\n\n\n\n<p>Der <strong>Kneipp-Kurort Bad Nauheim im Herzen von Hessen<\/strong> bildet gemeinsam mit <em>Bad Salzhausen<\/em> und <em>Bad Vilbel<\/em> das <strong>Kneipp B\u00e4der Dreieck Wetterau<\/strong>, vor den Toren von Frankfurt am Main. Die Kur, ganz besonders die <strong><em>f\u00fcnf<\/em> Elemente der Kneippkur<\/strong>, kommen in Bad Nauheim \u00fcberall zum Einsatz.<\/p>\n\n\n\n<p class=\"has-cyan-bluish-gray-background-color has-background\"><strong>5 Elemente der Kneippkur<\/strong><br>Das wichtigste Element der Kneippkur ist Wasser. Doch auch Bewegung, Balance, Ern\u00e4hrung und Heilpflanzen z\u00e4hlen zu den gesamt <em>f\u00fcnf<\/em> Elementen des ganzheitlichen Naturheilverfahrens nach Sebastian Kneipp.<\/p>\n\n\n\n<figure class=\"wp-block-image img-responsive\"><img loading=\"lazy\" decoding=\"async\" width=\"1024\" height=\"768\" src=\"https:\/\/www.spaness.de\/blog\/wp-content\/uploads\/IMG_9912-1024x768.jpeg\" alt=\"Kneipp-Kur Bad Nauheim\" class=\"img-responsive wp-image-50635\" srcset=\"https:\/\/www.spaness.de\/blog\/wp-content\/uploads\/IMG_9912-1024x768.jpeg 1024w, https:\/\/www.spaness.de\/blog\/wp-content\/uploads\/IMG_9912-300x225.jpeg 300w, https:\/\/www.spaness.de\/blog\/wp-content\/uploads\/IMG_9912-1536x1152.jpeg 1536w, https:\/\/www.spaness.de\/blog\/wp-content\/uploads\/IMG_9912-2048x1536.jpeg 2048w, https:\/\/www.spaness.de\/blog\/wp-content\/uploads\/IMG_9912-407x305.jpeg 407w\" sizes=\"auto, (max-width: 1024px) 100vw, 1024px\" \/><\/figure>\n\n\n\n<p>Eingerahmt von <strong>idyllischen Gr\u00fcnanlagen<\/strong> und <strong>Jugendstilbauten<\/strong> zeigt sich Bad Nauheim mond\u00e4n und doch naturverbunden. Kein Wunder, dass bereits <em>Elvis Presley<\/em> Bad Nauheim als einen Wohnort w\u00e4hlte, zu Zeiten seiner Stationierung in Deutschland.<\/p>\n\n\n\n<p class=\"has-cyan-bluish-gray-background-color has-background\"><strong>Fun-Fact: <\/strong>Noch heute k\u00f6nnt ihr in der <strong>Villa Grunewald am Elvis-Presley-Platz<\/strong> in Bad Nauheim im gleichen Zimmer \u00fcbernachten wie einst der <strong>King of Rock\u2019n\u2019Roll<\/strong> h\u00f6chstpers\u00f6nlich. Das Zimmer soll auch in gro\u00dfen Teilen noch unver\u00e4ndert zu damals sein. Au\u00dferdem gibt es in Bad Nauheim auch <strong>Elvis Ampeln<\/strong> und verschiedene Orte, die an den <em>Aufenthalt von Elvis Presley<\/em> erinnern. Es hei\u00dft, Bad Nauheim ist nach Memphis (Tennessee) USA einer der Orte, die ein echter Elvis-Fan unbedingt besuchen sollte. <\/p>\n\n\n\n<figure class=\"wp-block-image img-responsive\"><img loading=\"lazy\" decoding=\"async\" width=\"1024\" height=\"768\" src=\"https:\/\/www.spaness.de\/blog\/wp-content\/uploads\/IMG_9895-1024x768.jpeg\" alt=\"Bad Nauheim Elvis Presley\" class=\"img-responsive wp-image-50631\" srcset=\"https:\/\/www.spaness.de\/blog\/wp-content\/uploads\/IMG_9895-1024x768.jpeg 1024w, https:\/\/www.spaness.de\/blog\/wp-content\/uploads\/IMG_9895-300x225.jpeg 300w, https:\/\/www.spaness.de\/blog\/wp-content\/uploads\/IMG_9895-1536x1152.jpeg 1536w, https:\/\/www.spaness.de\/blog\/wp-content\/uploads\/IMG_9895-2048x1536.jpeg 2048w, https:\/\/www.spaness.de\/blog\/wp-content\/uploads\/IMG_9895-407x305.jpeg 407w\" sizes=\"auto, (max-width: 1024px) 100vw, 1024px\" \/><\/figure>\n\n\n\n<h3 class=\"wp-block-heading\">Kneipp aktiv in Bad Nauheim entdecken<\/h3>\n\n\n\n<p>Die Lehren nach Pfarrer Sebastian Kneipp zeigen sich auf vielf\u00e4ltige und vielleicht auch \u00fcberraschende Weise im <strong>Kneipp-Kurort<\/strong> Bad Nauheim. In Bad Nauheim kommt ihr umfassend mit Kneipp oder besser gesagt den <strong><em>f\u00fcnf<\/em> S\u00e4ulen der kneipp&#8217;schen Lehre<\/strong> in Ber\u00fchrung. Ob in den <strong>G\u00e4rten der Stadt<\/strong>, an einem der <strong><em>f\u00fcnf<\/em> Gradierbauten<\/strong> oder im <strong>wundersch\u00f6nen Sprudelhof<\/strong>.<\/p>\n\n\n\n<h4 class=\"wp-block-heading\">Bad Nauheim Kurpark &amp; Waldpark<\/h4>\n\n\n\n<p>Der <strong>historische Kurpark<\/strong> im <strong>Kneipp-Kurort Bad Nauheim<\/strong>, nach Gartenarchitekt Heinrich Siesmayer, wurde im <strong>englischen Landschaftsstil <\/strong>angelegt. Die Anlage des Kurparks in Bad Nauheim hat insgesamt <em>f\u00fcnf <\/em>Jahre in Anspruch genommen. Heute zeigt sich der Park idyllisch und weitl\u00e4ufig.<\/p>\n\n\n\n<p>Tafeln am Wegesrand informieren \u00fcber die <strong>botanischen Rarit\u00e4ten<\/strong>, der<strong> gro\u00dfe Teich<\/strong> l\u00e4dt zum Bootfahren ein und auf den <strong>luftigen und sonnendurchfluteteren Freifl\u00e4chen<\/strong> zeigen sich abwechselnd <strong>Bl\u00fchwiesen, h\u00fcbsch angelegte Beete<\/strong> und <strong>freche Enten<\/strong>, die hier eine Pause einlegen oder gem\u00fctlich \u00fcber die Gr\u00fcnanlage flanieren.<\/p>\n\n\n\n<p>Direkt an den Kurpark grenzt der Waldpark. Jetzt im Fr\u00fchling verzaubert der Waldpark, fast m\u00e4rchenhaft, mit <strong>wei\u00df-duftenden B\u00e4rlauchfeldern<\/strong>. Reizvolle Trampelpfade, Terrainkur-, Wanderwege und sogar ein Lernpfad schl\u00e4ngeln sich durch den Waldpark, bis wir schlie\u00dflich auf einer <strong>sonnigen Wiese<\/strong> stehen vor einem wundersch\u00f6nen <strong>Mammutbaum<\/strong>. Einfach einatmen und wieder ausatmen und diesen Gl\u00fccksmoment genie\u00dfen.<\/p>\n\n\n\n<p class=\"has-cyan-bluish-gray-background-color has-background\"><strong>Heilwald Bad Nauheim<\/strong><br>Ein Teil des Waldparks von Bad Nauheim wird mit der Zertifizierung im Sp\u00e4tsommer mit dem Pr\u00e4dikat <strong>Heilwald<\/strong> zertifiziert. Schon jetzt steht Waldbaden auf der breiten Palette von naturnahen Gesundheitsangeboten in Bad Nauheim.<\/p>\n\n\n\n<figure class=\"wp-block-image img-responsive\"><img loading=\"lazy\" decoding=\"async\" width=\"1024\" height=\"768\" src=\"https:\/\/www.spaness.de\/blog\/wp-content\/uploads\/IMG_9921-1024x768.jpeg\" alt=\"Heilwald Bad Nauheim\" class=\"img-responsive wp-image-50636\" srcset=\"https:\/\/www.spaness.de\/blog\/wp-content\/uploads\/IMG_9921-1024x768.jpeg 1024w, https:\/\/www.spaness.de\/blog\/wp-content\/uploads\/IMG_9921-300x225.jpeg 300w, https:\/\/www.spaness.de\/blog\/wp-content\/uploads\/IMG_9921-1536x1152.jpeg 1536w, https:\/\/www.spaness.de\/blog\/wp-content\/uploads\/IMG_9921-2048x1536.jpeg 2048w, https:\/\/www.spaness.de\/blog\/wp-content\/uploads\/IMG_9921-407x305.jpeg 407w\" sizes=\"auto, (max-width: 1024px) 100vw, 1024px\" \/><\/figure>\n\n\n\n<p class=\"has-cyan-bluish-gray-background-color has-background\"><strong>Fun Fact: <\/strong>Am Rande des Kurparks findet ihr die Eissporthalle von Bad Nauheim. Dort spielt auch die Eishockey-Mannschaft des EC Bad Nauheim. Der Schlachtruf des Teams lautet #KurstadtLiebe. <\/p>\n\n\n\n<p>Doch der <strong>historische Kurpark<\/strong> mit dem angrenzeden Waldpark ist nicht die einzige Parkanlage, die Bad Nauheim zu bieten hat. <strong>Rosengarten, S\u00fcdpark<\/strong> oder auch der <strong>Gesundheitsgarten<\/strong> liegen nur wenige Schritte vom historischen Kurpark entfernt. Sie erweitern den Kurpark regelrecht, da ihr auch in all diesen Parks und G\u00e4rten <strong>Kneipp-Elemente<\/strong> entdecken, erleben und genie\u00dfen k\u00f6nnt.<\/p>\n\n\n\n<figure class=\"wp-block-image img-responsive\"><img loading=\"lazy\" decoding=\"async\" width=\"1024\" height=\"768\" src=\"https:\/\/www.spaness.de\/blog\/wp-content\/uploads\/IMG_0035-1024x768.jpeg\" alt=\"Kurpark Bad Nauheim\" class=\"img-responsive wp-image-50646\" srcset=\"https:\/\/www.spaness.de\/blog\/wp-content\/uploads\/IMG_0035-1024x768.jpeg 1024w, https:\/\/www.spaness.de\/blog\/wp-content\/uploads\/IMG_0035-300x225.jpeg 300w, https:\/\/www.spaness.de\/blog\/wp-content\/uploads\/IMG_0035-1536x1152.jpeg 1536w, https:\/\/www.spaness.de\/blog\/wp-content\/uploads\/IMG_0035-2048x1536.jpeg 2048w, https:\/\/www.spaness.de\/blog\/wp-content\/uploads\/IMG_0035-407x305.jpeg 407w\" sizes=\"auto, (max-width: 1024px) 100vw, 1024px\" \/><\/figure>\n\n\n\n<h4 class=\"wp-block-heading\">Bad Nauheim S\u00fcdpark<\/h4>\n\n\n\n<p>Von den Einheimischen wird der <strong>S\u00fcdpark<\/strong> auch oft als <strong>neuer Kurpark in Bad Nauheim<\/strong> bezeichnet. Warum liegt schnell auf der Hand. Denn im <strong>S\u00fcdpark des Kneipp-Kurortes<\/strong> befindet sich nicht nur das <strong>imposante Gradierwerk III<\/strong> sondern auch ein Fitness-Parcours, Ger\u00e4testationen f\u00fcr Outdoor-Training, Springbrunnen und ein erlebnisreicher Wasserspielplatz.<\/p>\n\n\n\n<figure class=\"wp-block-image img-responsive\"><img loading=\"lazy\" decoding=\"async\" width=\"1024\" height=\"768\" src=\"https:\/\/www.spaness.de\/blog\/wp-content\/uploads\/IMG_0079-1024x768.jpeg\" alt=\"Gradierwerk Bad Nauheim Suedpark\" class=\"img-responsive wp-image-50642\" srcset=\"https:\/\/www.spaness.de\/blog\/wp-content\/uploads\/IMG_0079-1024x768.jpeg 1024w, https:\/\/www.spaness.de\/blog\/wp-content\/uploads\/IMG_0079-300x225.jpeg 300w, https:\/\/www.spaness.de\/blog\/wp-content\/uploads\/IMG_0079-1536x1152.jpeg 1536w, https:\/\/www.spaness.de\/blog\/wp-content\/uploads\/IMG_0079-2048x1536.jpeg 2048w, https:\/\/www.spaness.de\/blog\/wp-content\/uploads\/IMG_0079-407x305.jpeg 407w\" sizes=\"auto, (max-width: 1024px) 100vw, 1024px\" \/><\/figure>\n\n\n\n<figure class=\"wp-block-image img-responsive\"><img loading=\"lazy\" decoding=\"async\" width=\"1024\" height=\"768\" src=\"https:\/\/www.spaness.de\/blog\/wp-content\/uploads\/IMG_0082-1024x768.jpeg\" alt=\"Suedpark Bad Nauheim Springbrunnen\" class=\"img-responsive wp-image-50641\" srcset=\"https:\/\/www.spaness.de\/blog\/wp-content\/uploads\/IMG_0082-1024x768.jpeg 1024w, https:\/\/www.spaness.de\/blog\/wp-content\/uploads\/IMG_0082-300x225.jpeg 300w, https:\/\/www.spaness.de\/blog\/wp-content\/uploads\/IMG_0082-1536x1152.jpeg 1536w, https:\/\/www.spaness.de\/blog\/wp-content\/uploads\/IMG_0082-2048x1536.jpeg 2048w, https:\/\/www.spaness.de\/blog\/wp-content\/uploads\/IMG_0082-407x305.jpeg 407w\" sizes=\"auto, (max-width: 1024px) 100vw, 1024px\" \/><\/figure>\n\n\n\n<h4 class=\"wp-block-heading\">Lieblingsort: Gesundheitsgarten Bad Nauheim<\/h4>\n\n\n\n<p>Auf Kneipp-Spurensuche in Bad Nauheim ist der Stopp im <strong>Gesundheitsgarten<\/strong> des Heilbades Pflicht. Hier erwartet euch ein ganz besonderer Ort.<\/p>\n\n\n\n<p>Im <strong>Zentrum des Gesundheitsgartens<\/strong> befindet sich das imposante <strong>Gradierwerk II<\/strong>. Rund um den Gradierbau in Bad Nauheim wurden interaktive Erlebnisstationen f\u00fcr aktiv-entspannte Momente angelegt. Neben einer <strong>gro\u00dfz\u00fcgigen Kneippanlage<\/strong>, mit Arm- und Fu\u00dfbecken (auch f\u00fcr Kinder), begeistern <strong>Barfu\u00dfwege<\/strong>, ein <strong>Summstein<\/strong> sowie ein <strong>Kr\u00e4utergarten<\/strong> und eine <strong>Streuobstwiese <\/strong>mit Insektenhotel.<\/p>\n\n\n\n<p>Passend zum <em>\u201eTag am Meer Erlebnis weit ab von der K\u00fcste\u201c<\/em> laden <strong>Strandk\u00f6rbe<\/strong> zu entspannten Gl\u00fccks-Momenten ein. Eine <strong>Partnerschaukel <\/strong>und der <strong>Fitness-Parcours<\/strong>, zur St\u00e4rkung des Herz-Kreislauf-Systems, runden das Angebot im <strong>Gesundheitsgarten Bad Nauheim<\/strong> ab.<\/p>\n\n\n\n<p class=\"has-cyan-bluish-gray-background-color has-background\"><strong>Gut zu wissen:<\/strong> Der Gesundheitsgarten in Bad Nauheim wurde weitestgehend barrierefrei\/freundlich angelegt.<\/p>\n\n\n\n<figure class=\"wp-block-image img-responsive\"><img loading=\"lazy\" decoding=\"async\" width=\"1024\" height=\"768\" src=\"https:\/\/www.spaness.de\/blog\/wp-content\/uploads\/IMG_0072-1024x768.jpeg\" alt=\"Blick vom Gesundheitsgarten Bad Nauheim\" class=\"img-responsive wp-image-50640\" srcset=\"https:\/\/www.spaness.de\/blog\/wp-content\/uploads\/IMG_0072-1024x768.jpeg 1024w, https:\/\/www.spaness.de\/blog\/wp-content\/uploads\/IMG_0072-300x225.jpeg 300w, https:\/\/www.spaness.de\/blog\/wp-content\/uploads\/IMG_0072-1536x1152.jpeg 1536w, https:\/\/www.spaness.de\/blog\/wp-content\/uploads\/IMG_0072-2048x1536.jpeg 2048w, https:\/\/www.spaness.de\/blog\/wp-content\/uploads\/IMG_0072-407x305.jpeg 407w\" sizes=\"auto, (max-width: 1024px) 100vw, 1024px\" \/><\/figure>\n\n\n\n<figure class=\"wp-block-image img-responsive\"><img loading=\"lazy\" decoding=\"async\" width=\"1024\" height=\"768\" src=\"https:\/\/www.spaness.de\/blog\/wp-content\/uploads\/IMG_0062-1024x768.jpeg\" alt=\"Insektenhotel im Gesundheitsgarten Bad Nauheim\" class=\"img-responsive wp-image-50647\" srcset=\"https:\/\/www.spaness.de\/blog\/wp-content\/uploads\/IMG_0062-1024x768.jpeg 1024w, https:\/\/www.spaness.de\/blog\/wp-content\/uploads\/IMG_0062-300x225.jpeg 300w, https:\/\/www.spaness.de\/blog\/wp-content\/uploads\/IMG_0062-1536x1152.jpeg 1536w, https:\/\/www.spaness.de\/blog\/wp-content\/uploads\/IMG_0062-2048x1536.jpeg 2048w, https:\/\/www.spaness.de\/blog\/wp-content\/uploads\/IMG_0062-407x305.jpeg 407w\" sizes=\"auto, (max-width: 1024px) 100vw, 1024px\" \/><\/figure>\n\n\n\n<h4 class=\"wp-block-heading\">Trinkkuranlage &amp; Rosengarten<\/h4>\n\n\n\n<p>Wundersch\u00f6n ist die <strong>Jugendstil-Trinkkuranlage<\/strong> im Herzen von Bad Nauheim. Umgeben ist das Ensemble aus geschwungenen <strong>S\u00e4uleng\u00e4ngen<\/strong> mit <strong>Kurbrunnentempel <\/strong>und <strong>Konzertmuschel<\/strong> von einem wundervollen <strong>Rosengarten<\/strong>.<\/p>\n\n\n\n<p>Nur wenige Schritte entfernt, <em>begr\u00fc\u00dft Elvis Presley h\u00f6chstpers\u00f6nlich<\/em> auf einer Br\u00fccke die Besucher des Gartens. Wer mag, kann sich nat\u00fcrlich via Selfie mit ihm verewigen.<\/p>\n\n\n\n<p class=\"has-cyan-bluish-gray-background-color has-background\"><strong>Heilwasser in Bad Nauheim<\/strong><br>Im Quellenausschank der Trinkkuranlage Bad Nauheim werden \u201esalziger\u201c <strong>Kurbrunnen<\/strong>, \u201esprudelnder\u201c <strong>Karlsbrunnen<\/strong> und \u201emilder\u201c <strong>Ludwigsbrunnen<\/strong> serviert. Ob das Wasser, wie von Erich K\u00e4stner behauptet, nach Hering mit Lakritze schmeckt, m\u00fcsst ihr aber selber kosten. Insgesamt verf\u00fcgt Bad Nauheim \u00fcber <strong>neun Heilquellen<\/strong>.<\/p>\n\n\n\n<figure class=\"wp-block-image img-responsive\"><img loading=\"lazy\" decoding=\"async\" width=\"1024\" height=\"768\" src=\"https:\/\/www.spaness.de\/blog\/wp-content\/uploads\/IMG_9962-1024x768.jpeg\" alt=\"Trinkkur Bad Nauheim\" class=\"img-responsive wp-image-50638\" srcset=\"https:\/\/www.spaness.de\/blog\/wp-content\/uploads\/IMG_9962-1024x768.jpeg 1024w, https:\/\/www.spaness.de\/blog\/wp-content\/uploads\/IMG_9962-300x225.jpeg 300w, https:\/\/www.spaness.de\/blog\/wp-content\/uploads\/IMG_9962-1536x1152.jpeg 1536w, https:\/\/www.spaness.de\/blog\/wp-content\/uploads\/IMG_9962-2048x1536.jpeg 2048w, https:\/\/www.spaness.de\/blog\/wp-content\/uploads\/IMG_9962-407x305.jpeg 407w\" sizes=\"auto, (max-width: 1024px) 100vw, 1024px\" \/><\/figure>\n\n\n\n<figure class=\"wp-block-gallery has-nested-images columns-default is-cropped wp-block-gallery-1 is-layout-flex wp-block-gallery-is-layout-flex\">\n<figure class=\"wp-block-image img-responsive\"><img loading=\"lazy\" decoding=\"async\" width=\"768\" height=\"1024\" data-id=\"50648\" src=\"https:\/\/www.spaness.de\/blog\/wp-content\/uploads\/IMG_9981-768x1024.jpeg\" alt=\"Konzertmuschel Rosengarten Bad Nauheim\" class=\"img-responsive wp-image-50648\" srcset=\"https:\/\/www.spaness.de\/blog\/wp-content\/uploads\/IMG_9981-768x1024.jpeg 768w, https:\/\/www.spaness.de\/blog\/wp-content\/uploads\/IMG_9981-225x300.jpeg 225w, https:\/\/www.spaness.de\/blog\/wp-content\/uploads\/IMG_9981-1152x1536.jpeg 1152w, https:\/\/www.spaness.de\/blog\/wp-content\/uploads\/IMG_9981-1536x2048.jpeg 1536w, https:\/\/www.spaness.de\/blog\/wp-content\/uploads\/IMG_9981-scaled.jpeg 1920w\" sizes=\"auto, (max-width: 768px) 100vw, 768px\" \/><\/figure>\n\n\n\n<figure class=\"wp-block-image img-responsive\"><img loading=\"lazy\" decoding=\"async\" width=\"675\" height=\"1024\" data-id=\"50650\" src=\"https:\/\/www.spaness.de\/blog\/wp-content\/uploads\/IMG_9917-675x1024.jpeg\" alt=\"Trinkkur Bad Nauheim\" class=\"img-responsive wp-image-50650\" srcset=\"https:\/\/www.spaness.de\/blog\/wp-content\/uploads\/IMG_9917-675x1024.jpeg 675w, https:\/\/www.spaness.de\/blog\/wp-content\/uploads\/IMG_9917-198x300.jpeg 198w, https:\/\/www.spaness.de\/blog\/wp-content\/uploads\/IMG_9917-1012x1536.jpeg 1012w, https:\/\/www.spaness.de\/blog\/wp-content\/uploads\/IMG_9917-1349x2048.jpeg 1349w, https:\/\/www.spaness.de\/blog\/wp-content\/uploads\/IMG_9917-scaled.jpeg 1686w\" sizes=\"auto, (max-width: 675px) 100vw, 675px\" \/><\/figure>\n\n\n\n<figure class=\"wp-block-image img-responsive\"><img loading=\"lazy\" decoding=\"async\" width=\"834\" height=\"1024\" data-id=\"50649\" src=\"https:\/\/www.spaness.de\/blog\/wp-content\/uploads\/IMG_9986-1-834x1024.jpeg\" alt=\"Trinkkuranlage Bad Nauheim\" class=\"img-responsive wp-image-50649\" srcset=\"https:\/\/www.spaness.de\/blog\/wp-content\/uploads\/IMG_9986-1-834x1024.jpeg 834w, https:\/\/www.spaness.de\/blog\/wp-content\/uploads\/IMG_9986-1-244x300.jpeg 244w, https:\/\/www.spaness.de\/blog\/wp-content\/uploads\/IMG_9986-1-1251x1536.jpeg 1251w, https:\/\/www.spaness.de\/blog\/wp-content\/uploads\/IMG_9986-1-1668x2048.jpeg 1668w\" sizes=\"auto, (max-width: 834px) 100vw, 834px\" \/><\/figure>\n<\/figure>\n\n\n\n<h4 class=\"wp-block-heading\">Johannisberg mit Sternwarte, Planetenweg &amp; Barfu\u00dfpfad<\/h4>\n\n\n\n<p>Eine weitere <strong>gr\u00fcne Oase<\/strong> bietet der <strong>Johannisberg<\/strong>. Um am Gipfel mit der sch\u00f6nen Sternwarte anzukommen und den Ausblick zu genie\u00dfen, folgen wir ab dem Goldsteinpark, \u00fcber einen Teil der Stadt und dem <strong>Kurpark in Bad Nauheim<\/strong>, einfach dem <strong>Planeten-Wanderweg<\/strong>.<\/p>\n\n\n\n<p>Vom Johannisberg bietet sich eine <strong>wunderbare Aussicht \u00fcber die Weinberge<\/strong>, <strong>W\u00e4lder, Park- und Gr\u00fcnanlagen <\/strong>sowie verschiedenen Stadtteile von Bad Nauheim.<\/p>\n\n\n\n<p>F\u00fcr den R\u00fcckweg empfehle ich euch die <strong>Strecke durch den Wald<\/strong>, im Mai bl\u00fcht auch hier der B\u00e4rlauch in voller Pracht &#8211; einfach ein atemraubend-sch\u00f6ner Anblick. Genie\u00dft die <strong>Aussicht \u00fcber die Streuobstwiesen<\/strong> und legt unbedingt auch einen Abstecher zum neuen <strong>Barfu\u00dfpfad im Wald<\/strong> ein.<\/p>\n\n\n\n<p class=\"has-cyan-bluish-gray-background-color has-background\"><strong>Was ist ein Feetness-Parcours?<\/strong><br>\u201eFeetness\u201c ist ein Wortspiel f\u00fcr einen besonderen Fitnesspfad, der mit Elementen eines Barfu\u00dfpfades in Bad Nauheim kombiniert wurde. Den Begriff hat man sich auch kurzerhand in Bad Nauheim als Produkt sichern lassen. <strong>Trainiert wird<\/strong> auf dem Feetness-Parcours die <strong>Motorik<\/strong> und <strong>Sensorik<\/strong>. Der Feetness-Parcours kommt auch in der Therapie zum Einsatz, denn Patient:innen mit eingeschr\u00e4nkter Beweglichkeit m\u00fcssen z.B. auf dem Parcours im S\u00fcdpark Hindernisse wie Kanaldeckel oder Regenrinnen \u00fcberwinden.<\/p>\n\n\n\n<figure class=\"wp-block-image img-responsive\"><img loading=\"lazy\" decoding=\"async\" width=\"1024\" height=\"768\" src=\"https:\/\/www.spaness.de\/blog\/wp-content\/uploads\/IMG_0092-1024x768.jpeg\" alt=\"Aussicht vom Johannisberg mit Sternwarte\" class=\"img-responsive wp-image-50651\" srcset=\"https:\/\/www.spaness.de\/blog\/wp-content\/uploads\/IMG_0092-1024x768.jpeg 1024w, https:\/\/www.spaness.de\/blog\/wp-content\/uploads\/IMG_0092-300x225.jpeg 300w, https:\/\/www.spaness.de\/blog\/wp-content\/uploads\/IMG_0092-1536x1152.jpeg 1536w, https:\/\/www.spaness.de\/blog\/wp-content\/uploads\/IMG_0092-2048x1536.jpeg 2048w, https:\/\/www.spaness.de\/blog\/wp-content\/uploads\/IMG_0092-407x305.jpeg 407w\" sizes=\"auto, (max-width: 1024px) 100vw, 1024px\" \/><\/figure>\n\n\n\n<figure class=\"wp-block-gallery has-nested-images columns-default is-cropped wp-block-gallery-2 is-layout-flex wp-block-gallery-is-layout-flex\">\n<figure class=\"wp-block-image img-responsive\"><img loading=\"lazy\" decoding=\"async\" width=\"768\" height=\"1024\" data-id=\"50654\" src=\"https:\/\/www.spaness.de\/blog\/wp-content\/uploads\/IMG_0101-768x1024.jpeg\" alt=\"Sternwarte Johannisberg\" class=\"img-responsive wp-image-50654\" srcset=\"https:\/\/www.spaness.de\/blog\/wp-content\/uploads\/IMG_0101-768x1024.jpeg 768w, https:\/\/www.spaness.de\/blog\/wp-content\/uploads\/IMG_0101-225x300.jpeg 225w, https:\/\/www.spaness.de\/blog\/wp-content\/uploads\/IMG_0101-1152x1536.jpeg 1152w, https:\/\/www.spaness.de\/blog\/wp-content\/uploads\/IMG_0101-1536x2048.jpeg 1536w, https:\/\/www.spaness.de\/blog\/wp-content\/uploads\/IMG_0101-scaled.jpeg 1920w\" sizes=\"auto, (max-width: 768px) 100vw, 768px\" \/><\/figure>\n\n\n\n<figure class=\"wp-block-image img-responsive\"><img loading=\"lazy\" decoding=\"async\" width=\"768\" height=\"1024\" data-id=\"50652\" src=\"https:\/\/www.spaness.de\/blog\/wp-content\/uploads\/IMG_0104-768x1024.jpeg\" alt=\"Streuobstwiese Johannisberg\" class=\"img-responsive wp-image-50652\" srcset=\"https:\/\/www.spaness.de\/blog\/wp-content\/uploads\/IMG_0104-768x1024.jpeg 768w, https:\/\/www.spaness.de\/blog\/wp-content\/uploads\/IMG_0104-225x300.jpeg 225w, https:\/\/www.spaness.de\/blog\/wp-content\/uploads\/IMG_0104-1152x1536.jpeg 1152w, https:\/\/www.spaness.de\/blog\/wp-content\/uploads\/IMG_0104-1536x2048.jpeg 1536w, https:\/\/www.spaness.de\/blog\/wp-content\/uploads\/IMG_0104-scaled.jpeg 1920w\" sizes=\"auto, (max-width: 768px) 100vw, 768px\" \/><\/figure>\n\n\n\n<figure class=\"wp-block-image img-responsive\"><img loading=\"lazy\" decoding=\"async\" width=\"768\" height=\"1024\" data-id=\"50653\" src=\"https:\/\/www.spaness.de\/blog\/wp-content\/uploads\/IMG_0105-768x1024.jpeg\" alt=\"Feetness Parcours\" class=\"img-responsive wp-image-50653\" srcset=\"https:\/\/www.spaness.de\/blog\/wp-content\/uploads\/IMG_0105-768x1024.jpeg 768w, https:\/\/www.spaness.de\/blog\/wp-content\/uploads\/IMG_0105-225x300.jpeg 225w, https:\/\/www.spaness.de\/blog\/wp-content\/uploads\/IMG_0105-1152x1536.jpeg 1152w, https:\/\/www.spaness.de\/blog\/wp-content\/uploads\/IMG_0105-1536x2048.jpeg 1536w, https:\/\/www.spaness.de\/blog\/wp-content\/uploads\/IMG_0105-scaled.jpeg 1920w\" sizes=\"auto, (max-width: 768px) 100vw, 768px\" \/><\/figure>\n<\/figure>\n\n\n\n<h3 class=\"wp-block-heading\">Bad Nauheim Gradierwerke<\/h3>\n\n\n\n<p>Bei meinem Besuch im <strong>Kneipp-Kurort Bad Nauheim<\/strong> war ich sehr \u00fcberrascht, gleich <em>f\u00fcnf<\/em> Gradierwerke vorzufinden. Sie wurden quer \u00fcber die Stadt verteilt. Insgesamt sprechen wir in Bad Nauheim heute noch von <strong><em>f\u00fcnf<\/em> Gradierbauten<\/strong> mit einer <strong>Gesamtl\u00e4nge von 650 Metern<\/strong>. Im 18. Jahrhundert waren es sogar noch 23 Gradierbauten mit sieben Wasserr\u00e4dern und zwei Windm\u00fchlen.<\/p>\n\n\n\n<p class=\"has-cyan-bluish-gray-background-color has-background\"><strong>Gut zu wissen: <\/strong>Zwei der Wasserr\u00e4der sind auch heute noch erhalten. Das Schwalheimer Rad und das Wasserrad am <strong>Ludwigsbrunnen&nbsp;<\/strong>im S\u00fcdpark. Eine Windm\u00fchle wird aktuell an der sogenannten \u201eLangen Wand\u201c restauriert.<\/p>\n\n\n\n<figure class=\"wp-block-image img-responsive\"><img loading=\"lazy\" decoding=\"async\" width=\"1024\" height=\"768\" src=\"https:\/\/www.spaness.de\/blog\/wp-content\/uploads\/IMG_9910-1024x768.jpeg\" alt=\"Bad Nauheim Gradierwerk\" class=\"img-responsive wp-image-50656\" srcset=\"https:\/\/www.spaness.de\/blog\/wp-content\/uploads\/IMG_9910-1024x768.jpeg 1024w, https:\/\/www.spaness.de\/blog\/wp-content\/uploads\/IMG_9910-300x225.jpeg 300w, https:\/\/www.spaness.de\/blog\/wp-content\/uploads\/IMG_9910-1536x1152.jpeg 1536w, https:\/\/www.spaness.de\/blog\/wp-content\/uploads\/IMG_9910-2048x1536.jpeg 2048w, https:\/\/www.spaness.de\/blog\/wp-content\/uploads\/IMG_9910-407x305.jpeg 407w\" sizes=\"auto, (max-width: 1024px) 100vw, 1024px\" \/><\/figure>\n\n\n\n<h4 class=\"wp-block-heading\">Was genau ist \u00fcberhaupt ein Gradierwerk?<\/h4>\n\n\n\n<p>Gradierwerke erzeugen ein <strong>k\u00fcnstliches Meeresklima<\/strong>. Besonders das <strong>Gradierwerk I in Bad Nauheim<\/strong> mit seiner <strong>Inhalationskammer<\/strong> muss an dieser Stelle noch einmal extra erw\u00e4hnt werden.<\/p>\n\n\n\n<p>Um die Aerosole zu erzeugen, wird oberhalb der Gradierbauten <strong>salzhaltiges Quellwasser<\/strong> eingef\u00fcllt. Dieses Quellwasser <strong>rieselt langsam<\/strong> \u00fcber die eingef\u00fcgten <strong>Schwarzdornzweige<\/strong> in die Tiefe. Durch <strong>Wind und Sonne<\/strong> verdunstet ein Teil des Wassers und der <strong>Salzgehalt der Sole steigt<\/strong>. In Bad Nauheim von drei auf 22 Prozent.<\/p>\n\n\n\n<p class=\"has-cyan-bluish-gray-background-color has-background\"><strong>Gut zu wissen: <\/strong>Mit der Bad Nauheim Karte erhaltet ihr viele Erm\u00e4\u00dfigungen und Extras. U.A. freien Eintritt in das Inhalatorium im Gradierwerk Bad Nauheim I.<\/p>\n\n\n\n<figure class=\"wp-block-image img-responsive\"><img loading=\"lazy\" decoding=\"async\" width=\"1024\" height=\"960\" src=\"https:\/\/www.spaness.de\/blog\/wp-content\/uploads\/IMG_9914-1-1024x960.jpeg\" alt=\"Gradierwerk Bad Nauheim\" class=\"img-responsive wp-image-50657\" srcset=\"https:\/\/www.spaness.de\/blog\/wp-content\/uploads\/IMG_9914-1-1024x960.jpeg 1024w, https:\/\/www.spaness.de\/blog\/wp-content\/uploads\/IMG_9914-1-300x281.jpeg 300w, https:\/\/www.spaness.de\/blog\/wp-content\/uploads\/IMG_9914-1-1536x1440.jpeg 1536w, https:\/\/www.spaness.de\/blog\/wp-content\/uploads\/IMG_9914-1-2048x1920.jpeg 2048w\" sizes=\"auto, (max-width: 1024px) 100vw, 1024px\" \/><\/figure>\n\n\n\n<h5 class=\"wp-block-heading\">Was bewirkt ein Aufenthalt im Gradierwerk?<\/h5>\n\n\n\n<p>\u00c4hnlich wie ein Tag am Meer kann der <strong>Besuch im Gradierwerk<\/strong> positiv wirken bei <strong>Allergien, Erk\u00e4ltungen, Bronchitis <\/strong>und <strong>Asthma-Erkrankungen<\/strong>. Denn die mit <strong>feinen Salzkristallen<\/strong> <strong>angereicherte Luft<\/strong> dringt \u00fcber die Luftr\u00f6hre bis in die Bronchien vor. Dort entfaltet sie eine <strong>desinfizierende Wirkung<\/strong>. <\/p>\n\n\n\n<p>Dar\u00fcber hinaus ist es <strong>eine Wohltat an hei\u00dfen Sommertagen<\/strong> eine k\u00fchlende Pause am Gradierwerk einzulegen. <\/p>\n\n\n\n<p class=\"has-cyan-bluish-gray-background-color has-background\"><strong>Mein Tipp: <\/strong>Ich habe den Kurpark und auch eines der Gradierwerke am fr\u00fchen Morgen besucht. Dann herrscht dort eine ganz besondere Stimmung, auch weil sich die Gr\u00fcnfl\u00e4chen sich perfekt zum Tautreten eignen.<\/p>\n\n\n\n<figure class=\"wp-block-gallery has-nested-images columns-default is-cropped wp-block-gallery-3 is-layout-flex wp-block-gallery-is-layout-flex\">\n<figure class=\"wp-block-image img-responsive\"><img loading=\"lazy\" decoding=\"async\" width=\"768\" height=\"1024\" data-id=\"50659\" src=\"https:\/\/www.spaness.de\/blog\/wp-content\/uploads\/IMG_9906-768x1024.jpeg\" alt=\"Gradierwerk 1\" class=\"img-responsive wp-image-50659\" srcset=\"https:\/\/www.spaness.de\/blog\/wp-content\/uploads\/IMG_9906-768x1024.jpeg 768w, https:\/\/www.spaness.de\/blog\/wp-content\/uploads\/IMG_9906-225x300.jpeg 225w, https:\/\/www.spaness.de\/blog\/wp-content\/uploads\/IMG_9906-1152x1536.jpeg 1152w, https:\/\/www.spaness.de\/blog\/wp-content\/uploads\/IMG_9906-1536x2048.jpeg 1536w, https:\/\/www.spaness.de\/blog\/wp-content\/uploads\/IMG_9906-scaled.jpeg 1920w\" sizes=\"auto, (max-width: 768px) 100vw, 768px\" \/><\/figure>\n\n\n\n<figure class=\"wp-block-image img-responsive\"><img loading=\"lazy\" decoding=\"async\" width=\"768\" height=\"1024\" data-id=\"50660\" src=\"https:\/\/www.spaness.de\/blog\/wp-content\/uploads\/IMG_9908-768x1024.jpeg\" alt=\"Bad Nauheim Kur \" class=\"img-responsive wp-image-50660\" srcset=\"https:\/\/www.spaness.de\/blog\/wp-content\/uploads\/IMG_9908-768x1024.jpeg 768w, https:\/\/www.spaness.de\/blog\/wp-content\/uploads\/IMG_9908-225x300.jpeg 225w, https:\/\/www.spaness.de\/blog\/wp-content\/uploads\/IMG_9908-1152x1536.jpeg 1152w, https:\/\/www.spaness.de\/blog\/wp-content\/uploads\/IMG_9908-1536x2048.jpeg 1536w, https:\/\/www.spaness.de\/blog\/wp-content\/uploads\/IMG_9908-scaled.jpeg 1920w\" sizes=\"auto, (max-width: 768px) 100vw, 768px\" \/><\/figure>\n\n\n\n<figure class=\"wp-block-image img-responsive\"><img loading=\"lazy\" decoding=\"async\" width=\"768\" height=\"1024\" data-id=\"50658\" src=\"https:\/\/www.spaness.de\/blog\/wp-content\/uploads\/IMG_0066-768x1024.jpeg\" alt=\"Gradierwerk\" class=\"img-responsive wp-image-50658\" srcset=\"https:\/\/www.spaness.de\/blog\/wp-content\/uploads\/IMG_0066-768x1024.jpeg 768w, https:\/\/www.spaness.de\/blog\/wp-content\/uploads\/IMG_0066-225x300.jpeg 225w, https:\/\/www.spaness.de\/blog\/wp-content\/uploads\/IMG_0066-1152x1536.jpeg 1152w, https:\/\/www.spaness.de\/blog\/wp-content\/uploads\/IMG_0066-1536x2048.jpeg 1536w, https:\/\/www.spaness.de\/blog\/wp-content\/uploads\/IMG_0066-scaled.jpeg 1920w\" sizes=\"auto, (max-width: 768px) 100vw, 768px\" \/><\/figure>\n<\/figure>\n\n\n\n<h3 class=\"wp-block-heading\">Sprudelhof, Badehaus &amp; Bad Nauheim Therme<\/h3>\n\n\n\n<p><strong>Kur, Gesundheit<\/strong> und <strong>Wellness<\/strong> gehen in Bad Nauheim Hand in Hand und schlie\u00dfen sich gegenseitig nicht aus. Bereits im <strong>historischen Sprudelhof in Bad Nauheim<\/strong>, erbaut 1905 bis 1911 im Jugendstil, war der <strong>Wohlf\u00fchlfaktor<\/strong> schon ein <strong>wichtiger Bestandteil<\/strong> der umfassenden Anlage.<\/p>\n\n\n\n<p>Insgesamt <strong>265 Badezellen<\/strong> verteilten sich urspr\u00fcnglich auf <strong>sechs Badeh\u00e4user<\/strong>. Mit Fertigstellung der neuen Therme wird auch ein <strong>Teil des Sprudelhofs<\/strong>, Europas gr\u00f6\u00dftes zusammenh\u00e4ngendes Jugendstil-Ensemble, saniert und mit der neuen <strong>Sprudelhof Therme Bad Nauheim<\/strong> \u00fcber einen Bademantelgang verbunden. Damit wird ein Teil des <strong>historischen Sprudelhofs<\/strong> wieder in seiner urspr\u00fcnglichen Bestimmung genutzt &#8211; als <strong>Kurmittel- und Badehaus<\/strong>.<\/p>\n\n\n\n<p class=\"has-cyan-bluish-gray-background-color has-background\"><strong>Mein Tipp: <\/strong>Der Sprudelhof ist nicht nur eines der <strong>Wahrzeichen von Bad Nauheim<\/strong>. Bei einem Besuch in der Stadt solltet ihr auch unbedingt einen Blick in eines der <em>historischen Badeh\u00e4user <\/em>werfen. Ge\u00f6ffnet ist aktuell z.B. Badehaus III mit alten Holzwannen, eindrucksvollen Mosaikmustern in der Wartehalle und dem mit Rosen, S\u00e4ulen und Pergolen fast m\u00e4rchenhaft gestalteten Innenhof. <\/p>\n\n\n\n<figure class=\"wp-block-image img-responsive\"><img loading=\"lazy\" decoding=\"async\" width=\"1024\" height=\"768\" src=\"https:\/\/www.spaness.de\/blog\/wp-content\/uploads\/IMG_9884-1024x768.jpeg\" alt=\"Innenhof Badehaus Bad Nauheim\" class=\"img-responsive wp-image-50661\" srcset=\"https:\/\/www.spaness.de\/blog\/wp-content\/uploads\/IMG_9884-1024x768.jpeg 1024w, https:\/\/www.spaness.de\/blog\/wp-content\/uploads\/IMG_9884-300x225.jpeg 300w, https:\/\/www.spaness.de\/blog\/wp-content\/uploads\/IMG_9884-1536x1152.jpeg 1536w, https:\/\/www.spaness.de\/blog\/wp-content\/uploads\/IMG_9884-2048x1536.jpeg 2048w, https:\/\/www.spaness.de\/blog\/wp-content\/uploads\/IMG_9884-407x305.jpeg 407w\" sizes=\"auto, (max-width: 1024px) 100vw, 1024px\" \/><\/figure>\n\n\n\n<figure class=\"wp-block-gallery has-nested-images columns-default is-cropped wp-block-gallery-4 is-layout-flex wp-block-gallery-is-layout-flex\">\n<figure class=\"wp-block-image img-responsive\"><img loading=\"lazy\" decoding=\"async\" width=\"768\" height=\"1024\" data-id=\"50663\" src=\"https:\/\/www.spaness.de\/blog\/wp-content\/uploads\/IMG_9868-768x1024.jpeg\" alt=\"Badehaus Bad Nauheim\" class=\"img-responsive wp-image-50663\" srcset=\"https:\/\/www.spaness.de\/blog\/wp-content\/uploads\/IMG_9868-768x1024.jpeg 768w, https:\/\/www.spaness.de\/blog\/wp-content\/uploads\/IMG_9868-225x300.jpeg 225w, https:\/\/www.spaness.de\/blog\/wp-content\/uploads\/IMG_9868-1152x1536.jpeg 1152w, https:\/\/www.spaness.de\/blog\/wp-content\/uploads\/IMG_9868-1536x2048.jpeg 1536w, https:\/\/www.spaness.de\/blog\/wp-content\/uploads\/IMG_9868-scaled.jpeg 1920w\" sizes=\"auto, (max-width: 768px) 100vw, 768px\" \/><\/figure>\n\n\n\n<figure class=\"wp-block-image img-responsive\"><img loading=\"lazy\" decoding=\"async\" width=\"768\" height=\"1024\" data-id=\"50662\" src=\"https:\/\/www.spaness.de\/blog\/wp-content\/uploads\/IMG_9872-768x1024.jpeg\" alt=\"Badehaus im Jugendstil Bad Nauheim\" class=\"img-responsive wp-image-50662\" srcset=\"https:\/\/www.spaness.de\/blog\/wp-content\/uploads\/IMG_9872-768x1024.jpeg 768w, https:\/\/www.spaness.de\/blog\/wp-content\/uploads\/IMG_9872-225x300.jpeg 225w, https:\/\/www.spaness.de\/blog\/wp-content\/uploads\/IMG_9872-1152x1536.jpeg 1152w, https:\/\/www.spaness.de\/blog\/wp-content\/uploads\/IMG_9872-1536x2048.jpeg 1536w, https:\/\/www.spaness.de\/blog\/wp-content\/uploads\/IMG_9872-scaled.jpeg 1920w\" sizes=\"auto, (max-width: 768px) 100vw, 768px\" \/><\/figure>\n\n\n\n<figure class=\"wp-block-image img-responsive\"><img loading=\"lazy\" decoding=\"async\" width=\"768\" height=\"1024\" data-id=\"50664\" src=\"https:\/\/www.spaness.de\/blog\/wp-content\/uploads\/IMG_9888-768x1024.jpeg\" alt=\"Jugendstil Sprudelhof\" class=\"img-responsive wp-image-50664\" srcset=\"https:\/\/www.spaness.de\/blog\/wp-content\/uploads\/IMG_9888-768x1024.jpeg 768w, https:\/\/www.spaness.de\/blog\/wp-content\/uploads\/IMG_9888-225x300.jpeg 225w, https:\/\/www.spaness.de\/blog\/wp-content\/uploads\/IMG_9888-1152x1536.jpeg 1152w, https:\/\/www.spaness.de\/blog\/wp-content\/uploads\/IMG_9888-1536x2048.jpeg 1536w, https:\/\/www.spaness.de\/blog\/wp-content\/uploads\/IMG_9888-scaled.jpeg 1920w\" sizes=\"auto, (max-width: 768px) 100vw, 768px\" \/><\/figure>\n<\/figure>\n\n\n\n<h4 class=\"wp-block-heading\">Sprudelhof Therme Bad Nauheim: Spa. Sole. Sauna.<\/h4>\n\n\n\n<p>In den R\u00e4umen der <strong>modernen Sprudelhof Therme<\/strong>, die im Herbst 2023 er\u00f6ffnet wird, kommt die <strong>Bad Nauheimer Sole<\/strong> sehr vielf\u00e4ltig zum Einsatz. Das Angebot umfasst neben verschiedenen Schwimm-, Bade-, Bewegungs- und <strong>bis zu 40\u00b0 warmen Thermalwasserbecken<\/strong> auch ein Dampfbad sowie unterschiedliche Saunen. Ruhebereiche, M\u00f6glichkeiten zur Inhalation, Massagen, Kosmetik, B\u00e4der und Softpack-Anwendungen runden das <strong>umfassende Spa- und Wellness-Men\u00fc<\/strong> ab.<\/p>\n\n\n\n<p class=\"has-cyan-bluish-gray-background-color has-background\"><strong>Gut zu wissen: <\/strong>Es wird auch ein kassen\u00e4rztlich zugelassenes Therapieangebot geben. Es umfasst Kneipp`sche G\u00fcsse, Arm- und Fu\u00dfb\u00e4der, Massagen, manuelle Therapie sowie Sole- und Wannenb\u00e4der.<\/p>\n\n\n\n<figure class=\"wp-block-image img-responsive\"><img loading=\"lazy\" decoding=\"async\" width=\"1024\" height=\"797\" src=\"https:\/\/www.spaness.de\/blog\/wp-content\/uploads\/IMG_9860-1-1024x797.jpeg\" alt=\"Sprudelhof Therme Bad Nauheim\" class=\"img-responsive wp-image-50665\" srcset=\"https:\/\/www.spaness.de\/blog\/wp-content\/uploads\/IMG_9860-1-1024x797.jpeg 1024w, https:\/\/www.spaness.de\/blog\/wp-content\/uploads\/IMG_9860-1-300x234.jpeg 300w, https:\/\/www.spaness.de\/blog\/wp-content\/uploads\/IMG_9860-1-1536x1196.jpeg 1536w, https:\/\/www.spaness.de\/blog\/wp-content\/uploads\/IMG_9860-1-2048x1594.jpeg 2048w\" sizes=\"auto, (max-width: 1024px) 100vw, 1024px\" \/><\/figure>\n\n\n\n<h4 class=\"wp-block-heading\">Kneipp als Lebenskonzept<\/h4>\n\n\n\n<p>Die <strong>Philosophie und Lehren nach Kneipp<\/strong> lassen sich ganz einfach als <strong>Lebens- und Gesundheitskonzept in den Alltag<\/strong> einbauen. Wechselduschen oder Tautreten am Morgen, ausreichende Bewegung in der Natur, ein Leben mit der Natur und eine gesunde Ern\u00e4hrung.<\/p>\n\n\n\n<p class=\"has-cyan-bluish-gray-background-color has-background\">Lest dazu auch mein <a href=\"https:\/\/www.spaness.de\/blog\/kneipp-kur\/\" target=\"_blank\" rel=\"noreferrer noopener\">Interview zur Kneipp-Kur mit Dr. Lutz Ehnert Kneipp-Arzt<\/a> aus Bad Nauheim.<\/p>\n\n\n\n<h3 class=\"wp-block-heading\">Gl\u00fccksmomente &amp; Sehensw\u00fcrdigkeiten in Bad Nauheim<\/h3>\n\n\n\n<p>Auf <strong>Kur-, Gesundheits- und Wellnesseinrichtungen in Bad Nauheim<\/strong> haben wir nun schon einen besonders intensiven Blick geworfen. Doch es gibt nat\u00fcrlich noch ein paar weitere Highlights, die ihr unbedingt bei einem <strong>Besuch im Heilbad <\/strong>eingehender betrachten solltet. Haltet die Augen auf, dann werdet ihr ganz von alleine einige spannende Sehensw\u00fcrdigkeiten in Bad Nauheim entdecken.<\/p>\n\n\n\n<p>Dar\u00fcber hinaus habe ich auch noch ein paar n\u00fctzliche Tipps f\u00fcr euren Besuch in Bad Nauheim. <\/p>\n\n\n\n<p class=\"has-cyan-bluish-gray-background-color has-background\"><strong>Gut zu wissen: <\/strong>Bad Nauheim z\u00e4hlt seit ein paar Jahren laut <a href=\"https:\/\/focus-arztsuche.de\/ueber-uns\/siegel\/top-kurort\" target=\"_blank\" rel=\"noreferrer noopener nofollow\" class=\"external\">FOCUS<\/a> zu den <a href=\"https:\/\/www.spaness.de\/blog\/kurorte-deutschland\/\" target=\"_blank\" rel=\"noreferrer noopener\">Top Kurorten in Deutschland<\/a>. <\/p>\n\n\n\n<figure class=\"wp-block-image img-responsive\"><img loading=\"lazy\" decoding=\"async\" width=\"1024\" height=\"768\" src=\"https:\/\/www.spaness.de\/blog\/wp-content\/uploads\/IMG_9999-2-1-1024x768.jpeg\" alt=\"Bad Nauheim Sehenswuerdigkeiten\" class=\"img-responsive wp-image-50690\" srcset=\"https:\/\/www.spaness.de\/blog\/wp-content\/uploads\/IMG_9999-2-1-1024x768.jpeg 1024w, https:\/\/www.spaness.de\/blog\/wp-content\/uploads\/IMG_9999-2-1-300x225.jpeg 300w, https:\/\/www.spaness.de\/blog\/wp-content\/uploads\/IMG_9999-2-1-1536x1152.jpeg 1536w, https:\/\/www.spaness.de\/blog\/wp-content\/uploads\/IMG_9999-2-1-2048x1536.jpeg 2048w, https:\/\/www.spaness.de\/blog\/wp-content\/uploads\/IMG_9999-2-1-407x305.jpeg 407w\" sizes=\"auto, (max-width: 1024px) 100vw, 1024px\" \/><\/figure>\n\n\n\n<h4 class=\"wp-block-heading\">Bad Nauheim Innenstadt<\/h4>\n\n\n\n<p>Die gem\u00fctliche <strong>Innenstadt von Bad Nauheim<\/strong> rund um die Stresemannstra\u00dfe ist eingerahmt von <strong>Jugendstil- und Gr\u00fcnderzeitbauten<\/strong>. Sie l\u00e4dt mit zahleichen h\u00fcbschen kleinen L\u00e4den, Cafe&#8217;s und Restaurants zum St\u00f6bern, Schlendern und Flanieren ein. Die <strong>\u00fcber 150 Gesch\u00e4fte<\/strong> sind gr\u00f6\u00dftenteils inhabergef\u00fchrt. <\/p>\n\n\n\n<p class=\"has-cyan-bluish-gray-background-color has-background\"><strong>Gut zu wissen:<\/strong> Seit 2014 ist Bad Nauheim auch Fairtrade Stadt.<\/p>\n\n\n\n<figure class=\"wp-block-image img-responsive\"><img loading=\"lazy\" decoding=\"async\" width=\"1024\" height=\"768\" src=\"https:\/\/www.spaness.de\/blog\/wp-content\/uploads\/IMG_0131-1024x768.jpeg\" alt=\"\" class=\"img-responsive wp-image-50679\" srcset=\"https:\/\/www.spaness.de\/blog\/wp-content\/uploads\/IMG_0131-1024x768.jpeg 1024w, https:\/\/www.spaness.de\/blog\/wp-content\/uploads\/IMG_0131-300x225.jpeg 300w, https:\/\/www.spaness.de\/blog\/wp-content\/uploads\/IMG_0131-1536x1152.jpeg 1536w, https:\/\/www.spaness.de\/blog\/wp-content\/uploads\/IMG_0131-2048x1536.jpeg 2048w, https:\/\/www.spaness.de\/blog\/wp-content\/uploads\/IMG_0131-407x305.jpeg 407w\" sizes=\"auto, (max-width: 1024px) 100vw, 1024px\" \/><\/figure>\n\n\n\n<h4 class=\"wp-block-heading\">Fachwerk in Bad Nauheim<\/h4>\n\n\n\n<p>An die Innenstadt grenzt die <strong>Altstadt von Bad Nauheim<\/strong>. Hier findet ihr noch ein paar h\u00fcbsche und zum Teil auch windschiefe Fachwerkbauten. Weitere <strong>Fachwerkbauten im Heilbad<\/strong> sind z.B. die <strong>Stadtb\u00fccherei<\/strong> beim Gradierbau I &#8211; hier ist auch das Haus des Gastes untergebracht &#8211; und auch das <strong>Rosenmuseum<\/strong> <strong>im Ortsteil Steinfurth<\/strong> zeigt sich im verspielten Fachwerk-Stil.<\/p>\n\n\n\n<figure class=\"wp-block-image img-responsive\"><img loading=\"lazy\" decoding=\"async\" width=\"1024\" height=\"768\" src=\"https:\/\/www.spaness.de\/blog\/wp-content\/uploads\/IMG_9904-1024x768.jpeg\" alt=\"\" class=\"img-responsive wp-image-50680\" srcset=\"https:\/\/www.spaness.de\/blog\/wp-content\/uploads\/IMG_9904-1024x768.jpeg 1024w, https:\/\/www.spaness.de\/blog\/wp-content\/uploads\/IMG_9904-300x225.jpeg 300w, https:\/\/www.spaness.de\/blog\/wp-content\/uploads\/IMG_9904-1536x1152.jpeg 1536w, https:\/\/www.spaness.de\/blog\/wp-content\/uploads\/IMG_9904-2048x1536.jpeg 2048w, https:\/\/www.spaness.de\/blog\/wp-content\/uploads\/IMG_9904-407x305.jpeg 407w\" sizes=\"auto, (max-width: 1024px) 100vw, 1024px\" \/><\/figure>\n\n\n\n<h4 class=\"wp-block-heading\">Elvis Presley in Bad Nauheim<\/h4>\n\n\n\n<p>Der <strong>King <\/strong>lebte von <strong>1958 bis 1960 <\/strong>in Bad Nauheim. In diesen Jahren war er im Rahmen seiner offiziellen Milit\u00e4rzeit <strong>in Deutschland stationiert<\/strong>. Noch heute sind viele <strong>Spuren von Elvis Presley<\/strong> in Bad Nauheim zu finden. Es wurde sogar ein Plattencover in Bad Nauheim aufgenommen. Regelm\u00e4\u00dfig werden auch Elvis-F\u00fchrungen in Bad Nauheim angeboten. Doch ihr k\u00f6nnt euch auch ganz alleine auf Spurensuche begeben. <\/p>\n\n\n\n<p class=\"has-cyan-bluish-gray-background-color has-background\">Jedes Jahr um den 16. August (Todestag von Elvis) verwandelt sich Bad Nauheim und es erwacht f\u00fcr ein Wochenende das European Elvis Festival mit Cadillacs, Petticoats und Rock`n\u00b4 Roll. <\/p>\n\n\n\n<figure class=\"wp-block-image img-responsive\"><img decoding=\"async\" src=\"https:\/\/www.spaness.de\/blog\/wp-content\/uploads\/IMG_9974-1-1024x593.jpeg\" alt=\"\" class=\"img-responsive wp-image-50677\"\/><\/figure>\n\n\n\n<h4 class=\"wp-block-heading\">Von Kneipp- und Elvis-Ampeln<\/h4>\n\n\n\n<p>In vielen St\u00e4dten gleichen sich die <strong>Ampelm\u00e4nnchen<\/strong>. Doch es gibt einige St\u00e4dte in Deutschland, die \u00fcberraschen mit <strong>besonderen Lichtzeichen<\/strong>. Zu diesen St\u00e4dten z\u00e4hlt auch Bad Nauheim. In der Stadt trefft ihr, mit den Elvis- und den Kneipp-Ampeln, gleich auf mehrere abgewandelte Ampelvarianten. Mir gef\u00e4llt es! Euch auch? <\/p>\n\n\n\n<figure class=\"wp-block-gallery has-nested-images columns-default is-cropped wp-block-gallery-5 is-layout-flex wp-block-gallery-is-layout-flex\">\n<figure class=\"wp-block-image img-responsive\"><img loading=\"lazy\" decoding=\"async\" width=\"760\" height=\"1024\" data-id=\"50694\" src=\"https:\/\/www.spaness.de\/blog\/wp-content\/uploads\/IMG_0061-1-760x1024.jpeg\" alt=\"Kneipp Ampel Bad Nauheim\" class=\"img-responsive wp-image-50694\" srcset=\"https:\/\/www.spaness.de\/blog\/wp-content\/uploads\/IMG_0061-1-760x1024.jpeg 760w, https:\/\/www.spaness.de\/blog\/wp-content\/uploads\/IMG_0061-1-223x300.jpeg 223w, https:\/\/www.spaness.de\/blog\/wp-content\/uploads\/IMG_0061-1.jpeg 1087w\" sizes=\"auto, (max-width: 760px) 100vw, 760px\" \/><\/figure>\n\n\n\n<figure class=\"wp-block-image img-responsive\"><img loading=\"lazy\" decoding=\"async\" width=\"661\" height=\"1024\" data-id=\"50693\" src=\"https:\/\/www.spaness.de\/blog\/wp-content\/uploads\/IMG_0060-1-661x1024.jpeg\" alt=\"Kneipp Ampel \" class=\"img-responsive wp-image-50693\" srcset=\"https:\/\/www.spaness.de\/blog\/wp-content\/uploads\/IMG_0060-1-661x1024.jpeg 661w, https:\/\/www.spaness.de\/blog\/wp-content\/uploads\/IMG_0060-1-194x300.jpeg 194w, https:\/\/www.spaness.de\/blog\/wp-content\/uploads\/IMG_0060-1-991x1536.jpeg 991w, https:\/\/www.spaness.de\/blog\/wp-content\/uploads\/IMG_0060-1.jpeg 1114w\" sizes=\"auto, (max-width: 661px) 100vw, 661px\" \/><\/figure>\n\n\n\n<figure class=\"wp-block-image img-responsive\"><img loading=\"lazy\" decoding=\"async\" width=\"581\" height=\"1024\" data-id=\"50695\" src=\"https:\/\/www.spaness.de\/blog\/wp-content\/uploads\/IMG_0076-1-581x1024.jpeg\" alt=\"Elvis Ampel Bad Nauheim\" class=\"img-responsive wp-image-50695\" srcset=\"https:\/\/www.spaness.de\/blog\/wp-content\/uploads\/IMG_0076-1-581x1024.jpeg 581w, https:\/\/www.spaness.de\/blog\/wp-content\/uploads\/IMG_0076-1-170x300.jpeg 170w, https:\/\/www.spaness.de\/blog\/wp-content\/uploads\/IMG_0076-1-872x1536.jpeg 872w, https:\/\/www.spaness.de\/blog\/wp-content\/uploads\/IMG_0076-1-1163x2048.jpeg 1163w, https:\/\/www.spaness.de\/blog\/wp-content\/uploads\/IMG_0076-1.jpeg 1452w\" sizes=\"auto, (max-width: 581px) 100vw, 581px\" \/><\/figure>\n<\/figure>\n\n\n\n<h4 class=\"wp-block-heading\">Keltenpavillon zeigt historische Salzgewinnung<\/h4>\n\n\n\n<p>Bereits die <strong>Kelten<\/strong> arbeiteten ab dem <em>4. Jahrhundert vor Chr.<\/em> an der <strong>Salzgewinnung<\/strong>. Am Gradierwerk I findet ihr nicht nur einen Inhalationsraum und eine Kneippanlage. Dort steht auch der <strong>Keltenpavillon<\/strong>. Der Pavillon informiert \u00fcber die <strong>keltische Saline<\/strong>, in der rund 1.000 S\u00f6der Salz produzierten. Regelm\u00e4\u00dfig wird auch gezeigt, wie die Kelten ihr Salz in Tont\u00f6pfen siedeten. <\/p>\n\n\n\n<figure class=\"wp-block-image img-responsive\"><img loading=\"lazy\" decoding=\"async\" width=\"1024\" height=\"768\" src=\"https:\/\/www.spaness.de\/blog\/wp-content\/uploads\/IMG_9905-1024x768.jpeg\" alt=\"\" class=\"img-responsive wp-image-50682\" srcset=\"https:\/\/www.spaness.de\/blog\/wp-content\/uploads\/IMG_9905-1024x768.jpeg 1024w, https:\/\/www.spaness.de\/blog\/wp-content\/uploads\/IMG_9905-300x225.jpeg 300w, https:\/\/www.spaness.de\/blog\/wp-content\/uploads\/IMG_9905-1536x1152.jpeg 1536w, https:\/\/www.spaness.de\/blog\/wp-content\/uploads\/IMG_9905-2048x1536.jpeg 2048w, https:\/\/www.spaness.de\/blog\/wp-content\/uploads\/IMG_9905-407x305.jpeg 407w\" sizes=\"auto, (max-width: 1024px) 100vw, 1024px\" \/><\/figure>\n\n\n\n<h4 class=\"wp-block-heading\">Weihnachtswunder &#8222;Gro\u00dfer Sprudel&#8220;<\/h4>\n\n\n\n<p>Der Sprudelhof ist nicht nur <strong>Europas gr\u00f6\u00dftes zusammenh\u00e4ngendes Jugendstil-Ensemble<\/strong>, hier entspringt auch der gro\u00dfe Sprudel. Um 1846 wurden erfolglos Bohrungen nach dem begehrten <strong>Solesprudel<\/strong> vorgenommen. Die Arbeiten wurden eingestellt, doch pl\u00f6tzlich brach aufgrund eines kleinen Erdbebens in einer st\u00fcrmischen Nacht vom 21. auf den 22. Dezember, der &#8222;Gro\u00dfe Sprudel&#8220; aus &#8211; ohne Vorwarnung. Um 1850 versiegte der Sprudel erneut f\u00fcr sechs Wochen. Seit dem aber sprudelt es und Bad Nauheim gedenkt dem Wunder mit der <strong>Dankeskirche<\/strong> und regelm\u00e4\u00dfigen <strong>Quellendankfeiern<\/strong>. <\/p>\n\n\n\n<figure class=\"wp-block-image img-responsive\"><img loading=\"lazy\" decoding=\"async\" width=\"1024\" height=\"833\" src=\"https:\/\/www.spaness.de\/blog\/wp-content\/uploads\/IMG_9993-1-1024x833.jpeg\" alt=\"Dankeskirche Blick vom Rosengarten\" class=\"img-responsive wp-image-50703\" srcset=\"https:\/\/www.spaness.de\/blog\/wp-content\/uploads\/IMG_9993-1-1024x833.jpeg 1024w, https:\/\/www.spaness.de\/blog\/wp-content\/uploads\/IMG_9993-1-300x244.jpeg 300w, https:\/\/www.spaness.de\/blog\/wp-content\/uploads\/IMG_9993-1-1536x1250.jpeg 1536w, https:\/\/www.spaness.de\/blog\/wp-content\/uploads\/IMG_9993-1-2048x1667.jpeg 2048w\" sizes=\"auto, (max-width: 1024px) 100vw, 1024px\" \/><figcaption>Blick vom Rosengarten zur Dankeskirche<\/figcaption><\/figure>\n\n\n\n<h4 class=\"wp-block-heading\">Gastgeber in Bad Nauheim <\/h4>\n\n\n\n<p>In einem <strong>Kurort wie Bad Nauheim<\/strong> gibt es neben den zahlreichen Kliniken nat\u00fcrlich auch jede Menge Hotels, Pensionen, Ferienwohnungen und andere \u00dcbernachtungsm\u00f6glichkeiten. Stellvertretend daf\u00fcr m\u00f6chte ich hier einfach mal zwei unterschiedliche Hotels vorstellen und auch auf das <strong>gastronomische Angebot<\/strong> im Heilbad eingehen. <\/p>\n\n\n\n<p class=\"has-cyan-bluish-gray-background-color has-background\">Mehr Informationen (buchen \/ reservieren etc.) zu <a href=\"https:\/\/www.bad-nauheim.de\/hotel-pension-buchen\" target=\"_blank\" rel=\"noreferrer noopener nofollow\" class=\"external\">Unterk\u00fcnften in Bad Nauheim<\/a>.<\/p>\n\n\n\n<h5 class=\"wp-block-heading\">Boutique Hotel K7 <\/h5>\n\n\n\n<p>Zentral und nur wenige Schritte vom Bad Nauheimer Kurpark entfernt liegt das <strong>stylische Boutique Hotel K7<\/strong>. W\u00e4hrend meiner Zeit in Bad Nauheim habe ich im K7 gewohnt. Es besticht durch ein ausgefallenes Design, herzliche Gastfreundschaft und eine ganz besondere, fast famili\u00e4re, Atmosph\u00e4re. Es gibt nur 19 sehr <strong>liebevoll-stylisch gestaltete Zimmer<\/strong> und das Hotel passt sehr gut zum Gesamtkunstwerk Bad Nauheim. Das reichhaltig servierte Fr\u00fchst\u00fcck wird zum gro\u00dfen Teil aus regionalen Bio-Produkten zusammengestellt. <\/p>\n\n\n\n<figure class=\"wp-block-image img-responsive\"><img loading=\"lazy\" decoding=\"async\" width=\"1024\" height=\"768\" src=\"https:\/\/www.spaness.de\/blog\/wp-content\/uploads\/IMG_9850-1024x768.jpeg\" alt=\"\" class=\"img-responsive wp-image-50713\" srcset=\"https:\/\/www.spaness.de\/blog\/wp-content\/uploads\/IMG_9850-1024x768.jpeg 1024w, https:\/\/www.spaness.de\/blog\/wp-content\/uploads\/IMG_9850-300x225.jpeg 300w, https:\/\/www.spaness.de\/blog\/wp-content\/uploads\/IMG_9850-1536x1152.jpeg 1536w, https:\/\/www.spaness.de\/blog\/wp-content\/uploads\/IMG_9850-2048x1536.jpeg 2048w, https:\/\/www.spaness.de\/blog\/wp-content\/uploads\/IMG_9850-407x305.jpeg 407w\" sizes=\"auto, (max-width: 1024px) 100vw, 1024px\" \/><\/figure>\n\n\n\n<p class=\"has-cyan-bluish-gray-background-color has-background\">Boutique Hotel K7, Kurstra\u00dfe 7, 61231 Bad Nauheim &#8211; info@hotelk7.de * Zimmer ab 100 Euro<\/p>\n\n\n\n<figure class=\"wp-block-gallery has-nested-images columns-default is-cropped wp-block-gallery-6 is-layout-flex wp-block-gallery-is-layout-flex\">\n<figure class=\"wp-block-image img-responsive\"><img loading=\"lazy\" decoding=\"async\" width=\"768\" height=\"1024\" data-id=\"50715\" src=\"https:\/\/www.spaness.de\/blog\/wp-content\/uploads\/IMG_0058-768x1024.jpeg\" alt=\"Botique Hotel K7\" class=\"img-responsive wp-image-50715\" srcset=\"https:\/\/www.spaness.de\/blog\/wp-content\/uploads\/IMG_0058-768x1024.jpeg 768w, https:\/\/www.spaness.de\/blog\/wp-content\/uploads\/IMG_0058-225x300.jpeg 225w, https:\/\/www.spaness.de\/blog\/wp-content\/uploads\/IMG_0058-1152x1536.jpeg 1152w, https:\/\/www.spaness.de\/blog\/wp-content\/uploads\/IMG_0058-1536x2048.jpeg 1536w, https:\/\/www.spaness.de\/blog\/wp-content\/uploads\/IMG_0058-scaled.jpeg 1920w\" sizes=\"auto, (max-width: 768px) 100vw, 768px\" \/><\/figure>\n\n\n\n<figure class=\"wp-block-image img-responsive\"><img loading=\"lazy\" decoding=\"async\" width=\"768\" height=\"1024\" data-id=\"50714\" src=\"https:\/\/www.spaness.de\/blog\/wp-content\/uploads\/IMG_0047-768x1024.jpeg\" alt=\"Fruehstueck K7\" class=\"img-responsive wp-image-50714\" srcset=\"https:\/\/www.spaness.de\/blog\/wp-content\/uploads\/IMG_0047-768x1024.jpeg 768w, https:\/\/www.spaness.de\/blog\/wp-content\/uploads\/IMG_0047-225x300.jpeg 225w, https:\/\/www.spaness.de\/blog\/wp-content\/uploads\/IMG_0047-1152x1536.jpeg 1152w, https:\/\/www.spaness.de\/blog\/wp-content\/uploads\/IMG_0047-1536x2048.jpeg 1536w, https:\/\/www.spaness.de\/blog\/wp-content\/uploads\/IMG_0047-scaled.jpeg 1920w\" sizes=\"auto, (max-width: 768px) 100vw, 768px\" \/><\/figure>\n\n\n\n<figure class=\"wp-block-image img-responsive\"><img loading=\"lazy\" decoding=\"async\" width=\"768\" height=\"1024\" data-id=\"50716\" src=\"https:\/\/www.spaness.de\/blog\/wp-content\/uploads\/IMG_9957-768x1024.jpeg\" alt=\"Botique Hotel Bad Nauheim\" class=\"img-responsive wp-image-50716\" srcset=\"https:\/\/www.spaness.de\/blog\/wp-content\/uploads\/IMG_9957-768x1024.jpeg 768w, https:\/\/www.spaness.de\/blog\/wp-content\/uploads\/IMG_9957-225x300.jpeg 225w, https:\/\/www.spaness.de\/blog\/wp-content\/uploads\/IMG_9957-1152x1536.jpeg 1152w, https:\/\/www.spaness.de\/blog\/wp-content\/uploads\/IMG_9957-1536x2048.jpeg 1536w, https:\/\/www.spaness.de\/blog\/wp-content\/uploads\/IMG_9957-scaled.jpeg 1920w\" sizes=\"auto, (max-width: 768px) 100vw, 768px\" \/><\/figure>\n<\/figure>\n\n\n\n<h5 class=\"wp-block-heading\">Hotel Dolce<\/h5>\n\n\n\n<p>Auch im <strong>Hotel Dolce<\/strong> durfte ich vor einigen Jahren schon einmal \u00fcbernachten und bei meinem letzten Besuch habe ich auch fantastisch im Hotel zu Abend gegessen; im euro-asiatischen Restaurant Senses. Vom Dolce habt ihr einen gro\u00dfartigen Blick \u00fcber den Kurpark von Bad Nauheim. Zum Hotel z\u00e4hlen auch ein Wellness- und Spa-Bereich mit Pool, Saunalandschaft, Fitnessraum und Beauty-Salon. <\/p>\n\n\n\n<figure class=\"wp-block-image img-responsive\"><img loading=\"lazy\" decoding=\"async\" width=\"1024\" height=\"485\" src=\"https:\/\/www.spaness.de\/blog\/wp-content\/uploads\/IMG_0002-2-1-1024x485.jpeg\" alt=\"Dolce Bad Nauheim\" class=\"img-responsive wp-image-50718\" srcset=\"https:\/\/www.spaness.de\/blog\/wp-content\/uploads\/IMG_0002-2-1-1024x485.jpeg 1024w, https:\/\/www.spaness.de\/blog\/wp-content\/uploads\/IMG_0002-2-1-300x142.jpeg 300w, https:\/\/www.spaness.de\/blog\/wp-content\/uploads\/IMG_0002-2-1-1536x727.jpeg 1536w, https:\/\/www.spaness.de\/blog\/wp-content\/uploads\/IMG_0002-2-1-2048x969.jpeg 2048w\" sizes=\"auto, (max-width: 1024px) 100vw, 1024px\" \/><\/figure>\n\n\n\n<p class=\"has-cyan-bluish-gray-background-color has-background\">Dolce by Wyndham, Elvis-Presley-Platz 1, 61231 Bad Nauheim &#8211; info@dolcebadnauheim.com * Zimmer ab 109 Euro<\/p>\n\n\n\n<figure class=\"wp-block-gallery has-nested-images columns-default is-cropped wp-block-gallery-7 is-layout-flex wp-block-gallery-is-layout-flex\">\n<figure class=\"wp-block-image img-responsive\"><img loading=\"lazy\" decoding=\"async\" width=\"872\" height=\"1024\" data-id=\"50719\" src=\"https:\/\/www.spaness.de\/blog\/wp-content\/uploads\/IMG_9947-872x1024.jpeg\" alt=\"\" class=\"img-responsive wp-image-50719\" srcset=\"https:\/\/www.spaness.de\/blog\/wp-content\/uploads\/IMG_9947-872x1024.jpeg 872w, https:\/\/www.spaness.de\/blog\/wp-content\/uploads\/IMG_9947-255x300.jpeg 255w, https:\/\/www.spaness.de\/blog\/wp-content\/uploads\/IMG_9947-1308x1536.jpeg 1308w, https:\/\/www.spaness.de\/blog\/wp-content\/uploads\/IMG_9947-1744x2048.jpeg 1744w\" sizes=\"auto, (max-width: 872px) 100vw, 872px\" \/><\/figure>\n\n\n\n<figure class=\"wp-block-image img-responsive\"><img loading=\"lazy\" decoding=\"async\" width=\"768\" height=\"1024\" data-id=\"50721\" src=\"https:\/\/www.spaness.de\/blog\/wp-content\/uploads\/IMG_0041-768x1024.jpeg\" alt=\"\" class=\"img-responsive wp-image-50721\" srcset=\"https:\/\/www.spaness.de\/blog\/wp-content\/uploads\/IMG_0041-768x1024.jpeg 768w, https:\/\/www.spaness.de\/blog\/wp-content\/uploads\/IMG_0041-225x300.jpeg 225w, https:\/\/www.spaness.de\/blog\/wp-content\/uploads\/IMG_0041-1152x1536.jpeg 1152w, https:\/\/www.spaness.de\/blog\/wp-content\/uploads\/IMG_0041-1536x2048.jpeg 1536w, https:\/\/www.spaness.de\/blog\/wp-content\/uploads\/IMG_0041-scaled.jpeg 1920w\" sizes=\"auto, (max-width: 768px) 100vw, 768px\" \/><\/figure>\n\n\n\n<figure class=\"wp-block-image img-responsive\"><img loading=\"lazy\" decoding=\"async\" width=\"1024\" height=\"768\" data-id=\"50720\" src=\"https:\/\/www.spaness.de\/blog\/wp-content\/uploads\/IMG_0038-1024x768.jpeg\" alt=\"\" class=\"img-responsive wp-image-50720\" srcset=\"https:\/\/www.spaness.de\/blog\/wp-content\/uploads\/IMG_0038-1024x768.jpeg 1024w, https:\/\/www.spaness.de\/blog\/wp-content\/uploads\/IMG_0038-300x225.jpeg 300w, https:\/\/www.spaness.de\/blog\/wp-content\/uploads\/IMG_0038-1536x1152.jpeg 1536w, https:\/\/www.spaness.de\/blog\/wp-content\/uploads\/IMG_0038-2048x1536.jpeg 2048w, https:\/\/www.spaness.de\/blog\/wp-content\/uploads\/IMG_0038-407x305.jpeg 407w\" sizes=\"auto, (max-width: 1024px) 100vw, 1024px\" \/><\/figure>\n<\/figure>\n\n\n\n<h5 class=\"wp-block-heading\">Schweizer Milchh\u00e4uschen <\/h5>\n\n\n\n<p>Lokaler Genuss hat in Bad Nauheim einen gro\u00dfen Stellenwert. Zu den <strong>typischen Spezialit\u00e4ten<\/strong> der Wetterau z\u00e4hlen beispielsweise <strong>Strau\u00dfenwirtschaften, Handk\u00e4s<\/strong> und <strong>Bembel<\/strong>. Stellvertretend f\u00fcr viele tolle gastronomische Betriebe in Bad Nauheim (anfangen beim <em>Johannisberg Restaurant<\/em> oder auch dem <em>Teichhaus im Kurpark<\/em>) m\u00f6chte ich euch zum Abschluss noch das <em>Schweizer Milchh\u00e4uschen<\/em>, am Rande des Kurparks, ans Herz legen. <\/p>\n\n\n\n<p>Einst waren im Milchh\u00e4uschen besondere Milchk\u00fche (sie galten als tuberkolosefrei) aus der Schweiz untergebracht &#8211; daher der Name. Heute beherbergt das niedliche Geb\u00e4ude ein gem\u00fctliches Cafe mit Garten. Serviert werden <strong>leckere Kuchen und Torten<\/strong> sowie <strong>Fr\u00fchst\u00fcck<\/strong> und <strong>Kleinigkeiten f\u00fcr die Mittagspause<\/strong> und zwischendurch. <\/p>\n\n\n\n<p class=\"has-cyan-bluish-gray-background-color has-background\"><strong>Gut zu wissen: <\/strong>Lange wurde in Bad Nauheim die Milchkur bei Kinderkrankheiten und Mangelern\u00e4hrung durchgef\u00fchrt. Ab ca. 1880 im Teichhaus, in der Folge bis 1911 im Schweizer Milchh\u00e4uschen und bis zum Beginn des 1. Welttrieges in der Trinkkuranlage. <\/p>\n\n\n\n<figure class=\"wp-block-gallery has-nested-images columns-default is-cropped wp-block-gallery-8 is-layout-flex wp-block-gallery-is-layout-flex\">\n<figure class=\"wp-block-image img-responsive\"><img loading=\"lazy\" decoding=\"async\" width=\"768\" height=\"1024\" data-id=\"50727\" src=\"https:\/\/www.spaness.de\/blog\/wp-content\/uploads\/IMG_0024-768x1024.jpeg\" alt=\"\" class=\"img-responsive wp-image-50727\" srcset=\"https:\/\/www.spaness.de\/blog\/wp-content\/uploads\/IMG_0024-768x1024.jpeg 768w, https:\/\/www.spaness.de\/blog\/wp-content\/uploads\/IMG_0024-225x300.jpeg 225w, https:\/\/www.spaness.de\/blog\/wp-content\/uploads\/IMG_0024-1152x1536.jpeg 1152w, https:\/\/www.spaness.de\/blog\/wp-content\/uploads\/IMG_0024-1536x2048.jpeg 1536w, https:\/\/www.spaness.de\/blog\/wp-content\/uploads\/IMG_0024-scaled.jpeg 1920w\" sizes=\"auto, (max-width: 768px) 100vw, 768px\" \/><\/figure>\n\n\n\n<figure class=\"wp-block-image img-responsive\"><img loading=\"lazy\" decoding=\"async\" width=\"768\" height=\"1024\" data-id=\"50729\" src=\"https:\/\/www.spaness.de\/blog\/wp-content\/uploads\/IMG_0129-768x1024.jpeg\" alt=\"\" class=\"img-responsive wp-image-50729\" srcset=\"https:\/\/www.spaness.de\/blog\/wp-content\/uploads\/IMG_0129-768x1024.jpeg 768w, https:\/\/www.spaness.de\/blog\/wp-content\/uploads\/IMG_0129-225x300.jpeg 225w, https:\/\/www.spaness.de\/blog\/wp-content\/uploads\/IMG_0129-1152x1536.jpeg 1152w, https:\/\/www.spaness.de\/blog\/wp-content\/uploads\/IMG_0129-1536x2048.jpeg 1536w, https:\/\/www.spaness.de\/blog\/wp-content\/uploads\/IMG_0129-scaled.jpeg 1920w\" sizes=\"auto, (max-width: 768px) 100vw, 768px\" \/><\/figure>\n\n\n\n<figure class=\"wp-block-image img-responsive\"><img loading=\"lazy\" decoding=\"async\" width=\"768\" height=\"1024\" data-id=\"50728\" src=\"https:\/\/www.spaness.de\/blog\/wp-content\/uploads\/IMG_0124-768x1024.jpeg\" alt=\"\" class=\"img-responsive wp-image-50728\" srcset=\"https:\/\/www.spaness.de\/blog\/wp-content\/uploads\/IMG_0124-768x1024.jpeg 768w, https:\/\/www.spaness.de\/blog\/wp-content\/uploads\/IMG_0124-225x300.jpeg 225w, https:\/\/www.spaness.de\/blog\/wp-content\/uploads\/IMG_0124-1152x1536.jpeg 1152w, https:\/\/www.spaness.de\/blog\/wp-content\/uploads\/IMG_0124-1536x2048.jpeg 1536w, https:\/\/www.spaness.de\/blog\/wp-content\/uploads\/IMG_0124-scaled.jpeg 1920w\" sizes=\"auto, (max-width: 768px) 100vw, 768px\" \/><\/figure>\n<\/figure>\n\n\n\n<p>*<em>Offenlegung: Ich wurde im Rahmen der Zusammenarbeit mit dem <a href=\"https:\/\/www.kurorte-in-hessen.de\" target=\"_blank\" rel=\"noreferrer noopener nofollow\" class=\"external\">Hessischen Heilb\u00e4derverband e.V.<\/a> zur Recherche nach Bad Nauheim eingeladen. F\u00fcr meine Arbeit erhalte ich ein Honorar. In meinen Berichten lest ihr aber nat\u00fcrlich immer meine pers\u00f6nlichen Eindr\u00fccke \u2013 authentisch und ehrlich.<\/em><\/p>\n\n\n\n<p><\/p>\n","protected":false},"excerpt":{"rendered":"<p>#Entdecke mit uns Bad Nauheim: Bereits Elvis Presley lebte 2 Jahre im Heilbald. Der historische Sprudelhof bietet das gr\u00f6\u00dfte zusammenh\u00e4ngende Jungendstil-Ensemble in Europa &#8211; und das sind nur einige Highlights, die Bad Nauheim zu bieten hat<\/p>\n","protected":false},"author":2,"featured_media":50691,"comment_status":"open","ping_status":"open","sticky":false,"template":"","format":"standard","meta":{"footnotes":""},"categories":[230,4,221,264,263,295,13,14,15],"tags":[251,305,58,59,298,170],"class_list":["post-50610","post","type-post","status-publish","format-standard","has-post-thumbnail","hentry","category-10-reisetipps-fuer","category-gesundheit","category-hessen-reisen","category-nachhaltig-reisen-leben","category-slow-travel","category-staedtetrips","category-urlaub","category-urlaub-in-deutschland","category-wellness","tag-gesundheitheitsblogger","tag-gesundheitsblog","tag-gesundheitstourismus","tag-gesundheitsurlaub","tag-kurorte-in-deutschland","tag-wellnessurlaub"],"_links":{"self":[{"href":"https:\/\/www.spaness.de\/blog\/wp-json\/wp\/v2\/posts\/50610","targetHints":{"allow":["GET"]}}],"collection":[{"href":"https:\/\/www.spaness.de\/blog\/wp-json\/wp\/v2\/posts"}],"about":[{"href":"https:\/\/www.spaness.de\/blog\/wp-json\/wp\/v2\/types\/post"}],"author":[{"embeddable":true,"href":"https:\/\/www.spaness.de\/blog\/wp-json\/wp\/v2\/users\/2"}],"replies":[{"embeddable":true,"href":"https:\/\/www.spaness.de\/blog\/wp-json\/wp\/v2\/comments?post=50610"}],"version-history":[{"count":130,"href":"https:\/\/www.spaness.de\/blog\/wp-json\/wp\/v2\/posts\/50610\/revisions"}],"predecessor-version":[{"id":50920,"href":"https:\/\/www.spaness.de\/blog\/wp-json\/wp\/v2\/posts\/50610\/revisions\/50920"}],"wp:featuredmedia":[{"embeddable":true,"href":"https:\/\/www.spaness.de\/blog\/wp-json\/wp\/v2\/media\/50691"}],"wp:attachment":[{"href":"https:\/\/www.spaness.de\/blog\/wp-json\/wp\/v2\/media?parent=50610"}],"wp:term":[{"taxonomy":"category","embeddable":true,"href":"https:\/\/www.spaness.de\/blog\/wp-json\/wp\/v2\/categories?post=50610"},{"taxonomy":"post_tag","embeddable":true,"href":"https:\/\/www.spaness.de\/blog\/wp-json\/wp\/v2\/tags?post=50610"}],"curies":[{"name":"wp","href":"https:\/\/api.w.org\/{rel}","templated":true}]}}