{"id":53092,"date":"2023-10-19T20:33:51","date_gmt":"2023-10-19T18:33:51","guid":{"rendered":"https:\/\/www.spaness.de\/blog\/?p=53092"},"modified":"2025-11-15T15:12:42","modified_gmt":"2025-11-15T14:12:42","slug":"willingen-sehenswuerdigkeiten","status":"publish","type":"post","link":"https:\/\/www.spaness.de\/blog\/willingen-sehenswuerdigkeiten\/","title":{"rendered":"Willingen: Sehensw\u00fcrdigkeiten &#038; Seelenorte im Sauerland"},"content":{"rendered":"\n<p><strong>\u00dcberraschend still wird es im sonst so quirligen Willingen, als ich mich auf die Suche nach den Seelenorten mache. Willingen &#8211; vielen G\u00e4sten eher als Wintersport-Reiseziel bekannt &#8211; liegt inmitten urspr\u00fcnglicher Natur<\/strong>. <\/p>\n\n\n\n<p><strong>Und Willingen ist auch ein Heilbad &#8211; h\u00e4ttest du das gewu\u00dft?<\/strong><\/p>\n\n\n\n<h2 class=\"wp-block-heading\">Wo ist Willingen?<\/h2>\n\n\n\n<p>Die Gemeinde Willingen liegt im <strong>Norden von Hessen<\/strong>. Regional wird Willingen, als Landschaft der weiten Blicke, dem <strong>Sauerland<\/strong> sowie einem Teil des <strong>Rothaargebirges<\/strong> zugeordnet. Dar\u00fcber hinaus ist Willingen <strong>Heilklimatischer <a href=\"https:\/\/www.spaness.de\/blog\/tag\/kurorte-in-deutschland\/\" target=\"_blank\" rel=\"noreferrer noopener\">Kurort<\/a> und Kneipp-Heilbad<\/strong>. Darauf weisen auch <strong>verschiedene Kneippanlagen<\/strong> hin. <\/p>\n\n\n\n<p>Im <strong>Mittelpunkt des Kurortes <\/strong>findet sich ein <strong>Kurpark<\/strong>, der von den Anwohnern liebevoll <strong>Kurgarten <\/strong>genannt wird. Angelegt wurde er bereits in den 1950er Jahren. Unter alten B\u00e4umen breiten sich bl\u00fchende Beete aus, ein kleiner naturbelassener Bachlauf pl\u00e4tschert fr\u00f6hlich vor sich hin und l\u00e4dt zum entspannten Flanieren ein.<\/p>\n\n\n\n<figure class=\"wp-block-image img-responsive\"><img decoding=\"async\" src=\"https:\/\/www.spaness.de\/blog\/wp-content\/uploads\/2da8c67d-1962-446a-a387-7023a4e745c4-1024x768.jpeg\" alt=\"Willingen Sehenswuerdigkeiten\" class=\"img-responsive wp-image-53183\"\/><\/figure>\n\n\n\n<h3 class=\"wp-block-heading\">Willingen: Top Sehensw\u00fcrdigkeiten &amp; B\u00fchne frei f\u00fcr Natursch\u00f6nheiten in einer Landschaft der weiten Blicke<\/h3>\n\n\n\n<p>Umgeben ist Willingen von <strong>sanften gr\u00fcnen H\u00fcgeln und kleinen Gipfeln<\/strong>, saftigen Wiesen, Hochheide-Landschaften und dichten W\u00e4ldern. Mittendrin finden sich die <strong>Seelenorte<\/strong>. Still und abseits vom Alltag spiegeln sie Heimat, Verbundenheit und Begegnungen wider. All das garantiert <strong>nachhaltige Erlebnisse<\/strong> in der Natur, sowie gute Aus- und Weitsicht. Durchaus verst\u00e4ndlich, dass Willingen auch zu den <strong>Sauerland-Wanderd\u00f6rfern<\/strong> geh\u00f6rt mit <strong>zertifizierten Wegen und Pfaden<\/strong> wie dem Upland- und Rothaarsteig.<\/p>\n\n\n\n<p>Ich lade euch ein, mich bei meiner besonderen Tour durch die Gemeinde Willingen, auf der <strong>Suche nach Seelenorten<\/strong> und \u00fcberraschenden Entdeckungen, zu begleiten.<\/p>\n\n\n\n<figure class=\"wp-block-image img-responsive\"><img loading=\"lazy\" decoding=\"async\" width=\"1024\" height=\"768\" src=\"https:\/\/www.spaness.de\/blog\/wp-content\/uploads\/IMG_4610-1024x768.jpeg\" alt=\"Sauerland Seelenorte\" class=\"img-responsive wp-image-53099\" srcset=\"https:\/\/www.spaness.de\/blog\/wp-content\/uploads\/IMG_4610-1024x768.jpeg 1024w, https:\/\/www.spaness.de\/blog\/wp-content\/uploads\/IMG_4610-300x225.jpeg 300w, https:\/\/www.spaness.de\/blog\/wp-content\/uploads\/IMG_4610-1536x1152.jpeg 1536w, https:\/\/www.spaness.de\/blog\/wp-content\/uploads\/IMG_4610-2048x1536.jpeg 2048w, https:\/\/www.spaness.de\/blog\/wp-content\/uploads\/IMG_4610-407x305.jpeg 407w\" sizes=\"auto, (max-width: 1024px) 100vw, 1024px\" \/><\/figure>\n\n\n\n<h4 class=\"wp-block-heading\">5 Sauerland Seelenorte: besondere Sehensw\u00fcrdigkeiten in Willingen<\/h4>\n\n\n\n<p>Kirchen, Bergkuppen, Felsen, Steinbr\u00fcche und Kraftpl\u00e4tze. Insgesamt gibt es <strong>42 Seelenorte im Sauerland<\/strong>. Orte, die f\u00fcr die Menschen eine besondere Bedeutung besitzen, die emotional aber auch spirituell ber\u00fchren. Rund um Willingen finden sich gleich <strong>f\u00fcnf dieser besonderen Pl\u00e4tze<\/strong>, die wunderbar auf der einen oder anderen Wanderung entdeckt werden k\u00f6nnen.<\/p>\n\n\n\n<h5 class=\"wp-block-heading\">Seelenort: Steinbruch Hengb\u00f6hl<\/h5>\n\n\n\n<p>Unsere Wanderung beginnt im <strong>Ortsteil Usseln<\/strong>. Den ersten Seelenort, den ich gemeinsam mit einer Wanderf\u00fchrerin erleben darf, ist der <strong>Steinbruch Hengb\u00f6hl<\/strong>. Am Eingang zum Steinbruch hei\u00dft uns eine kleine Stele willkommen. <\/p>\n\n\n\n<blockquote class=\"wp-block-quote is-layout-flow wp-block-quote-is-layout-flow\">\n<p><em>\u201eNehmt euch nicht zu wichtig. Von wegen Krone der Sch\u00f6pfung und so. K\u00f6nnte ja sein, dass auch in der Sch\u00f6pfung gilt: Wer zuletzt lacht, lacht am besten\u201c<\/em>.<\/p>\n<cite>Michael Gleich (steht auf einer Metalltafel) <\/cite><\/blockquote>\n\n\n\n<p><strong>Abgeschirmt von L\u00e4rm und Hektik<\/strong> rauscht der Wind durch die Baumkronen. Wir nehmen Platz auf einem Baumstamm am Rande eines Steinkreises. Mit <strong>Qi-Gong-Elementen<\/strong> erden wir uns, kommen zur Ruhe und nehmen intensiven Kontakt mit diesem Ort auf. Bei genauer Betrachtung des Steinkreises entdecken wir, die <strong>Steine sind in Form einer Spirale<\/strong> angeordnet. Schritt f\u00fcr Schritt, ganz langsam schreiten wir and\u00e4chtig und bewusst durch die Spirale &#8211; von au\u00dfen nach innen und von innen nach au\u00dfen, bevor uns der Weg weiter durch den <strong>dichten Wald<\/strong> f\u00fchrt, um einen weiteren Seelenort zu finden.<\/p>\n\n\n\n<figure class=\"wp-block-image img-responsive\"><img loading=\"lazy\" decoding=\"async\" width=\"1024\" height=\"768\" src=\"https:\/\/www.spaness.de\/blog\/wp-content\/uploads\/IMG_4589-1024x768.jpeg\" alt=\"Sauerland Seelenorte\" class=\"img-responsive wp-image-53101\" srcset=\"https:\/\/www.spaness.de\/blog\/wp-content\/uploads\/IMG_4589-1024x768.jpeg 1024w, https:\/\/www.spaness.de\/blog\/wp-content\/uploads\/IMG_4589-300x225.jpeg 300w, https:\/\/www.spaness.de\/blog\/wp-content\/uploads\/IMG_4589-1536x1152.jpeg 1536w, https:\/\/www.spaness.de\/blog\/wp-content\/uploads\/IMG_4589-2048x1536.jpeg 2048w, https:\/\/www.spaness.de\/blog\/wp-content\/uploads\/IMG_4589-407x305.jpeg 407w\" sizes=\"auto, (max-width: 1024px) 100vw, 1024px\" \/><\/figure>\n\n\n\n<h5 class=\"wp-block-heading\">Seelenort: Osterkopf<\/h5>\n\n\n\n<p>Wir treten aus dem Wald, \u00fcberqueren eine Wiese und wandern entlang von <strong>duftenden Kornfeldern<\/strong>, bevor wir den <strong>Osterkopf<\/strong> erklimmen. Die Kuppe des Berges ist \u00fcber 700 Meter hoch. Viele B\u00e4ume sucht das Auge vergebens. Vielmehr ist die <strong>markante Landschaft von Heidefl\u00e4chen<\/strong> gepr\u00e4gt, die auf unserer Wanderung alles in ein zartes lila Meer tauchen. <\/p>\n\n\n\n<p>Ein warmer Wind fegt \u00fcber die <strong>Landschaft aus Heide<\/strong>, <strong>Moos und Gras<\/strong>. Er streichelt \u00fcber unsere Haut und zerzaust unser Haar. Wir erreichen die Wetterfahne, sie markiert statt Gipfelkreuz den <strong>h\u00f6chsten Punkt auf dem Osterkopf<\/strong>. Wer mag, kann sich im \u201eG\u00e4stebuch\u201c verewigen. Von hier aus genie\u00dfen wir die <strong>weite Sicht<\/strong> und bestaunen, wie sich die Landschaft mit den Farben des Himmels harmonisch vermischt. Beim Abstieg vom Osterkopf auf der anderen Seite des Berges wiegen sich bunt-bl\u00fchende Blumen und Kr\u00e4uter im sanften Wind. Wir verharren, atmen tief ein und werden selber mit der n\u00e4chsten Qi-Gong-\u00dcbung eine Pflanzenknolle im Wandel der Jahreszeiten.<\/p>\n\n\n\n<figure class=\"wp-block-image img-responsive\"><img loading=\"lazy\" decoding=\"async\" width=\"1024\" height=\"768\" src=\"https:\/\/www.spaness.de\/blog\/wp-content\/uploads\/IMG_4641-1024x768.jpeg\" alt=\"Osterkopf Willingen Seelenort\" class=\"img-responsive wp-image-53103\" srcset=\"https:\/\/www.spaness.de\/blog\/wp-content\/uploads\/IMG_4641-1024x768.jpeg 1024w, https:\/\/www.spaness.de\/blog\/wp-content\/uploads\/IMG_4641-300x225.jpeg 300w, https:\/\/www.spaness.de\/blog\/wp-content\/uploads\/IMG_4641-1536x1152.jpeg 1536w, https:\/\/www.spaness.de\/blog\/wp-content\/uploads\/IMG_4641-2048x1536.jpeg 2048w, https:\/\/www.spaness.de\/blog\/wp-content\/uploads\/IMG_4641-407x305.jpeg 407w\" sizes=\"auto, (max-width: 1024px) 100vw, 1024px\" \/><\/figure>\n\n\n\n<h5 class=\"wp-block-heading\">Seelenort: Schwalenburg<\/h5>\n\n\n\n<p>Auf dem <strong>Weg zur Schwalenburg<\/strong> passieren wir ein kleines Gatter ins vermeintliche \u201eNichts\u201c. Knorrige alte B\u00e4ume bieten Schatten, w\u00e4hrend sich die Sonnenstrahlen versuchen durch die Bl\u00e4tter zu schummeln. Die Landschaft wirkt geheimnisvoll und zerkl\u00fcftet. Einst stand hier eine<strong> Wallburg<\/strong>. Heute erinnert ein <strong>Rundweg mit Schau- und Informationstafeln<\/strong> an das Bauwerk mit einem Durchmesser von ca. 300 Metern, das bereits vor rund 1.200 Jahren entstanden ist. Die Zeit scheint an einem solchen Ort relativ zu sein. Wie viele Menschen sind hier im Laufe der Jahrhunderte durchgewandert, haben gelacht, geweint, gelebt, sich verzaubern lassen oder so wie ich in diesem Moment \u201eKraft getankt\u201c? <\/p>\n\n\n\n<p>Ein <strong>Aussichtsturm<\/strong> l\u00e4dt dazu ein, in die Weite zu blicken, ein wenig zu tr\u00e4umen und der Fantasie Fl\u00fcgel wachsen zu lassen.<\/p>\n\n\n\n<figure class=\"wp-block-image img-responsive\"><img loading=\"lazy\" decoding=\"async\" width=\"1024\" height=\"768\" src=\"https:\/\/www.spaness.de\/blog\/wp-content\/uploads\/IMG_4817-1024x768.jpeg\" alt=\"Sauerland Seelenort Schwalenburg\" class=\"img-responsive wp-image-53105\" srcset=\"https:\/\/www.spaness.de\/blog\/wp-content\/uploads\/IMG_4817-1024x768.jpeg 1024w, https:\/\/www.spaness.de\/blog\/wp-content\/uploads\/IMG_4817-300x225.jpeg 300w, https:\/\/www.spaness.de\/blog\/wp-content\/uploads\/IMG_4817-1536x1152.jpeg 1536w, https:\/\/www.spaness.de\/blog\/wp-content\/uploads\/IMG_4817-2048x1536.jpeg 2048w, https:\/\/www.spaness.de\/blog\/wp-content\/uploads\/IMG_4817-407x305.jpeg 407w\" sizes=\"auto, (max-width: 1024px) 100vw, 1024px\" \/><\/figure>\n\n\n\n<figure class=\"wp-block-gallery has-nested-images columns-default is-cropped wp-block-gallery-1 is-layout-flex wp-block-gallery-is-layout-flex\">\n<figure class=\"wp-block-image img-responsive\"><img loading=\"lazy\" decoding=\"async\" width=\"768\" height=\"1024\" data-id=\"53110\" src=\"https:\/\/www.spaness.de\/blog\/wp-content\/uploads\/IMG_4814-768x1024.jpeg\" alt=\"Aussichtsturm Sauerland\" class=\"img-responsive wp-image-53110\" srcset=\"https:\/\/www.spaness.de\/blog\/wp-content\/uploads\/IMG_4814-768x1024.jpeg 768w, https:\/\/www.spaness.de\/blog\/wp-content\/uploads\/IMG_4814-225x300.jpeg 225w, https:\/\/www.spaness.de\/blog\/wp-content\/uploads\/IMG_4814-1152x1536.jpeg 1152w, https:\/\/www.spaness.de\/blog\/wp-content\/uploads\/IMG_4814-1536x2048.jpeg 1536w, https:\/\/www.spaness.de\/blog\/wp-content\/uploads\/IMG_4814-scaled.jpeg 1920w\" sizes=\"auto, (max-width: 768px) 100vw, 768px\" \/><\/figure>\n\n\n\n<figure class=\"wp-block-image img-responsive\"><img loading=\"lazy\" decoding=\"async\" width=\"768\" height=\"1024\" data-id=\"53108\" src=\"https:\/\/www.spaness.de\/blog\/wp-content\/uploads\/IMG_4811-768x1024.jpeg\" alt=\"Willingen Sehenswuerdigkeiten\" class=\"img-responsive wp-image-53108\" srcset=\"https:\/\/www.spaness.de\/blog\/wp-content\/uploads\/IMG_4811-768x1024.jpeg 768w, https:\/\/www.spaness.de\/blog\/wp-content\/uploads\/IMG_4811-225x300.jpeg 225w, https:\/\/www.spaness.de\/blog\/wp-content\/uploads\/IMG_4811-1152x1536.jpeg 1152w, https:\/\/www.spaness.de\/blog\/wp-content\/uploads\/IMG_4811-1536x2048.jpeg 1536w, https:\/\/www.spaness.de\/blog\/wp-content\/uploads\/IMG_4811-scaled.jpeg 1920w\" sizes=\"auto, (max-width: 768px) 100vw, 768px\" \/><\/figure>\n\n\n\n<figure class=\"wp-block-image img-responsive\"><img loading=\"lazy\" decoding=\"async\" width=\"768\" height=\"1024\" data-id=\"53109\" src=\"https:\/\/www.spaness.de\/blog\/wp-content\/uploads\/IMG_4812-768x1024.jpeg\" alt=\"Willingen Sehenswuerdigkeiten Aussichtsturm Schwalenburg\" class=\"img-responsive wp-image-53109\" srcset=\"https:\/\/www.spaness.de\/blog\/wp-content\/uploads\/IMG_4812-768x1024.jpeg 768w, https:\/\/www.spaness.de\/blog\/wp-content\/uploads\/IMG_4812-225x300.jpeg 225w, https:\/\/www.spaness.de\/blog\/wp-content\/uploads\/IMG_4812-1152x1536.jpeg 1152w, https:\/\/www.spaness.de\/blog\/wp-content\/uploads\/IMG_4812-1536x2048.jpeg 1536w, https:\/\/www.spaness.de\/blog\/wp-content\/uploads\/IMG_4812-scaled.jpeg 1920w\" sizes=\"auto, (max-width: 768px) 100vw, 768px\" \/><\/figure>\n<\/figure>\n\n\n\n<h5 class=\"wp-block-heading\">Seelenort: Eiche im Ohl<\/h5>\n\n\n\n<p>B\u00e4ume stehen f\u00fcr <strong>Kraft, St\u00e4rke und Leben<\/strong> aber auch f\u00fcr <strong>Verg\u00e4nglichkeit und Best\u00e4ndigkeit<\/strong>. Wir Menschen sind mit der Natur verbunden und im Schatten und Schutz eines besonderen Baumes sp\u00fcren wir die <strong>N\u00e4he zur Natur<\/strong> oft sehr stark. Sich anlehnen, die Augen schlie\u00dfen, einfach ankommen bei sich, ankommen im Moment, einatmen, ausatmen, die Rinde unter der Hand f\u00fchlen und diesen <strong>Seelenort<\/strong> auf sich wirken lassen. Mit etwas Gl\u00fcck lassen sich an und rund um die Eiche sogar <strong>feinste Goldpartikel <\/strong>finden. Denn einst gruben Bergleute hier nach Eisen und Gold.<\/p>\n\n\n\n<figure class=\"wp-block-image img-responsive\"><img loading=\"lazy\" decoding=\"async\" width=\"1024\" height=\"810\" src=\"https:\/\/www.spaness.de\/blog\/wp-content\/uploads\/IMG_4805-1024x810.jpeg\" alt=\"Willingen wandern\" class=\"img-responsive wp-image-53112\" srcset=\"https:\/\/www.spaness.de\/blog\/wp-content\/uploads\/IMG_4805-1024x810.jpeg 1024w, https:\/\/www.spaness.de\/blog\/wp-content\/uploads\/IMG_4805-300x237.jpeg 300w, https:\/\/www.spaness.de\/blog\/wp-content\/uploads\/IMG_4805-1536x1215.jpeg 1536w, https:\/\/www.spaness.de\/blog\/wp-content\/uploads\/IMG_4805-2048x1621.jpeg 2048w\" sizes=\"auto, (max-width: 1024px) 100vw, 1024px\" \/><\/figure>\n\n\n\n<h5 class=\"wp-block-heading\">Seelenort: Orenberg<\/h5>\n\n\n\n<p>\u00dcber 700 Meter hoch ist der Orenberg. Er gilt aus einem guten Grund als einer der <strong>Hausberge der Willinger<\/strong>, denn von hier aus hat man eine gute <strong>Rundumsicht \u00fcber die ganze Stadt<\/strong>. Aus dem <strong>Schatten eines Buchenwaldes <\/strong>f\u00fchrt der Weg \u00fcber <strong>Heide und Gras<\/strong> zum Gipfel. Markiert ist der h\u00f6chste Punkt mit einem Holzkreuz.<\/p>\n\n\n\n<p class=\"has-very-light-gray-to-cyan-bluish-gray-gradient-background has-background\"><strong>Tipp:<\/strong> Gisela Biedermann bietet gef\u00fchrte Wanderungen zu den Seelenorten an. Sie kombiniert ihre achtsamen Touren mit Elementen aus dem Waldbaden und\/oder Qi-Gong -&gt; <a href=\"https:\/\/www.willingen.de\/poi\/waldbaden-und-wandern-zu-den-seelenorten\" target=\"_blank\" rel=\"noreferrer noopener nofollow\" class=\"external\">MEHR INFOS<\/a><\/p>\n\n\n\n<figure class=\"wp-block-image img-responsive\"><img loading=\"lazy\" decoding=\"async\" width=\"1024\" height=\"768\" src=\"https:\/\/www.spaness.de\/blog\/wp-content\/uploads\/1489b921-e737-460b-bac9-dcfc9de00f12-1024x768.jpeg\" alt=\"Tierische Begegnungen Willingen Wandern\" class=\"img-responsive wp-image-53115\" srcset=\"https:\/\/www.spaness.de\/blog\/wp-content\/uploads\/1489b921-e737-460b-bac9-dcfc9de00f12-1024x768.jpeg 1024w, https:\/\/www.spaness.de\/blog\/wp-content\/uploads\/1489b921-e737-460b-bac9-dcfc9de00f12-300x225.jpeg 300w, https:\/\/www.spaness.de\/blog\/wp-content\/uploads\/1489b921-e737-460b-bac9-dcfc9de00f12-1536x1152.jpeg 1536w, https:\/\/www.spaness.de\/blog\/wp-content\/uploads\/1489b921-e737-460b-bac9-dcfc9de00f12-407x305.jpeg 407w, https:\/\/www.spaness.de\/blog\/wp-content\/uploads\/1489b921-e737-460b-bac9-dcfc9de00f12.jpeg 2048w\" sizes=\"auto, (max-width: 1024px) 100vw, 1024px\" \/><\/figure>\n\n\n\n<h4 class=\"wp-block-heading\">Trekkingpl\u00e4tze in Willingen<\/h4>\n\n\n\n<p>Einfach <strong>unterwegs sein in der Natur<\/strong>, Schritt f\u00fcr Schritt. Sie <strong>mit allen Sinnen genie\u00dfen und sp\u00fcren<\/strong>, von Sonnenaufgang bis Sonnenuntergang. Ein Abenteuer inmitten der H\u00fcgellandschaft, zwischen B\u00e4umen und bl\u00fchenden Blumen, die sich im Winde wiegen. <\/p>\n\n\n\n<p>Entlang vieler <strong>Wanderwege rund um Willingen <\/strong>und in unmittelbarer N\u00e4he zu verschiedenen Seelenorten finden sich <strong>idyllische Trekkingpl\u00e4tze<\/strong>, die zu einer romantischen oder vielleicht auch abenteuerlichen Nacht unter dem Sternenzelt einladen.<\/p>\n\n\n\n<p class=\"has-very-light-gray-to-cyan-bluish-gray-gradient-background has-background\"><strong>Gut zu wissen: <\/strong>Die buchbaren Trekkingpl\u00e4tze im Trekkingpark Sauerland sind nur zu Fu\u00df oder per Fahrrad erreichbar. Jeder Naturlagerplatz repr\u00e4sentiert tolle Aussichten und bietet sogar eine Naturkomposttoilette. Falls doch einmal auf den \u00f6ffentlichen Personen Nahverkehr (\u00d6PNV) zur\u00fcckgegriffen werden muss\/soll sind die Fahrten mit Bus und Bahn &#8211; mit der Sauerland Card (ihr erhaltet sie bei Buchung eines Trekkingsplatzes) <strong>kostenfrei<\/strong>. Mehr Infos zu den <a href=\"https:\/\/www.willingen.de\/tour\/trekkingpark-sauerland\" target=\"_blank\" rel=\"noreferrer noopener nofollow\" class=\"external\">Trekkingpl\u00e4tzen im Sauerland<\/a>. <\/p>\n\n\n\n<figure class=\"wp-block-image img-responsive\"><img loading=\"lazy\" decoding=\"async\" width=\"1024\" height=\"768\" src=\"https:\/\/www.spaness.de\/blog\/wp-content\/uploads\/IMG_4799-1024x768.jpeg\" alt=\"Trekkingplaetze Sauerland\" class=\"img-responsive wp-image-53116\" srcset=\"https:\/\/www.spaness.de\/blog\/wp-content\/uploads\/IMG_4799-1024x768.jpeg 1024w, https:\/\/www.spaness.de\/blog\/wp-content\/uploads\/IMG_4799-300x225.jpeg 300w, https:\/\/www.spaness.de\/blog\/wp-content\/uploads\/IMG_4799-1536x1152.jpeg 1536w, https:\/\/www.spaness.de\/blog\/wp-content\/uploads\/IMG_4799-2048x1536.jpeg 2048w, https:\/\/www.spaness.de\/blog\/wp-content\/uploads\/IMG_4799-407x305.jpeg 407w\" sizes=\"auto, (max-width: 1024px) 100vw, 1024px\" \/><\/figure>\n\n\n\n<h4 class=\"wp-block-heading\">Pilgern im Sauerland<\/h4>\n\n\n\n<p>Eine besondere Wanderform ist das Pilgern. Im Mittelpunkt einer <strong>Pilgerwanderung <\/strong>steht die innere Einkehr bis hin zur Einsicht, wir wollen ber\u00fchrt werden. Oft treten wir eine Pilgertour an, um <strong>Erkenntnis zu erlangen<\/strong>, um zur <strong>Besinnung zu kommen<\/strong> und um uns selbst zu begegnen. Wir bleiben in Bewegung, tauchen ab in der Natur und nehmen die Sch\u00f6nheit direkt in uns auf. Wer pilgert, bewegt sich <strong>bewu\u00dft im Kreislauf des Lebens<\/strong> und will die Umgebung und sich selbst mit allen Sinnen erleben und entdecken.<\/p>\n\n\n\n<figure class=\"wp-block-image img-responsive\"><img loading=\"lazy\" decoding=\"async\" width=\"1024\" height=\"768\" src=\"https:\/\/www.spaness.de\/blog\/wp-content\/uploads\/IMG_4645-1024x768.jpeg\" alt=\"Pilgern im Sauerland\" class=\"img-responsive wp-image-53128\" srcset=\"https:\/\/www.spaness.de\/blog\/wp-content\/uploads\/IMG_4645-1024x768.jpeg 1024w, https:\/\/www.spaness.de\/blog\/wp-content\/uploads\/IMG_4645-300x225.jpeg 300w, https:\/\/www.spaness.de\/blog\/wp-content\/uploads\/IMG_4645-1536x1152.jpeg 1536w, https:\/\/www.spaness.de\/blog\/wp-content\/uploads\/IMG_4645-2048x1536.jpeg 2048w, https:\/\/www.spaness.de\/blog\/wp-content\/uploads\/IMG_4645-407x305.jpeg 407w\" sizes=\"auto, (max-width: 1024px) 100vw, 1024px\" \/><\/figure>\n\n\n\n<h5 class=\"wp-block-heading\">Unterwegs auf dem Upl\u00e4nder Besinnungsweg<\/h5>\n\n\n\n<p>Auf dem <strong>Upl\u00e4nder Besinnungsweg<\/strong> kommen K\u00f6rper und Geist zur Ruhe, und bringen die Seele in Balance. Der Weg ist das Ziel. Passend dazu laden gleich vier ganz <strong>besondere Kirchen<\/strong> unsere Sinne zur stillen und staunenden Pause ein. Gleichzeitig markieren die <strong>Kirchen in Willingen, Schwalefeld, Rattlar und Usseln<\/strong> sowohl den Anfang als auch das Ende des Weges. Die <strong>Pilgerkirche in Schwalefeld<\/strong> f\u00fchrt auf 12 Stationen durch einen ganz individuellen Gottesdienst. Innerhalb des Gotteshauses befindet sich sogar eine Klagemauer in der Bitten, Gedanken und Danksagungen hinterlassen werden k\u00f6nnen. <\/p>\n\n\n\n<p>Eine weitere sehr besondere Kirche auf dem Besinnungsweg ist die <strong>Lichterkirche in Rattlar<\/strong>. Mediale und meditative Elemente und Formen bieten ein einzigartiges Stimmungserlebnis. Insgesamt vereint der <strong>Besinnungsweg zwanzig Kilometer<\/strong> in f\u00fcnf achtsamen Teiletappen. Inspiriert werden Pilger und Pilgerinnen durch Gedanken, Verse, Gef\u00fchle und malerische Landschaften.<\/p>\n\n\n\n<figure class=\"wp-block-image img-responsive\"><img loading=\"lazy\" decoding=\"async\" width=\"1024\" height=\"768\" src=\"https:\/\/www.spaness.de\/blog\/wp-content\/uploads\/IMG_4795-1024x768.jpeg\" alt=\"Willingen Sehenswuerdigkeiten: Pilgerkirche Schwalefeld\" class=\"img-responsive wp-image-53120\" srcset=\"https:\/\/www.spaness.de\/blog\/wp-content\/uploads\/IMG_4795-1024x768.jpeg 1024w, https:\/\/www.spaness.de\/blog\/wp-content\/uploads\/IMG_4795-300x225.jpeg 300w, https:\/\/www.spaness.de\/blog\/wp-content\/uploads\/IMG_4795-1536x1152.jpeg 1536w, https:\/\/www.spaness.de\/blog\/wp-content\/uploads\/IMG_4795-2048x1536.jpeg 2048w, https:\/\/www.spaness.de\/blog\/wp-content\/uploads\/IMG_4795-407x305.jpeg 407w\" sizes=\"auto, (max-width: 1024px) 100vw, 1024px\" \/><\/figure>\n\n\n\n<figure class=\"wp-block-gallery has-nested-images columns-default is-cropped wp-block-gallery-2 is-layout-flex wp-block-gallery-is-layout-flex\">\n<figure class=\"wp-block-image img-responsive\"><img loading=\"lazy\" decoding=\"async\" width=\"768\" height=\"1024\" data-id=\"53124\" src=\"https:\/\/www.spaness.de\/blog\/wp-content\/uploads\/IMG_4784-768x1024.jpeg\" alt=\"Willingen Sehenswuerdigkeiten Lichtkirche\" class=\"img-responsive wp-image-53124\" srcset=\"https:\/\/www.spaness.de\/blog\/wp-content\/uploads\/IMG_4784-768x1024.jpeg 768w, https:\/\/www.spaness.de\/blog\/wp-content\/uploads\/IMG_4784-225x300.jpeg 225w, https:\/\/www.spaness.de\/blog\/wp-content\/uploads\/IMG_4784-1152x1536.jpeg 1152w, https:\/\/www.spaness.de\/blog\/wp-content\/uploads\/IMG_4784-1536x2048.jpeg 1536w, https:\/\/www.spaness.de\/blog\/wp-content\/uploads\/IMG_4784-scaled.jpeg 1920w\" sizes=\"auto, (max-width: 768px) 100vw, 768px\" \/><\/figure>\n\n\n\n<figure class=\"wp-block-image img-responsive\"><img loading=\"lazy\" decoding=\"async\" width=\"768\" height=\"1024\" data-id=\"53126\" src=\"https:\/\/www.spaness.de\/blog\/wp-content\/uploads\/IMG_4782-768x1024.jpeg\" alt=\"Willingen Sehenswuerdigkeiten Lichtkirche\" class=\"img-responsive wp-image-53126\" srcset=\"https:\/\/www.spaness.de\/blog\/wp-content\/uploads\/IMG_4782-768x1024.jpeg 768w, https:\/\/www.spaness.de\/blog\/wp-content\/uploads\/IMG_4782-225x300.jpeg 225w, https:\/\/www.spaness.de\/blog\/wp-content\/uploads\/IMG_4782-1152x1536.jpeg 1152w, https:\/\/www.spaness.de\/blog\/wp-content\/uploads\/IMG_4782-1536x2048.jpeg 1536w, https:\/\/www.spaness.de\/blog\/wp-content\/uploads\/IMG_4782-scaled.jpeg 1920w\" sizes=\"auto, (max-width: 768px) 100vw, 768px\" \/><\/figure>\n\n\n\n<figure class=\"wp-block-image img-responsive\"><img loading=\"lazy\" decoding=\"async\" width=\"768\" height=\"1024\" data-id=\"53123\" src=\"https:\/\/www.spaness.de\/blog\/wp-content\/uploads\/IMG_4658-768x1024.jpeg\" alt=\"Kirche Willingen Sehenswuerdigkeiten Pilgerweg\" class=\"img-responsive wp-image-53123\" srcset=\"https:\/\/www.spaness.de\/blog\/wp-content\/uploads\/IMG_4658-768x1024.jpeg 768w, https:\/\/www.spaness.de\/blog\/wp-content\/uploads\/IMG_4658-225x300.jpeg 225w, https:\/\/www.spaness.de\/blog\/wp-content\/uploads\/IMG_4658-1152x1536.jpeg 1152w, https:\/\/www.spaness.de\/blog\/wp-content\/uploads\/IMG_4658-1536x2048.jpeg 1536w, https:\/\/www.spaness.de\/blog\/wp-content\/uploads\/IMG_4658-scaled.jpeg 1920w\" sizes=\"auto, (max-width: 768px) 100vw, 768px\" \/><\/figure>\n<\/figure>\n\n\n\n<h3 class=\"wp-block-heading\">Willingen Sehensw\u00fcrdigkeiten &amp; Highlights<\/h3>\n\n\n\n<p>Willingen bietet zu jeder Jahreszeit viele (Wander)M\u00f6glichkeiten. Von achtsam bis spektakul\u00e4r, laden <strong>abwechslungsreiche Pfade<\/strong> zu <strong>spannenden Entdeckertouren<\/strong> zwischen reizenden T\u00e4lern, mystischen W\u00e4ldern und harmonisch schwingenden H\u00fcgeln ein. Verwunderlich ist es daher wohl nicht, dass Willingen als erste<em> &#8222;Qualit\u00e4tsregion Wanderbares Deutschland\u201c<\/em> (gemeinsam mit den Sauerland Wanderd\u00f6rfern) ausgezeichnet wurde.<\/p>\n\n\n\n<p>In Willingen wandert es sich <strong>auf dem rund 300 Kilometer langen Wegenetz<\/strong> daher nicht nur besonders sinnes- und erlebnisreich. Entlang der Wanderwege warten dar\u00fcber hinaus interessante Sehensw\u00fcrdigkeiten und immer wieder <strong>au\u00dfergew\u00f6hnliche Weit- und Aussichtspunkte<\/strong>.<\/p>\n\n\n\n<h4 class=\"wp-block-heading\">Mit der Ettelsberg Seilbahn gehts nach oben<\/h4>\n\n\n\n<p>P\u00fcnktlich um neun Uhr stehen wir am <strong>Fu\u00dfe des Ettelsberg<\/strong>, um in einer <strong>Panorama-Gondel<\/strong> mit der <strong>Ettelsberg Seilbahn<\/strong> den fast <strong>840 Meter hohen Gipfel <\/strong>nach oben zu schweben. Wir nehmen Platz und genie\u00dfen die Aussicht. Unter uns zeichnet sich der <strong>Schatten der Gondel<\/strong> auf den gr\u00fcnen Rasenfl\u00e4chen ab. Die Sonne strahlt vom Himmel und verspricht einen <strong>wundersch\u00f6nen Wandertag<\/strong>.<\/p>\n\n\n\n<figure class=\"wp-block-image img-responsive\"><img loading=\"lazy\" decoding=\"async\" width=\"1024\" height=\"768\" src=\"https:\/\/www.spaness.de\/blog\/wp-content\/uploads\/IMG_4682-1024x768.jpeg\" alt=\"Willingen Sehenswuerdigkeiten: Ettelsberg Seilbahn \" class=\"img-responsive wp-image-53131\" srcset=\"https:\/\/www.spaness.de\/blog\/wp-content\/uploads\/IMG_4682-1024x768.jpeg 1024w, https:\/\/www.spaness.de\/blog\/wp-content\/uploads\/IMG_4682-300x225.jpeg 300w, https:\/\/www.spaness.de\/blog\/wp-content\/uploads\/IMG_4682-1536x1152.jpeg 1536w, https:\/\/www.spaness.de\/blog\/wp-content\/uploads\/IMG_4682-2048x1536.jpeg 2048w, https:\/\/www.spaness.de\/blog\/wp-content\/uploads\/IMG_4682-407x305.jpeg 407w\" sizes=\"auto, (max-width: 1024px) 100vw, 1024px\" \/><\/figure>\n\n\n\n<h4 class=\"wp-block-heading\">Aussicht vom Hochheideturm<\/h4>\n\n\n\n<p>Oben auf dem <strong>Plateau des Ettelsberges<\/strong> angekommen bieten sich <strong>verschiedene Wanderoptionen<\/strong> an. Doch bevor wir unsere Tour starten, soll der <strong>Hochheideturm<\/strong> erobert werden. Die <strong>Aussichtsplattform<\/strong> ist <em>62 Meter hoch<\/em>. Somit betr\u00e4gt die <strong>Gesamth\u00f6he rund 875 Meter<\/strong>. Damit gilt der Turm als <strong>h\u00f6chster Aussichtspunkt in Nord-West-Deutschland<\/strong>. Der Blick ist wirklich einmalig sch\u00f6n. Fifty Shades of green werden schlie\u00dflich zu blau mit wei\u00dfen Tupfen. Am Horizont scheinen Himmel, Wolken und H\u00fcgel in einer malerischen Komposition zu verschmelzen. Beim Anblick kommt mir kurz ein m\u00e4rchenhafter Gedanke in den Sinn: \u201eHinter den sieben Bergen, bei den sieben Zwergen\u201c. Passend dazu weisen Aussichtstafeln auf sehnsuchtsvolle St\u00e4dte wie Paris, San Francisco, New York und London hin. Die Entfernung nach Paris betr\u00e4gt beispielsweise schlappe 524 Kilometer, w\u00e4hrend es bis nach San Francisco von hier aus \u00fcber 9.000 Kilometer sind.<\/p>\n\n\n\n<p class=\"has-cyan-bluish-gray-background-color has-background\"><strong>Gut zu wissen: <\/strong>Mit einem Fahrticket der Ettelsbergbahn ist der Zutritt zur Aussichtsplattform kostenfrei. Entweder nutzt ihr zum Aufstieg die 241 Stufen im Treppenhaus oder w\u00e4hlt den komfortablen Fahrstuhl.<\/p>\n\n\n\n<figure class=\"wp-block-image img-responsive\"><img loading=\"lazy\" decoding=\"async\" width=\"1024\" height=\"768\" src=\"https:\/\/www.spaness.de\/blog\/wp-content\/uploads\/IMG_4705-1024x768.jpeg\" alt=\"Willingen Sehenswuerdigkeiten Hochheideturm\" class=\"img-responsive wp-image-53135\" srcset=\"https:\/\/www.spaness.de\/blog\/wp-content\/uploads\/IMG_4705-1024x768.jpeg 1024w, https:\/\/www.spaness.de\/blog\/wp-content\/uploads\/IMG_4705-300x225.jpeg 300w, https:\/\/www.spaness.de\/blog\/wp-content\/uploads\/IMG_4705-1536x1152.jpeg 1536w, https:\/\/www.spaness.de\/blog\/wp-content\/uploads\/IMG_4705-2048x1536.jpeg 2048w, https:\/\/www.spaness.de\/blog\/wp-content\/uploads\/IMG_4705-407x305.jpeg 407w\" sizes=\"auto, (max-width: 1024px) 100vw, 1024px\" \/><\/figure>\n\n\n\n<h4 class=\"wp-block-heading\">Kyrill auf den Spuren<\/h4>\n\n\n\n<p>Wer ist eigentlich dieser Kyrill? Kyrill war ein Orkan, der als <strong>Naturgewalt <\/strong>am 18. und 19. Januar 2007 durch Europa fegte. Dabei erreichte er Windgeschwindigkeiten von bis zu 225 Kilometer pro Stunde. Alles, was ihm im Wege stand, hat der Sturm mitgenommen, so auch <strong>gro\u00dfe Teile des Waldes<\/strong> auf dem \u00fcber 800 Meter hohen Ettelsberg in Willingen. <\/p>\n\n\n\n<p>Um die <strong>Folgen dieses urgewaltigen Sturms<\/strong> deutlich sichtbar zu machen, wurde ein Lehrpfad angelegt. Er verl\u00e4uft \u00fcber ein ca. ein Hektar gro\u00dfes Areal nur wenige Schritte vom Hochheideturm entfernt. Seit dem Sturm wurde in diesem Gebiet nichts ver\u00e4ndert. <strong>Kyrill hat die Landschaft gepr\u00e4gt<\/strong> und die Natur entscheidet, wie sich das landschaftliche Bild jetzt und in Zukunft neu gestaltet und ver\u00e4ndert. Der Prozess setzt sich fort. Entwurzelte Baumst\u00e4mme und Rinden bilden neuen Lebensraum, es riecht nach Erde und Pilzen. L\u00e4ngst wachsen Fichten, B\u00fcsche und Kr\u00e4uter in die H\u00f6he und der neu entstandene Wald gibt der zarten Vegetation Schutz.<\/p>\n\n\n\n<p>Der <strong>naturbelassende Pfad<\/strong> bietet auf einer <strong>Gesamtl\u00e4nge von ungef\u00e4hr 500 Metern<\/strong> spannende und informative Einblicke.<\/p>\n\n\n\n<p class=\"has-very-light-gray-to-cyan-bluish-gray-gradient-background has-background\"><strong>Gut zu wissen:<\/strong> Jeder von uns kennt wohl diesen einpr\u00e4gsamen Waldgeruch, der besonders intensiv ist nach einem Regen. Wenn sich der Duft aus Laub, Erde, Rinde und Pilzen mit der Feuchtigkeit vermischt. Dieses intensive Dufterlebnis wird \u201ePetrichor\u201c genannt. \u00dcbersetzt hei\u00dft das wohl so viel wie \u201eG\u00f6tterblut der Steine\u201c.<\/p>\n\n\n\n<figure class=\"wp-block-image img-responsive\"><img loading=\"lazy\" decoding=\"async\" width=\"1024\" height=\"768\" src=\"https:\/\/www.spaness.de\/blog\/wp-content\/uploads\/IMG_4706-1024x768.jpeg\" alt=\"Kyrillpfad Willingen Sehenswuerdigkeiten\" class=\"img-responsive wp-image-53137\" srcset=\"https:\/\/www.spaness.de\/blog\/wp-content\/uploads\/IMG_4706-1024x768.jpeg 1024w, https:\/\/www.spaness.de\/blog\/wp-content\/uploads\/IMG_4706-300x225.jpeg 300w, https:\/\/www.spaness.de\/blog\/wp-content\/uploads\/IMG_4706-1536x1152.jpeg 1536w, https:\/\/www.spaness.de\/blog\/wp-content\/uploads\/IMG_4706-2048x1536.jpeg 2048w, https:\/\/www.spaness.de\/blog\/wp-content\/uploads\/IMG_4706-407x305.jpeg 407w\" sizes=\"auto, (max-width: 1024px) 100vw, 1024px\" \/><\/figure>\n\n\n\n<h4 class=\"wp-block-heading\">Willingen Sehensw\u00fcrdigkeiten: Adlerhorst auf der M\u00fchlenkopfschanze<\/h4>\n\n\n\n<p>\u00dcber <strong>beschauliche Wanderwege<\/strong> durch Wald und Wiesen erreichen wir schlie\u00dflich die gr\u00f6\u00dfte Gro\u00dfschanze der Welt. Sie misst <em>147 Meter Bergh\u00f6he <\/em>und einem Schanzenrekord von sage und schreibe 153 Metern. Schon vom Fu\u00dfe der Schanze ist der <strong>Ausblick sagenhaft<\/strong>. Doch wir wagen die Auffahrt, um zu erleben, welchen Anblick die besten Skispringer der Welt von ganz oben genie\u00dfen d\u00fcrfen, bevor sie den Absprung wagen. <\/p>\n\n\n\n<p>Oben angekommen merke ich, wie ein leicht mulmiges Gef\u00fchl in der Magengegend aufsteigt, als ich aus dem <strong>Adlerhorst<\/strong> in die Tiefe blicke. Seelisch bereite ich mich dadurch bereits auf meine n\u00e4chste Adrenalin-Wellness-Nummer vor.<\/p>\n\n\n\n<figure class=\"wp-block-image img-responsive\"><img loading=\"lazy\" decoding=\"async\" width=\"1024\" height=\"768\" src=\"https:\/\/www.spaness.de\/blog\/wp-content\/uploads\/IMG_4735-1024x768.jpeg\" alt=\"Aussicht aus dem Adlerhorst Willingen Muehlenkopfschanze\" class=\"img-responsive wp-image-53139\" srcset=\"https:\/\/www.spaness.de\/blog\/wp-content\/uploads\/IMG_4735-1024x768.jpeg 1024w, https:\/\/www.spaness.de\/blog\/wp-content\/uploads\/IMG_4735-300x225.jpeg 300w, https:\/\/www.spaness.de\/blog\/wp-content\/uploads\/IMG_4735-1536x1152.jpeg 1536w, https:\/\/www.spaness.de\/blog\/wp-content\/uploads\/IMG_4735-2048x1536.jpeg 2048w, https:\/\/www.spaness.de\/blog\/wp-content\/uploads\/IMG_4735-407x305.jpeg 407w\" sizes=\"auto, (max-width: 1024px) 100vw, 1024px\" \/><\/figure>\n\n\n\n<h4 class=\"wp-block-heading\">Top Sehenw\u00fcrdigkeit: Willingen Skywalk <\/h4>\n\n\n\n<p>Um unseren <strong>Wanderweg<\/strong> fortzusetzen, m\u00fcssen wir <strong>von der M\u00fchlenkopfschanze auf die andere Bergseite <\/strong>gelangen. Der k\u00fcrzeste Weg f\u00fchrt \u00fcber den <strong>665 Meter langen Skywalk Willingen<\/strong>. <\/p>\n\n\n\n<p>Das neue <strong>Highlight in Willingen<\/strong> gilt nicht nur als <strong>l\u00e4ngste H\u00e4ngebr\u00fccke Deutschlands<\/strong> sondern auch als l\u00e4ngste frei schwingende H\u00e4ngebr\u00fccke der Welt. Sie ist 120 Tonnen schwer und die Bauzeit betrug ein Jahr. Er\u00f6ffnet wurde das Meisterwerk der Ingenieurskunst offiziell am 1. Juli 2023. Seitdem spazieren t\u00e4glich mehrere hundert Menschen \u00fcber die an der h\u00f6chsten Stelle <strong>100 Meter hohe Br\u00fccke<\/strong>. <\/p>\n\n\n\n<h5 class=\"wp-block-heading\">Adrenalinwellness in schwindelerregender H\u00f6he<\/h5>\n\n\n\n<p>Ein wenig nerv\u00f6s betrete ich die Br\u00fccke und merke, wie sie unter den Schritten der Menschen leicht schwingt. Passieren kann einem nat\u00fcrlich nichts, da der Gehweg der Br\u00fccke gut abgesichert ist und sie bei zu starkem Wind gesperrt wird. Trotzdem schwingt neben der Br\u00fccke auch wieder ein mulmiges Gef\u00fchl in der Magengegend mit, im Wechsel mit der <strong>Begeisterung f\u00fcr diese fabelhafte Aussicht<\/strong>. Das mulmige Gef\u00fchl weicht aber umgehend, als ich schlie\u00dflich freudestrahlend und adrenalingeladen auf der anderen Seite der Br\u00fccke ankomme.<\/p>\n\n\n\n<p class=\"has-very-light-gray-to-cyan-bluish-gray-gradient-background has-background\"><strong>Gut zu wissen: <\/strong>Die Br\u00fccke ist t\u00e4glich ab 9 Uhr bis zum Einbruch der D\u00e4mmerung zum \u00dcbergang ge\u00f6ffnet. Der \u00dcbergang kostet 11 Euro pro Person. Kinder zahlen weniger.<\/p>\n\n\n\n<figure class=\"wp-block-image img-responsive\"><img loading=\"lazy\" decoding=\"async\" width=\"1024\" height=\"768\" src=\"https:\/\/www.spaness.de\/blog\/wp-content\/uploads\/IMG_4742-1024x768.jpeg\" alt=\"Aussicht vom Skywalk Willingen\" class=\"img-responsive wp-image-53141\" srcset=\"https:\/\/www.spaness.de\/blog\/wp-content\/uploads\/IMG_4742-1024x768.jpeg 1024w, https:\/\/www.spaness.de\/blog\/wp-content\/uploads\/IMG_4742-300x225.jpeg 300w, https:\/\/www.spaness.de\/blog\/wp-content\/uploads\/IMG_4742-1536x1152.jpeg 1536w, https:\/\/www.spaness.de\/blog\/wp-content\/uploads\/IMG_4742-2048x1536.jpeg 2048w, https:\/\/www.spaness.de\/blog\/wp-content\/uploads\/IMG_4742-407x305.jpeg 407w\" sizes=\"auto, (max-width: 1024px) 100vw, 1024px\" \/><\/figure>\n\n\n\n<figure class=\"wp-block-gallery has-nested-images columns-default is-cropped wp-block-gallery-3 is-layout-flex wp-block-gallery-is-layout-flex\">\n<figure class=\"wp-block-image img-responsive\"><img loading=\"lazy\" decoding=\"async\" width=\"768\" height=\"1024\" data-id=\"53189\" src=\"https:\/\/www.spaness.de\/blog\/wp-content\/uploads\/3f5f9220-0e99-45ee-8e2e-c993746b3a55-768x1024.jpeg\" alt=\"Skywalk Willingen Sehenswuerdigkeiten\" class=\"img-responsive wp-image-53189\" srcset=\"https:\/\/www.spaness.de\/blog\/wp-content\/uploads\/3f5f9220-0e99-45ee-8e2e-c993746b3a55-768x1024.jpeg 768w, https:\/\/www.spaness.de\/blog\/wp-content\/uploads\/3f5f9220-0e99-45ee-8e2e-c993746b3a55-225x300.jpeg 225w, https:\/\/www.spaness.de\/blog\/wp-content\/uploads\/3f5f9220-0e99-45ee-8e2e-c993746b3a55-1152x1536.jpeg 1152w, https:\/\/www.spaness.de\/blog\/wp-content\/uploads\/3f5f9220-0e99-45ee-8e2e-c993746b3a55.jpeg 1536w\" sizes=\"auto, (max-width: 768px) 100vw, 768px\" \/><\/figure>\n\n\n\n<figure class=\"wp-block-image img-responsive\"><img loading=\"lazy\" decoding=\"async\" width=\"768\" height=\"1024\" data-id=\"53192\" src=\"https:\/\/www.spaness.de\/blog\/wp-content\/uploads\/IMG_4740-768x1024.jpeg\" alt=\"Willingen Sehenswuerdigkeiten\" class=\"img-responsive wp-image-53192\" srcset=\"https:\/\/www.spaness.de\/blog\/wp-content\/uploads\/IMG_4740-768x1024.jpeg 768w, https:\/\/www.spaness.de\/blog\/wp-content\/uploads\/IMG_4740-225x300.jpeg 225w, https:\/\/www.spaness.de\/blog\/wp-content\/uploads\/IMG_4740-1152x1536.jpeg 1152w, https:\/\/www.spaness.de\/blog\/wp-content\/uploads\/IMG_4740-1536x2048.jpeg 1536w, https:\/\/www.spaness.de\/blog\/wp-content\/uploads\/IMG_4740-scaled.jpeg 1920w\" sizes=\"auto, (max-width: 768px) 100vw, 768px\" \/><\/figure>\n\n\n\n<figure class=\"wp-block-image img-responsive\"><img loading=\"lazy\" decoding=\"async\" width=\"768\" height=\"1024\" data-id=\"53190\" src=\"https:\/\/www.spaness.de\/blog\/wp-content\/uploads\/7960f036-d2cd-4c67-98fb-054ea25e5cf0-768x1024.jpeg\" alt=\"Willingen Skywalk\" class=\"img-responsive wp-image-53190\" srcset=\"https:\/\/www.spaness.de\/blog\/wp-content\/uploads\/7960f036-d2cd-4c67-98fb-054ea25e5cf0-768x1024.jpeg 768w, https:\/\/www.spaness.de\/blog\/wp-content\/uploads\/7960f036-d2cd-4c67-98fb-054ea25e5cf0-225x300.jpeg 225w, https:\/\/www.spaness.de\/blog\/wp-content\/uploads\/7960f036-d2cd-4c67-98fb-054ea25e5cf0-1152x1536.jpeg 1152w, https:\/\/www.spaness.de\/blog\/wp-content\/uploads\/7960f036-d2cd-4c67-98fb-054ea25e5cf0.jpeg 1536w\" sizes=\"auto, (max-width: 768px) 100vw, 768px\" \/><\/figure>\n<\/figure>\n\n\n\n<h4 class=\"wp-block-heading\">Pause auf der H\u00fctte<\/h4>\n\n\n\n<p>Die <strong>letzte Etappe unserer Wanderung <\/strong>l\u00e4sst uns noch einmal in den Wald abtauchen. Es duftet nach Holz und unter unseren Wanderschuhen knirschen kleine Steine. Ich h\u00f6re einen Specht in der Ferne klopfen. Wir folgen dem <strong>Uplandsteig in Richtung Diemelquelle<\/strong>, tauchen aus dem Wald auf und stehen pl\u00f6tzlich am Rande einer <strong>bl\u00fchenden Freifl\u00e4che<\/strong>. Mitten hindurch verl\u00e4uft ein <strong>kleiner Trampelpfad<\/strong>, der direkt an der <strong>Graf Stolberg H\u00fctte<\/strong> endet.<\/p>\n\n\n\n<p>Der <strong>Graf Stolberg H\u00fctte<\/strong> eilt ein guter Ruf voraus. Es hei\u00dft, die <strong>gem\u00fctliche Wanderh\u00fctte<\/strong> liegt an einem der <strong>sch\u00f6nsten Aussichtspl\u00e4tze im Sauerland<\/strong>. Serviert wird eine <strong>typische sauerl\u00e4ndische K\u00fcche<\/strong> mit vielen regionalen Produkten zum Teil in Bio-Qualit\u00e4t. Ich entscheide mich f\u00fcr eine z\u00fcnftige Brotzeit mit <strong>K\u00e4se und Buttermilch aus der Uplander Bauernmolkerei<\/strong>. Obendrauf genie\u00dfe ich noch eine Rhabarbersaft-Schorle.<\/p>\n\n\n\n<figure class=\"wp-block-image img-responsive\"><img loading=\"lazy\" decoding=\"async\" width=\"1024\" height=\"768\" src=\"https:\/\/www.spaness.de\/blog\/wp-content\/uploads\/IMG_4754-1024x768.jpeg\" alt=\"Aussicht Graf Stolberg Huette\" class=\"img-responsive wp-image-53150\" srcset=\"https:\/\/www.spaness.de\/blog\/wp-content\/uploads\/IMG_4754-1024x768.jpeg 1024w, https:\/\/www.spaness.de\/blog\/wp-content\/uploads\/IMG_4754-300x225.jpeg 300w, https:\/\/www.spaness.de\/blog\/wp-content\/uploads\/IMG_4754-1536x1152.jpeg 1536w, https:\/\/www.spaness.de\/blog\/wp-content\/uploads\/IMG_4754-2048x1536.jpeg 2048w, https:\/\/www.spaness.de\/blog\/wp-content\/uploads\/IMG_4754-407x305.jpeg 407w\" sizes=\"auto, (max-width: 1024px) 100vw, 1024px\" \/><\/figure>\n\n\n\n<figure class=\"wp-block-gallery has-nested-images columns-default is-cropped wp-block-gallery-4 is-layout-flex wp-block-gallery-is-layout-flex\">\n<figure class=\"wp-block-image img-responsive\"><img loading=\"lazy\" decoding=\"async\" width=\"768\" height=\"1024\" data-id=\"53147\" src=\"https:\/\/www.spaness.de\/blog\/wp-content\/uploads\/IMG_4753-768x1024.jpeg\" alt=\"Wandern Willingen\" class=\"img-responsive wp-image-53147\" srcset=\"https:\/\/www.spaness.de\/blog\/wp-content\/uploads\/IMG_4753-768x1024.jpeg 768w, https:\/\/www.spaness.de\/blog\/wp-content\/uploads\/IMG_4753-225x300.jpeg 225w, https:\/\/www.spaness.de\/blog\/wp-content\/uploads\/IMG_4753-1152x1536.jpeg 1152w, https:\/\/www.spaness.de\/blog\/wp-content\/uploads\/IMG_4753-1536x2048.jpeg 1536w, https:\/\/www.spaness.de\/blog\/wp-content\/uploads\/IMG_4753-scaled.jpeg 1920w\" sizes=\"auto, (max-width: 768px) 100vw, 768px\" \/><\/figure>\n\n\n\n<figure class=\"wp-block-image img-responsive\"><img loading=\"lazy\" decoding=\"async\" width=\"768\" height=\"1024\" data-id=\"53148\" src=\"https:\/\/www.spaness.de\/blog\/wp-content\/uploads\/IMG_4768-768x1024.jpeg\" alt=\"Wanderweg Willingen Sehenswuerdigkeiten\" class=\"img-responsive wp-image-53148\" srcset=\"https:\/\/www.spaness.de\/blog\/wp-content\/uploads\/IMG_4768-768x1024.jpeg 768w, https:\/\/www.spaness.de\/blog\/wp-content\/uploads\/IMG_4768-225x300.jpeg 225w, https:\/\/www.spaness.de\/blog\/wp-content\/uploads\/IMG_4768-1152x1536.jpeg 1152w, https:\/\/www.spaness.de\/blog\/wp-content\/uploads\/IMG_4768-1536x2048.jpeg 1536w, https:\/\/www.spaness.de\/blog\/wp-content\/uploads\/IMG_4768-scaled.jpeg 1920w\" sizes=\"auto, (max-width: 768px) 100vw, 768px\" \/><\/figure>\n\n\n\n<figure class=\"wp-block-image img-responsive\"><img loading=\"lazy\" decoding=\"async\" width=\"768\" height=\"1024\" data-id=\"53146\" src=\"https:\/\/www.spaness.de\/blog\/wp-content\/uploads\/IMG_4766-768x1024.jpeg\" alt=\"Brotzeit Graf Stolberg Huette\" class=\"img-responsive wp-image-53146\" srcset=\"https:\/\/www.spaness.de\/blog\/wp-content\/uploads\/IMG_4766-768x1024.jpeg 768w, https:\/\/www.spaness.de\/blog\/wp-content\/uploads\/IMG_4766-225x300.jpeg 225w, https:\/\/www.spaness.de\/blog\/wp-content\/uploads\/IMG_4766-1152x1536.jpeg 1152w, https:\/\/www.spaness.de\/blog\/wp-content\/uploads\/IMG_4766-1536x2048.jpeg 1536w, https:\/\/www.spaness.de\/blog\/wp-content\/uploads\/IMG_4766-scaled.jpeg 1920w\" sizes=\"auto, (max-width: 768px) 100vw, 768px\" \/><\/figure>\n<\/figure>\n\n\n\n<h4 class=\"wp-block-heading\">Willingen Sehensw\u00fcrdigkeiten: An der Diemelquelle<\/h4>\n\n\n\n<p>Gut gest\u00e4rkt f\u00fchrt unser Weg weiter zur <strong>Diemelquelle<\/strong>. Sie liegt nur wenige Schritte von der Graf Stolberg H\u00fctte entfernt. Als <strong>nat\u00fcrliches Wassertretbecken<\/strong> l\u00e4dt der quirlig sprudelnde Bachlauf an der Quelle die wanderm\u00fcden F\u00fc\u00dfe zu einer <strong>naturnahen Kneippanwendung<\/strong> ein. Das pl\u00e4tschernde Wasser glitzert in der Sonne und der Anblick l\u00e4sst uns eine Weile vertr\u00e4umt verweilen. Wer mag, folgt ab der Diemelquelle dem <strong>sieben Kilometer langen Rundweg<\/strong>.<\/p>\n\n\n\n<p class=\"has-very-light-gray-to-cyan-bluish-gray-gradient-background has-background\"><strong>Gut zu wissen: <\/strong>Die Diemelquelle ist auch Startpunkt des 112 Kilometer langen Diemel-Radweges. Die mit 5 Sternen ausgezeichnete Qualit\u00e4tsradroute startet in Willingen-Usseln und verl\u00e4uft bis nach <a href=\"https:\/\/www.spaness.de\/blog\/bad-karlshafen-sehenswuerdigkeiten\/\" target=\"_blank\" rel=\"noreferrer noopener\">Bad Karlshafen<\/a>. Der Diemelradweg wurde 2023 als einer der exzellentesten Qualit\u00e4tsradwege in Deutschland ausgezeichnet.<\/p>\n\n\n\n<figure class=\"wp-block-image img-responsive\"><img loading=\"lazy\" decoding=\"async\" width=\"1024\" height=\"768\" src=\"https:\/\/www.spaness.de\/blog\/wp-content\/uploads\/IMG_4771-1024x768.jpeg\" alt=\"Diemelradweg Willingen\" class=\"img-responsive wp-image-53153\" srcset=\"https:\/\/www.spaness.de\/blog\/wp-content\/uploads\/IMG_4771-1024x768.jpeg 1024w, https:\/\/www.spaness.de\/blog\/wp-content\/uploads\/IMG_4771-300x225.jpeg 300w, https:\/\/www.spaness.de\/blog\/wp-content\/uploads\/IMG_4771-1536x1152.jpeg 1536w, https:\/\/www.spaness.de\/blog\/wp-content\/uploads\/IMG_4771-2048x1536.jpeg 2048w, https:\/\/www.spaness.de\/blog\/wp-content\/uploads\/IMG_4771-407x305.jpeg 407w\" sizes=\"auto, (max-width: 1024px) 100vw, 1024px\" \/><\/figure>\n\n\n\n<figure class=\"wp-block-gallery has-nested-images columns-default is-cropped wp-block-gallery-5 is-layout-flex wp-block-gallery-is-layout-flex\">\n<figure class=\"wp-block-image img-responsive\"><img loading=\"lazy\" decoding=\"async\" width=\"768\" height=\"1024\" data-id=\"53154\" src=\"https:\/\/www.spaness.de\/blog\/wp-content\/uploads\/IMG_4776-768x1024.jpeg\" alt=\"Diemelquelle Willingen Sehenswuerdigkeiten\" class=\"img-responsive wp-image-53154\" srcset=\"https:\/\/www.spaness.de\/blog\/wp-content\/uploads\/IMG_4776-768x1024.jpeg 768w, https:\/\/www.spaness.de\/blog\/wp-content\/uploads\/IMG_4776-225x300.jpeg 225w, https:\/\/www.spaness.de\/blog\/wp-content\/uploads\/IMG_4776-1152x1536.jpeg 1152w, https:\/\/www.spaness.de\/blog\/wp-content\/uploads\/IMG_4776-1536x2048.jpeg 1536w, https:\/\/www.spaness.de\/blog\/wp-content\/uploads\/IMG_4776-scaled.jpeg 1920w\" sizes=\"auto, (max-width: 768px) 100vw, 768px\" \/><\/figure>\n\n\n\n<figure class=\"wp-block-image img-responsive\"><img loading=\"lazy\" decoding=\"async\" width=\"768\" height=\"1024\" data-id=\"53156\" src=\"https:\/\/www.spaness.de\/blog\/wp-content\/uploads\/IMG_4773-768x1024.jpeg\" alt=\"Willingen Wanderwege\" class=\"img-responsive wp-image-53156\" srcset=\"https:\/\/www.spaness.de\/blog\/wp-content\/uploads\/IMG_4773-768x1024.jpeg 768w, https:\/\/www.spaness.de\/blog\/wp-content\/uploads\/IMG_4773-225x300.jpeg 225w, https:\/\/www.spaness.de\/blog\/wp-content\/uploads\/IMG_4773-1152x1536.jpeg 1152w, https:\/\/www.spaness.de\/blog\/wp-content\/uploads\/IMG_4773-1536x2048.jpeg 1536w, https:\/\/www.spaness.de\/blog\/wp-content\/uploads\/IMG_4773-scaled.jpeg 1920w\" sizes=\"auto, (max-width: 768px) 100vw, 768px\" \/><\/figure>\n\n\n\n<figure class=\"wp-block-image img-responsive\"><img loading=\"lazy\" decoding=\"async\" width=\"768\" height=\"1024\" data-id=\"53157\" src=\"https:\/\/www.spaness.de\/blog\/wp-content\/uploads\/IMG_4774-768x1024.jpeg\" alt=\"Rundwanderweg Diemelquelle\" class=\"img-responsive wp-image-53157\" srcset=\"https:\/\/www.spaness.de\/blog\/wp-content\/uploads\/IMG_4774-768x1024.jpeg 768w, https:\/\/www.spaness.de\/blog\/wp-content\/uploads\/IMG_4774-225x300.jpeg 225w, https:\/\/www.spaness.de\/blog\/wp-content\/uploads\/IMG_4774-1152x1536.jpeg 1152w, https:\/\/www.spaness.de\/blog\/wp-content\/uploads\/IMG_4774-1536x2048.jpeg 1536w, https:\/\/www.spaness.de\/blog\/wp-content\/uploads\/IMG_4774-scaled.jpeg 1920w\" sizes=\"auto, (max-width: 768px) 100vw, 768px\" \/><\/figure>\n<\/figure>\n\n\n\n<h4 class=\"wp-block-heading\">Im Bergwerk<\/h4>\n\n\n\n<p>Die letzte <strong>\u00fcberraschende Entdeckungsreise<\/strong> bei meinem Besuch in Willingen f\u00fchrt mich in die Unterwelt. Wir steigen hinab in das <strong>Schieferbergwerk Grube Christine<\/strong>. Mit Ende des Schieferabbaus 1971 wurde der Stollen f\u00fcr regelm\u00e4\u00dfige F\u00fchrungen und Besichtigungen ge\u00f6ffnet. Die Temperatur im Bergwerk betr\u00e4gt ganzj\u00e4hrig konstant 8\u00b0 Grad. Wer den Weg in die Unterwelt wagt, erf\u00e4hrt viel \u00fcber die Entstehung und den Abbau von Schiefer. Doch die Grube Christine birgt noch ein paar weitere sehr spannende Geheimnisse.<\/p>\n\n\n\n<h5 class=\"wp-block-heading\">H\u00f6hlentauchen im Bergwerk<\/h5>\n\n\n\n<p>So ist es m\u00f6glich in den <strong>gefluteten Stollen<\/strong> zu tauchen. Im Scheinwerferlicht entdecken <strong>H\u00f6hlentaucher <\/strong>auf einer Strecke von etwas mehr als einem Kilometer Schuhe, Flaschen, Werkzeug, Schienen, Loren und Kleidung.<\/p>\n\n\n\n<figure class=\"wp-block-image img-responsive\"><img loading=\"lazy\" decoding=\"async\" width=\"1024\" height=\"768\" src=\"https:\/\/www.spaness.de\/blog\/wp-content\/uploads\/IMG_4833-1024x768.jpeg\" alt=\"Willingen Sehenswuerdigkeiten Schieferbergwerk Grube Christine\" class=\"img-responsive wp-image-53159\" srcset=\"https:\/\/www.spaness.de\/blog\/wp-content\/uploads\/IMG_4833-1024x768.jpeg 1024w, https:\/\/www.spaness.de\/blog\/wp-content\/uploads\/IMG_4833-300x225.jpeg 300w, https:\/\/www.spaness.de\/blog\/wp-content\/uploads\/IMG_4833-1536x1152.jpeg 1536w, https:\/\/www.spaness.de\/blog\/wp-content\/uploads\/IMG_4833-2048x1536.jpeg 2048w, https:\/\/www.spaness.de\/blog\/wp-content\/uploads\/IMG_4833-407x305.jpeg 407w\" sizes=\"auto, (max-width: 1024px) 100vw, 1024px\" \/><\/figure>\n\n\n\n<h5 class=\"wp-block-heading\">Stollen aus dem Stollen<\/h5>\n\n\n\n<p>Bei unserem Rundgang ist uns noch eine weitere Besonderheit ist Auge gestochen. Ein mit Plane \u00fcberzogenes Regal hat unsere Aufmerksamkeit erregt. Auf Nachfrage wurde uns verraten, dass unter der Plane eine <strong>echte K\u00f6stlichkeit<\/strong> reift. B\u00e4ckermeister Wolfgang von der Heide backt einen<strong> Stollen mit den besten Zutaten<\/strong>. Danach wandert das pr\u00e4mierte Backwerk in die Grube, um einen einzigartigen saftig-w\u00fcrzigen Geschmack zu entfalten.<\/p>\n\n\n\n<figure class=\"wp-block-image img-responsive\"><img loading=\"lazy\" decoding=\"async\" width=\"1024\" height=\"768\" src=\"https:\/\/www.spaness.de\/blog\/wp-content\/uploads\/IMG_4831-1024x768.jpeg\" alt=\"Bergwerk Willingen Sehenswuerdigkeiten\" class=\"img-responsive wp-image-53160\" srcset=\"https:\/\/www.spaness.de\/blog\/wp-content\/uploads\/IMG_4831-1024x768.jpeg 1024w, https:\/\/www.spaness.de\/blog\/wp-content\/uploads\/IMG_4831-300x225.jpeg 300w, https:\/\/www.spaness.de\/blog\/wp-content\/uploads\/IMG_4831-1536x1152.jpeg 1536w, https:\/\/www.spaness.de\/blog\/wp-content\/uploads\/IMG_4831-2048x1536.jpeg 2048w, https:\/\/www.spaness.de\/blog\/wp-content\/uploads\/IMG_4831-407x305.jpeg 407w\" sizes=\"auto, (max-width: 1024px) 100vw, 1024px\" \/><\/figure>\n\n\n\n<figure class=\"wp-block-gallery has-nested-images columns-default is-cropped wp-block-gallery-6 is-layout-flex wp-block-gallery-is-layout-flex\">\n<figure class=\"wp-block-image img-responsive\"><img loading=\"lazy\" decoding=\"async\" width=\"768\" height=\"1024\" data-id=\"53164\" src=\"https:\/\/www.spaness.de\/blog\/wp-content\/uploads\/IMG_4836-768x1024.jpeg\" alt=\"Stollen im Stollen Willingen\" class=\"img-responsive wp-image-53164\" srcset=\"https:\/\/www.spaness.de\/blog\/wp-content\/uploads\/IMG_4836-768x1024.jpeg 768w, https:\/\/www.spaness.de\/blog\/wp-content\/uploads\/IMG_4836-225x300.jpeg 225w, https:\/\/www.spaness.de\/blog\/wp-content\/uploads\/IMG_4836-1152x1536.jpeg 1152w, https:\/\/www.spaness.de\/blog\/wp-content\/uploads\/IMG_4836-1536x2048.jpeg 1536w, https:\/\/www.spaness.de\/blog\/wp-content\/uploads\/IMG_4836-scaled.jpeg 1920w\" sizes=\"auto, (max-width: 768px) 100vw, 768px\" \/><\/figure>\n\n\n\n<figure class=\"wp-block-image img-responsive\"><img loading=\"lazy\" decoding=\"async\" width=\"768\" height=\"1024\" data-id=\"53165\" src=\"https:\/\/www.spaness.de\/blog\/wp-content\/uploads\/IMG_4827-768x1024.jpeg\" alt=\"Grube Christine Willingen Sehenswuerdigkeiten\" class=\"img-responsive wp-image-53165\" srcset=\"https:\/\/www.spaness.de\/blog\/wp-content\/uploads\/IMG_4827-768x1024.jpeg 768w, https:\/\/www.spaness.de\/blog\/wp-content\/uploads\/IMG_4827-225x300.jpeg 225w, https:\/\/www.spaness.de\/blog\/wp-content\/uploads\/IMG_4827-1152x1536.jpeg 1152w, https:\/\/www.spaness.de\/blog\/wp-content\/uploads\/IMG_4827-1536x2048.jpeg 1536w, https:\/\/www.spaness.de\/blog\/wp-content\/uploads\/IMG_4827-scaled.jpeg 1920w\" sizes=\"auto, (max-width: 768px) 100vw, 768px\" \/><\/figure>\n\n\n\n<figure class=\"wp-block-image img-responsive\"><img loading=\"lazy\" decoding=\"async\" width=\"768\" height=\"1024\" data-id=\"53163\" src=\"https:\/\/www.spaness.de\/blog\/wp-content\/uploads\/IMG_4823-768x1024.jpeg\" alt=\"Bergwerk Willingen Sehenswuerdigkeiten\" class=\"img-responsive wp-image-53163\" srcset=\"https:\/\/www.spaness.de\/blog\/wp-content\/uploads\/IMG_4823-768x1024.jpeg 768w, https:\/\/www.spaness.de\/blog\/wp-content\/uploads\/IMG_4823-225x300.jpeg 225w, https:\/\/www.spaness.de\/blog\/wp-content\/uploads\/IMG_4823-1152x1536.jpeg 1152w, https:\/\/www.spaness.de\/blog\/wp-content\/uploads\/IMG_4823-1536x2048.jpeg 1536w, https:\/\/www.spaness.de\/blog\/wp-content\/uploads\/IMG_4823-scaled.jpeg 1920w\" sizes=\"auto, (max-width: 768px) 100vw, 768px\" \/><\/figure>\n<\/figure>\n\n\n\n<h5 class=\"wp-block-heading\">Meditation im Stollen<\/h5>\n\n\n\n<p>Unter fachkundiger Anleitung von Susanne M\u00fcller werden in der <strong>Grube Christine<\/strong> auch <strong>meditative Entspannungs-Auszeiten<\/strong> angeboten. Das Bergwerk bietet daf\u00fcr das ideale Umfeld. Dunkelheit und v\u00f6llige Stille umgeben uns und die Zeit scheint in der Unterwelt keine Bedeutung zu haben. Die klare, reine Luft l\u00e4sst uns kraftvoll durchatmen. Der <strong>Schieferstein schenkt uns Energie<\/strong> und der Berg bietet uns eine gewisse <strong>Geborgenheit<\/strong>. Eingemummelt in kuschelige Decken nehmen die Teilnehmer:innen auf Liegen Platz, lauschen den <strong>T\u00f6nen der Klangschale<\/strong> und entspannen 60 Minuten lang bei Meditation und Fantasiereisen.<\/p>\n\n\n\n<figure class=\"wp-block-image img-responsive\"><img loading=\"lazy\" decoding=\"async\" width=\"1024\" height=\"944\" src=\"https:\/\/www.spaness.de\/blog\/wp-content\/uploads\/IMG_4835-1-1024x944.jpeg\" alt=\"Meditieren im Stollen Willingen\" class=\"img-responsive wp-image-53161\" srcset=\"https:\/\/www.spaness.de\/blog\/wp-content\/uploads\/IMG_4835-1-1024x944.jpeg 1024w, https:\/\/www.spaness.de\/blog\/wp-content\/uploads\/IMG_4835-1-300x277.jpeg 300w, https:\/\/www.spaness.de\/blog\/wp-content\/uploads\/IMG_4835-1-1536x1417.jpeg 1536w, https:\/\/www.spaness.de\/blog\/wp-content\/uploads\/IMG_4835-1-2048x1889.jpeg 2048w\" sizes=\"auto, (max-width: 1024px) 100vw, 1024px\" \/><\/figure>\n\n\n\n<h3 class=\"wp-block-heading\">Warum du mal nach Willingen reisen solltest!<\/h3>\n\n\n\n<p>Willingen bietet ein sehr gro\u00dfes <strong>Freizeit- aber auch Auszeit- und Gesundheitsprogramm<\/strong>. Die <strong>Kombination aus Aktivit\u00e4t, Natur, Genuss und Wohlbefinden<\/strong> sorgt f\u00fcr abwechslungsreiche Angebote und M\u00f6glichkeiten und das ganz bestimmt auch f\u00fcr die ganze Familie. Diese <strong>Reise durch Willingen<\/strong> war nicht meine erste Reise, aber definitiv die intensivste Reise auf ganz neuen Spuren und sie hat mir sehr gut gefallen. Somit kann ich voller \u00dcberzeugung sagen \u201eWillingen, ich komme wieder\u201c\u2026 und bin gespannt, was du bei meinem n\u00e4chsten Besuch f\u00fcr mich bereith\u00e4ltst?!<\/p>\n\n\n\n<figure class=\"wp-block-image img-responsive\"><img loading=\"lazy\" decoding=\"async\" width=\"1024\" height=\"768\" src=\"https:\/\/www.spaness.de\/blog\/wp-content\/uploads\/IMG_4694-1024x768.jpeg\" alt=\"Wo ist Willingen?\" class=\"img-responsive wp-image-53194\" srcset=\"https:\/\/www.spaness.de\/blog\/wp-content\/uploads\/IMG_4694-1024x768.jpeg 1024w, https:\/\/www.spaness.de\/blog\/wp-content\/uploads\/IMG_4694-300x225.jpeg 300w, https:\/\/www.spaness.de\/blog\/wp-content\/uploads\/IMG_4694-1536x1152.jpeg 1536w, https:\/\/www.spaness.de\/blog\/wp-content\/uploads\/IMG_4694-2048x1536.jpeg 2048w, https:\/\/www.spaness.de\/blog\/wp-content\/uploads\/IMG_4694-407x305.jpeg 407w\" sizes=\"auto, (max-width: 1024px) 100vw, 1024px\" \/><\/figure>\n\n\n\n<h4 class=\"wp-block-heading\">Anreise &amp; Parken in Willingen<\/h4>\n\n\n\n<p>Willingen ist <strong>verkehrstechnisch gut angebunden<\/strong> und l\u00e4sst sich sowohl mit dem Auto als auch mit \u00f6ffentlichen Verkehrsmitteln komfortabel erreichen. Mit dem Auto f\u00e4hrst du \u00fcber die Autobahnen A44\/A49 ins Sauerland; geb\u00fchrenpflichtige und kostenfreie Parkpl\u00e4tze findest du zentral im Ort sowie rund um den Ettelsberg. <\/p>\n\n\n\n<p>Besonders praktisch zu empfehlen sind die <strong>ausgewiesenen Parkpl\u00e4tze am Ettelsberg<\/strong>. Ideal, wenn du den <strong>Hochheideturm<\/strong> und <strong>Skywalk<\/strong> besuchen m\u00f6chtest. An Wochenenden und in der Hochsaison empfehle ich eine fr\u00fche Anreise, da die besten P-Fl\u00e4chen schnell belegt sind.<\/p>\n\n\n\n<p>Die Anreise mit der Bahn ist eine entspannte Alternative: Willingen verf\u00fcgt \u00fcber einen Bahnhof mit Regionalverbindungen; von dort sind viele Highlights fu\u00dfl\u00e4ufig erreichbar oder mit kurzen Busverbindungen und Shuttles angebunden. Gerade an stark frequentierten Tagen lohnt sich die Kombination \u201eBahn + Seilbahn \/ Shuttle\u201c, denn so vermeidest du Parkplatzstress und steigerst deine Zeit vor Ort. F\u00fcr E-Autos sind auch bereits einige Lades\u00e4ulen im Ort vorhanden; ein kurzer Check \u00fcber Ladekarten-Apps vor der Abfahrt spart Zeit.<\/p>\n\n\n\n<p class=\"has-very-light-gray-to-cyan-bluish-gray-gradient-background has-background\"><strong>Praktische Tipps:<\/strong> Pr\u00fcfe vorab die Parkregelungen auf der offiziellen Willingen-Tourismusseite (aktuelle Geb\u00fchren\/\u00d6ffnungszeiten), parke gezielt an P-Pl\u00e4tzen mit guter Anbindung an Bus\/Seilbahn und nutze, wo m\u00f6glich, Park-&amp;-Ride-Optionen. Wenn du einen Tagestrip planst, kalkuliere zus\u00e4tzlich 15\u201330 Minuten f\u00fcr Wege, Tickets und Fotostopps \u2013 so bleibt der Tag entspannt und stressfrei.<\/p>\n\n\n\n<iframe loading=\"lazy\" src=\"https:\/\/www.google.com\/maps\/d\/embed?mid=1EvG0aHSEQi5Qiv6JQDi7ztokWnV1o2s&#038;ehbc=2E312F\" width=\"100%\" height=\"480\"><\/iframe>\n\n\n<div class=\"yoast-breadcrumbs\"><span><span><a href=\"https:\/\/www.spaness.de\/blog\/\">Home<\/a><\/span> &raquo; <span class=\"breadcrumb_last\" aria-current=\"page\">Willingen: Sehensw\u00fcrdigkeiten &#038; Seelenorte im Sauerland<\/span><\/span><\/div>\n\n\n<p><em>*Offenlegung: Ich wurde im Rahmen der Zusammenarbeit mit dem <a href=\"https:\/\/www.kurorte-in-hessen.de\/ort\/willingen-upland\" target=\"_blank\" rel=\"noreferrer noopener nofollow\" class=\"external\">Hessischen Heilb\u00e4derverband e.V. <\/a>zur Recherche nach <a href=\"https:\/\/www.willingen.de\" target=\"_blank\" rel=\"noreferrer noopener nofollow\" class=\"external\">Willingen<\/a> eingeladen. F\u00fcr meine Arbeit erhalte ich ein Honorar. In meinen Berichten lest ihr aber nat\u00fcrlich immer meine pers\u00f6nlichen Eindr\u00fccke \u2013 authentisch und ehrlich.<\/em><\/p>\n\n\n\n<p><\/p>\n","protected":false},"excerpt":{"rendered":"<p>Wir zeigen dir Willingen, wie du es bestimmt noch nicht kennst! Seelenorte, Top Sehensw\u00fcrdigkeiten und Natur pur erwarten dich<\/p>\n","protected":false},"author":2,"featured_media":53186,"comment_status":"open","ping_status":"open","sticky":false,"template":"","format":"standard","meta":{"footnotes":""},"categories":[230,4,221,264,13,14,15],"tags":[58,298,87,96,204,170],"class_list":["post-53092","post","type-post","status-publish","format-standard","has-post-thumbnail","hentry","category-10-reisetipps-fuer","category-gesundheit","category-hessen-reisen","category-nachhaltig-reisen-leben","category-urlaub","category-urlaub-in-deutschland","category-wellness","tag-gesundheitstourismus","tag-kurorte-in-deutschland","tag-naturtourismus","tag-reiseblogger","tag-spablogger","tag-wellnessurlaub"],"_links":{"self":[{"href":"https:\/\/www.spaness.de\/blog\/wp-json\/wp\/v2\/posts\/53092","targetHints":{"allow":["GET"]}}],"collection":[{"href":"https:\/\/www.spaness.de\/blog\/wp-json\/wp\/v2\/posts"}],"about":[{"href":"https:\/\/www.spaness.de\/blog\/wp-json\/wp\/v2\/types\/post"}],"author":[{"embeddable":true,"href":"https:\/\/www.spaness.de\/blog\/wp-json\/wp\/v2\/users\/2"}],"replies":[{"embeddable":true,"href":"https:\/\/www.spaness.de\/blog\/wp-json\/wp\/v2\/comments?post=53092"}],"version-history":[{"count":107,"href":"https:\/\/www.spaness.de\/blog\/wp-json\/wp\/v2\/posts\/53092\/revisions"}],"predecessor-version":[{"id":68401,"href":"https:\/\/www.spaness.de\/blog\/wp-json\/wp\/v2\/posts\/53092\/revisions\/68401"}],"wp:featuredmedia":[{"embeddable":true,"href":"https:\/\/www.spaness.de\/blog\/wp-json\/wp\/v2\/media\/53186"}],"wp:attachment":[{"href":"https:\/\/www.spaness.de\/blog\/wp-json\/wp\/v2\/media?parent=53092"}],"wp:term":[{"taxonomy":"category","embeddable":true,"href":"https:\/\/www.spaness.de\/blog\/wp-json\/wp\/v2\/categories?post=53092"},{"taxonomy":"post_tag","embeddable":true,"href":"https:\/\/www.spaness.de\/blog\/wp-json\/wp\/v2\/tags?post=53092"}],"curies":[{"name":"wp","href":"https:\/\/api.w.org\/{rel}","templated":true}]}}