{"id":5853,"date":"2012-07-24T19:58:29","date_gmt":"2012-07-24T18:58:29","guid":{"rendered":"http:\/\/www.spaness.de\/blog\/?p=5853"},"modified":"2021-01-25T16:04:34","modified_gmt":"2021-01-25T15:04:34","slug":"jakobsweg-oma-toppelreiter","status":"publish","type":"post","link":"https:\/\/www.spaness.de\/blog\/jakobsweg-oma-toppelreiter\/","title":{"rendered":"Nur wenn du etwas versuchst, wei\u00dft du, ob du es schaffst: 5 Fragen an die Pilgerin Oma Toppelreiter &#8211; mit 90 Jahren auf dem Jakobsweg"},"content":{"rendered":"\n<div class=\"wp-block-image\"><figure class=\"pull-right imgright\"><a data-title=\"Quelle\/Bild: Oma Toppelreiter\" data-lightbox=\"lightbox\" href=\"https:\/\/www.spaness.de\/blog\/wp-content\/uploads\/Oma-Toppelreiter-1.jpg\"><img loading=\"lazy\" decoding=\"async\" width=\"126\" height=\"300\" src=\"https:\/\/www.spaness.de\/blog\/wp-content\/uploads\/Oma-Toppelreiter-1-126x300.jpg\" alt=\"Quelle\/Bild: Oma Toppelreiter\" class=\"img-responsive img-responsive wp-image-5870\" srcset=\"https:\/\/www.spaness.de\/blog\/wp-content\/uploads\/Oma-Toppelreiter-1-126x300.jpg 126w, https:\/\/www.spaness.de\/blog\/wp-content\/uploads\/Oma-Toppelreiter-1.jpg 180w\" sizes=\"auto, (max-width: 126px) 100vw, 126px\" \/><\/a><figcaption>Quelle\/Bild: Oma Toppelreiter<\/figcaption><\/figure><\/div>\n\n\n\n<p><strong>Oma Toppelreiter eine sympathische Frau, die als echtes Vorbild fungiert. Fit, gesund und voller Ideen. <\/strong><\/p>\n\n\n\n<p>Mit 90 ist sie noch auf dem Jakobsweg gepilgert. Mit 91 Jahren gibt sie Vortr\u00e4ge z.B. im Seniorenzentrum und schreibt ein Buch. Dieses Buch hei\u00dft wie ihr Lebensmotto \u201ewenn nicht jetzt, wann dann?\u201c. <\/p>\n\n\n\n<p>Ein Motto, welches wir auch mit SPANESS vertreten, und was uns Oma Toppelreiter gleich noch viel sympathischer macht.<\/p>\n\n\n\n<h2 class=\"wp-block-heading\">Mit 90 Jahren unterwegs auf dem Jakobsweg<\/h2>\n\n\n\n<p>Wir wollten es trotzdem etwas genauer wissen. Was hat sie zu dieser Reise bewegt und wie ist es ihr, mit ihrer Lebenserfahrung und doch einem stattlichen Alter, auf ihrer Reise ergangen. War die Tour anstrengend oder hat sie es ganz einfach gemeistert? Wie lange war sie eigentlich unterwegs und wurde sie bei ihrer Reise begleitet?<\/p>\n\n\n\n<p>Wie kam sie auf die Idee, die Reise \u00fcber die Social Media Kan\u00e4le (wie z.B. Facebook und Youtube) zu ver\u00f6ffentlichen, um so auch vielen Menschen die M\u00f6glichkeit zu geben, sie auf ihrem Weg zu begleiten. <\/p>\n\n\n\n<p>Kurzerhand haben wir Kontakt zu ihr aufgenommen und sie einfach mal befragt. <\/p>\n\n\n\n<h3 class=\"wp-block-heading\">Was hat dich bewegt, mit 90 noch auf den Jakobsweg zu gehen?<\/h3>\n\n\n\n<p>Mein Enkel Michael pilgerte im Jahr 2009 auf dem Jakobsweg. Er erz\u00e4hlte nach seiner R\u00fcckkehr so begeistert, dass ich Lust bekam, die <a title=\"Mehr Infos zum Pilgern im Spaness-Wellness-Magazin\" rel=\"noopener noreferrer\" href=\"https:\/\/www.spaness.de\/blog\/pilgern-pilgerreise\/\" target=\"_blank\">Erfahrung des Pilgerns<\/a> auch zu machen. Wegen meiner starken Osteoporose, meines l\u00e4dierten Kn\u00f6chels und meiner abgen\u00fctzten Knie bekam ich aber Bedenken, es zu schaffen. <\/p>\n\n\n\n<p>Meine Tochter und mein Enkel \u00fcberzeugten mich, es auf jeden Fall zu versuchen \u2013 nach dem Motto: <strong>\u201eNur wenn du etwas versuchst, wei\u00dft du, ob du es schaffst.\u201c<\/strong> So kam es, dass ich im Mai 2011 tats\u00e4chlich mit meiner Tochter, meinem Enkel und einer Freundin auf dem <a rel=\"noreferrer noopener\" href=\"https:\/\/www.spaness.de\/blog\/jakobsweg-deutschland\/\" target=\"_blank\">Jakobsweg<\/a> pilgerte.<\/p>\n\n\n\n<p>Die Tagesetappen richteten sich nach meiner k\u00f6rperlichen Verfassung. So legten wir t\u00e4glich Strecken zwischen 9 und 17 Kilometer zur\u00fcck. Die letzte Etappe \u2013 ich wundere mich noch heute, dass ich das schaffte \u2013 betrug 22 Kilometer. Ich startete begeistert und mit Hilfe meiner Wanderst\u00f6cke legte ich die ersten f\u00fcnf Kilometer ohne Probleme zur\u00fcck. Dann jedoch wurde der Weg pl\u00f6tzlich steinig. Er war mit unbefestigten Betonplatten ausgelegt, so dass ich oft nicht wusste, wie ich meine St\u00f6cke einsetzen sollte. Aber nach anf\u00e4nglichem Z\u00f6gern \u00fcberwand ich \u2013 wie noch \u00f6fter auf dem Jakobsweg \u2013 diese Schwierigkeit. Anstrengend war f\u00fcr mich auch das h\u00e4ufige Bergabgehen.<\/p>\n\n\n\n<p>Wir schafften die letzten 120 Kilometer des Jakobsweges in nur neun Tagen.<\/p>\n\n\n\n<p>Die zahlreichen menschlichen Begegnungen, die wir t\u00e4glich hatten, beeindruckten mich sehr und bedeuteten mir sehr viel. Ein Beispiel: Am ersten Tag trafen wir eine deutsche Pilgerin. Wir unterhielten uns kurz, dann ging sie weiter. Da sie schneller unterwegs war als wir, waren wir sehr erstaunt, als wir nach einiger Zeit feststellten, dass sie auf uns wartete. Sie sagte zu mir: \u201e Ich m\u00f6chte Ihnen ein f\u00fcnfbl\u00e4ttriges Kleeblatt und den beiden anderen ein vierbl\u00e4ttriges Kleeblatt schenken.\u201c<\/p>\n\n\n\n<p>Ich freute mich sehr dar\u00fcber. F\u00fcr mich war die Begegnung mit der \u201eGl\u00fcckskleefrau\u201c ein gutes Omen f\u00fcr unser Pilgern.<\/p>\n\n\n\n<figure class=\"wp-block-image img-responsive\"><img loading=\"lazy\" decoding=\"async\" width=\"1024\" height=\"682\" src=\"https:\/\/www.spaness.de\/blog\/wp-content\/uploads\/IMG_9296-2-1024x682.jpg\" alt=\"Pilgern Jakobsweg\" class=\"img-responsive wp-image-34638\" srcset=\"https:\/\/www.spaness.de\/blog\/wp-content\/uploads\/IMG_9296-2-1024x682.jpg 1024w, https:\/\/www.spaness.de\/blog\/wp-content\/uploads\/IMG_9296-2-300x200.jpg 300w, https:\/\/www.spaness.de\/blog\/wp-content\/uploads\/IMG_9296-2.jpg 1280w\" sizes=\"auto, (max-width: 1024px) 100vw, 1024px\" \/><\/figure>\n\n\n\n<h3 class=\"wp-block-heading\"><span style=\"color: #993300;\"><strong>Warum nutzt du Social Media Kan\u00e4le? <\/strong><\/span><\/h3>\n\n\n\n<p>Zu meinem 90. Geburtstag schenkte mir mein Enkel Michael einen Laptop. Er war es auch, der mich auf die Idee brachte, mein Vorhaben auf Facebook interessierten Menschen mitzuteilen. Ich wunderte mich und war erstaunt, dass mir so viele fremde Menschen Mut zusprachen und sich noch immer f\u00fcr mich und meine Vorhaben interessieren. Ich war und bin begeistert von den vielen positiven Reaktionen der Fans. Sie haben mich sehr gefreut und mir beim Pilgern Kraft gegeben, in schwierigen Situationen durchzuhalten. Aber noch immer freue ich mich \u00fcber die anteilnehmenden und aufmunternden Kommentare.<\/p>\n\n\n\n<h4 class=\"wp-block-heading\"><strong>W\u00fcrdest du anderen \u00e4lteren Personen ebenso raten, sich mit den sozialen Netzwerken zu besch\u00e4ftigen?<\/strong><\/h4>\n\n\n\n<p>Ich empfehle daher \u00e4lteren Menschen, sich mit sozialen Netzwerken zu besch\u00e4ftigen, weil man auf diese Weise Kontakt zu vielen gleichgesinnten Personen bekommt.<\/p>\n\n\n\n<h3 class=\"wp-block-heading\">Worum geht es in deinem Buch, welches du gerade geschrieben hast?<\/h3>\n\n\n\n<p>Das Manuskript meines Buches wird derzeit von einem interessierten Verlag gepr\u00fcft. Viele Fans schickten dankenswerterweise Unterst\u00fctzungs-Mails.<\/p>\n\n\n\n<p>In dem Buch erz\u00e4hle ich von meinem Leben vor und nach der radikalen Wende mit 87 Jahren. Ich m\u00f6chte mit meinem Buch allen Menschen &#8211; vor allem auch \u00e4lteren Menschen &#8211; Mut machen, sich Ziele zu setzen und diese sofort zu verwirklichen.<\/p>\n\n\n\n<p>Das Buch enth\u00e4lt auch eine ausf\u00fchrliche Schilderung meiner Erlebnisse auf dem Jakobsweg.<\/p>\n\n\n\n<p>Interessierte Leser k\u00f6nnen au\u00dferdem alles dar\u00fcber erfahren, wie es mir gelungen ist, mein Leben noch im hohen Alter total zu ver\u00e4ndern.<\/p>\n\n\n\n<p>Wer sich f\u00fcr mich interessiert, kann mich auch auf\u00a0 <a title=\"Oma Toppelreiter auf Facebook\" rel=\"noopener noreferrer nofollow\" href=\"http:\/\/www.facebook.de\/omatoppelreiter\" target=\"_blank\" class=\"external\">www.facebook.com\/omatoppelreiter <\/a>erreichen.<\/p>\n\n\n\n<h3 class=\"wp-block-heading\">Bist du ein Wellnessfan und hast du vielleicht auch einen besonderen Wellnesstipp f\u00fcr uns? <\/h3>\n\n\n\n<p>Ich bin ein <a title=\"Wellnessangebote f\u00fcr Wellnessfans auf spaness.de\" href=\"https:\/\/www.spaness.de\" target=\"_blank\" rel=\"noopener noreferrer\">Wellness<\/a>-Fan. Ich liebe die Bewegung im Wasser und auf dem Land, vom Schwimmen \u00fcber Spazierengehen bis hin zum t\u00e4glichen 30-min\u00fctigen Training auf dem Hometrainer.<\/p>\n\n\n\n<p>Das Schwimmen bereitet mir schon seit meiner Kindheit Freude, im Herbst m\u00f6chte ich auch Wassergymnastik versuchen.<\/p>\n\n\n\n<p>Ich f\u00fchle mich besser, wenn ich t\u00e4glich spazieren gehe. Die Bewegung an der frischen Luft tut mir immer wieder gut.<\/p>\n\n\n\n<p>Aber auch meine Osteoporose-\u00dcbungen mache ich t\u00e4glich, auch wenn ich mich manchmal dazu \u00fcberwinden muss.<\/p>\n\n\n\n<p>Aus eigener Erfahrung wei\u00df ich, dass jede Sportart der Gesundheit guttut. Daher empfehle ich jedem, eine f\u00fcr ihn passende Sportart zu finden und diese konsequent auszu\u00fcben.<\/p>\n\n\n\n<h3 class=\"wp-block-heading\">&#8222;Wenn nicht jetzt, wann dann?!&#8220; Ist das schon immer dein Motto gewesen?<\/h3>\n\n\n\n<p>Mein Leben war nicht immer einfach. Als junges M\u00e4dchen erlebte ich die Kriegsjahre. Die Gr\u00fcndung einer Familie in der Nachkriegszeit brachte viele Entbehrungen mit sich. Da hatte ich wenig Zeit, an mich und eventuelle W\u00fcnsche zu denken. Mein Leben verlief also relativ ruhig.<\/p>\n\n\n\n<p>Erst seit meiner radikalen Lebens\u00e4nderung im Alter von 87 Jahren lebe ich nach dem Motto \u201eWenn nicht jetzt, wann dann?\u201c. Ich lebe jetzt bewusster und mache mir Gedanken \u00fcber meine W\u00fcnsche und Tr\u00e4ume und verwirkliche diese so schnell wie m\u00f6glich. Dadurch ist jetzt mein Leben abwechslungsreich, interessant und spannend.<\/p>\n\n\n\n<figure class=\"wp-block-image img-responsive\"><img loading=\"lazy\" decoding=\"async\" width=\"1024\" height=\"425\" src=\"https:\/\/www.spaness.de\/blog\/wp-content\/uploads\/Bildschirmfoto-2021-01-25-um-15.48.39-1024x425.png\" alt=\"Oma Toppelreiter \/ Bildquelle: www.facebook.com\/omatoppelreiter\" class=\"img-responsive wp-image-34641\" srcset=\"https:\/\/www.spaness.de\/blog\/wp-content\/uploads\/Bildschirmfoto-2021-01-25-um-15.48.39-1024x425.png 1024w, https:\/\/www.spaness.de\/blog\/wp-content\/uploads\/Bildschirmfoto-2021-01-25-um-15.48.39-300x125.png 300w, https:\/\/www.spaness.de\/blog\/wp-content\/uploads\/Bildschirmfoto-2021-01-25-um-15.48.39-1536x638.png 1536w, https:\/\/www.spaness.de\/blog\/wp-content\/uploads\/Bildschirmfoto-2021-01-25-um-15.48.39-2048x850.png 2048w\" sizes=\"auto, (max-width: 1024px) 100vw, 1024px\" \/><figcaption>Bildquelle: www.facebook.com\/omatoppelreiter<\/figcaption><\/figure>\n\n\n\n<p><em>Nachtrag: Oma Toppelreiter ist im September 2016, im Alter von 95 Jahren, gestorben. Wir haben gro\u00dfen Respekt vor ihrer Leistung und vor ihrer enormen Motivatio<\/em>n.  <em>Sie zeigt uns, (fast) nichts ist unm\u00f6glich! Vielleicht braucht es einfach mehr positive Menschen und Vorbilder wie Oma Toppelreiter. <\/em><\/p>\n\n\n\n<p>____<\/p>\n\n\n\n<p><strong>Weitere interessante Interviews im SPANESS-Wellness-Magazin:<\/strong><\/p>\n\n\n\n<ul class=\"wp-block-list\"><li><a title=\"Im Gespr\u00e4ch mit sha. \u00fcber die sha. alphaliege uvm.\" href=\"https:\/\/www.spaness.de\/blog\/sha\/\" target=\"_blank\" rel=\"noopener noreferrer\">Interview mit sha.<\/a> K\u00fcnstler und Wahrnehmungsforscher aus Wien<\/li><li><a title=\"Interview mit dem Autor des Buches girlsgame\" href=\"https:\/\/www.spaness.de\/blog\/girlsgame-buch\/\" target=\"_blank\" rel=\"noopener noreferrer\">Interview mit Marlene<\/a> zu ihrem Buch &#8222;girlsgame&#8220;<\/li><li><a title=\"Interview mit der Spa-Managerin des Land Fleesensee Spa\" href=\"https:\/\/www.spaness.de\/blog\/interview-fleesensee-spa\/\" target=\"_blank\" rel=\"noopener noreferrer\">Interview mit B\u00e4rbel Hessel<\/a> &#8211; Managerin des Land Fleesensee Spa<\/li><\/ul>\n","protected":false},"excerpt":{"rendered":"<p>Interview mit Oma Toppelreiter. Mit 91 Jahren ist sie auf dem Jakobsweg gepilgert. Wir durften ihr dazu Fragen stellen. <\/p>\n","protected":false},"author":2,"featured_media":34638,"comment_status":"open","ping_status":"open","sticky":false,"template":"","format":"standard","meta":{"footnotes":""},"categories":[4,7,264,263,237,13],"tags":[56,87,90,91,135],"class_list":["post-5853","post","type-post","status-publish","format-standard","has-post-thumbnail","hentry","category-gesundheit","category-interview","category-nachhaltig-reisen-leben","category-slow-travel","category-spanien","category-urlaub","tag-gesundheit","tag-naturtourismus","tag-pilgern","tag-pilgerreise","tag-wandern"],"_links":{"self":[{"href":"https:\/\/www.spaness.de\/blog\/wp-json\/wp\/v2\/posts\/5853","targetHints":{"allow":["GET"]}}],"collection":[{"href":"https:\/\/www.spaness.de\/blog\/wp-json\/wp\/v2\/posts"}],"about":[{"href":"https:\/\/www.spaness.de\/blog\/wp-json\/wp\/v2\/types\/post"}],"author":[{"embeddable":true,"href":"https:\/\/www.spaness.de\/blog\/wp-json\/wp\/v2\/users\/2"}],"replies":[{"embeddable":true,"href":"https:\/\/www.spaness.de\/blog\/wp-json\/wp\/v2\/comments?post=5853"}],"version-history":[{"count":16,"href":"https:\/\/www.spaness.de\/blog\/wp-json\/wp\/v2\/posts\/5853\/revisions"}],"predecessor-version":[{"id":34647,"href":"https:\/\/www.spaness.de\/blog\/wp-json\/wp\/v2\/posts\/5853\/revisions\/34647"}],"wp:featuredmedia":[{"embeddable":true,"href":"https:\/\/www.spaness.de\/blog\/wp-json\/wp\/v2\/media\/34638"}],"wp:attachment":[{"href":"https:\/\/www.spaness.de\/blog\/wp-json\/wp\/v2\/media?parent=5853"}],"wp:term":[{"taxonomy":"category","embeddable":true,"href":"https:\/\/www.spaness.de\/blog\/wp-json\/wp\/v2\/categories?post=5853"},{"taxonomy":"post_tag","embeddable":true,"href":"https:\/\/www.spaness.de\/blog\/wp-json\/wp\/v2\/tags?post=5853"}],"curies":[{"name":"wp","href":"https:\/\/api.w.org\/{rel}","templated":true}]}}