{"id":66068,"date":"2025-06-01T13:17:27","date_gmt":"2025-06-01T11:17:27","guid":{"rendered":"https:\/\/www.spaness.de\/blog\/?p=66068"},"modified":"2025-06-06T10:29:27","modified_gmt":"2025-06-06T08:29:27","slug":"hessischer-kurtag","status":"publish","type":"post","link":"https:\/\/www.spaness.de\/blog\/hessischer-kurtag\/","title":{"rendered":"Hessischer Kurtag 2025: KURgl\u00fcck im Wandel"},"content":{"rendered":"\n<p><strong>Mit Blick auf den eindrucksvollen Bergpark und den Herkules sorgte der 21. Hessische Kurtag in Kassel-Bad Wilhelmsh\u00f6he f\u00fcr Gl\u00fccksmomente, die nachwirken.<\/strong><\/p>\n\n\n\n<p>\u201eDie Welt ist im Wandel\u201c, so begr\u00fc\u00dfte Ralf Gutheil, Vorsitzender des Hessischen Heilb\u00e4derverbandes e.V., rund 100 G\u00e4ste und versprach einen Themenbogen von der aktuellen Lage der Heilb\u00e4der und Kurorte bis hin zur KURvision. \u201eVor allem aber, wollen wir sie heute inspirieren,\u201c sagte die Gesch\u00e4ftsf\u00fchrerin des Hessischen Heilb\u00e4derverbandes, Almut Boller, die den Kurtag moderierte. Daf\u00fcr bot das KURgl\u00fcck den Vertreterinnen und Vertretern der 30 Heilb\u00e4der und Kurorte in Hessen, den Partnern aus Hessen und ganz Deutschland ein spannende Mischung aus Impulsvortr\u00e4gen, Workshops und Zeit, um zu networken.<\/p>\n\n\n\n<figure class=\"wp-block-image img-responsive\"><img loading=\"lazy\" decoding=\"async\" width=\"1024\" height=\"337\" src=\"https:\/\/www.spaness.de\/blog\/wp-content\/uploads\/Bildschirmfoto-2025-05-31-um-16.42.19-1024x337.png\" alt=\"Wir sind die Kur - Schriftzug \" class=\"img-responsive wp-image-66082\" srcset=\"https:\/\/www.spaness.de\/blog\/wp-content\/uploads\/Bildschirmfoto-2025-05-31-um-16.42.19-1024x337.png 1024w, https:\/\/www.spaness.de\/blog\/wp-content\/uploads\/Bildschirmfoto-2025-05-31-um-16.42.19-300x99.png 300w, https:\/\/www.spaness.de\/blog\/wp-content\/uploads\/Bildschirmfoto-2025-05-31-um-16.42.19-1536x505.png 1536w, https:\/\/www.spaness.de\/blog\/wp-content\/uploads\/Bildschirmfoto-2025-05-31-um-16.42.19.png 1988w\" sizes=\"auto, (max-width: 1024px) 100vw, 1024px\" \/><\/figure>\n\n\n\n<p>(c) Hessischer Heilb\u00e4derverband e.V. <\/p>\n\n\n\n<h3 class=\"wp-block-heading\">Gl\u00fcck durch Neugier: Lernen. R\u00fcckblick. Streben.<\/h3>\n\n\n\n<p>Zugegeben, Zahlen, Daten und Fakten sind wichtig, wenn wir \u00fcber die <strong>Entwicklung der Kur<\/strong> oder auch das <strong>Zusammenspiel von Kur und (Gesundheits-)Tourismus<\/strong> in Deutschland und Europa sprechen. Doch ebenso wichtig ist es, \u00fcber den Tellerrand hinauszublicken oder einfach mal die Perspektive zu wechseln, um neue Ideen zu entwickeln.<\/p>\n\n\n\n<p>Was wir dabei von unseren skandinavischen Nachbarn lernen k\u00f6nnen, hat uns beim 21. hessischen Kurtag <em>Maike van den Boom, Gl\u00fccksforscherin und Bestseller-Autorin aus Skandinavien<\/em>, verraten. Die <strong>skandinavische Haltung zu Fehlern <\/strong>ist n\u00e4mlich menschlich, pragmatisch, befreiend, fragend und l\u00f6sungsorientiert. Die Arbeits- und Unternehmenskultur basiert auf Vertrauen und Verantwortung und bereits Kinder werden mit ihrer Meinung ernst genommen. Das Ergebnis ist Effizienz. \u2192 Lese dazu auch meine <a href=\"https:\/\/www.linkedin.com\/posts\/tanja-klindworth-2a259a203_kurglaesck-kurliebe-hessen-activity-7331614993039175680-REjJ?utm_source=share&amp;utm_medium=member_desktop&amp;rcm=ACoAADPgyhoBW4oGTJMkPkRlj-KRAaFa5DJY4u4\" target=\"_blank\" rel=\"noreferrer noopener nofollow\" class=\"external\">Zusammenfassung auf LinkedIn<\/a>.<\/p>\n\n\n\n<figure class=\"wp-block-image img-responsive\"><img loading=\"lazy\" decoding=\"async\" width=\"1024\" height=\"768\" src=\"https:\/\/www.spaness.de\/blog\/wp-content\/uploads\/IMG_4090-1024x768.jpeg\" alt=\"Maike van den Boom auf dem Hessischn Kurtag in Kassel \" class=\"img-responsive wp-image-66084\" srcset=\"https:\/\/www.spaness.de\/blog\/wp-content\/uploads\/IMG_4090-1024x768.jpeg 1024w, https:\/\/www.spaness.de\/blog\/wp-content\/uploads\/IMG_4090-300x225.jpeg 300w, https:\/\/www.spaness.de\/blog\/wp-content\/uploads\/IMG_4090-407x305.jpeg 407w, https:\/\/www.spaness.de\/blog\/wp-content\/uploads\/IMG_4090.jpeg 1280w\" sizes=\"auto, (max-width: 1024px) 100vw, 1024px\" \/><\/figure>\n\n\n\n<h4 class=\"wp-block-heading\">Gl\u00fcck ist (auch), das richtige Ma\u00df zu finden!<\/h4>\n\n\n\n<p>Was ist Gl\u00fcck eigentlich genau? Wenn ich alles habe, was ich brauche? Wenn ich alles bekomme, was ich mir w\u00fcnsche? Mit <em>Ulrich Boller, Historiker aus K\u00f6nigstein im Taunus<\/em>, haben wir einen Blick auf das Gl\u00fcck in vergangenen Zeiten gewagt \u2013 n\u00e4mlich auf das <strong>Gl\u00fcck in der griechischen Antike<\/strong>. Hier wurde die <strong>Definition von Tugend<\/strong> diskutiert und davon gesprochen, das richtige Ma\u00df zu finden!<\/p>\n\n\n\n<figure class=\"wp-block-image img-responsive\"><img loading=\"lazy\" decoding=\"async\" width=\"1024\" height=\"725\" src=\"https:\/\/www.spaness.de\/blog\/wp-content\/uploads\/IMG_4122-1-1024x725.jpeg\" alt=\"Ullrich Boller Hessischer Kurtag in Kassel\" class=\"img-responsive wp-image-66086\" srcset=\"https:\/\/www.spaness.de\/blog\/wp-content\/uploads\/IMG_4122-1-1024x725.jpeg 1024w, https:\/\/www.spaness.de\/blog\/wp-content\/uploads\/IMG_4122-1-300x212.jpeg 300w, https:\/\/www.spaness.de\/blog\/wp-content\/uploads\/IMG_4122-1-1536x1087.jpeg 1536w, https:\/\/www.spaness.de\/blog\/wp-content\/uploads\/IMG_4122-1.jpeg 1800w\" sizes=\"auto, (max-width: 1024px) 100vw, 1024px\" \/><\/figure>\n\n\n\n<p>Heruntergebrochen bedeutet das, dass weder das <strong>Leben in Saus und Braus \u201eGl\u00fcck\u201c<\/strong> ist, noch der Geiz das Ma\u00df aller Dinge sein sollte. Eher zieht \u201eGeiz\u201c in unser Herz und unsere Seele ein, ver\u00e4ndert den Charakter und sorgt auf Dauer f\u00fcr eine <strong>negativere Einstellung<\/strong>. Besonders in Erinnerung geblieben ist mir die <strong>Definition von Freundschaft<\/strong>: Sie verfolgt keinerlei Interessen oder Gedanken an vermeintliche \u201eVorteile\u201c.<\/p>\n\n\n\n<p><em>Ute Hellberg vom Hessischen Ministerium f\u00fcr Wirtschaft, Verkehr, Energie und l\u00e4ndlichen Raum<\/em> hat uns dann noch einmal daran erinnert, dass das Gl\u00fcck nicht einfach so \u00fcber uns hereinbricht \u2013 oft muss daf\u00fcr gearbeitet werden, und ja, es m\u00fcssen auch Entscheidungen getroffen werden. Passend dazu hat uns <em>Carmen von Nasse, Chef\u00e4rztin der Habichtswald Klinik in Kassel<\/em> zum Abschluss des Tages noch einmal daran erinnert, warum die Kur f\u00fcr die Menschen so wichtig ist.<\/p>\n\n\n\n<figure class=\"wp-block-image img-responsive\"><img loading=\"lazy\" decoding=\"async\" width=\"1024\" height=\"789\" src=\"https:\/\/www.spaness.de\/blog\/wp-content\/uploads\/IMG_4071-1-1024x789.jpeg\" alt=\"Programm Hessischer Kurtag in Kassel\" class=\"img-responsive wp-image-66088\" srcset=\"https:\/\/www.spaness.de\/blog\/wp-content\/uploads\/IMG_4071-1-1024x789.jpeg 1024w, https:\/\/www.spaness.de\/blog\/wp-content\/uploads\/IMG_4071-1-300x231.jpeg 300w, https:\/\/www.spaness.de\/blog\/wp-content\/uploads\/IMG_4071-1-1536x1184.jpeg 1536w, https:\/\/www.spaness.de\/blog\/wp-content\/uploads\/IMG_4071-1.jpeg 1800w\" sizes=\"auto, (max-width: 1024px) 100vw, 1024px\" \/><\/figure>\n\n\n\n<h3 class=\"wp-block-heading\">Gl\u00fcck trotz Krisen: Zukunft. Plan. Momente.<\/h3>\n\n\n\n<p>Aufbauend zur Einleitung von Ralf Gutheil, \u201eDie Welt ist im Wandel\u201c, durften wir mit <em>Zukunftsforscher Tristan Horx<\/em> einen Blick in die Welt von morgen wagen, um dabei festzustellen: <strong>Jeder Wandel birgt Chancen<\/strong> \u2013 auch wenn wir gerade in einer echten \u201eOmnikrise\u201c stecken.<\/p>\n\n\n\n<p class=\"has-electric-grass-gradient-background has-background\"><strong>Was ist eine Omnikrise?<\/strong><br>Eine Omnikrise ist eine Krise, die viele verschiedene Bereiche gleichzeitig betrifft. Zum Beispiel gibt es prallel Probleme in Wirtschaft, Umwelt, Politik und Gesellschaft. Diese Krisen sind miteinander verbunden und verst\u00e4rken sich oft gegenseitig. Das macht es schwer, einfache L\u00f6sungen zu finden.<br>Mehr dazu: <a class=\" external\"https:\/\/www.zeit.de\/gesellschaft\/2023-12\/zukunftsforschung-mathias-horx-omnikrise-trump\" rel=\"nofollow\">Zeit.de<\/a> + <a class=\" external\"https:\/\/www.sueddeutsche.de\/leben\/gesellschaft-zukunftsforscher-horx-omnikrise-kann-20-jahre-dauern-dpa.urn-newsml-dpa-com-20090101-231230-99-443192\" rel=\"nofollow\">S\u00fcddeutsche.de<\/a><\/p>\n\n\n\n<p>Die <strong>Verbreitung von Fake News<\/strong>, der <strong>Qualit\u00e4tsverlust des Internets als Informationsquelle<\/strong> und die Tatsache, dass sich die GenZ jetzt schon <strong>mehr Einfachheit<\/strong> w\u00fcnscht \u2013 all das l\u00e4sst Tristan Horx vermuten, dass wir in Sachen <strong>Digitalisierung eine Korrekturschleife<\/strong> einlegen werden (m\u00fcssen!). <\/p>\n\n\n\n<p>Kinder werden dann nicht mehr so fr\u00fch Zugang zu Social Media haben. Vielleicht wird die <strong>GenBeta <\/strong>(2025-2039) tats\u00e4chlich <strong>kaum noch Social Media und Smartphones nutzen<\/strong> \u2013 daf\u00fcr aber den h\u00f6chsten Bildungsstand aller Zeiten haben. Erste L\u00e4nder wie Australien oder auch Skandinavien haben diesen Weg l\u00e4ngst eingeschlagen. Ich pers\u00f6nlich hoffe, Tristan Horx beh\u00e4lt recht. \u2192 Du willst mehr wissen? Dann lies dazu auch meine <a href=\"https:\/\/www.linkedin.com\/posts\/tanja-klindworth-2a259a203_kurtag-zukunft-tristanhorx-activity-7332358567385047040-4ueX?utm_source=share&amp;utm_medium=member_desktop&amp;rcm=ACoAADPgyhoBW4oGTJMkPkRlj-KRAaFa5DJY4u4\" target=\"_blank\" rel=\"noreferrer noopener nofollow\" class=\"external\">Zusammenfassung auf LinkedIn<\/a>.<\/p>\n\n\n\n<figure class=\"wp-block-image img-responsive\"><img loading=\"lazy\" decoding=\"async\" width=\"1024\" height=\"768\" src=\"https:\/\/www.spaness.de\/blog\/wp-content\/uploads\/IMG_4146-1024x768.jpeg\" alt=\"Tristan Horx Zukunftsforscher \" class=\"img-responsive wp-image-66091\" srcset=\"https:\/\/www.spaness.de\/blog\/wp-content\/uploads\/IMG_4146-1024x768.jpeg 1024w, https:\/\/www.spaness.de\/blog\/wp-content\/uploads\/IMG_4146-300x225.jpeg 300w, https:\/\/www.spaness.de\/blog\/wp-content\/uploads\/IMG_4146-407x305.jpeg 407w, https:\/\/www.spaness.de\/blog\/wp-content\/uploads\/IMG_4146.jpeg 1280w\" sizes=\"auto, (max-width: 1024px) 100vw, 1024px\" \/><\/figure>\n\n\n\n<p>Auf die <strong>sechs Felder des Gl\u00fccks<\/strong>, wie man das Gl\u00fcck selber in die Hand nehmen kann und die <strong>WOOP-Methode<\/strong> haben wir gemeinsam mit <em>Lukas Entezami von der Deutschen Gesellschaft f\u00fcr Positive Psychologie<\/em> geschaut. Denn nur weil wir keine Depression haben, hei\u00dft das noch lange nicht, dass wir gl\u00fccklich sind! \u2192 Lese mehr dazu in meiner <a href=\"https:\/\/www.linkedin.com\/posts\/tanja-klindworth-2a259a203_kurtag-positivepsychologie-woop-activity-7332691479015944192-SkJi?utm_source=share&amp;utm_medium=member_desktop&amp;rcm=ACoAADPgyhoBW4oGTJMkPkRlj-KRAaFa5DJY4u4\" target=\"_blank\" rel=\"noreferrer noopener nofollow\" class=\"external\">Zusammenfassung auf LinkedIn<\/a>.<\/p>\n\n\n\n<p class=\"has-electric-grass-gradient-background has-background\"><strong>Was ist die WOOP-Methode?<\/strong><br>Die WOOP-Methode ist ein einfaches Werkzeug, um deine Ziele besser zu erreichen. Sie hilft, W\u00fcnsche realistisch zu pr\u00fcfen, auch mit Blick auf Hindernisse, und in einen klaren Plan umzusetzen. Das Wort WOOP steht f\u00fcr: Wish (Wunsch), Outcome (Ergebnis), Obstacle (Hindernis) und Plan (Plan). Ich habe zum Beispiel den Wunsch \u201eIch m\u00f6chte ges\u00fcnder leben\u201c, um das Ergebnis \u201eIch m\u00f6chte mich fit f\u00fchlen\u201c zu erreichen. Dabei steht mir als Hindernis \u201eIch esse oft S\u00fc\u00dfes, wenn ich m\u00fcde oder unzufrieden bin\u201c im Weg. Mein Plan ist es nun, \u201eerst ein Glas Wasser zu trinken und spazieren zu gehen\u201c, wenn ich den S\u00fc\u00dfigkeiten-Drang versp\u00fcre. Das sorgt daf\u00fcr, dass der Geist den Gedanken an S\u00fc\u00dfigkeiten losl\u00e4sst und ich weniger Bonbons, Gummib\u00e4rchen &amp; Co. nasche.<\/p>\n\n\n\n<figure class=\"wp-block-image img-responsive\"><img loading=\"lazy\" decoding=\"async\" width=\"1024\" height=\"768\" src=\"https:\/\/www.spaness.de\/blog\/wp-content\/uploads\/IMG_4214-1024x768.jpeg\" alt=\"Lukas Entezami, Deutsche Gesellschaft fuer positive Psychologie\" class=\"img-responsive wp-image-66093\" srcset=\"https:\/\/www.spaness.de\/blog\/wp-content\/uploads\/IMG_4214-1024x768.jpeg 1024w, https:\/\/www.spaness.de\/blog\/wp-content\/uploads\/IMG_4214-300x225.jpeg 300w, https:\/\/www.spaness.de\/blog\/wp-content\/uploads\/IMG_4214-407x305.jpeg 407w, https:\/\/www.spaness.de\/blog\/wp-content\/uploads\/IMG_4214.jpeg 1280w\" sizes=\"auto, (max-width: 1024px) 100vw, 1024px\" \/><\/figure>\n\n\n\n<h4 class=\"wp-block-heading\">K\u00f6nnen wir das Gl\u00fcck wirklich planen? <\/h4>\n\n\n\n<p>Ob der <strong>Blick aufs Gl\u00fcck <\/strong>gefruchtet hat und ob von diesem Tag etwas <strong>\u201eGl\u00fcck ins Marmeladenglas\u201c <\/strong>geflossen ist, konnten wir zum Abschluss als #Gl\u00fccksmomentesammler nicht nur in verschiedenen Workshops (von Faszien-Training bis Farb-\/Kr\u00e4uterwanderung) unter Beweis stellen, sondern auch beim Revue passieren lassen der Impulse.<\/p>\n\n\n\n<blockquote class=\"wp-block-quote is-layout-flow wp-block-quote-is-layout-flow\">\n<p>\u201eEs braucht Mut, um Ver\u00e4nderungen anzugehen, und es braucht Ausdauer und eine Prise Gl\u00fcck. Mit dem 21. Hessischen Kurtag wollen wir dem Kur- und B\u00e4derwesen und seinen Partnern in Politik und Wirtschaft Impulse geben\u201c. <\/p>\n\n\n\n<p>Ralf Gutheil, Auszug aus der Einladung zum B\u00e4dertag<\/p>\n<\/blockquote>\n\n\n\n<p>Mitgenommen habe ich auf jeden Fall viel <strong>positive Energie<\/strong> \u2013 durch den wertvollen <strong>Austausch auf Augenh\u00f6he<\/strong> mit verschiedenen Akteuren und Teilnehmenden, durch <strong>Perspektivwechsel<\/strong> und nicht zu vergessen: <strong>Mehr-Wert-Wissen<\/strong> (nicht nur) im Kurwesen und aus dem Gesundheitstourismus sowie echte <strong>AHA-Momente<\/strong>. Die <strong>Dynamik<\/strong> und das <strong>Engagement<\/strong> der einzelnen Kurorte ist sehr gro\u00df und es sprudeln nicht nur Heilwasserquellen, sondern auch jede Menge guter Ideen. Danke allen Mitwirkenden!<\/p>\n\n\n\n<figure class=\"wp-block-image img-responsive\"><img loading=\"lazy\" decoding=\"async\" width=\"1024\" height=\"549\" src=\"https:\/\/www.spaness.de\/blog\/wp-content\/uploads\/Kurtag_2025_121-1024x549.jpg\" alt=\"Gruppenfoto 21. Hessischer Kurtag in Kassel Bad Wilhelmshoehe\" class=\"img-responsive wp-image-66282\" srcset=\"https:\/\/www.spaness.de\/blog\/wp-content\/uploads\/Kurtag_2025_121-1024x549.jpg 1024w, https:\/\/www.spaness.de\/blog\/wp-content\/uploads\/Kurtag_2025_121-300x161.jpg 300w, https:\/\/www.spaness.de\/blog\/wp-content\/uploads\/Kurtag_2025_121-1536x824.jpg 1536w, https:\/\/www.spaness.de\/blog\/wp-content\/uploads\/Kurtag_2025_121-2048x1099.jpg 2048w\" sizes=\"auto, (max-width: 1024px) 100vw, 1024px\" \/><\/figure>\n\n\n\n<iframe loading=\"lazy\" width=\"100%\" height=\"315\" src=\"https:\/\/www.youtube-nocookie.com\/embed\/FE1_Cf-g9Lo?si=hwpBx4XqjqOVo0qX\" title=\"YouTube video player\" frameborder=\"0\" allow=\"accelerometer; autoplay; clipboard-write; encrypted-media; gyroscope; picture-in-picture; web-share\" referrerpolicy=\"strict-origin-when-cross-origin\" allowfullscreen><\/iframe>\n\n\n\n<h2 class=\"wp-block-heading\">Die Kur ist Tradition und Zukunft<\/h2>\n\n\n\n<p>Die hessische B\u00e4derfamilie hat sich auf eine Mission begeben, um <strong>DIE KUR als Marke<\/strong> neu zu denken. Dabei wird sich auf <strong>vorhandene Werte und Traditionen<\/strong> besonnen, um sie <strong>vision\u00e4r<\/strong> in die<strong> Zukunft<\/strong> zu f\u00fchren. <\/p>\n\n\n\n<p>Das Ziel ist gesteckt: Bis 2027 setzt der&nbsp;Hessische Heilb\u00e4derverband&nbsp;die <strong>Neubegr\u00fcndung der Marke DIE KUR<\/strong> in der Gesellschaft um. Sie ist die Antwort auf die&nbsp;Herausforderungen <strong>durch die Transformation<\/strong>. Gemeint ist, dass die Kur in ihren <strong>vielfarbigen Facetten<\/strong> die Antworten auf die Fragen der Zeit gibt. Die&nbsp;Marke soll als <strong>attraktives Angebot im Markt&nbsp;<\/strong>wahrgenommen werden und <strong>nennenswerte Ums\u00e4tze f\u00fcr Mitglieder und Leistungspartner<\/strong> erzielen. Damit sollen die<strong>&nbsp;Heilb\u00e4der und Kurorte in Hessen<\/strong>&nbsp;(hoffentlich!) zum&nbsp;<strong>Vorbild f\u00fcr das Kur- und Heilb\u00e4derwesen in ganz Deutschland&nbsp;<\/strong>werden. Der&nbsp;<strong>Hessische Heilb\u00e4derverband<\/strong>&nbsp;fungiert dabei als&nbsp;Motor, Ideengeber und Gestalter&nbsp;der&nbsp;Heilb\u00e4der und Kurorte in Hessen.<\/p>\n\n\n\n<figure class=\"wp-block-image img-responsive\"><img loading=\"lazy\" decoding=\"async\" width=\"1024\" height=\"498\" src=\"https:\/\/www.spaness.de\/blog\/wp-content\/uploads\/Bildschirmfoto-2025-05-31-um-16.37.35-1024x498.png\" alt=\"Die Wertsch\u00f6pfung im Kur &amp; Tourismus wirken sich positiv auf viele Branchen aus. Sie gestalten die Lebensr\u00e4ume der Heilb\u00e4der &amp; Kurorte in Hessen\" class=\"img-responsive wp-image-66080\" srcset=\"https:\/\/www.spaness.de\/blog\/wp-content\/uploads\/Bildschirmfoto-2025-05-31-um-16.37.35-1024x498.png 1024w, https:\/\/www.spaness.de\/blog\/wp-content\/uploads\/Bildschirmfoto-2025-05-31-um-16.37.35-300x146.png 300w, https:\/\/www.spaness.de\/blog\/wp-content\/uploads\/Bildschirmfoto-2025-05-31-um-16.37.35-1536x746.png 1536w, https:\/\/www.spaness.de\/blog\/wp-content\/uploads\/Bildschirmfoto-2025-05-31-um-16.37.35-2048x995.png 2048w\" sizes=\"auto, (max-width: 1024px) 100vw, 1024px\" \/><figcaption class=\"wp-element-caption\">Die Wertsch\u00f6pfung aus Kur &amp; Tourismus wirken sich positiv auf viele Branchen aus. Sie gestalten die Lebensr\u00e4ume der Heilb\u00e4der &amp; Kurorte in Hessen (c) Hessischer Heilb\u00e4derverband e.V.<\/figcaption><\/figure>\n\n\n\n<h3 class=\"wp-block-heading\">Wirtschaftsfaktor Kur &amp; Tourismus<\/h3>\n\n\n\n<p>Die&nbsp;<strong>Heilb\u00e4der und Kurorte in Hessen<\/strong>&nbsp;konzentrieren sich auf den sogenannten&nbsp;<strong>zweiten Gesundheitsmarkt<\/strong>. F\u00fcr diesen Markt entwickeln sie Angebote, die sich nach Bed\u00fcrfnissen der Zielgruppen richten und die der Gast privat buchen kann. Zudem richtet sich das Augenmerk auf den 1. Gesundheitsmarkt, der durch die Sozialversicherungsgeber bestimmt ist.<\/p>\n\n\n\n<p class=\"has-electric-grass-gradient-background has-background\"><strong>Gut zu wissen:<\/strong> Nur rund 2.000 Euro (f\u00fcr 21 Tage) erh\u00e4lt eine Rehaklinik pro Patient. Darin enthalten sind: \u00dcbernachtung, \u00e4rztliche Betreuung, therapeutische Leistungen, Behandlungen und Vollpension (nicht zu vergessen: Reinigung, Strom, Wasser etc. werden damit ebenfalls abgedeckt). Ist das noch zeitgem\u00e4\u00df, wenn wir \u00fcber faire Entlohnung von Pflegepersonal und steigende Energiekosten nachdenken?<\/p>\n\n\n\n<p>In Zahlen bedeutet das <strong>9.452.516 \u00dcbernachtungen<\/strong> (bei 2.588.814 Ank\u00fcnften) im Jahr 2024. Im Vergleich dazu waren es 2023 mit 9.311.430 noch \u00fcber 100.000 \u00dcbernachtungen weniger \u2013 und das trotz der Schlie\u00dfung einiger Kliniken.<\/p>\n\n\n\n<p>Mehr als <strong>40.000 Menschen<\/strong> arbeiten in Hessen allein direkt im gesundheitsbezogenen Bereich der Heilb\u00e4der und Kurorte. Hinzu kommen zahlreiche Erwerbst\u00e4tige, die mit ihrem Angebot angebunden sind und vom Gesundheitsmarkt stark profitieren. Zu nennen sind hier <strong>Hotellerie, Gastronomie, Einzelhandel und andere Dienstleistungsbetriebe<\/strong> \u2013 angefangen beim Friseur bis hin zum Wanderf\u00fchrer.<\/p>\n\n\n\n<blockquote class=\"wp-block-quote is-layout-flow wp-block-quote-is-layout-flow\">\n<p>\u201e90 Prozent aller station\u00e4ren Pr\u00e4ventions- und Rehabilitationskliniken in Hessen sind in den Gesundheitsstandorten zu Hause und sichern die Lebensgrundlage und die medizinische Versorgung f\u00fcr die Menschen, gerade in den l\u00e4ndlichen R\u00e4umen\u201c.  <\/p>\n\n\n\n<p>Ralf Gutheil, Vorsitzender des Hessischen Heilb\u00e4derverbandes e.V.<\/p>\n\n\n\n<p><\/p>\n<\/blockquote>\n\n\n\n<div data-wp-interactive=\"core\/file\" class=\"wp-block-file\"><object data-wp-bind--hidden=\"!state.hasPdfPreview\" hidden class=\"wp-block-file__embed\" data=\"https:\/\/www.spaness.de\/blog\/wp-content\/uploads\/HHV_Wirtschaftsfaktor_Tourismus_2021_print.pdf\" type=\"application\/pdf\" style=\"width:100%;height:600px\" aria-label=\"Einbettung von HHV_Wirtschaftsfaktor_Tourismus_2021_print.\"><\/object><a id=\"wp-block-file--media-5f5777f8-a777-41a3-9f16-1160012635ba\" href=\"https:\/\/www.spaness.de\/blog\/wp-content\/uploads\/HHV_Wirtschaftsfaktor_Tourismus_2021_print.pdf\">HHV_Wirtschaftsfaktor_Tourismus_2021_print<\/a><a href=\"https:\/\/www.spaness.de\/blog\/wp-content\/uploads\/HHV_Wirtschaftsfaktor_Tourismus_2021_print.pdf\" class=\"wp-block-file__button wp-element-button\" download aria-describedby=\"wp-block-file--media-5f5777f8-a777-41a3-9f16-1160012635ba\">Herunterladen<\/a><\/div>\n\n\n\n<h4 class=\"wp-block-heading\">Zukunft der Heilb\u00e4der und Kurorte in Deutschland<\/h4>\n\n\n\n<p>Gemeinsam wirken alle Heilb\u00e4der in Deutschland als unverzichtbarer Teil im deutschen Gesundheitswesen. Das medizinisch-therapeutische Konzept wirkt in den Angeboten f\u00fcr Pr\u00e4vention, Rehabilitation und in Hessen besonders in der Kuration. <\/p>\n\n\n\n<p class=\"has-electric-grass-gradient-background has-background\">Deutschlandweit sprechen wir von insgesamt mehr als&nbsp;200 Millionen&nbsp;verbrachten&nbsp;Aufenthaltstagen pro Jahr in Beherbergungsbetrieben der deutschen Heilb\u00e4der und Kurorten. Davon entscheidet sich mindestens jeder zweite Gast eigenverantwortlich, seine Gesundheit aktiv zu erhalten oder etwas daf\u00fcr zu tun. Hinzu kommen rund <strong>260 Millionen Tagesg\u00e4ste<\/strong>, die die besonderen gesundheitsbezogenen Angebote in den Heilb\u00e4dern und Kurorten in Deutschland nutzen. Das bedeutet in Umsatzzahlen, das Kur- und B\u00e4derwesen generiert <strong>25 Milliarden Euro Bruttoumsat<\/strong>z pro Jahr. Damit tr\u00e4gt es <strong>2,3 Milliarden Euro<\/strong> j\u00e4hrlich zum Steueraufkommen bei. Insgesamt sichern die Heilb\u00e4der und Kurorte damit hochwertige, nicht exportierbare Arbeitspl\u00e4tze \u2013 gerade im l\u00e4ndlichen Raum \u2013 und bieten mehr als <strong>510.000 Menschen das Prim\u00e4reinkommen<\/strong>. <em>(Quelle: Deutscher Heilb\u00e4derverband)<\/em>.<\/p>\n\n\n\n<p>Die Heilb\u00e4der und Kurorte wirken im Deutschen Heilb\u00e4derverband zusammen und geben dem Kur- und B\u00e4derwesen damit eine starke Stimme \u2013 in Deutschland und in Europa.<\/p>\n\n\n\n<h3 class=\"wp-block-heading\">Meine Reise durch die Heilb\u00e4der &amp; Kurorte in Hessen<\/h3>\n\n\n\n<p>Von <em>Bad Arolsen<\/em> bis <em>Bad Zwesten<\/em> \u2013 von <em>Mineral- und Soleheilbad<\/em> bis <em>Kneipp-Kurort<\/em>: Auch meine <strong>Reise durch die Vielfalt der Hessischen Kurorte und Heilb\u00e4der<\/strong> ist noch lange nicht zu Ende. Mit Begeisterung durfte ich bereits viele <strong>Standorte<\/strong>, <strong>Gesundheits- und Wohlf\u00fchl-Angebote<\/strong> sowie <strong>Akteur:innen in der Hessischen Kurlandschaft<\/strong> erleben. Begleitet mich nach <a href=\"https:\/\/www.spaness.de\/blog\/bad-nauheim-kur\/\" target=\"_blank\" rel=\"noreferrer noopener\">Bad Nauheim<\/a>, <a href=\"https:\/\/www.spaness.de\/blog\/bad-salzhausen\/\" target=\"_blank\" rel=\"noreferrer noopener\">Bad Salzhausen<\/a>, <a href=\"https:\/\/www.spaness.de\/blog\/bad-wildungen\/\" target=\"_blank\" rel=\"noreferrer noopener\">Bad Wildungen<\/a>, <a href=\"https:\/\/www.spaness.de\/blog\/bad-soden-salmuenster\/\" target=\"_blank\" rel=\"noreferrer noopener\">Bad Soden-Salm\u00fcnster<\/a>, <a href=\"https:\/\/www.spaness.de\/blog\/koenigstein-taunus-sehenswuerdigkeiten\/\" target=\"_blank\" rel=\"noreferrer noopener\">K\u00f6nigstein im Taunus<\/a>, <a href=\"https:\/\/www.spaness.de\/blog\/willingen-sehenswuerdigkeiten\/\" target=\"_blank\" rel=\"noreferrer noopener\">Willingen<\/a>, <a href=\"https:\/\/www.spaness.de\/blog\/bad-homburg-sehenswuerdigkeiten\/\" target=\"_blank\" rel=\"noreferrer noopener\">Bad Homburg<\/a>, <a href=\"https:\/\/www.spaness.de\/blog\/koenigstein-taunus-sehenswuerdigkeiten\/\" target=\"_blank\" rel=\"noreferrer noopener\">Bad Arolsen<\/a>, <a href=\"https:\/\/www.spaness.de\/blog\/bad-karlshafen-sehenswuerdigkeiten\/\" target=\"_blank\" rel=\"noreferrer noopener\">Bad Karlshafen<\/a> und <a href=\"https:\/\/www.spaness.de\/blog\/bad-orb\/\" target=\"_blank\" rel=\"noreferrer noopener\">Bad Orb<\/a>.<\/p>\n\n\n\n<figure class=\"wp-block-image img-responsive\"><img loading=\"lazy\" decoding=\"async\" width=\"1024\" height=\"768\" src=\"https:\/\/www.spaness.de\/blog\/wp-content\/uploads\/IMG_0773-1024x768.jpeg\" alt=\"Hessen Heilbad Bad Karlshafen\" class=\"img-responsive wp-image-51185\" srcset=\"https:\/\/www.spaness.de\/blog\/wp-content\/uploads\/IMG_0773-1024x768.jpeg 1024w, https:\/\/www.spaness.de\/blog\/wp-content\/uploads\/IMG_0773-300x225.jpeg 300w, https:\/\/www.spaness.de\/blog\/wp-content\/uploads\/IMG_0773-1536x1152.jpeg 1536w, https:\/\/www.spaness.de\/blog\/wp-content\/uploads\/IMG_0773-2048x1536.jpeg 2048w, https:\/\/www.spaness.de\/blog\/wp-content\/uploads\/IMG_0773-407x305.jpeg 407w\" sizes=\"auto, (max-width: 1024px) 100vw, 1024px\" \/><\/figure>\n\n\n\n<p><em>Quellen &amp; Offenlegung: <em>Im Rahmen einer Medien-Kooperation habe ich seit 2022 verschiedene Heilb\u00e4der &amp; Kurorte in Hessen besucht. Mein Besuch auf dem Hessischen KURtag fand unabh\u00e4ngig davon statt.<\/em> Mehr Infos zum Hessischen Heilb\u00e4derverband e.V. <a href=\"https:\/\/www.heilbaederverband-in-hessen.de\/verband\/wirtschaftsfaktor\" target=\"_blank\" rel=\"noreferrer noopener nofollow\" class=\"external\">HIER<\/a>. <\/em>Zahlen, Daten und Fakten zu Deutschen Heilb\u00e4dern <a href=\"https:\/\/deutscher-heilbaederverband.de\/themen\/zahlen-daten-fakten\/\" target=\"_blank\" rel=\"noreferrer noopener nofollow\" class=\"external\">HIER<\/a>. Weitere Quellen aus Hessen <a href=\"https:\/\/www.kurorte-in-hessen.de\/\" target=\"_blank\" rel=\"noreferrer noopener nofollow\" class=\"external\">www.kurorte-in-hessen.de<\/a> I <a href=\"http:\/\/www.kur-in-hessen.de\" target=\"_blank\" rel=\"noreferrer noopener nofollow\" class=\"external\">www.kur-in-hessen.de<\/a> I Heilb\u00e4der und Kurorte in Hessen auf <a href=\"https:\/\/www.instagram.com\/kur_in_hessen\/\" target=\"_blank\" rel=\"noreferrer noopener nofollow\" class=\"external\">Instagram<\/a>. <\/p>\n","protected":false},"excerpt":{"rendered":"<p>Mit Blick auf den eindrucksvollen Bergpark und den Herkules sorgte der 21. Hessische Kurtag in Kassel-Bad Wilhelmsh\u00f6he f\u00fcr Gl\u00fccksmomente, die nachwirken. \u201eDie Welt ist im Wandel\u201c, so begr\u00fc\u00dfte Ralf Gutheil, Vorsitzender des Hessischen Heilb\u00e4derverbandes e.V., rund 100 G\u00e4ste und versprach einen Themenbogen von der aktuellen Lage der Heilb\u00e4der und Kurorte&#8230;<\/p>\n","protected":false},"author":2,"featured_media":66102,"comment_status":"open","ping_status":"open","sticky":false,"template":"","format":"standard","meta":{"footnotes":""},"categories":[4,221,264,15],"tags":[56,251,305],"class_list":["post-66068","post","type-post","status-publish","format-standard","has-post-thumbnail","hentry","category-gesundheit","category-hessen-reisen","category-nachhaltig-reisen-leben","category-wellness","tag-gesundheit","tag-gesundheitheitsblogger","tag-gesundheitsblog"],"_links":{"self":[{"href":"https:\/\/www.spaness.de\/blog\/wp-json\/wp\/v2\/posts\/66068","targetHints":{"allow":["GET"]}}],"collection":[{"href":"https:\/\/www.spaness.de\/blog\/wp-json\/wp\/v2\/posts"}],"about":[{"href":"https:\/\/www.spaness.de\/blog\/wp-json\/wp\/v2\/types\/post"}],"author":[{"embeddable":true,"href":"https:\/\/www.spaness.de\/blog\/wp-json\/wp\/v2\/users\/2"}],"replies":[{"embeddable":true,"href":"https:\/\/www.spaness.de\/blog\/wp-json\/wp\/v2\/comments?post=66068"}],"version-history":[{"count":52,"href":"https:\/\/www.spaness.de\/blog\/wp-json\/wp\/v2\/posts\/66068\/revisions"}],"predecessor-version":[{"id":66296,"href":"https:\/\/www.spaness.de\/blog\/wp-json\/wp\/v2\/posts\/66068\/revisions\/66296"}],"wp:featuredmedia":[{"embeddable":true,"href":"https:\/\/www.spaness.de\/blog\/wp-json\/wp\/v2\/media\/66102"}],"wp:attachment":[{"href":"https:\/\/www.spaness.de\/blog\/wp-json\/wp\/v2\/media?parent=66068"}],"wp:term":[{"taxonomy":"category","embeddable":true,"href":"https:\/\/www.spaness.de\/blog\/wp-json\/wp\/v2\/categories?post=66068"},{"taxonomy":"post_tag","embeddable":true,"href":"https:\/\/www.spaness.de\/blog\/wp-json\/wp\/v2\/tags?post=66068"}],"curies":[{"name":"wp","href":"https:\/\/api.w.org\/{rel}","templated":true}]}}