{"id":70628,"date":"2026-04-28T10:00:00","date_gmt":"2026-04-28T08:00:00","guid":{"rendered":"https:\/\/www.spaness.de\/blog\/?p=70628"},"modified":"2026-04-28T10:11:59","modified_gmt":"2026-04-28T08:11:59","slug":"spacamp-reconnect","status":"publish","type":"post","link":"https:\/\/www.spaness.de\/blog\/spacamp-reconnect\/","title":{"rendered":"Zwischen Longevity-Hype und echter Verbindung: Wohin steuert die Wellnessbranche?"},"content":{"rendered":"\n<p><strong>IMM, ITB, Internorga und FIBO: die ersten touristischen Fachveranstaltungen in diesem Jahr liegen hinter mir und gleichzeitig f\u00fchren sie gedanklich bereits zu einem der wichtigsten Branchentreffen im Herbst: dem SpaCamp. F\u00fcr mich geht es dabei nat\u00fcrlich vor allem um den Austausch rund um Wellness- und Gesundheitstourismus.<\/strong><\/p>\n\n\n\n<p>Wie immer stellen sich dabei auch kritische Fragen: Was wollen G\u00e4ste wirklich? Wohin f\u00fchren uns Gesundheitstrends? Was verbinden Urlauber \u00fcberhaupt mit dem Begriff Longevity? Ist das tats\u00e4chlich ein relevanter Wellness- und Gesundheitstrend oder doch nur ein weiteres, oft unverstandenes Buzzword der Branche, das f\u00fcr profane Marketingaktionen ausgeschlachtet wird? Genau diese Fragen sind es, die wir auch beim SpaCamp immer wieder diskutieren &#8211; offen, ehrlich und auf Augenh\u00f6he<\/p>\n\n\n\n<figure class=\"wp-block-image size-full\"><img loading=\"lazy\" decoding=\"async\" width=\"900\" height=\"858\" src=\"https:\/\/www.spaness.de\/blog\/wp-content\/uploads\/6468bc96-23b1-4a72-bf9d-c542665de172-1.jpeg\" alt=\"FIBO SpaCamp Day 2026: Tanja spaness.de, Sandra Hotel Munte, Catrin Stoppa Consulting, Wolfgang SpaCamp\" class=\"img-responsive wp-image-70705\" srcset=\"https:\/\/www.spaness.de\/blog\/wp-content\/uploads\/6468bc96-23b1-4a72-bf9d-c542665de172-1.jpeg 900w, https:\/\/www.spaness.de\/blog\/wp-content\/uploads\/6468bc96-23b1-4a72-bf9d-c542665de172-1-300x286.jpeg 300w\" sizes=\"auto, (max-width: 900px) 100vw, 900px\" \/><figcaption class=\"wp-element-caption\">FIBO SpaCamp Day 2026: Tanja spaness.de, Sandra Hotel Munte, Catrin Stoppa Consulting, Wolfgang SpaCamp<\/figcaption><\/figure>\n\n\n\n<h2 class=\"wp-block-heading\">Gesundheits- und Wellnesstrends: Was wollen die Menschen wirklich?<\/h2>\n\n\n\n<p>Am 1. Mai startet der <strong>Run auf die Tickets f\u00fcr das SpaCamp<\/strong> \u2013 die Fachveranstaltung f\u00fcr Akteure der <strong>Wellness- und Spa-Branche<\/strong> sowie des <strong>Gesundheitstourismus<\/strong>.<\/p>\n\n\n\n<p>F\u00fcr mich ist es mittlerweile einer der wichtigsten Termine im Jahr, um mich auf Augenh\u00f6he mit Kolleginnen und Kollegen auszutauschen. Denn nur gemeinsam k\u00f6nnen wir etwas bewegen und vor allem die W\u00fcnsche der Menschen und damit auch unserer potenziellen G\u00e4ste wirklich verstehen.<\/p>\n\n\n\n<p>Und das ganz unabh\u00e4ngig von der <em>\u201eHardware\u201c<\/em> und den <strong>neuesten Wellness- und Gesundheits-Gadgets<\/strong>, die ich auf den Messen begutachten und ausprobieren durfte und die oft auch gute Qualit\u00e4t und Ergebnisse liefern, ohne Frage.<\/p>\n\n\n\n<h3 class=\"wp-block-heading\">SpaCamp Motto 2026: Lasst uns wieder verbinden!<\/h3>\n\n\n\n<p>Das <strong>SpaCamp-Motto<\/strong> in diesem Jahr lautet <em>\u201ere:connect\u201c<\/em> und genau hier m\u00f6chte ich ansetzen. Denn das SpaCamp ist f\u00fcr mich kein klassisches Event, sondern ein Arbeitsraum f\u00fcr die Zukunft unserer Branche.<\/p>\n\n\n\n<p>F\u00fcr mich geht es dabei nicht nur um die Frage: <em>Was verbindet uns eigentlich wieder?<\/em> Sondern auch um das \u201e<em>Warum\u201c<\/em> dahinter: <strong>Warum ist dieser Wunsch nach Wiederverbindung \u00fcberhaupt so pr\u00e4sent?<\/strong> Ist er das wirklich?<\/p>\n\n\n\n<p>Wenn ja, bedeutet das im Umkehrschluss, dass sich viele Menschen verloren f\u00fchlen. Und daraus ergibt sich unmittelbar die n\u00e4chste Frage: <strong>Was k\u00f6nnen wir tun, um Menschen wieder Halt zu geben?<\/strong> Und ist das \u00fcberhaupt die Aufgabe unserer Branche?<\/p>\n\n\n\n<p class=\"has-pale-ocean-gradient-background has-background\">Du willst beim <strong>SpaCamp<\/strong> (12.10.\u201314.10.2026 im Tauern Spa) dabei sein? <a href=\"https:\/\/www.spacamp.net\/\" target=\"_blank\" rel=\"noreferrer noopener nofollow\" class=\"external\">HIER<\/a> geht\u2019s zu Tickets und weiteren Infos!<\/p>\n\n\n\n<figure class=\"wp-block-image img-responsive\"><img loading=\"lazy\" decoding=\"async\" width=\"1024\" height=\"682\" src=\"https:\/\/www.spaness.de\/blog\/wp-content\/uploads\/250907_SpaCamp-7737-1024x682.jpg\" alt=\"SpaCamp 2025 Gruppenfoto Interalpen Tyrol\" class=\"img-responsive wp-image-68027\" srcset=\"https:\/\/www.spaness.de\/blog\/wp-content\/uploads\/250907_SpaCamp-7737-1024x682.jpg 1024w, https:\/\/www.spaness.de\/blog\/wp-content\/uploads\/250907_SpaCamp-7737-300x200.jpg 300w, https:\/\/www.spaness.de\/blog\/wp-content\/uploads\/250907_SpaCamp-7737-1536x1024.jpg 1536w, https:\/\/www.spaness.de\/blog\/wp-content\/uploads\/250907_SpaCamp-7737.jpg 2000w\" sizes=\"auto, (max-width: 1024px) 100vw, 1024px\" \/><figcaption class=\"wp-element-caption\">180 Teilnehmer:innen beim SpaCamp 2025. Foto: SpaCamp\/Lukas Geu<\/figcaption><\/figure>\n\n\n\n<h4 class=\"wp-block-heading\">Was hat Longevity mit \u201eVerbinden\u201c zu tun?<\/h4>\n\n\n\n<p>Gef\u00fchlt reden aktuell alle \u00fcber Longevity. Doch ist das wirklich so? Und steht der Betriff \u00fcberhaupt f\u00fcr Verbindungen? <\/p>\n\n\n\n<p>Ich bin ehrlich: Ich kann den Begriff inzwischen kaum noch h\u00f6ren. Er begegnet uns mittlerweile in fast jeder Werbung, die fr\u00fcher schlicht mit \u201eWellness\u201c gelabelt war. Von <strong>Anti-Aging-Produkten <\/strong>bis hin zu Zahnpasta, von Haut- bis Darmgesundheit. Mittelchen, die <strong>Zellerneuerung, Schlaf <\/strong>oder die <strong>Hautbarriere<\/strong> unterst\u00fctzen sollen.<\/p>\n\n\n\n<h5 class=\"wp-block-heading\">Hand aufs Herz: Hat das wirklich etwas mit \u201eVerbindung\u201c zu tun?<\/h5>\n\n\n\n<p>Im \u00fcbertragenen Sinne vielleicht schon. Denn viele Menschen, die auf diese Versprechen reagieren, f\u00fchlen sich zumindest in einem Punkt verloren: in der Orientierung. Der \u201enormale\u201c Mensch wei\u00df oft gar nicht, was <strong>Longevity eigentlich bedeutet<\/strong>; geschweige denn, wie man es ausspricht.<\/p>\n\n\n\n<p class=\"has-very-light-gray-to-cyan-bluish-gray-gradient-background has-background\">Was Longevity ist oder auch nicht, dar\u00fcber habe ich mich vor einiger Zeit mit Dr. Ronald Burger unterhalten. Klick dich gern in das Interview &#8222;<a href=\"https:\/\/www.spaness.de\/blog\/was-ist-longevity\/\" target=\"_blank\" rel=\"noreferrer noopener\">Megatrend Longevity<\/a>&#8222;, wenn du tiefer einsteigen m\u00f6chtest.<\/p>\n\n\n\n<p>Was all diese Produkte und Botschaften jedoch sehr deutlich zeigen, ist der <strong>Wunsch nach Gesundheit.<\/strong> Idealerweise nach <strong>ewiger Gesundheit<\/strong> und einem <strong>langen, erf\u00fcllten Leben<\/strong>. Auch wenn das (noch lange) nicht realistisch ist.<\/p>\n\n\n\n<p>Genau das sollten wir als Branche ehrlich anerkennen. Die entscheidende Frage ist doch: Was k\u00f6nnen wir unseren G\u00e4sten wirklich <strong>ehrlich und authentisch anbieten<\/strong>, um sie auf ihrem Weg zu mehr <strong>Gesundheit und Wohlbefinden<\/strong> zu unterst\u00fctzen?<\/p>\n\n\n\n<figure class=\"wp-block-image img-responsive\"><img loading=\"lazy\" decoding=\"async\" width=\"1024\" height=\"690\" src=\"https:\/\/www.spaness.de\/blog\/wp-content\/uploads\/IMG_8527_web.jpg-1024x690.webp\" alt=\"Podiumsdiskussion \u201eActive Spa\u201c mit Keven Pr\u00fcnster, Jacqueline Schaffrath, Peter Praunsm\u00e4ndtl, Dr. Ronald Burger, Wolfgang Falkner; Foto: ThysTravel\" class=\"img-responsive wp-image-70690\" srcset=\"https:\/\/www.spaness.de\/blog\/wp-content\/uploads\/IMG_8527_web.jpg-1024x690.webp 1024w, https:\/\/www.spaness.de\/blog\/wp-content\/uploads\/IMG_8527_web.jpg-300x202.webp 300w, https:\/\/www.spaness.de\/blog\/wp-content\/uploads\/IMG_8527_web.jpg.webp 1200w\" sizes=\"auto, (max-width: 1024px) 100vw, 1024px\" \/><figcaption class=\"wp-element-caption\">Podiumsdiskussion auf der FIBO mit Keven Pr\u00fcnster, Jacqueline Schaffrath, Peter Praunsm\u00e4ndtl, Dr. Ronald Burger, Wolfgang Falkner; Foto: ThysTravel<\/figcaption><\/figure>\n\n\n\n<h4 class=\"wp-block-heading\">Was re:connectet uns eigentlich?<\/h4>\n\n\n\n<p>Am Ende bleibt der Wunsch nach Verbindung. Doch wie entsteht sie?<\/p>\n\n\n\n<p>Durch echte, tiefgehende Begegnungen und Kommunikation?<br>Durch bewusste Ruhe?<br>Durch Zeit in der Natur?<br>Durch Zeit mit uns selbst?<br>Durch Ber\u00fchrung, nicht nur k\u00f6rperlich, sondern auch emotional?<\/p>\n\n\n\n<blockquote class=\"wp-block-quote is-layout-flow wp-block-quote-is-layout-flow\">\n<p>Auf die Frage \u201eWas bedeutet f\u00fcr dich re:connecting?\u201c sagt <em>Hotel- und Spa-Beraterin Catrin Stoppa<\/em>: \u201eEs ist sch\u00f6n, Menschen kennenzulernen aber genauso wichtig ist es, diese Kontakte zu halten und Beziehungen zu pflegen. Wieder in Verbindung zu kommen mit Menschen und Themen, die uns wichtig sind, und diese bewusst in Erinnerung zu rufen.\u201c<\/p>\n<\/blockquote>\n\n\n\n<p>Nat\u00fcrlich gibt es viele Wege, Verbindung zu schaffen, nicht nur auf <strong>zwischenmenschlicher Ebene<\/strong>. Allein wenn wir uns die heutige <strong>Kommunikationsflut<\/strong> anschauen: Es hei\u00dft, wir nehmen in einer Woche so viele Informationen auf wie ein Mensch fr\u00fcher in seinem gesamten Leben. Diese Informationen werden jedoch nicht nur konsumiert, sie m\u00fcssen eben auch verarbeitet werden.<\/p>\n\n\n\n<p>Genau daran scheitern immer mehr Menschen. Die Folge: Unser <strong>Wohlbefinden leidet<\/strong>, das <strong>Mindset <\/strong>ger\u00e4t <strong>aus dem Gleichgewicht<\/strong> und nicht selten auch die <strong>psychische Gesundheit<\/strong>.<\/p>\n\n\n\n<blockquote class=\"wp-block-quote is-layout-flow wp-block-quote-is-layout-flow\">\n<p><em>Julia G\u00f6ddeke, Marketing Managerin beim Sauerland-Tourismus e. V.<\/em>, bringt es so auf den Punkt: \u201eVerbundenheit hei\u00dft f\u00fcr mich in erster Linie, sie f\u00fcr sich selbst zu finden. Sich bewusst Zeit zu nehmen, die Akkus aufzuladen und gezielt Erlebnisse mit Qualit\u00e4t f\u00fcr K\u00f6rper, Geist und Seele zu suchen; sodass ich nach Hause gehe und mich wirklich aufgeladen f\u00fchle.\u201c<\/p>\n<\/blockquote>\n\n\n\n<blockquote class=\"wp-block-quote is-layout-flow wp-block-quote-is-layout-flow\">\n<p>Auch f\u00fcr <a href=\"https:\/\/www.spaness.de\/blog\/glowcard-wellnessgutschein\/\" target=\"_blank\" rel=\"noreferrer noopener\"><em>Glowcard-Gr\u00fcnder Stefan Matthiessen<\/em><\/a> ist re:connect kein Trend und kein Buzzword: \u201eEs ist eine Haltung. Eine Auseinandersetzung mit der Frage, welche Version von mir mein Umfeld bekommt. Ich versuche, so verbunden wie m\u00f6glich zu sein \u2013 denn k\u00f6rperliches und geistiges Wohlbefinden sind daf\u00fcr die Grundlage. Das Ironische ist: Ich baue t\u00e4glich an einer Plattform, die Menschen zu mehr Wohlf\u00fchlmomenten bewegt, muss mich selbst aber manchmal dazu zwingen, sie auch zu nutzen. Wer im Wellness-Umfeld arbeitet, l\u00e4uft Gefahr, Wohlbefinden zur Theorie werden zu lassen und zu etwas, das man erkl\u00e4rt, vermarktet und verkauft, aber nicht mehr selbst f\u00fchlt. Ganzheitliches Wohlbefinden ist f\u00fcr mich deshalb keine Philosophie f\u00fcr ruhige Zeiten. Es ist das Fundament, auf dem ich leistungsf\u00e4hig und gesund bleibe und pr\u00e4sent bin f\u00fcr meine Familie und mein Team.\u201c<\/p>\n<\/blockquote>\n\n\n\n<figure class=\"wp-block-image img-responsive\"><img loading=\"lazy\" decoding=\"async\" width=\"1024\" height=\"683\" src=\"https:\/\/www.spaness.de\/blog\/wp-content\/uploads\/01_Motto_SpaCamp_2026_Simone-BecchettiStocksy-stock_adobe-scaled-1-1024x683.jpg\" alt=\"re:connect SpaCamp 2026\" class=\"img-responsive wp-image-70700\" srcset=\"https:\/\/www.spaness.de\/blog\/wp-content\/uploads\/01_Motto_SpaCamp_2026_Simone-BecchettiStocksy-stock_adobe-scaled-1-1024x683.jpg 1024w, https:\/\/www.spaness.de\/blog\/wp-content\/uploads\/01_Motto_SpaCamp_2026_Simone-BecchettiStocksy-stock_adobe-scaled-1-300x200.jpg 300w, https:\/\/www.spaness.de\/blog\/wp-content\/uploads\/01_Motto_SpaCamp_2026_Simone-BecchettiStocksy-stock_adobe-scaled-1-1536x1025.jpg 1536w, https:\/\/www.spaness.de\/blog\/wp-content\/uploads\/01_Motto_SpaCamp_2026_Simone-BecchettiStocksy-stock_adobe-scaled-1-2048x1366.jpg 2048w\" sizes=\"auto, (max-width: 1024px) 100vw, 1024px\" \/><figcaption class=\"wp-element-caption\">re:connect \u2013 Motto &amp; Keyvisual des SpaCamp 2026. Foto: Simone Becchetti\/Stocksy \u2013 stock.adobe.com<\/figcaption><\/figure>\n\n\n\n<h4 class=\"wp-block-heading\">Verbindung als Grundlage f\u00fcr Gesundheit und Wohlbefinden<\/h4>\n\n\n\n<p>Wir sprechen also von einer <strong>bewussten (Wieder-)Verbindung<\/strong>: mit der Natur, mit dem eigenen K\u00f6rper, angefangen bei der Ern\u00e4hrung (was n\u00e4hrt uns wirklich?) bis hin zur Bewegung, mit der Seele (von Ruhe bis Zufriedenheit) und vor allem auch auf zwischenmenschlicher Ebene.<\/p>\n\n\n\n<p>Denn ja: Auch unsere <strong>sozialen Beziehungen<\/strong> und <strong>unser Verhalten<\/strong> sind zentrale Faktoren f\u00fcr unsere <strong>Gesundheit<\/strong>. Vielleicht ist genau das auch der Grund, warum Formate wie das <strong>SpaCamp<\/strong> so gut funktionieren? Weil sie Raum f\u00fcr echte Begegnung schaffen, jenseits von klassischen Messeformaten.<\/p>\n\n\n\n<p>Und genau hier schlie\u00dft sich der Kreis zur viel zitierten \u201eLanglebigkeit\u201c. All diese Faktoren greifen ineinander. Sie bilden die <strong>Grundlage f\u00fcr Zufriedenheit <\/strong>und damit auch f\u00fcr die <strong>reale Chance<\/strong> auf ein <strong>l\u00e4ngeres, ges\u00fcnderes Leben<\/strong>. Und vielleicht ist genau das der Punkt, an dem wir als Branche wieder st\u00e4rker ansetzen sollten? Gemeinsam, im Austausch und im echten Dialog. Genau daf\u00fcr braucht es Formate wie das SpaCamp.<\/p>\n\n\n\n<figure class=\"wp-block-image img-responsive\"><img loading=\"lazy\" decoding=\"async\" width=\"819\" height=\"1024\" src=\"https:\/\/www.spaness.de\/blog\/wp-content\/uploads\/SpaCamp_2026_Partner_Posting_Spaness-819x1024.png\" alt=\"SpaCamp_2026_Partner_Posting_Spaness\" class=\"img-responsive wp-image-70668\" srcset=\"https:\/\/www.spaness.de\/blog\/wp-content\/uploads\/SpaCamp_2026_Partner_Posting_Spaness-819x1024.png 819w, https:\/\/www.spaness.de\/blog\/wp-content\/uploads\/SpaCamp_2026_Partner_Posting_Spaness-240x300.png 240w, https:\/\/www.spaness.de\/blog\/wp-content\/uploads\/SpaCamp_2026_Partner_Posting_Spaness.png 1080w\" sizes=\"auto, (max-width: 819px) 100vw, 819px\" \/><\/figure>\n\n\n\n<ul class=\"wp-block-list\">\n<li>R\u00fcckblick <a href=\"https:\/\/www.spaness.de\/blog\/spacamp-2025\/\">SpaCamp 2025<\/a><\/li>\n\n\n\n<li>R\u00fcckblick <a href=\"https:\/\/www.spaness.de\/blog\/spacamp-2024-wellnesstrends\/\">SpaCamp 2024<\/a><\/li>\n<\/ul>\n\n\n\n<p>*<em>Offenlegung: SPANESS ist auf dem SpaCamp 2026 als Medienpartner dabei.<\/em><\/p>\n","protected":false},"excerpt":{"rendered":"<p>IMM, ITB, Internorga und FIBO: die ersten touristischen Fachveranstaltungen in diesem Jahr liegen hinter mir und gleichzeitig f\u00fchren sie gedanklich bereits zu einem der wichtigsten Branchentreffen im Herbst: dem SpaCamp. Das Motto 2026 re:connect<\/p>\n","protected":false},"author":2,"featured_media":70693,"comment_status":"open","ping_status":"open","sticky":false,"template":"","format":"standard","meta":{"footnotes":""},"categories":[3,4,7,15],"tags":[204,306,203,169],"class_list":["post-70628","post","type-post","status-publish","format-standard","has-post-thumbnail","hentry","category-business-meets-paradise","category-gesundheit","category-interview","category-wellness","tag-spablogger","tag-spacamp","tag-wellnessblog","tag-wellnesstrend"],"_links":{"self":[{"href":"https:\/\/www.spaness.de\/blog\/wp-json\/wp\/v2\/posts\/70628","targetHints":{"allow":["GET"]}}],"collection":[{"href":"https:\/\/www.spaness.de\/blog\/wp-json\/wp\/v2\/posts"}],"about":[{"href":"https:\/\/www.spaness.de\/blog\/wp-json\/wp\/v2\/types\/post"}],"author":[{"embeddable":true,"href":"https:\/\/www.spaness.de\/blog\/wp-json\/wp\/v2\/users\/2"}],"replies":[{"embeddable":true,"href":"https:\/\/www.spaness.de\/blog\/wp-json\/wp\/v2\/comments?post=70628"}],"version-history":[{"count":43,"href":"https:\/\/www.spaness.de\/blog\/wp-json\/wp\/v2\/posts\/70628\/revisions"}],"predecessor-version":[{"id":70707,"href":"https:\/\/www.spaness.de\/blog\/wp-json\/wp\/v2\/posts\/70628\/revisions\/70707"}],"wp:featuredmedia":[{"embeddable":true,"href":"https:\/\/www.spaness.de\/blog\/wp-json\/wp\/v2\/media\/70693"}],"wp:attachment":[{"href":"https:\/\/www.spaness.de\/blog\/wp-json\/wp\/v2\/media?parent=70628"}],"wp:term":[{"taxonomy":"category","embeddable":true,"href":"https:\/\/www.spaness.de\/blog\/wp-json\/wp\/v2\/categories?post=70628"},{"taxonomy":"post_tag","embeddable":true,"href":"https:\/\/www.spaness.de\/blog\/wp-json\/wp\/v2\/tags?post=70628"}],"curies":[{"name":"wp","href":"https:\/\/api.w.org\/{rel}","templated":true}]}}