{"id":7764,"date":"2013-08-29T07:35:44","date_gmt":"2013-08-29T06:35:44","guid":{"rendered":"http:\/\/www.spaness.de\/blog\/?p=7764"},"modified":"2017-10-02T16:44:46","modified_gmt":"2017-10-02T14:44:46","slug":"wellness-gegen-herbstdepression","status":"publish","type":"post","link":"https:\/\/www.spaness.de\/blog\/wellness-gegen-herbstdepression\/","title":{"rendered":"Herbstblues &#8211; Was tun?"},"content":{"rendered":"<p><strong>Zahlreiche nordeurop\u00e4ische Menschen laufen Gefahr, in den kommenden Wochen, in ein Stimmungstief zu verfallen. Die Umstellung auf Herbstwetter macht es vielen ehrlich gesagt nicht leicht &#8222;happy&#8220; zu bleiben. Bei vielen Menschen meldet sich jetzt der &#8222;Herbstblues&#8220; -&gt; welches dann auch nicht selten in Herbstdepressionen enden kann.<br \/>\n<\/strong><\/p>\n<h2>Wellness-Feeling vs. Herbstblues&#8230;<\/h2>\n<h2>&#8230;Entspannt statt Abgespannt &#8211; wann wenn nicht JETZT?<\/h2>\n<p class=\"MsoNormal\">Der Sommer meinte es richtig gut. Im Vergleich zu den Sommern der Vorjahre hat er uns bislang deutlich mehr Sonnentage sowie auch h\u00f6here Temperaturen spendiert, besonders der Sp\u00e4tsommer war vielerorts ein echter Knaller &#8211; auch wenn wir jedes Jahr anderer Meinung sind.<span style=\"mso-fareast-font-family: &amp;amp; amp; mso-bidi-font-family: &amp;amp;\"> \ud83d\ude09 Doch auch egal wie gut oder schlecht der Sommer tats\u00e4chlich ist, verw\u00f6hnt er uns doch mit sommerlichen Temperaturen und Sonnenstunden.<br \/>\n<\/span><\/p>\n<div id=\"attachment_7780\" class=\"img-container clear-fix imgcenter\"><a href=\"https:\/\/www.spaness.de\/blog\/wellness-gegen-herbstdepression\/herbst\/\" rel=\"attachment wp-att-7780\"><img loading=\"lazy\" decoding=\"async\" class=\"img-responsive size-full img-responsive wp-image-7780\" src=\"https:\/\/www.spaness.de\/blog\/wp-content\/uploads\/Herbst-1.jpg\" alt=\"Entspannung im Herbst\" width=\"640\" height=\"427\" srcset=\"https:\/\/www.spaness.de\/blog\/wp-content\/uploads\/Herbst-1.jpg 640w, https:\/\/www.spaness.de\/blog\/wp-content\/uploads\/Herbst-1-300x200.jpg 300w\" sizes=\"auto, (max-width: 640px) 100vw, 640px\" \/><\/a><h5 class=\"text-center\">Entspannung im Herbst<\/h5><\/div>\n<p class=\"MsoNormal\">Allerdings steht eine Sache mit Ende des Sommers auf alle F\u00e4lle fest: Das Wetter \u00e4ndert sich, der Herbst n\u00e4hert sich mit gro\u00dfen Schritten bzw ist er l\u00e4ngst da. Die Tage werden k\u00fcrzer und somit auch wieder<span style=\"mso-fareast-font-family: &amp;amp; amp; mso-bidi-font-family: &amp;amp;\"> tr\u00fcber. <\/span>Ist der Herbst erst einmal da, drohen deutlich niedrigere Temperaturen und mehr Feuchtigkeit.<\/p>\n<p class=\"MsoNormal\">Solch eine Wetter\u00e4nderung l\u00e4sst bei vielen Menschen die Stimmung umschlagen.<span style=\"mso-fareast-font-family: &amp;amp; amp; mso-bidi-font-family: &amp;amp;\"> Die Menschen<\/span> f\u00fchlen sich auf einmal nicht mehr wohl und haben das Bed\u00fcrfnis, Energie tanken zu m\u00fcssen.<\/p>\n<blockquote>\n<p class=\"MsoNormal\">Doch wie tankt man denn am besten Energie, wenn es draussen regnet, st\u00fcrmt und grau ist?<\/p>\n<\/blockquote>\n<p class=\"MsoNormal\">Wir schw\u00f6ren ja auf einen <a title=\"Wellnesshotels und Wellness-Angebote auf spaness.de\" href=\"https:\/\/www.spaness.de\" target=\"_blank\" rel=\"noopener noreferrer\">Wellness-Urlaub<\/a> und wenn das nicht geht, wenigstens mal ein <a href=\"https:\/\/www.spaness.de\/blog\/zeit-zu-zweit-schenken\/\" target=\"_blank\" rel=\"noopener noreferrer\">kuscheliges Wellness-Wochenende<\/a> oder Day Spa Tag. H\u00e4ufig gen\u00fcgt das schon voll und ganz: Wer f\u00fcr ein paar Tage verreist, befindet sich in der Lage, sein Wohlbefinden zu steigern und die eigenen Akkus zu laden<span style=\"mso-fareast-font-family: &amp;amp; amp; mso-bidi-font-family: &amp;amp;\">.<!--more--><\/span><\/p>\n<p class=\"MsoNormal\">Allerdings handelt es sich hierbei leider um eine Ma\u00dfnahme, die viel zu selten ergriffen wird. Grund ist meistens der Alltag, der viel Stress und Hektik mit sich bringt. Die meisten Personen haben eben generell so viel zu tun, dass sie gar nicht erst dazu kommen, einen Wellness-Urlaub bzw. eine Wellnessauszeit vorzubereiten.<span style=\"mso-fareast-font-family: &amp;amp; amp; mso-bidi-font-family: &amp;amp;\"> Obwoh<\/span>l<span style=\"mso-fareast-font-family: &amp;amp; amp; mso-bidi-font-family: &amp;amp;\"> daf\u00fcr sogar <\/span>die Kosten nicht hoch liegen m\u00fcssen.<span style=\"mso-fareast-font-family: &amp;amp; amp; mso-bidi-font-family: &amp;amp;\"> Schlie\u00dflich ist es nicht un\u00fcblich, <\/span>Wellness-Urlaub im eigenen Land zu machen, wodurch vor allem die Aufwendungen der Anreise niedrig bleiben und der Stressfaktor schon durch eine kurze und schnelle Anreise in Grenzen gehalten wird.<\/p>\n<h2 class=\"MsoNormal\"><strong>Wellness-Angebote<\/strong><strong> in<\/strong><strong> den<\/strong><strong> einzelnen<\/strong><strong> Regionen<\/strong><strong> Deutschlands<\/strong><\/h2>\n<p>Wer neue Energie tanken m\u00f6chte, sollte daher nicht l\u00e4nger warten, sondern sich direkt auf die Suche nach dem passenden Wellness-Angebot begeben. Dabei kann Wellness auch ganz unterschiedlich aussehen. F\u00fcr den einen reicht schon der regelm\u00e4\u00dfige Spaziergang &#8211; t\u00e4glich im Wald und an der frischen Luft. F\u00fcr andere wiederum wirkt ein Tag in einer Thermenlandschaft Wunder oder einfach mal einen Tag im Bett verbringen und kr\u00e4ftig ausschlafen.<\/p>\n<p>Doch ich m\u00f6cht euch heute ein paar Alternativen in Sachen Wellness-Auszeit in Deutschland vorstellen &#8211; vielleicht ist ja was f\u00fcr euch dabei! \ud83d\ude09<\/p>\n<p>Je nach Region k\u00f6nnen sich diese stark voneinander unterscheiden. Es folgt eine kurze \u00dcbersicht, in deren Rahmen erl\u00e4utert wird, welche Wellness-Behandlungen in den einzelnen Regionen Deutschlands dominieren.<\/p>\n<h2 class=\"MsoNormal\"><strong>Wellness in Norddeutschland<\/strong><\/h2>\n<p class=\"MsoNormal\">Ein Gro\u00dfteil der norddeutschen <a href=\"https:\/\/www.spaness.de\/lexikon\/hotel\/w\/wellnesshotel\/\" target=\"_blank\" rel=\"noopener noreferrer\">Wellness-Hotels<\/a> befindet sich direkt an der K\u00fcste. \u00dcberraschend ist dies nicht, schlie\u00dflich bietet sich hier die M\u00f6glichkeit, das Meer in die Behandlungen einzubeziehen. Im Vordergrund steht die so genannte <a title=\"Was ist Thalasso?\" href=\"https:\/\/www.spaness.de\/wellnesslexikon\/t\/thalasso.htm\" target=\"_blank\" rel=\"noopener noreferrer\">Thalasso Behandlung<\/a> und \u00e4hnlich andere Konzepte mit Salz\/Meerwasser, Schlick, Schlamm und Sole.<\/p>\n<p class=\"MsoNormal\">Das Konzept der Thalasso sieht vor, dass Wellness-Behandlungen in Verbindung mit Meerwasser erfolgen. Dem Meerwasser wurde aufgrund seines Salzgehalts eine gesundheitliche Wirkung nachgewiesen, fr\u00fcher dienten entsprechende Therapien zur Behandlung einer Vielzahl an Krankheiten.<\/p>\n<p class=\"MsoNormal\">Auch die K\u00fcstenlandschaft wird gerne in Wellness-Konzepte einbezogen. Am Strand lassen sich lange Spazierg\u00e4nge machen, welche die Chance bieten, an gesunder Seeluft die Seele richtig baumeln zu lassen.<\/p>\n<div id=\"attachment_11908\" class=\"img-container clear-fix imgcenter\"><a href=\"https:\/\/www.spaness.de\/blog\/ruegen-zu-allen-jahreszeiten\/dsc03428\/\" rel=\"attachment wp-att-11908\"><img loading=\"lazy\" decoding=\"async\" class=\"img-responsive img-responsive img-responsive wp-image-11908\" src=\"https:\/\/www.spaness.de\/blog\/wp-content\/uploads\/DSC03428-1-1024x683.jpg\" alt=\"Am Strand auf R\u00fcgen\" width=\"1024\" height=\"683\" srcset=\"https:\/\/www.spaness.de\/blog\/wp-content\/uploads\/DSC03428-1-1024x683.jpg 1024w, https:\/\/www.spaness.de\/blog\/wp-content\/uploads\/DSC03428-1-300x200.jpg 300w, https:\/\/www.spaness.de\/blog\/wp-content\/uploads\/DSC03428-1.jpg 1280w\" sizes=\"auto, (max-width: 1024px) 100vw, 1024px\" \/><\/a><h5 class=\"text-center\">Am Strand auf R\u00fcgen<\/h5><\/div>\n<h2 class=\"MsoNormal\"><strong>Wellness in der <\/strong><strong> Mitte<\/strong><strong> von<\/strong><strong> Deutschland<\/strong><\/h2>\n<p>Inmitten Deutschlands sind Wellness-Behandlungen oft an Heilb\u00e4der gekoppelt. Das Wasser kommt aus Quellen, die teilweise sogar erw\u00e4rmt sind. Das gro\u00dfe Merkmal ist der hohe Gehalt an Mineralstoffen:<span style=\"mso-fareast-font-family: &amp;amp; amp; mso-bidi-font-family: &amp;amp;\"> Dank der <\/span>hohen Konzentration erzielen sie eine intensive Wirkung. Auch Schwefel spielt im Rahmen der Behandlung oft eine wichtige Rolle.<\/p>\n<p class=\"MsoNormal\">Ein interessantes Konzept, das erg\u00e4nzend zum Heilbad angeboten wird, findet sich in vielen Orten mit dem Zunamen &#8222;Bad&#8220; wieder. Hier wurden beispielsweise sogenannte Gradierbauten errichtet: <a title=\"Heilwasser, Thermalwasser etc.\" href=\"https:\/\/www.spaness.de\/blog\/wasser-salz-und-warme-2\/\" target=\"_blank\" rel=\"noopener noreferrer\">Heilwasser<\/a> tropft<span style=\"mso-fareast-font-family: &amp;amp; amp; mso-bidi-font-family: &amp;amp;\"> in den Salinen, <\/span>mehrere Meter tief, \u00fcber feine Zweige hinweg,<span style=\"mso-fareast-font-family: &amp;amp; amp; mso-bidi-font-family: &amp;amp;\"> wodurch <\/span>die Luft mit N\u00e4hrstoffen<span style=\"mso-fareast-font-family: &amp;amp; amp; mso-bidi-font-family: &amp;amp;\"> angereichert wird<\/span>. Das k\u00fchle Mikroklima, das in den Bauten herrscht, verspricht ein sofortiges Entspannen.<\/p>\n<div id=\"attachment_13415\" class=\"img-container clear-fix imgcenter\"><a href=\"https:\/\/www.spaness.de\/blog\/bad-wilsnack-moor-salz-und-natur\/dsc05475\/\" rel=\"attachment wp-att-13415\"><img loading=\"lazy\" decoding=\"async\" class=\"img-responsive img-responsive img-responsive wp-image-13415\" src=\"https:\/\/www.spaness.de\/blog\/wp-content\/uploads\/DSC05475-1024x682.jpg\" alt=\"Gradierwerk Bad Wilsnack - eins der gr\u00f6\u00dften Gradierwerke in Deutschland\" width=\"1024\" height=\"682\" srcset=\"https:\/\/www.spaness.de\/blog\/wp-content\/uploads\/DSC05475-1024x682.jpg 1024w, https:\/\/www.spaness.de\/blog\/wp-content\/uploads\/DSC05475-300x200.jpg 300w, https:\/\/www.spaness.de\/blog\/wp-content\/uploads\/DSC05475.jpg 1280w\" sizes=\"auto, (max-width: 1024px) 100vw, 1024px\" \/><\/a><h5 class=\"text-center\">Gradierwerk Bad Wilsnack &#8211; eins der gr\u00f6\u00dften Gradierwerke in Deutschland<\/h5><\/div>\n<h2 class=\"MsoNormal\"><strong>Wellness in S\u00fcddeutschland<\/strong><\/h2>\n<p class=\"MsoNormal\">Im S\u00fcden der Republik sind <a title=\"Wellness-Angebote und Wellness-Arrangements\" href=\"https:\/\/www.spaness.de\" target=\"_blank\" rel=\"noopener noreferrer\">Wellness-Angebote<\/a> h\u00e4ufig auf die <a title=\"Was ist eine Kneippkur?\" href=\"https:\/\/www.spaness.de\/wellnesslexikon\/k\/kneipp.htm\" target=\"_blank\" rel=\"noopener noreferrer\">Kneippbehandlungen<\/a> ausgelegt. Hierbei steht der Kontakt mit dem k\u00fchlen Nass im Vordergrund, um somit die Durchblutung zu f\u00f6rdern. Au\u00dferdem sind viele Regionen f\u00fcr ihre Nadelw\u00e4lder bekannt, weshalb Tannennadeln oder deren Extrakte gerne als Zus\u00e4tze f\u00fcr Heilb\u00e4der verwendet werden. Auch das Thema &#8222;Berge&#8220; oder auch &#8222;Wein&#8220; wird h\u00e4ufig bei der Anwendungsgestaltung wieder aufgegriffen.<\/p>\n<p class=\"MsoNormal\">Wer neue Eindr\u00fccke gewinnen m\u00f6chte, absolviert kleine Wanderungen. Es gibt unz\u00e4hlige Wanderwege und Aussichtspunkte, die letztlich nur darauf warten, entdeckt zu werden.<\/p>\n<div id=\"attachment_8302\" class=\"img-container clear-fix imgcenter\"><a href=\"https:\/\/www.spaness.de\/blog\/wellnesszauber-statt-wiesenfieber\/berge_sonne_1306-2\/\" rel=\"attachment wp-att-8302\"><img loading=\"lazy\" decoding=\"async\" class=\"img-responsive size-full img-responsive wp-image-8302\" src=\"https:\/\/www.spaness.de\/blog\/wp-content\/uploads\/Berge_Sonne_13061-1.jpg\" alt=\"Bergwellness\" width=\"640\" height=\"427\" srcset=\"https:\/\/www.spaness.de\/blog\/wp-content\/uploads\/Berge_Sonne_13061-1.jpg 640w, https:\/\/www.spaness.de\/blog\/wp-content\/uploads\/Berge_Sonne_13061-1-300x200.jpg 300w\" sizes=\"auto, (max-width: 640px) 100vw, 640px\" \/><\/a><h5 class=\"text-center\">Bergwellness<\/h5><\/div>\n<h2 class=\"MsoNormal\"><strong>Das<\/strong><strong> passende<\/strong><strong> Wellness-Hotel<\/strong><strong> finden<\/strong><\/h2>\n<p>Die Auswahl an <a href=\"https:\/\/www.spaness.de\/blog\/category\/reise-angebote\/\">Wellness-Angeboten in Deutschland<\/a> ist \u00e4u\u00dferst gro\u00df. Deshalb sollten Interessenten zun\u00e4chst festlegen, <a href=\"https:\/\/www.spaness.de\/lexikon\/regionen\/\">in welche Region<\/a> sie reisen m\u00f6chten. Im Anschluss begeben sie sich beispielsweise in ein Reiseb\u00fcro oder durchst\u00f6bern einfach mal Bewertungsportale und Reiseblogs &#8211; es gibt nat\u00fcrlich auch <a href=\"https:\/\/www.spaness.de\/blog\/tag\/spablog\/\">spezielle Spa-Blogs<\/a>. Die Wellness- und Reiseexperten wissen oft genau, welche Hotels als besonders empfehlenswert gelten und k\u00f6nnen somit die passenden Angebote vorschlagen.<\/p>\n<p class=\"MsoNormal\">\u00dcbrigens ist es eine \u00dcberlegung wert, Hotel und Anreise zusammen zu buchen, damit es auf alle F\u00e4lle ein Wellnessurlaub f\u00fcr die Sinne wird. \ud83d\ude42 Viele Interessenten tendieren zwar zu An- und Abreise mit dem eigenen Pkw, allerdings kann diese an viel Stress<span style=\"mso-fareast-font-family: &amp;amp; amp; mso-bidi-font-family: &amp;amp;\"> und Aufwand <\/span>gekoppelt sein. Da ist es wesentlich entspannter, wenn g\u00fcnstige Zug- oder Flugtickets kurzerhand mitgebucht werden. Einige Hotels bieten einen solchen Service zum Teil sogar direkt an.<\/p>\n<div id=\"attachment_14168\" class=\"img-container clear-fix imgcenter\"><a href=\"https:\/\/www.spaness.de\/blog\/angebot-wellnesshotel-sauerland\/dsc06203\/\" rel=\"attachment wp-att-14168\"><img loading=\"lazy\" decoding=\"async\" class=\"img-responsive img-responsive img-responsive wp-image-14168\" src=\"https:\/\/www.spaness.de\/blog\/wp-content\/uploads\/DSC06203-1024x682.jpg\" alt=\"Romantik und Wellnesshotel Deimann\" width=\"1024\" height=\"682\" srcset=\"https:\/\/www.spaness.de\/blog\/wp-content\/uploads\/DSC06203-1024x682.jpg 1024w, https:\/\/www.spaness.de\/blog\/wp-content\/uploads\/DSC06203-300x200.jpg 300w, https:\/\/www.spaness.de\/blog\/wp-content\/uploads\/DSC06203.jpg 1280w\" sizes=\"auto, (max-width: 1024px) 100vw, 1024px\" \/><\/a><h5 class=\"text-center\">Romantik und Wellnesshotel Deimann<\/h5><\/div>\n<p class=\"MsoNormal\"><em>Ihr Lieben, ich bin weder Arzt noch Psychologin &#8211; ich bin lediglich ein echter Wellnessfan. Daher handelt es sich hierbei nat\u00fcrlich nur um ein paar Tipps und Ideen, um dem Herbstblues die Breitseite zu zeigen. Solltet ihr euch trotzdem und vor allen Dingen auch \u00fcber einen l\u00e4ngeren Zeitraum in einer &#8222;traurigen&#8220; Stimmung befinden, sucht euch unbedingt \u00e4rztliche Hilfe. Depressionen aller Art sind kein Grund sich zu sch\u00e4men, es handelt sich um eine Krankheit und die kann, sollte und mu\u00df unter \u00e4rztlicher Aufsicht behandelt werden. Also bitte keinen falschen Stolz vorschieben, sondern holt euch Hilfe, wenn ihr das Gef\u00fchl habt, ihr fallt in einen dauerhaften &#8222;Blues&#8220; und schafft es da nicht mehr raus!\u00a0<\/em><\/p>\n<p class=\"MsoNormal\">___<\/p>\n<p class=\"MsoNormal\"><strong>Noch mehr Wellness-Gedanken auf spaness.de:<\/strong><\/p>\n<ul>\n<li><a title=\"Was wird am Meer in Sachen Wellness genutzt?\" href=\"https:\/\/www.spaness.de\/blog\/urlaub_am_meer\/\" target=\"_blank\" rel=\"noopener noreferrer\">Wellness &amp; Urlaub am Meer<\/a><\/li>\n<li><a title=\"Was hat Moos mit Gesundheit zu tun?\" href=\"https:\/\/www.spaness.de\/blog\/gesundheit-und-wellness-mit-moos\/\" target=\"_blank\" rel=\"noopener noreferrer\">Gr\u00fcne Gesundheit<\/a> &#8211; ohne Moos nix los!<\/li>\n<li><a title=\"Nie wieder H\u00fcftengold! :-)\" href=\"https:\/\/www.spaness.de\/blog\/ran-an-den-speck\/\" target=\"_blank\" rel=\"noopener noreferrer\">Ran an den Speck<\/a>!<\/li>\n<\/ul>\n<p>&nbsp;<\/p>\n<p>&nbsp;<\/p>\n","protected":false},"excerpt":{"rendered":"<p>Zahlreiche nordeurop\u00e4ische Menschen laufen Gefahr, in den kommenden Wochen, in ein Stimmungstief zu verfallen. Die Umstellung auf Herbstwetter macht es vielen ehrlich gesagt nicht leicht &#8222;happy&#8220; zu bleiben. Bei vielen Menschen meldet sich jetzt der &#8222;Herbstblues&#8220; -&gt; welches dann auch nicht selten in Herbstdepressionen enden kann. Wellness-Feeling vs. Herbstblues&#8230; &#8230;Entspannt&#8230;<\/p>\n","protected":false},"author":3,"featured_media":7729,"comment_status":"open","ping_status":"open","sticky":false,"template":"","format":"standard","meta":{"footnotes":""},"categories":[4,13,15],"tags":[74,86,87,94,164,170],"class_list":["post-7764","post","type-post","status-publish","format-standard","has-post-thumbnail","hentry","category-gesundheit","category-urlaub","category-wellness","tag-kurzurlaub","tag-naturkosmetik","tag-naturtourismus","tag-reise","tag-wellnesshotel","tag-wellnessurlaub"],"_links":{"self":[{"href":"https:\/\/www.spaness.de\/blog\/wp-json\/wp\/v2\/posts\/7764","targetHints":{"allow":["GET"]}}],"collection":[{"href":"https:\/\/www.spaness.de\/blog\/wp-json\/wp\/v2\/posts"}],"about":[{"href":"https:\/\/www.spaness.de\/blog\/wp-json\/wp\/v2\/types\/post"}],"author":[{"embeddable":true,"href":"https:\/\/www.spaness.de\/blog\/wp-json\/wp\/v2\/users\/3"}],"replies":[{"embeddable":true,"href":"https:\/\/www.spaness.de\/blog\/wp-json\/wp\/v2\/comments?post=7764"}],"version-history":[{"count":8,"href":"https:\/\/www.spaness.de\/blog\/wp-json\/wp\/v2\/posts\/7764\/revisions"}],"predecessor-version":[{"id":20869,"href":"https:\/\/www.spaness.de\/blog\/wp-json\/wp\/v2\/posts\/7764\/revisions\/20869"}],"wp:featuredmedia":[{"embeddable":true,"href":"https:\/\/www.spaness.de\/blog\/wp-json\/wp\/v2\/media\/7729"}],"wp:attachment":[{"href":"https:\/\/www.spaness.de\/blog\/wp-json\/wp\/v2\/media?parent=7764"}],"wp:term":[{"taxonomy":"category","embeddable":true,"href":"https:\/\/www.spaness.de\/blog\/wp-json\/wp\/v2\/categories?post=7764"},{"taxonomy":"post_tag","embeddable":true,"href":"https:\/\/www.spaness.de\/blog\/wp-json\/wp\/v2\/tags?post=7764"}],"curies":[{"name":"wp","href":"https:\/\/api.w.org\/{rel}","templated":true}]}}