{"id":8034,"date":"2013-09-16T19:41:34","date_gmt":"2013-09-16T18:41:34","guid":{"rendered":"http:\/\/www.spaness.de\/blog\/?p=8034"},"modified":"2017-10-26T10:41:05","modified_gmt":"2017-10-26T08:41:05","slug":"fasten-tagebuch","status":"publish","type":"post","link":"https:\/\/www.spaness.de\/blog\/fasten-tagebuch\/","title":{"rendered":"Fasten Tagebuch: Vorbereitung zur Fastenwoche"},"content":{"rendered":"<p><strong>Im Fr\u00fchling dieses Jahres habe ich mich zum zweiten Mal in meinem Leben intensiv mit dem Fasten besch\u00e4ftigt. Ich habe in jungen Jahren tats\u00e4chlich schon h\u00e4ufiger mal ein paar Tage gefastet, doch mich rundum nie richtig mit dem ganzheitlichen Thema besch\u00e4ftigt.<\/strong><\/p>\n<h2>Gedanken ums Fasten<\/h2>\n<p>So w\u00fcrde ich auch r\u00fcckwirkend betrachtend sagen, ich habe es nie wirklich richtig gemacht. Ich habe mich z.B. in der Vergangenheit nicht darauf vorbereitet, sondern einfach gesagt &#8222;heute ist Tag 1 und los gehts&#8220;. Sicherlich war das Ganze auch vor rund 15 Jahren noch exotischer, als heute. Ich wurde damals noch etwas skeptisch betrachtet, wenn ich in der Familie und im Freundeskreis meine Fastenidee vorgestellt habe.<\/p>\n<div class=\"img-container clear-fix imgcenter\"><a title=\"Wellnesshotel Maarblick in der Vulkaneifel\" href=\"https:\/\/www.spaness.de\/inserat\/landidyll-naturpurhotel-maarblick.htm\" target=\"_blank\" rel=\"noopener noreferrer\"><img loading=\"lazy\" decoding=\"async\" src=\"https:\/\/www.spaness.de\/bilder\/vorschau\/267_7451.jpg\" alt=\"Bildquelle: Fastentage im Landidyll Hotel Maarblick in der Vulkaneifel\" width=\"290\" height=\"202\" \/><\/a><h5 class=\"text-center\">Bildquelle: Fastentage im Landidyll Hotel Maarblick in der Vulkaneifel<\/h5><\/div>\n<p>Mittlerweile hat sich das etwas gewandelt. <strong>Immer mehr Menschen achten auch eigenverantwortlich auf ihre Gesundheit<\/strong> und sind interessiert an alternativen Heilmethoden bzw. Ma\u00dfnahmen zu Gesundheitserhaltung. Somit gibt es in meinem Umfeld mittlerweile auch viele Menschen, die bereits gefastet haben, h\u00e4ufiger Fasten und sich auch intensiver mit diesem Thema befasst haben.<\/p>\n<p>Auch ich habe es in diesem Fr\u00fchling noch mal in Angriff genommen. Ich habe mich aber intesiv vorher mit der Thematik besch\u00e4ftigt und auch vorher klar \u00fcberlegt, welche Art von Fasten ich umsetzen m\u00f6chte. F\u00fcr viele Menschen geh\u00f6rt eine Fastekur zum ganz normalen Leben. In fr\u00fcheren Zeiten ging es oft gar nicht ohne Fastenzeiten, da es kurzfristig nicht genug Nahrung gab (wie z.B. bei einem Volk im Himalaja, das Volk war praktisch von der Aussenwelt abgeschlossen und die Felder brachten nicht gen\u00fcgend Ertrag um das ganze Jahr zu essen, also mu\u00dfte zwangsl\u00e4ufig mehrere Wochen im Jahr gefastet werden. Das Volk blieb dabei aber gl\u00fccklich, zufrieden und gesund). Wenn wir von einer Fastenzeit sprechen, mu\u00df nicht immer der Verzicht von Essen gemeint sein, sondern vielleicht auch einfach mal der Verzicht auf andere Genussmittel: Zigarettenverzicht, Alkoholverzicht, Internetverzicht, Handyverzicht etc. Bei mir pers\u00f6nlich sollte es aber um den Verzicht von Nahrung gehen und nat\u00fcrlich auch von Genussmitteln wie Kaffee oder Alkohol (Zigaretten interessieren micht nicht, da ich so oder so Nichtraucher bin ;-)). Wer fastet darf nicht hungern, dass sollte dabei auf alle F\u00e4lle die erste goldene Regel sein.<\/p>\n<div id=\"attachment_21132\" class=\"img-container clear-fix imgcenter\"><a href=\"https:\/\/www.spaness.de\/blog\/rheinburgweg-rundwege-wandern\/dsc08802\/\" rel=\"attachment wp-att-21132\"><img loading=\"lazy\" decoding=\"async\" class=\"img-responsive img-responsive img-responsive wp-image-21132\" src=\"https:\/\/www.spaness.de\/blog\/wp-content\/uploads\/DSC08802-1024x682.jpg\" alt=\"Rheinburgenweg - entspannte Ruhezonen\" width=\"1024\" height=\"682\" srcset=\"https:\/\/www.spaness.de\/blog\/wp-content\/uploads\/DSC08802-1024x682.jpg 1024w, https:\/\/www.spaness.de\/blog\/wp-content\/uploads\/DSC08802-300x200.jpg 300w, https:\/\/www.spaness.de\/blog\/wp-content\/uploads\/DSC08802.jpg 1280w\" sizes=\"auto, (max-width: 1024px) 100vw, 1024px\" \/><\/a><h5 class=\"text-center\">Dem K\u00f6rper eine Pause g\u00f6nnen<\/h5><\/div>\n<h2>Warum &#8222;Fasten&#8220; Menschen?<\/h2>\n<p>Viele Menschen fasten heute, um zur Besinnung zu kommen, denn &#8222;zur Ruhe kommen&#8220; ist in unserer stressigen Zeit gar nicht so einfach. \u00dcberall werden wir reiz\u00fcberflutet und die st\u00e4ndige Erreichbarkeit sorgt f\u00fcr zus\u00e4tzlichen Stre\u00df. Doch Fasten ist nat\u00fcrlich auch eine M\u00f6glichkeit, schnell ein paar \u00fcberfl\u00fcssige Pfunde zu verlieren. So ganz nebenbei wird dem Fasten nat\u00fcrlich auch ein paar sch\u00f6ne Nebenwirkungen nachgesagt. Fasten f\u00fchrt zu sch\u00f6ner Haut, denn beim Fasten entgiften wir unseren K\u00f6rper nat\u00fcrlich auch zwangsl\u00e4ufig. Fasten wird dar\u00fcber hinaus auch immer h\u00e4ufiger als medizinische Ma\u00dfnahme angwendet &#8211; z.B. bei Stoffwechselerkrankungen, Allergien oder auch als Ma\u00dfnahme in den Wechseljahren.<\/p>\n<p>Idealerwei\u00dfe wird w\u00e4hrend der Fastenzeit nicht nur die Ern\u00e4hrung umgestellt sondern eben auch das Leben und der Alltag &#8211; hei\u00dft, wir verzichten zus\u00e4tzlich aufs Fernsehen, bewegen und viel an der frischen Luft (z.B. Radtouren oder Wandern) l\u00f6sen uns vom Alltagsstre\u00df (keine Termin, kein Handy etc.) und vielleicht auf, nicht lebensnotwendige, Medikamente verzichten. Es gibt <a title=\"Wellnesshotels und Fastenhotels auf spaness.de\" href=\"https:\/\/www.spaness.de\" target=\"_blank\" rel=\"noopener noreferrer\">Fastenangebote mittlerweile auch in besonderen Hotels<\/a> &#8211; z.B. Fastenwandern, Fastenwoche, Fastenbegleitung u.v.m. Hier wird die Fastenzeit durch Gespr\u00e4che, Massagen, Saunag\u00e4nge und andere wohltuende Anwendungen unterst\u00fctzt. <a title=\"Fastenversuch Mopo.de\" href=\"http:\/\/www.mopo.de\/nachrichten\/mopo-testet-den-neuen-trend-das-grosse-fasten-experiment--10-tage-ohne-essen,5067140,23819412.html\" target=\"_blank\" rel=\"noopener noreferrer nofollow\" class=\"external\">Fasten liegt im Trend<\/a> und das ist eben auch deutlich zu merken.<\/p>\n<h3>Es gibt verschiedene M\u00f6glichkeiten zu Fasten:<\/h3>\n<ul>\n<li>Wasserfasten (mindestens 2 Liter Wasser pro Tag trinken), zus\u00e4tzlich werden z.B. Vitamintabletten oder Mineralsalztabletten empfohlen, damit keine Mangelerscheinung auftritt<\/li>\n<li>Teefasten (3 x am Tag jeweils 2 Tassen Tee &#8211; verschiedene Kr\u00e4uter &#8211; zus\u00e4tzlich viel Wasser)<\/li>\n<li>Schleimfasten<\/li>\n<li>Rohs\u00e4ftefasten (3 &#8211; 5 x am Tag jeweils 1 Glas frischen Saft, zus\u00e4tzlich viel Wasser)<\/li>\n<li>Molkefasten (1 Liter Molke \u00fcber den Tag verteilt trinken, zus\u00e4tzlich Kr\u00e4utertee und S\u00e4fte und nat\u00fcrlich geht auch Wasser)<\/li>\n<li>Heilfasten<\/li>\n<\/ul>\n<p>Wer fastet sollte wissen, was auf ihn zukommen kann. Z.B. k\u00f6nnte der Fastende frieren oder unter Kopfschmerzen leiden. So etwas kann durch den Verzicht auf Essen passieren. Es sollte daher ausreichend getrunken werden. 2-3 Liter am Tag sollten auf alle F\u00e4lle an Wasser getrunken werden. Kr\u00e4utertees z.B. auch mit Inger oder eine Tasse hei\u00dfe Br\u00fche heitzen ordentlich ein. Im Notfall hilft gegen den Kopfschmerz auch mal ein kleines Glas Saft. Um zum Start den Darm zu entleeren kann Pflaumensaft oder Sauerkrautsaft helfen. Wer fastet kann auch zum Start \u00fcber eine Darmentleerung via Einlauf nachdenken. Denn wenn der Darm entleert ist, dann entstehen auch eigentlich keine Hungergef\u00fchle. Vielen Fastenden f\u00e4llt der Start in die Fastenzeit (also die ersten 1-2 Tage) schwer. Ab dem dritten Tag soll es einfacher sein\/werden. Das konnte ich best\u00e4tigen. Ich selber hatte keine gro\u00dfen Probleme, doch die ersten 1-2 Tage ist es schwer seine Gewohnheiten (eben auch das regelm\u00e4ssige Essen) einfach abzustreifen.<\/p>\n<p>Insgesamt wollte ich aber auch zum Start nur 7 Tage fasten &#8211; denn es gilt, es sollte nicht \u00fcbertrieben werden. \ud83d\ude42<\/p>\n<p>Wie es mir beim Fasten ergangen ist und was sonst noch zu beachten ist u.v.m. berichte ich hier in meinem n\u00e4chsten Artikel zum Fasten. Also schaut unbedingt wieder vorbei.<\/p>\n<div id=\"attachment_21161\" class=\"img-container clear-fix imgcenter\"><a href=\"https:\/\/www.spaness.de\/blog\/fasten-tagebuch\/fastenwoche-2\/\" rel=\"attachment wp-att-21161\"><img loading=\"lazy\" decoding=\"async\" class=\"img-responsive img-responsive img-responsive wp-image-21161\" src=\"https:\/\/www.spaness.de\/blog\/wp-content\/uploads\/Fastenwoche-683x1024.jpg\" alt=\"Fastenwoche\" width=\"683\" height=\"1024\" srcset=\"https:\/\/www.spaness.de\/blog\/wp-content\/uploads\/Fastenwoche-683x1024.jpg 683w, https:\/\/www.spaness.de\/blog\/wp-content\/uploads\/Fastenwoche-200x300.jpg 200w, https:\/\/www.spaness.de\/blog\/wp-content\/uploads\/Fastenwoche.jpg 735w\" sizes=\"auto, (max-width: 683px) 100vw, 683px\" \/><\/a><h5 class=\"text-center\">Fastenwoche<\/h5><\/div>\n<p>___<\/p>\n<p><strong>Dich interessiet das Thema Fasten? Dann k\u00f6nnten auch diese Artikel interessant sein:<\/strong><\/p>\n<ul>\n<li><a title=\"Interview zum Thema Fasten\" href=\"https:\/\/www.spaness.de\/blog\/fastenwandern-interview\/\" target=\"_blank\" rel=\"noopener noreferrer\">Fasten-Interview<\/a> mit Katja Verhoeven<\/li>\n<li><a title=\"Fastenangebote liegen im Trend\" href=\"https:\/\/www.spaness.de\/blog\/fastenwandern\/\" target=\"_blank\" rel=\"noopener noreferrer\">Fasten liegt im Trend<\/a><\/li>\n<li><a title=\"Fastenkur f\u00fcrs Haus\" href=\"https:\/\/www.spaness.de\/blog\/wellness-feng-shui\/\" target=\"_blank\" rel=\"noopener noreferrer\">Fastenkur<\/a> f\u00fcr die eigenen 4 W\u00e4nde<\/li>\n<\/ul>\n","protected":false},"excerpt":{"rendered":"<p>Im Fr\u00fchling dieses Jahres habe ich mich zum zweiten Mal in meinem Leben intensiv mit dem Fasten besch\u00e4ftigt. Ich habe in jungen Jahren tats\u00e4chlich schon h\u00e4ufiger mal ein paar Tage gefastet, doch mich rundum nie richtig mit dem ganzheitlichen Thema besch\u00e4ftigt. Gedanken ums Fasten So w\u00fcrde ich auch r\u00fcckwirkend betrachtend&#8230;<\/p>\n","protected":false},"author":2,"featured_media":8231,"comment_status":"open","ping_status":"open","sticky":false,"template":"","format":"standard","meta":{"footnotes":""},"categories":[4,15],"tags":[27,44,81,104],"class_list":["post-8034","post","type-post","status-publish","format-standard","has-post-thumbnail","hentry","category-gesundheit","category-wellness","tag-bio-wellness","tag-fasten","tag-medical-wellness","tag-schonheit"],"_links":{"self":[{"href":"https:\/\/www.spaness.de\/blog\/wp-json\/wp\/v2\/posts\/8034","targetHints":{"allow":["GET"]}}],"collection":[{"href":"https:\/\/www.spaness.de\/blog\/wp-json\/wp\/v2\/posts"}],"about":[{"href":"https:\/\/www.spaness.de\/blog\/wp-json\/wp\/v2\/types\/post"}],"author":[{"embeddable":true,"href":"https:\/\/www.spaness.de\/blog\/wp-json\/wp\/v2\/users\/2"}],"replies":[{"embeddable":true,"href":"https:\/\/www.spaness.de\/blog\/wp-json\/wp\/v2\/comments?post=8034"}],"version-history":[{"count":2,"href":"https:\/\/www.spaness.de\/blog\/wp-json\/wp\/v2\/posts\/8034\/revisions"}],"predecessor-version":[{"id":21162,"href":"https:\/\/www.spaness.de\/blog\/wp-json\/wp\/v2\/posts\/8034\/revisions\/21162"}],"wp:featuredmedia":[{"embeddable":true,"href":"https:\/\/www.spaness.de\/blog\/wp-json\/wp\/v2\/media\/8231"}],"wp:attachment":[{"href":"https:\/\/www.spaness.de\/blog\/wp-json\/wp\/v2\/media?parent=8034"}],"wp:term":[{"taxonomy":"category","embeddable":true,"href":"https:\/\/www.spaness.de\/blog\/wp-json\/wp\/v2\/categories?post=8034"},{"taxonomy":"post_tag","embeddable":true,"href":"https:\/\/www.spaness.de\/blog\/wp-json\/wp\/v2\/tags?post=8034"}],"curies":[{"name":"wp","href":"https:\/\/api.w.org\/{rel}","templated":true}]}}